{"id":28852,"date":"2020-03-23T11:22:25","date_gmt":"2020-03-23T10:22:25","guid":{"rendered":"https:\/\/www.almega.se\/2020\/03\/utmarkt-med-slopad-arbetsgivaravgift\/"},"modified":"2020-03-23T11:22:25","modified_gmt":"2020-03-23T10:22:25","slug":"utmarkt-med-slopad-arbetsgivaravgift","status":"publish","type":"post","link":"https:\/\/www.almega.se\/2020\/03\/utmarkt-med-slopad-arbetsgivaravgift\/","title":{"rendered":"Utm\u00e4rkt med slopad arbetsgivaravgift"},"content":{"rendered":"<p class=\"intro\">Under m\u00e5ndagen presenterade Moderaterna f\u00f6rslag p\u00e5 hur f\u00f6retagens akuta kris kan lindras. &#8221;Att slopa f\u00f6retagens arbetsgivaravgifter under april och maj \u00e4r ett utm\u00e4rkt f\u00f6rslag som skulle ge de f\u00f6retag som bl\u00f6der pengar viktig lindring&#8221;, s\u00e4ger Andreas \u00c5str\u00f6m, n\u00e4ringspolitisk chef p\u00e5 Almega.<\/p>\n\n<p>&#8211; Tillf\u00e4lligt slopade arbetsgivaravgifter hj\u00e4lper de f\u00f6retag som s\u00e4ljer p\u00e5 hemmamarknaden och beh\u00f6ver krediter snabbt f\u00f6r att klara sina betalningar, s\u00e4ger Andreas \u00c5str\u00f6m, n\u00e4ringspolitisk chef Almega.<\/p>\n\n\n\n<p>&#8211; F\u00f6rslaget om en statlig kreditgaranti f\u00f6r l\u00e5n till sm\u00e5 och medelstora f\u00f6retag via aff\u00e4rsbankerna \u00e4r ocks\u00e5 helt n\u00f6dv\u00e4ndigt. Att uppskovsr\u00e4ntan s\u00e4tts ned f\u00f6r f\u00f6retag som vill anv\u00e4nda sig av skattel\u00e4ttnader \u00e4r ett bra f\u00f6rslag. Det \u00e4r obegripligt att staten kr\u00e4ver 6,6 procent i r\u00e4nta. Den borde vara noll, s\u00e4ger Andreas \u00c5str\u00f6m.<\/p>\n\n\n\n<p>&#8211; V\u00e5ra kontakter med medlemsf\u00f6retag tyder tyv\u00e4rr p\u00e5 att bankernas utl\u00e5ning till f\u00f6retagen inte ser ut att fungera. De extra 500 miljarder kr som Riksbanken l\u00e5nat till aff\u00e4rsbankerna n\u00e5r inte de f\u00f6retag som beh\u00f6ver dem. Bankerna \u00e4r r\u00e4dda f\u00f6r kreditf\u00f6rluster och det skapar is i systemet. I Norge har staten g\u00e5tt i borgen p\u00e5 50 miljarder kr i l\u00e5n till sm\u00e5 och medelstora f\u00f6retag. Den svenska regeringen m\u00e5ste ge samma l\u00f6fte, forts\u00e4tter Andreas \u00c5str\u00f6m.<\/p>\n\n\n\n<p>&#8211; Ut\u00f6ver detta beh\u00f6vs en m\u00f6jlighet f\u00f6r drabbade f\u00f6retag att kunna korttidspermittera sina anst\u00e4llda helt och h\u00e5llet. I systemet med korttidsarbete ska arbetsgivaren fortfarande betala n\u00e4ra h\u00e4lften av l\u00f6nekostnaden. Det \u00e4r om\u00f6jligt f\u00f6r de tj\u00e4nstef\u00f6retag som tappat n\u00e4stan alla sina int\u00e4kter. Vi kommer att drabbas av massupps\u00e4gningar och konkurser snabbt om inget sker p\u00e5 det h\u00e4r omr\u00e5det, avslutar Andreas \u00c5str\u00f6m<\/p>\n","protected":false},"excerpt":{"rendered":"<p>Under m\u00e5ndagen presenterade Moderaterna f\u00f6rslag p\u00e5 hur f\u00f6retagens akuta kris kan lindras.<\/p>\n","protected":false},"author":14827,"featured_media":0,"comment_status":"closed","ping_status":"closed","sticky":false,"template":"","format":"standard","meta":{"_acf_changed":false,"footnotes":""},"categories":[57],"tags":[422],"article_type":[93],"agreement":[],"class_list":["post-28852","post","type-post","status-publish","format-standard","hentry","category-skatter","tag-arbetsgivaravgift","type-pressmeddelanden"],"acf":[],"yoast_head":"<!-- This site is optimized with the Yoast SEO Premium plugin v26.8 (Yoast SEO v26.8) - https:\/\/yoast.com\/product\/yoast-seo-premium-wordpress\/ -->\n<title>Utm\u00e4rkt med slopad arbetsgivaravgift | Almega<\/title>\n<meta name=\"robots\" content=\"index, follow, max-snippet:-1, max-image-preview:large, max-video-preview:-1\" \/>\n<link rel=\"canonical\" href=\"https:\/\/www.almega.se\/2020\/03\/utmarkt-med-slopad-arbetsgivaravgift\/\" \/>\n<meta property=\"og:locale\" content=\"sv_SE\" \/>\n<meta property=\"og:type\" content=\"article\" \/>\n<meta property=\"og:title\" content=\"Utm\u00e4rkt med slopad arbetsgivaravgift\" \/>\n<meta property=\"og:description\" content=\"Under m\u00e5ndagen presenterade Moderaterna f\u00f6rslag p\u00e5 hur f\u00f6retagens akuta kris kan lindras.\" \/>\n<meta property=\"og:url\" content=\"https:\/\/www.almega.se\/2020\/03\/utmarkt-med-slopad-arbetsgivaravgift\/\" \/>\n<meta property=\"og:site_name\" content=\"Almega\" \/>\n<meta property=\"article:published_time\" content=\"2020-03-23T10:22:25+00:00\" \/>\n<meta property=\"og:image\" content=\"https:\/\/www.almega.se\/app\/uploads\/2020\/12\/almega-share-logo.png\" \/>\n\t<meta property=\"og:image:width\" content=\"1200\" \/>\n\t<meta property=\"og:image:height\" content=\"630\" \/>\n\t<meta property=\"og:image:type\" content=\"image\/png\" \/>\n<meta name=\"author\" content=\"emmaf\" \/>\n<meta name=\"twitter:card\" content=\"summary_large_image\" \/>\n<meta name=\"twitter:label1\" content=\"Skriven av\" \/>\n\t<meta name=\"twitter:data1\" content=\"emmaf\" \/>\n\t<meta name=\"twitter:label2\" content=\"Ber\u00e4knad l\u00e4stid\" \/>\n\t<meta name=\"twitter:data2\" content=\"2 minuter\" \/>\n<!-- \/ Yoast SEO Premium plugin. -->","yoast_head_json":{"title":"Utm\u00e4rkt med slopad arbetsgivaravgift | Almega","robots":{"index":"index","follow":"follow","max-snippet":"max-snippet:-1","max-image-preview":"max-image-preview:large","max-video-preview":"max-video-preview:-1"},"canonical":"https:\/\/www.almega.se\/2020\/03\/utmarkt-med-slopad-arbetsgivaravgift\/","og_locale":"sv_SE","og_type":"article","og_title":"Utm\u00e4rkt med slopad arbetsgivaravgift","og_description":"Under m\u00e5ndagen presenterade Moderaterna f\u00f6rslag p\u00e5 hur f\u00f6retagens akuta kris kan lindras.","og_url":"https:\/\/www.almega.se\/2020\/03\/utmarkt-med-slopad-arbetsgivaravgift\/","og_site_name":"Almega","article_published_time":"2020-03-23T10:22:25+00:00","og_image":[{"width":1200,"height":630,"url":"https:\/\/www.almega.se\/app\/uploads\/2020\/12\/almega-share-logo.png","type":"image\/png"}],"author":"emmaf","twitter_card":"summary_large_image","twitter_misc":{"Skriven av":"emmaf","Ber\u00e4knad l\u00e4stid":"2 minuter"},"schema":{"@context":"https:\/\/schema.org","@graph":[{"@type":"NewsArticle","@id":"https:\/\/www.almega.se\/2020\/03\/utmarkt-med-slopad-arbetsgivaravgift\/#article","isPartOf":{"@id":"https:\/\/www.almega.se\/2020\/03\/utmarkt-med-slopad-arbetsgivaravgift\/"},"author":{"name":"emmaf","@id":"https:\/\/www.almega.se\/#\/schema\/person\/7dcd85c42437215aafce170ec28e2fac"},"headline":"Utm\u00e4rkt med slopad arbetsgivaravgift","datePublished":"2020-03-23T10:22:25+00:00","mainEntityOfPage":{"@id":"https:\/\/www.almega.se\/2020\/03\/utmarkt-med-slopad-arbetsgivaravgift\/"},"wordCount":281,"keywords":["Arbetsgivaravgift"],"articleSection":["Skatter"],"inLanguage":"sv-SE"},{"@type":"WebPage","@id":"https:\/\/www.almega.se\/2020\/03\/utmarkt-med-slopad-arbetsgivaravgift\/","url":"https:\/\/www.almega.se\/2020\/03\/utmarkt-med-slopad-arbetsgivaravgift\/","name":"Utm\u00e4rkt med slopad arbetsgivaravgift | Almega","isPartOf":{"@id":"https:\/\/www.almega.se\/#website"},"datePublished":"2020-03-23T10:22:25+00:00","author":{"@id":"https:\/\/www.almega.se\/#\/schema\/person\/7dcd85c42437215aafce170ec28e2fac"},"breadcrumb":{"@id":"https:\/\/www.almega.se\/2020\/03\/utmarkt-med-slopad-arbetsgivaravgift\/#breadcrumb"},"inLanguage":"sv-SE","potentialAction":[{"@type":"ReadAction","target":["https:\/\/www.almega.se\/2020\/03\/utmarkt-med-slopad-arbetsgivaravgift\/"]}]},{"@type":"BreadcrumbList","@id":"https:\/\/www.almega.se\/2020\/03\/utmarkt-med-slopad-arbetsgivaravgift\/#breadcrumb","itemListElement":[{"@type":"ListItem","position":1,"name":"Home","item":"https:\/\/www.almega.se\/"},{"@type":"ListItem","position":2,"name":"Utm\u00e4rkt med slopad arbetsgivaravgift"}]},{"@type":"WebSite","@id":"https:\/\/www.almega.se\/#website","url":"https:\/\/www.almega.se\/","name":"Almega","description":"","potentialAction":[{"@type":"SearchAction","target":{"@type":"EntryPoint","urlTemplate":"https:\/\/www.almega.se\/?s={search_term_string}"},"query-input":{"@type":"PropertyValueSpecification","valueRequired":true,"valueName":"search_term_string"}}],"inLanguage":"sv-SE"},{"@type":"Person","@id":"https:\/\/www.almega.se\/#\/schema\/person\/7dcd85c42437215aafce170ec28e2fac","name":"emmaf","image":{"@type":"ImageObject","inLanguage":"sv-SE","@id":"https:\/\/www.almega.se\/#\/schema\/person\/image\/","url":"https:\/\/secure.gravatar.com\/avatar\/7d7de2d34f664967395b2486fe4409bcc5db61c29c5fe0dfca5e5be04df31c34?s=96&d=mm&r=g","contentUrl":"https:\/\/secure.gravatar.com\/avatar\/7d7de2d34f664967395b2486fe4409bcc5db61c29c5fe0dfca5e5be04df31c34?s=96&d=mm&r=g","caption":"emmaf"},"url":"https:\/\/www.almega.se\/person\/emmaf\/"}]}},"_links":{"self":[{"href":"https:\/\/www.almega.se\/api\/wp\/v2\/posts\/28852","targetHints":{"allow":["GET"]}}],"collection":[{"href":"https:\/\/www.almega.se\/api\/wp\/v2\/posts"}],"about":[{"href":"https:\/\/www.almega.se\/api\/wp\/v2\/types\/post"}],"author":[{"embeddable":true,"href":"https:\/\/www.almega.se\/api\/wp\/v2\/users\/14827"}],"replies":[{"embeddable":true,"href":"https:\/\/www.almega.se\/api\/wp\/v2\/comments?post=28852"}],"version-history":[{"count":2,"href":"https:\/\/www.almega.se\/api\/wp\/v2\/posts\/28852\/revisions"}],"predecessor-version":[{"id":52862,"href":"https:\/\/www.almega.se\/api\/wp\/v2\/posts\/28852\/revisions\/52862"}],"wp:attachment":[{"href":"https:\/\/www.almega.se\/api\/wp\/v2\/media?parent=28852"}],"wp:term":[{"taxonomy":"category","embeddable":true,"href":"https:\/\/www.almega.se\/api\/wp\/v2\/categories?post=28852"},{"taxonomy":"post_tag","embeddable":true,"href":"https:\/\/www.almega.se\/api\/wp\/v2\/tags?post=28852"},{"taxonomy":"type","embeddable":true,"href":"https:\/\/www.almega.se\/api\/wp\/v2\/article_type?post=28852"},{"taxonomy":"agreement","embeddable":true,"href":"https:\/\/www.almega.se\/api\/wp\/v2\/agreement?post=28852"}],"curies":[{"name":"wp","href":"https:\/\/api.w.org\/{rel}","templated":true}]}}