{"id":28807,"date":"2020-03-20T15:37:20","date_gmt":"2020-03-20T14:37:20","guid":{"rendered":"https:\/\/www.almega.se\/2020\/03\/regeringens-nya-krispaket-racker-inte\/"},"modified":"2020-03-20T15:37:20","modified_gmt":"2020-03-20T14:37:20","slug":"regeringens-nya-krispaket-racker-inte","status":"publish","type":"post","link":"https:\/\/www.almega.se\/2020\/03\/regeringens-nya-krispaket-racker-inte\/","title":{"rendered":"Regeringens nya krispaket r\u00e4cker inte"},"content":{"rendered":"<p class=\"intro\">Under fredagen meddelade finansminister Magdalena Andersson att regeringen skjuter till ytterligare 125 miljarder till svenska f\u00f6retag i l\u00e5n och l\u00e5negarantier. Detta \u00e4r ytterligare ett steg i r\u00e4tt riktning fr\u00e5n regeringens sida, men det kr\u00e4vs mycket mer f\u00f6r att r\u00e4dda jobben, enligt Andreas \u00c5str\u00f6m, n\u00e4ringspolitisk chef p\u00e5 Almega.<\/p>\n\n<p>&#8211; Krispaketet kommer tyv\u00e4rr inte att hj\u00e4lpa de f\u00f6retag som s\u00e4ljer p\u00e5 hemmamarknaden och beh\u00f6ver krediter snabbt f\u00f6r att klara sina betalningar. En betydligt h\u00f6gre statlig kreditgaranti f\u00f6r l\u00e5n till sm\u00e5 och medelstora l\u00e5n via aff\u00e4rsbankerna kommer att beh\u00f6vas, s\u00e4ger Andreas \u00c5str\u00f6m.<\/p>\n\n\n\n<p>&#8211; Det \u00e4r helt n\u00f6dv\u00e4ndigt att man inf\u00f6r ett permitteringssystem som inneb\u00e4r att staten till 100 procent \u00f6vertar det ekonomiska ansvaret f\u00f6r f\u00f6rs\u00f6rjningen av permitterade. Det \u00e4r enda s\u00e4ttet att klara detta. Vi kommer att drabbas av massupps\u00e4gningar och konkurser snabbt om inget sker p\u00e5 det h\u00e4r omr\u00e5det, s\u00e4ger Andreas \u00c5str\u00f6m.<\/p>\n\n\n\n<p>&#8211; Vi n\u00e5s av indikationer p\u00e5 att bankernas utl\u00e5ning till f\u00f6retagen tyv\u00e4rr inte ser ut att fungera. Bankerna \u00e4r r\u00e4dda f\u00f6r kreditf\u00f6rluster och det skapar is i systemet. I Norge har regeringen lovat 50 miljarder i statligt borgens\u00e5tagande f\u00f6r sm\u00e5 och medelstora f\u00f6retag. Det \u00e4r den v\u00e4gen vi b\u00f6r g\u00e5 i Sverige, avslutar Andreas \u00c5str\u00f6m.<\/p>\n","protected":false},"excerpt":{"rendered":"<p>Under fredagen meddelade finansminister Magdalena Andersson att regeringen skjuter till ytterligare 125 miljarder till svenska f\u00f6retag i l\u00e5n och l\u00e5negarantier. Detta \u00e4r ytterligare ett steg i r\u00e4tt riktning fr\u00e5n regeringens sida, men det kr\u00e4vs mycket mer f\u00f6r att r\u00e4dda jobben, enligt Andreas \u00c5str\u00f6m, n\u00e4ringspolitisk chef p\u00e5 Almega.<\/p>\n","protected":false},"author":14827,"featured_media":0,"comment_status":"closed","ping_status":"closed","sticky":false,"template":"","format":"standard","meta":{"_acf_changed":false,"footnotes":""},"categories":[64],"tags":[486,488],"article_type":[93],"agreement":[],"class_list":["post-28807","post","type-post","status-publish","format-standard","hentry","category-arbetsmarknad","tag-covid-19","tag-korttidspermittering","type-pressmeddelanden"],"acf":[],"yoast_head":"<!-- This site is optimized with the Yoast SEO Premium plugin v26.8 (Yoast SEO v26.8) - https:\/\/yoast.com\/product\/yoast-seo-premium-wordpress\/ -->\n<title>Regeringens nya krispaket r\u00e4cker inte | Almega<\/title>\n<meta name=\"robots\" content=\"index, follow, max-snippet:-1, max-image-preview:large, max-video-preview:-1\" \/>\n<link rel=\"canonical\" href=\"https:\/\/www.almega.se\/2020\/03\/regeringens-nya-krispaket-racker-inte\/\" \/>\n<meta property=\"og:locale\" content=\"sv_SE\" \/>\n<meta property=\"og:type\" content=\"article\" \/>\n<meta property=\"og:title\" content=\"Regeringens nya krispaket r\u00e4cker inte\" \/>\n<meta property=\"og:description\" content=\"Under fredagen meddelade finansminister Magdalena Andersson att regeringen skjuter till ytterligare 125 miljarder till svenska f\u00f6retag i l\u00e5n och l\u00e5negarantier. Detta \u00e4r ytterligare ett steg i r\u00e4tt riktning fr\u00e5n regeringens sida, men det kr\u00e4vs mycket mer f\u00f6r att r\u00e4dda jobben, enligt Andreas \u00c5str\u00f6m, n\u00e4ringspolitisk chef p\u00e5 Almega.\" \/>\n<meta property=\"og:url\" content=\"https:\/\/www.almega.se\/2020\/03\/regeringens-nya-krispaket-racker-inte\/\" \/>\n<meta property=\"og:site_name\" content=\"Almega\" \/>\n<meta property=\"article:published_time\" content=\"2020-03-20T14:37:20+00:00\" \/>\n<meta property=\"og:image\" content=\"https:\/\/www.almega.se\/app\/uploads\/2020\/12\/almega-share-logo.png\" \/>\n\t<meta property=\"og:image:width\" content=\"1200\" \/>\n\t<meta property=\"og:image:height\" content=\"630\" \/>\n\t<meta property=\"og:image:type\" content=\"image\/png\" \/>\n<meta name=\"author\" content=\"emmaf\" \/>\n<meta name=\"twitter:card\" content=\"summary_large_image\" \/>\n<meta name=\"twitter:label1\" content=\"Skriven av\" \/>\n\t<meta name=\"twitter:data1\" content=\"emmaf\" \/>\n\t<meta name=\"twitter:label2\" content=\"Ber\u00e4knad l\u00e4stid\" \/>\n\t<meta name=\"twitter:data2\" content=\"1 minut\" \/>\n<!-- \/ Yoast SEO Premium plugin. -->","yoast_head_json":{"title":"Regeringens nya krispaket r\u00e4cker inte | Almega","robots":{"index":"index","follow":"follow","max-snippet":"max-snippet:-1","max-image-preview":"max-image-preview:large","max-video-preview":"max-video-preview:-1"},"canonical":"https:\/\/www.almega.se\/2020\/03\/regeringens-nya-krispaket-racker-inte\/","og_locale":"sv_SE","og_type":"article","og_title":"Regeringens nya krispaket r\u00e4cker inte","og_description":"Under fredagen meddelade finansminister Magdalena Andersson att regeringen skjuter till ytterligare 125 miljarder till svenska f\u00f6retag i l\u00e5n och l\u00e5negarantier. Detta \u00e4r ytterligare ett steg i r\u00e4tt riktning fr\u00e5n regeringens sida, men det kr\u00e4vs mycket mer f\u00f6r att r\u00e4dda jobben, enligt Andreas \u00c5str\u00f6m, n\u00e4ringspolitisk chef p\u00e5 Almega.","og_url":"https:\/\/www.almega.se\/2020\/03\/regeringens-nya-krispaket-racker-inte\/","og_site_name":"Almega","article_published_time":"2020-03-20T14:37:20+00:00","og_image":[{"width":1200,"height":630,"url":"https:\/\/www.almega.se\/app\/uploads\/2020\/12\/almega-share-logo.png","type":"image\/png"}],"author":"emmaf","twitter_card":"summary_large_image","twitter_misc":{"Skriven av":"emmaf","Ber\u00e4knad l\u00e4stid":"1 minut"},"schema":{"@context":"https:\/\/schema.org","@graph":[{"@type":"NewsArticle","@id":"https:\/\/www.almega.se\/2020\/03\/regeringens-nya-krispaket-racker-inte\/#article","isPartOf":{"@id":"https:\/\/www.almega.se\/2020\/03\/regeringens-nya-krispaket-racker-inte\/"},"author":{"name":"emmaf","@id":"https:\/\/www.almega.se\/#\/schema\/person\/7dcd85c42437215aafce170ec28e2fac"},"headline":"Regeringens nya krispaket r\u00e4cker inte","datePublished":"2020-03-20T14:37:20+00:00","mainEntityOfPage":{"@id":"https:\/\/www.almega.se\/2020\/03\/regeringens-nya-krispaket-racker-inte\/"},"wordCount":192,"keywords":["covid -19","Korttidspermittering"],"articleSection":["Arbetsmarknad"],"inLanguage":"sv-SE"},{"@type":"WebPage","@id":"https:\/\/www.almega.se\/2020\/03\/regeringens-nya-krispaket-racker-inte\/","url":"https:\/\/www.almega.se\/2020\/03\/regeringens-nya-krispaket-racker-inte\/","name":"Regeringens nya krispaket r\u00e4cker inte | Almega","isPartOf":{"@id":"https:\/\/www.almega.se\/#website"},"datePublished":"2020-03-20T14:37:20+00:00","author":{"@id":"https:\/\/www.almega.se\/#\/schema\/person\/7dcd85c42437215aafce170ec28e2fac"},"breadcrumb":{"@id":"https:\/\/www.almega.se\/2020\/03\/regeringens-nya-krispaket-racker-inte\/#breadcrumb"},"inLanguage":"sv-SE","potentialAction":[{"@type":"ReadAction","target":["https:\/\/www.almega.se\/2020\/03\/regeringens-nya-krispaket-racker-inte\/"]}]},{"@type":"BreadcrumbList","@id":"https:\/\/www.almega.se\/2020\/03\/regeringens-nya-krispaket-racker-inte\/#breadcrumb","itemListElement":[{"@type":"ListItem","position":1,"name":"Home","item":"https:\/\/www.almega.se\/"},{"@type":"ListItem","position":2,"name":"Regeringens nya krispaket r\u00e4cker inte"}]},{"@type":"WebSite","@id":"https:\/\/www.almega.se\/#website","url":"https:\/\/www.almega.se\/","name":"Almega","description":"","potentialAction":[{"@type":"SearchAction","target":{"@type":"EntryPoint","urlTemplate":"https:\/\/www.almega.se\/?s={search_term_string}"},"query-input":{"@type":"PropertyValueSpecification","valueRequired":true,"valueName":"search_term_string"}}],"inLanguage":"sv-SE"},{"@type":"Person","@id":"https:\/\/www.almega.se\/#\/schema\/person\/7dcd85c42437215aafce170ec28e2fac","name":"emmaf","image":{"@type":"ImageObject","inLanguage":"sv-SE","@id":"https:\/\/www.almega.se\/#\/schema\/person\/image\/","url":"https:\/\/secure.gravatar.com\/avatar\/7d7de2d34f664967395b2486fe4409bcc5db61c29c5fe0dfca5e5be04df31c34?s=96&d=mm&r=g","contentUrl":"https:\/\/secure.gravatar.com\/avatar\/7d7de2d34f664967395b2486fe4409bcc5db61c29c5fe0dfca5e5be04df31c34?s=96&d=mm&r=g","caption":"emmaf"},"url":"https:\/\/www.almega.se\/person\/emmaf\/"}]}},"_links":{"self":[{"href":"https:\/\/www.almega.se\/api\/wp\/v2\/posts\/28807","targetHints":{"allow":["GET"]}}],"collection":[{"href":"https:\/\/www.almega.se\/api\/wp\/v2\/posts"}],"about":[{"href":"https:\/\/www.almega.se\/api\/wp\/v2\/types\/post"}],"author":[{"embeddable":true,"href":"https:\/\/www.almega.se\/api\/wp\/v2\/users\/14827"}],"replies":[{"embeddable":true,"href":"https:\/\/www.almega.se\/api\/wp\/v2\/comments?post=28807"}],"version-history":[{"count":2,"href":"https:\/\/www.almega.se\/api\/wp\/v2\/posts\/28807\/revisions"}],"predecessor-version":[{"id":52848,"href":"https:\/\/www.almega.se\/api\/wp\/v2\/posts\/28807\/revisions\/52848"}],"wp:attachment":[{"href":"https:\/\/www.almega.se\/api\/wp\/v2\/media?parent=28807"}],"wp:term":[{"taxonomy":"category","embeddable":true,"href":"https:\/\/www.almega.se\/api\/wp\/v2\/categories?post=28807"},{"taxonomy":"post_tag","embeddable":true,"href":"https:\/\/www.almega.se\/api\/wp\/v2\/tags?post=28807"},{"taxonomy":"type","embeddable":true,"href":"https:\/\/www.almega.se\/api\/wp\/v2\/article_type?post=28807"},{"taxonomy":"agreement","embeddable":true,"href":"https:\/\/www.almega.se\/api\/wp\/v2\/agreement?post=28807"}],"curies":[{"name":"wp","href":"https:\/\/api.w.org\/{rel}","templated":true}]}}