{"id":28750,"date":"2020-03-20T11:55:43","date_gmt":"2020-03-20T10:55:43","guid":{"rendered":"https:\/\/www.almega.se\/2020\/03\/tjanstesektorn-bloder-pa-grund-av-coronakrisen\/"},"modified":"2020-03-20T11:55:43","modified_gmt":"2020-03-20T10:55:43","slug":"tjanstesektorn-bloder-pa-grund-av-coronakrisen","status":"publish","type":"post","link":"https:\/\/www.almega.se\/2020\/03\/tjanstesektorn-bloder-pa-grund-av-coronakrisen\/","title":{"rendered":"Tj\u00e4nstesektorn bl\u00f6der p\u00e5 grund av coronakrisen"},"content":{"rendered":"<p class=\"intro\">Volvo Cars beslutade i dag att st\u00e4nga produktionen i Sverige fr\u00e5n och med n\u00e4sta vecka. Detta blir oerh\u00f6rt k\u00e4nnbart f\u00f6r underleverant\u00f6rer inom tj\u00e4nstesektorn \u00f6ver hela Sverige. Verksamheten \u00e4r p\u00e5 v\u00e4g att upph\u00f6ra inom allt fler branscher och f\u00f6retag.<\/p>\n\n<p>Trycket p\u00e5 Almegas jourtelefon har m\u00e5ngdubblats de senaste veckorna och numera handlar i princip alla samtal om hur arbetsgivarna ska kunna dra ner p\u00e5 personalstyrkan genom upps\u00e4gningar eller tillf\u00e4lliga permitteringar. Regeringens f\u00f6rslag om korttidsarbete inneh\u00e5ller dock m\u00e5nga begr\u00e4nsningar, till exempel omfattas inte bemanningsf\u00f6retag eller f\u00f6retag som i huvudsak har det offentliga som kund, dvs. v\u00e5rd- och omsorgsf\u00f6retag samt friskolor.<\/p>\n\n\n\n<p>&#8211;&nbsp;Det \u00e4r uppenbart att regeringens l\u00f6sning med korttidsarbete f\u00f6r drabbade f\u00f6retag inte kommer att fungera, det \u00e4r f\u00f6r m\u00e5nga undantag f\u00f6r att det ska ge effekt. Nu beh\u00f6vs ett snabbt f\u00f6rslag som ger f\u00f6retag m\u00f6jlighet att permittera sin personal helt och h\u00e5llet en kort tid, s\u00e4ger Thomas Ers\u00e9us, VD Almega.<\/p>\n\n\n\n<p>Regeringens f\u00f6rslag om tillf\u00e4lliga korttidspermitteringar ger f\u00f6retagen m\u00f6jlighet att minska arbetstiden med upp till 60 procent. <br>&nbsp;<br>&#8211;&nbsp;Anst\u00e4llda i de drabbade f\u00f6retagen m\u00e5ste kunna g\u00e5 hem helt och h\u00e5llet med ers\u00e4ttning fr\u00e5n arbetsl\u00f6shetsf\u00f6rs\u00e4kringen under en period. M\u00e5nga arbetsgivare ser nu att efterfr\u00e5gan helt och h\u00e5llet har f\u00f6rsvunnit d\u00e5 r\u00e4cker det inte med permittering p\u00e5 60 procent s\u00e4ger Thomas Ers\u00e9us.<\/p>\n\n\n\n<p>&#8211;&nbsp;Staten m\u00e5ste ta \u00f6ver kostnaden f\u00f6r de medarbetare som inte kommer att ha n\u00e5gra arbetsuppgifter. Ett s\u00e5dant system m\u00e5ste vara p\u00e5 plats inom en vecka, annars \u00e4r jag r\u00e4dd att detta kommer att leda till massupps\u00e4gningar och konkurser, avslutar Thomas Ers\u00e9us.<\/p>\n","protected":false},"excerpt":{"rendered":"<p>Volvo Cars beslutade i dag att st\u00e4nga produktionen i Sverige fr\u00e5n och med n\u00e4sta vecka. Detta blir oerh\u00f6rt k\u00e4nnbart f\u00f6r underleverant\u00f6rer inom tj\u00e4nstesektorn \u00f6ver hela Sverige. Verksamheten \u00e4r p\u00e5 v\u00e4g att upph\u00f6ra inom allt fler branscher och f\u00f6retag.<\/p>\n","protected":false},"author":3,"featured_media":28751,"comment_status":"closed","ping_status":"closed","sticky":false,"template":"","format":"standard","meta":{"_acf_changed":false,"footnotes":""},"categories":[64,581],"tags":[486,488,50],"article_type":[93],"agreement":[],"class_list":["post-28750","post","type-post","status-publish","format-standard","has-post-thumbnail","hentry","category-arbetsmarknad","category-tjanstesektorns-betydelse","tag-covid-19","tag-korttidspermittering","tag-tjanstesektorns-utveckling","type-pressmeddelanden"],"acf":[],"yoast_head":"<!-- This site is optimized with the Yoast SEO Premium plugin v26.8 (Yoast SEO v26.8) - https:\/\/yoast.com\/product\/yoast-seo-premium-wordpress\/ -->\n<title>Tj\u00e4nstesektorn bl\u00f6der p\u00e5 grund av coronakrisen | Almega<\/title>\n<meta name=\"robots\" content=\"index, follow, max-snippet:-1, max-image-preview:large, max-video-preview:-1\" \/>\n<link rel=\"canonical\" href=\"https:\/\/www.almega.se\/2020\/03\/tjanstesektorn-bloder-pa-grund-av-coronakrisen\/\" \/>\n<meta property=\"og:locale\" content=\"sv_SE\" \/>\n<meta property=\"og:type\" content=\"article\" \/>\n<meta property=\"og:title\" content=\"Tj\u00e4nstesektorn bl\u00f6der p\u00e5 grund av coronakrisen\" \/>\n<meta property=\"og:description\" content=\"Volvo Cars beslutade i dag att st\u00e4nga produktionen i Sverige fr\u00e5n och med n\u00e4sta vecka. Detta blir oerh\u00f6rt k\u00e4nnbart f\u00f6r underleverant\u00f6rer inom tj\u00e4nstesektorn \u00f6ver hela Sverige. Verksamheten \u00e4r p\u00e5 v\u00e4g att upph\u00f6ra inom allt fler branscher och f\u00f6retag.\" \/>\n<meta property=\"og:url\" content=\"https:\/\/www.almega.se\/2020\/03\/tjanstesektorn-bloder-pa-grund-av-coronakrisen\/\" \/>\n<meta property=\"og:site_name\" content=\"Almega\" \/>\n<meta property=\"article:published_time\" content=\"2020-03-20T10:55:43+00:00\" \/>\n<meta property=\"og:image\" content=\"https:\/\/www.almega.se\/app\/uploads\/2020\/03\/a1d23df1-3470-4149-ae0f-b3617f0a9219-1180x787.jpg\" \/>\n\t<meta property=\"og:image:width\" content=\"1180\" \/>\n\t<meta property=\"og:image:height\" content=\"787\" \/>\n\t<meta property=\"og:image:type\" content=\"image\/jpeg\" \/>\n<meta name=\"author\" content=\"Julia Schwamberg\" \/>\n<meta name=\"twitter:card\" content=\"summary_large_image\" \/>\n<meta name=\"twitter:label1\" content=\"Skriven av\" \/>\n\t<meta name=\"twitter:data1\" content=\"Julia Schwamberg\" \/>\n\t<meta name=\"twitter:label2\" content=\"Ber\u00e4knad l\u00e4stid\" \/>\n\t<meta name=\"twitter:data2\" content=\"2 minuter\" \/>\n<!-- \/ Yoast SEO Premium plugin. -->","yoast_head_json":{"title":"Tj\u00e4nstesektorn bl\u00f6der p\u00e5 grund av coronakrisen | Almega","robots":{"index":"index","follow":"follow","max-snippet":"max-snippet:-1","max-image-preview":"max-image-preview:large","max-video-preview":"max-video-preview:-1"},"canonical":"https:\/\/www.almega.se\/2020\/03\/tjanstesektorn-bloder-pa-grund-av-coronakrisen\/","og_locale":"sv_SE","og_type":"article","og_title":"Tj\u00e4nstesektorn bl\u00f6der p\u00e5 grund av coronakrisen","og_description":"Volvo Cars beslutade i dag att st\u00e4nga produktionen i Sverige fr\u00e5n och med n\u00e4sta vecka. Detta blir oerh\u00f6rt k\u00e4nnbart f\u00f6r underleverant\u00f6rer inom tj\u00e4nstesektorn \u00f6ver hela Sverige. Verksamheten \u00e4r p\u00e5 v\u00e4g att upph\u00f6ra inom allt fler branscher och f\u00f6retag.","og_url":"https:\/\/www.almega.se\/2020\/03\/tjanstesektorn-bloder-pa-grund-av-coronakrisen\/","og_site_name":"Almega","article_published_time":"2020-03-20T10:55:43+00:00","og_image":[{"width":1180,"height":787,"url":"https:\/\/www.almega.se\/app\/uploads\/2020\/03\/a1d23df1-3470-4149-ae0f-b3617f0a9219-1180x787.jpg","type":"image\/jpeg"}],"author":"Julia Schwamberg","twitter_card":"summary_large_image","twitter_misc":{"Skriven av":"Julia Schwamberg","Ber\u00e4knad l\u00e4stid":"2 minuter"},"schema":{"@context":"https:\/\/schema.org","@graph":[{"@type":"NewsArticle","@id":"https:\/\/www.almega.se\/2020\/03\/tjanstesektorn-bloder-pa-grund-av-coronakrisen\/#article","isPartOf":{"@id":"https:\/\/www.almega.se\/2020\/03\/tjanstesektorn-bloder-pa-grund-av-coronakrisen\/"},"author":{"name":"Julia Schwamberg","@id":"https:\/\/www.almega.se\/#\/schema\/person\/efcc735e9c1ba0f9de79e69dc5be5f8a"},"headline":"Tj\u00e4nstesektorn bl\u00f6der p\u00e5 grund av coronakrisen","datePublished":"2020-03-20T10:55:43+00:00","mainEntityOfPage":{"@id":"https:\/\/www.almega.se\/2020\/03\/tjanstesektorn-bloder-pa-grund-av-coronakrisen\/"},"wordCount":273,"image":{"@id":"https:\/\/www.almega.se\/2020\/03\/tjanstesektorn-bloder-pa-grund-av-coronakrisen\/#primaryimage"},"thumbnailUrl":"https:\/\/www.almega.se\/app\/uploads\/2020\/03\/a1d23df1-3470-4149-ae0f-b3617f0a9219.jpg","keywords":["covid -19","Korttidspermittering","Tj\u00e4nstesektorns utveckling"],"articleSection":["Arbetsmarknad","Tj\u00e4nstesektorns betydelse"],"inLanguage":"sv-SE"},{"@type":"WebPage","@id":"https:\/\/www.almega.se\/2020\/03\/tjanstesektorn-bloder-pa-grund-av-coronakrisen\/","url":"https:\/\/www.almega.se\/2020\/03\/tjanstesektorn-bloder-pa-grund-av-coronakrisen\/","name":"Tj\u00e4nstesektorn bl\u00f6der p\u00e5 grund av coronakrisen | Almega","isPartOf":{"@id":"https:\/\/www.almega.se\/#website"},"primaryImageOfPage":{"@id":"https:\/\/www.almega.se\/2020\/03\/tjanstesektorn-bloder-pa-grund-av-coronakrisen\/#primaryimage"},"image":{"@id":"https:\/\/www.almega.se\/2020\/03\/tjanstesektorn-bloder-pa-grund-av-coronakrisen\/#primaryimage"},"thumbnailUrl":"https:\/\/www.almega.se\/app\/uploads\/2020\/03\/a1d23df1-3470-4149-ae0f-b3617f0a9219.jpg","datePublished":"2020-03-20T10:55:43+00:00","author":{"@id":"https:\/\/www.almega.se\/#\/schema\/person\/efcc735e9c1ba0f9de79e69dc5be5f8a"},"breadcrumb":{"@id":"https:\/\/www.almega.se\/2020\/03\/tjanstesektorn-bloder-pa-grund-av-coronakrisen\/#breadcrumb"},"inLanguage":"sv-SE","potentialAction":[{"@type":"ReadAction","target":["https:\/\/www.almega.se\/2020\/03\/tjanstesektorn-bloder-pa-grund-av-coronakrisen\/"]}]},{"@type":"ImageObject","inLanguage":"sv-SE","@id":"https:\/\/www.almega.se\/2020\/03\/tjanstesektorn-bloder-pa-grund-av-coronakrisen\/#primaryimage","url":"https:\/\/www.almega.se\/app\/uploads\/2020\/03\/a1d23df1-3470-4149-ae0f-b3617f0a9219.jpg","contentUrl":"https:\/\/www.almega.se\/app\/uploads\/2020\/03\/a1d23df1-3470-4149-ae0f-b3617f0a9219.jpg","width":5568,"height":3712,"caption":"a1d23df1-3470-4149-ae0f-b3617f0a9219.jpg"},{"@type":"BreadcrumbList","@id":"https:\/\/www.almega.se\/2020\/03\/tjanstesektorn-bloder-pa-grund-av-coronakrisen\/#breadcrumb","itemListElement":[{"@type":"ListItem","position":1,"name":"Home","item":"https:\/\/www.almega.se\/"},{"@type":"ListItem","position":2,"name":"Tj\u00e4nstesektorn bl\u00f6der p\u00e5 grund av coronakrisen"}]},{"@type":"WebSite","@id":"https:\/\/www.almega.se\/#website","url":"https:\/\/www.almega.se\/","name":"Almega","description":"","potentialAction":[{"@type":"SearchAction","target":{"@type":"EntryPoint","urlTemplate":"https:\/\/www.almega.se\/?s={search_term_string}"},"query-input":{"@type":"PropertyValueSpecification","valueRequired":true,"valueName":"search_term_string"}}],"inLanguage":"sv-SE"},{"@type":"Person","@id":"https:\/\/www.almega.se\/#\/schema\/person\/efcc735e9c1ba0f9de79e69dc5be5f8a","name":"Julia Schwamberg","image":{"@type":"ImageObject","inLanguage":"sv-SE","@id":"https:\/\/www.almega.se\/#\/schema\/person\/image\/","url":"https:\/\/secure.gravatar.com\/avatar\/60ee7d8b8e9aa9b036f4768c0d2e868d8f080bcf68689c0f64ab3b87b1c2f78b?s=96&d=mm&r=g","contentUrl":"https:\/\/secure.gravatar.com\/avatar\/60ee7d8b8e9aa9b036f4768c0d2e868d8f080bcf68689c0f64ab3b87b1c2f78b?s=96&d=mm&r=g","caption":"Julia Schwamberg"},"url":"https:\/\/www.almega.se\/person\/juliaschwamberg\/"}]}},"_links":{"self":[{"href":"https:\/\/www.almega.se\/api\/wp\/v2\/posts\/28750","targetHints":{"allow":["GET"]}}],"collection":[{"href":"https:\/\/www.almega.se\/api\/wp\/v2\/posts"}],"about":[{"href":"https:\/\/www.almega.se\/api\/wp\/v2\/types\/post"}],"author":[{"embeddable":true,"href":"https:\/\/www.almega.se\/api\/wp\/v2\/users\/3"}],"replies":[{"embeddable":true,"href":"https:\/\/www.almega.se\/api\/wp\/v2\/comments?post=28750"}],"version-history":[{"count":3,"href":"https:\/\/www.almega.se\/api\/wp\/v2\/posts\/28750\/revisions"}],"predecessor-version":[{"id":54523,"href":"https:\/\/www.almega.se\/api\/wp\/v2\/posts\/28750\/revisions\/54523"}],"wp:featuredmedia":[{"embeddable":true,"href":"https:\/\/www.almega.se\/api\/wp\/v2\/media\/28751"}],"wp:attachment":[{"href":"https:\/\/www.almega.se\/api\/wp\/v2\/media?parent=28750"}],"wp:term":[{"taxonomy":"category","embeddable":true,"href":"https:\/\/www.almega.se\/api\/wp\/v2\/categories?post=28750"},{"taxonomy":"post_tag","embeddable":true,"href":"https:\/\/www.almega.se\/api\/wp\/v2\/tags?post=28750"},{"taxonomy":"type","embeddable":true,"href":"https:\/\/www.almega.se\/api\/wp\/v2\/article_type?post=28750"},{"taxonomy":"agreement","embeddable":true,"href":"https:\/\/www.almega.se\/api\/wp\/v2\/agreement?post=28750"}],"curies":[{"name":"wp","href":"https:\/\/api.w.org\/{rel}","templated":true}]}}