{"id":28448,"date":"2020-03-18T11:15:14","date_gmt":"2020-03-18T10:15:14","guid":{"rendered":"https:\/\/www.almega.se\/?p=28448"},"modified":"2020-03-18T11:15:14","modified_gmt":"2020-03-18T10:15:14","slug":"upprop-for-sjukvarden-nar-foretag-gar-samman-for-att-stotta","status":"publish","type":"post","link":"https:\/\/www.almega.se\/2020\/03\/upprop-for-sjukvarden-nar-foretag-gar-samman-for-att-stotta\/","title":{"rendered":"Upprop f\u00f6r sjukv\u00e5rden &#8211; n\u00e4r f\u00f6retag g\u00e5r samman f\u00f6r att st\u00f6tta"},"content":{"rendered":"<p class=\"intro\">I tider av kris f\u00e5r vi inte gl\u00f6mma det goda som ocks\u00e5 genomsyrar samh\u00e4llet. Ett exempel p\u00e5 detta \u00e4r n\u00e4r f\u00f6retag g\u00e5r samman f\u00f6r att st\u00f6tta sjukv\u00e5rden med material. Ett upprop som Eva Domanders, ordf\u00f6rande i Kompetensf\u00f6retagen, \u00e4r engagerad i.<\/p>\n\n<h3 class=\"wp-block-heading\">I tider d\u00e4r v\u00e5r sjukv\u00e5rd har brist p\u00e5 utrustning, du har ju en v\u00e4ldigt bra id\u00e9, vad handlar den om?<\/h3>\n\n\n\n<p>&#8211; I m\u00e5nga f\u00f6retag finns det handsprit, skyddshandskar och annat som \u00e4r oanv\u00e4nda som de skulle kunna sk\u00e4nka till olika v\u00e5rdgivare. Eftersom m\u00e5nga jobbar hemifr\u00e5n med anledning av corona s\u00e5 kan finnas utrustning som till exempel handsprit som inte anv\u00e4nds. Och samtidigt \u00e4r det akut brist p\u00e5 s\u00e5dant p\u00e5 sjukhus och v\u00e5rdinr\u00e4ttningar och inom \u00e4ldreomsorgen. Idag h\u00f6rde jag att KPMG sk\u00e4nkte 60 flaskor var till tv\u00e5 sjukhus d\u00e5 m\u00e5nga av deras anst\u00e4llda jobbar hemma, och i helgen h\u00f6rde att stort f\u00f6retag av sig och hade b\u00e5de andningsmasker och handsprit som de inte anv\u00e4nder och d\u00e4rf\u00f6r kunde sk\u00e4nka bort.<\/p>\n\n\n\n<h3 class=\"wp-block-heading\">Hur ska det g\u00e5 till rent praktiskt? <\/h3>\n\n\n\n<p>&#8211; Om man har olika typer av utrustning att ge bort kan man kontakta n\u00e4rliggande sjukhus , \u00e4ldreboende eller v\u00e5rdcentral f\u00f6r att h\u00f6ra om de intresserade. D\u00e4refter ombes\u00f6rjer man som f\u00f6retag utskicket. Jag vet till exempel att S\u00f6dersjukhusets varumottagning p\u00e5 J\u00e4gargatan 8 h\u00e4r i Stockholm mycket g\u00e4rna tar emot material. &nbsp;Men oavsett var man bor i landet och har material tycker jag att man kan unders\u00f6ka behoven i de n\u00e4rliggande v\u00e5rdinr\u00e4ttningarna, det blir nog oerh\u00f6rt uppskattat.<\/p>\n\n\n\n<h3 class=\"wp-block-heading\">Varf\u00f6r \u00e4r det viktigt f\u00f6r andra f\u00f6retag att g\u00f6ra detta?<\/h3>\n\n\n\n<p>&#8211; I en tid som \u00e4r tuff och sv\u00e5r s\u00e5 \u00e4r det viktigt att vi alla hj\u00e4lper till &nbsp;och bidrar med vad vi kan. Vi \u00e4r i en tid mellan att v\u00e5rdinr\u00e4ttningar har akut brist p\u00e5 skyddsmaterial och innan leverans av skyddsmaterial kommer och vi som inte jobbar inom denna sektor kan d\u00e5 ist\u00e4llet anv\u00e4nda oss av basal handhygien och f\u00f6reskrifter omkring det samtidigt som m\u00e5nga jobbar hemma och inte uts\u00e4tter sig f\u00f6r smitta p\u00e5 samma s\u00e4tt som de som \u00e4r i v\u00e5rden. Tillsammans kan vi g\u00f6ra enorm skillnad och vi vill med detta upprop st\u00f6tta alla de som varje dag g\u00e5r till jobbet p\u00e5 ett sjukhus, v\u00e5rdcentral , v\u00e5rdinr\u00e4ttning eller \u00e4ldreboende.<\/p>\n","protected":false},"excerpt":{"rendered":"<p>I tider d\u00e4r v\u00e5r sjukv\u00e5rd har brist p\u00e5 utrustning, du har ju en v\u00e4ldigt bra id\u00e9, vad handlar den om? &#8211; I m\u00e5nga f\u00f6retag finns det handsprit, skyddshandskar och annat som \u00e4r oanv\u00e4nda som de &hellip;<\/p>\n","protected":false},"author":3,"featured_media":28449,"comment_status":"closed","ping_status":"closed","sticky":false,"template":"","format":"standard","meta":{"_acf_changed":false,"footnotes":""},"categories":[603,46],"tags":[486,548,62],"article_type":[55],"agreement":[],"class_list":["post-28448","post","type-post","status-publish","format-standard","has-post-thumbnail","hentry","category-almega","category-valfard","tag-covid-19","tag-medlemsroster","tag-vard-och-omsorg","type-artiklar"],"acf":[],"yoast_head":"<!-- This site is optimized with the Yoast SEO Premium plugin v26.8 (Yoast SEO v26.8) - https:\/\/yoast.com\/product\/yoast-seo-premium-wordpress\/ -->\n<title>Upprop f\u00f6r sjukv\u00e5rden - n\u00e4r f\u00f6retag g\u00e5r samman f\u00f6r att st\u00f6tta | Almega<\/title>\n<meta name=\"robots\" content=\"index, follow, max-snippet:-1, max-image-preview:large, max-video-preview:-1\" \/>\n<link rel=\"canonical\" href=\"https:\/\/www.almega.se\/2020\/03\/upprop-for-sjukvarden-nar-foretag-gar-samman-for-att-stotta\/\" \/>\n<meta property=\"og:locale\" content=\"sv_SE\" \/>\n<meta property=\"og:type\" content=\"article\" \/>\n<meta property=\"og:title\" content=\"Upprop f\u00f6r sjukv\u00e5rden - n\u00e4r f\u00f6retag g\u00e5r samman f\u00f6r att st\u00f6tta\" \/>\n<meta property=\"og:description\" content=\"I tider d\u00e4r v\u00e5r sjukv\u00e5rd har brist p\u00e5 utrustning, du har ju en v\u00e4ldigt bra id\u00e9, vad handlar den om? &#8211; I m\u00e5nga f\u00f6retag finns det handsprit, skyddshandskar och annat som \u00e4r oanv\u00e4nda som de &hellip;\" \/>\n<meta property=\"og:url\" content=\"https:\/\/www.almega.se\/2020\/03\/upprop-for-sjukvarden-nar-foretag-gar-samman-for-att-stotta\/\" \/>\n<meta property=\"og:site_name\" content=\"Almega\" \/>\n<meta property=\"article:published_time\" content=\"2020-03-18T10:15:14+00:00\" \/>\n<meta property=\"og:image\" content=\"https:\/\/www.almega.se\/app\/uploads\/2020\/03\/eva-domanders.jpg\" \/>\n\t<meta property=\"og:image:width\" content=\"1709\" \/>\n\t<meta property=\"og:image:height\" content=\"1031\" \/>\n\t<meta property=\"og:image:type\" content=\"image\/jpeg\" \/>\n<meta name=\"author\" content=\"Julia Schwamberg\" \/>\n<meta name=\"twitter:card\" content=\"summary_large_image\" \/>\n<meta name=\"twitter:label1\" content=\"Skriven av\" \/>\n\t<meta name=\"twitter:data1\" content=\"Julia Schwamberg\" \/>\n\t<meta name=\"twitter:label2\" content=\"Ber\u00e4knad l\u00e4stid\" \/>\n\t<meta name=\"twitter:data2\" content=\"2 minuter\" \/>\n<!-- \/ Yoast SEO Premium plugin. -->","yoast_head_json":{"title":"Upprop f\u00f6r sjukv\u00e5rden - n\u00e4r f\u00f6retag g\u00e5r samman f\u00f6r att st\u00f6tta | Almega","robots":{"index":"index","follow":"follow","max-snippet":"max-snippet:-1","max-image-preview":"max-image-preview:large","max-video-preview":"max-video-preview:-1"},"canonical":"https:\/\/www.almega.se\/2020\/03\/upprop-for-sjukvarden-nar-foretag-gar-samman-for-att-stotta\/","og_locale":"sv_SE","og_type":"article","og_title":"Upprop f\u00f6r sjukv\u00e5rden - n\u00e4r f\u00f6retag g\u00e5r samman f\u00f6r att st\u00f6tta","og_description":"I tider d\u00e4r v\u00e5r sjukv\u00e5rd har brist p\u00e5 utrustning, du har ju en v\u00e4ldigt bra id\u00e9, vad handlar den om? &#8211; I m\u00e5nga f\u00f6retag finns det handsprit, skyddshandskar och annat som \u00e4r oanv\u00e4nda som de &hellip;","og_url":"https:\/\/www.almega.se\/2020\/03\/upprop-for-sjukvarden-nar-foretag-gar-samman-for-att-stotta\/","og_site_name":"Almega","article_published_time":"2020-03-18T10:15:14+00:00","og_image":[{"width":1709,"height":1031,"url":"https:\/\/www.almega.se\/app\/uploads\/2020\/03\/eva-domanders.jpg","type":"image\/jpeg"}],"author":"Julia Schwamberg","twitter_card":"summary_large_image","twitter_misc":{"Skriven av":"Julia Schwamberg","Ber\u00e4knad l\u00e4stid":"2 minuter"},"schema":{"@context":"https:\/\/schema.org","@graph":[{"@type":"NewsArticle","@id":"https:\/\/www.almega.se\/2020\/03\/upprop-for-sjukvarden-nar-foretag-gar-samman-for-att-stotta\/#article","isPartOf":{"@id":"https:\/\/www.almega.se\/2020\/03\/upprop-for-sjukvarden-nar-foretag-gar-samman-for-att-stotta\/"},"author":{"name":"Julia Schwamberg","@id":"https:\/\/www.almega.se\/#\/schema\/person\/efcc735e9c1ba0f9de79e69dc5be5f8a"},"headline":"Upprop f\u00f6r sjukv\u00e5rden &#8211; n\u00e4r f\u00f6retag g\u00e5r samman f\u00f6r att st\u00f6tta","datePublished":"2020-03-18T10:15:14+00:00","mainEntityOfPage":{"@id":"https:\/\/www.almega.se\/2020\/03\/upprop-for-sjukvarden-nar-foretag-gar-samman-for-att-stotta\/"},"wordCount":403,"image":{"@id":"https:\/\/www.almega.se\/2020\/03\/upprop-for-sjukvarden-nar-foretag-gar-samman-for-att-stotta\/#primaryimage"},"thumbnailUrl":"https:\/\/www.almega.se\/app\/uploads\/2020\/03\/eva-domanders.jpg","keywords":["covid -19","Medlemsr\u00f6ster","V\u00e5rd och omsorg"],"articleSection":["Almega","V\u00e4lf\u00e4rd"],"inLanguage":"sv-SE"},{"@type":"WebPage","@id":"https:\/\/www.almega.se\/2020\/03\/upprop-for-sjukvarden-nar-foretag-gar-samman-for-att-stotta\/","url":"https:\/\/www.almega.se\/2020\/03\/upprop-for-sjukvarden-nar-foretag-gar-samman-for-att-stotta\/","name":"Upprop f\u00f6r sjukv\u00e5rden - n\u00e4r f\u00f6retag g\u00e5r samman f\u00f6r att st\u00f6tta | Almega","isPartOf":{"@id":"https:\/\/www.almega.se\/#website"},"primaryImageOfPage":{"@id":"https:\/\/www.almega.se\/2020\/03\/upprop-for-sjukvarden-nar-foretag-gar-samman-for-att-stotta\/#primaryimage"},"image":{"@id":"https:\/\/www.almega.se\/2020\/03\/upprop-for-sjukvarden-nar-foretag-gar-samman-for-att-stotta\/#primaryimage"},"thumbnailUrl":"https:\/\/www.almega.se\/app\/uploads\/2020\/03\/eva-domanders.jpg","datePublished":"2020-03-18T10:15:14+00:00","author":{"@id":"https:\/\/www.almega.se\/#\/schema\/person\/efcc735e9c1ba0f9de79e69dc5be5f8a"},"breadcrumb":{"@id":"https:\/\/www.almega.se\/2020\/03\/upprop-for-sjukvarden-nar-foretag-gar-samman-for-att-stotta\/#breadcrumb"},"inLanguage":"sv-SE","potentialAction":[{"@type":"ReadAction","target":["https:\/\/www.almega.se\/2020\/03\/upprop-for-sjukvarden-nar-foretag-gar-samman-for-att-stotta\/"]}]},{"@type":"ImageObject","inLanguage":"sv-SE","@id":"https:\/\/www.almega.se\/2020\/03\/upprop-for-sjukvarden-nar-foretag-gar-samman-for-att-stotta\/#primaryimage","url":"https:\/\/www.almega.se\/app\/uploads\/2020\/03\/eva-domanders.jpg","contentUrl":"https:\/\/www.almega.se\/app\/uploads\/2020\/03\/eva-domanders.jpg","width":1709,"height":1031,"caption":"Eva Domaders, kompetensf\u00f6retagen"},{"@type":"BreadcrumbList","@id":"https:\/\/www.almega.se\/2020\/03\/upprop-for-sjukvarden-nar-foretag-gar-samman-for-att-stotta\/#breadcrumb","itemListElement":[{"@type":"ListItem","position":1,"name":"Home","item":"https:\/\/www.almega.se\/"},{"@type":"ListItem","position":2,"name":"Upprop f\u00f6r sjukv\u00e5rden &#8211; n\u00e4r f\u00f6retag g\u00e5r samman f\u00f6r att st\u00f6tta"}]},{"@type":"WebSite","@id":"https:\/\/www.almega.se\/#website","url":"https:\/\/www.almega.se\/","name":"Almega","description":"","potentialAction":[{"@type":"SearchAction","target":{"@type":"EntryPoint","urlTemplate":"https:\/\/www.almega.se\/?s={search_term_string}"},"query-input":{"@type":"PropertyValueSpecification","valueRequired":true,"valueName":"search_term_string"}}],"inLanguage":"sv-SE"},{"@type":"Person","@id":"https:\/\/www.almega.se\/#\/schema\/person\/efcc735e9c1ba0f9de79e69dc5be5f8a","name":"Julia Schwamberg","image":{"@type":"ImageObject","inLanguage":"sv-SE","@id":"https:\/\/www.almega.se\/#\/schema\/person\/image\/","url":"https:\/\/secure.gravatar.com\/avatar\/60ee7d8b8e9aa9b036f4768c0d2e868d8f080bcf68689c0f64ab3b87b1c2f78b?s=96&d=mm&r=g","contentUrl":"https:\/\/secure.gravatar.com\/avatar\/60ee7d8b8e9aa9b036f4768c0d2e868d8f080bcf68689c0f64ab3b87b1c2f78b?s=96&d=mm&r=g","caption":"Julia Schwamberg"},"url":"https:\/\/www.almega.se\/person\/juliaschwamberg\/"}]}},"_links":{"self":[{"href":"https:\/\/www.almega.se\/api\/wp\/v2\/posts\/28448","targetHints":{"allow":["GET"]}}],"collection":[{"href":"https:\/\/www.almega.se\/api\/wp\/v2\/posts"}],"about":[{"href":"https:\/\/www.almega.se\/api\/wp\/v2\/types\/post"}],"author":[{"embeddable":true,"href":"https:\/\/www.almega.se\/api\/wp\/v2\/users\/3"}],"replies":[{"embeddable":true,"href":"https:\/\/www.almega.se\/api\/wp\/v2\/comments?post=28448"}],"version-history":[{"count":4,"href":"https:\/\/www.almega.se\/api\/wp\/v2\/posts\/28448\/revisions"}],"predecessor-version":[{"id":54399,"href":"https:\/\/www.almega.se\/api\/wp\/v2\/posts\/28448\/revisions\/54399"}],"wp:featuredmedia":[{"embeddable":true,"href":"https:\/\/www.almega.se\/api\/wp\/v2\/media\/28449"}],"wp:attachment":[{"href":"https:\/\/www.almega.se\/api\/wp\/v2\/media?parent=28448"}],"wp:term":[{"taxonomy":"category","embeddable":true,"href":"https:\/\/www.almega.se\/api\/wp\/v2\/categories?post=28448"},{"taxonomy":"post_tag","embeddable":true,"href":"https:\/\/www.almega.se\/api\/wp\/v2\/tags?post=28448"},{"taxonomy":"type","embeddable":true,"href":"https:\/\/www.almega.se\/api\/wp\/v2\/article_type?post=28448"},{"taxonomy":"agreement","embeddable":true,"href":"https:\/\/www.almega.se\/api\/wp\/v2\/agreement?post=28448"}],"curies":[{"name":"wp","href":"https:\/\/api.w.org\/{rel}","templated":true}]}}