{"id":28401,"date":"2020-03-16T11:29:53","date_gmt":"2020-03-16T10:29:53","guid":{"rendered":"https:\/\/www.almega.se\/2020\/03\/almega-valkomnar-regeringens-krispaket-2\/"},"modified":"2020-03-16T11:29:53","modified_gmt":"2020-03-16T10:29:53","slug":"almega-valkomnar-regeringens-krispaket-2","status":"publish","type":"post","link":"https:\/\/www.almega.se\/2020\/03\/almega-valkomnar-regeringens-krispaket-2\/","title":{"rendered":"Almega v\u00e4lkomnar regeringens krispaket"},"content":{"rendered":"<p class=\"intro\">Almega kommenterar regeringens och samarbetspartiernas krispaket. Almega som f\u00f6retr\u00e4der 11.000 f\u00f6retag i Tj\u00e4nstesektorn i 60 olika branscher.<\/p>\n\n<p>Idag presenterade Finansminister Magdalena Andersson, tillsammans med samarbetspartierna, ytterligare ett krispaket f\u00f6r att mildra de ekonomiska effekterna av virusutbrottet.&nbsp; Det inneb\u00e4r att:<\/p>\n\n\n\n<ul class=\"wp-block-list\">\n<li>Regeringen idag&nbsp;inf\u00f6r korttidspermittering.<\/li>\n\n\n\n<li>Staten tar \u00f6ver sjukl\u00f6neansvaret under tv\u00e5 m\u00e5nader.<\/li>\n\n\n\n<li>En likviditetsf\u00f6rst\u00e4rkning inf\u00f6rs via skattekontot.<\/li>\n<\/ul>\n\n\n\n<p>&#8211;&nbsp; Almegas 11.000 f\u00f6retag syssels\u00e4tter 550.000 medarbetare i Sverige och vi ser p\u00e5 n\u00e4ra h\u00e5ll vilka stora utmaningar v\u00e5ra f\u00f6retag har just nu.&nbsp; D\u00e4rf\u00f6r v\u00e4lkomnar vi regeringens krispaket och att de h\u00f6rsammat m\u00e5nga av v\u00e5ra f\u00f6rslag. Sveriges f\u00f6retag drabbas mycket h\u00e5rt av f\u00f6ljderna av virusutbrottet och den extraordin\u00e4ra situation vi alla befinner oss i. Vi f\u00f6ljer utvecklingen &nbsp;och har l\u00f6pande dialog med v\u00e5ra medlemsf\u00f6retag samt regeringen f\u00f6r att hitta l\u00f6sningar p\u00e5 att mildra de ekonomiska effekterna. Och p\u00e5 sikt r\u00e4dda arbetstillf\u00e4llen i Sverige, s\u00e4ger Thomas Ers\u00e9us, Vd Almega<\/p>\n","protected":false},"excerpt":{"rendered":"<p>Almega kommenterar regeringens och samarbetspartiernas krispaket. Almega som f\u00f6retr\u00e4der 11.000 f\u00f6retag i Tj\u00e4nstesektorn i 60 olika branscher.<\/p>\n","protected":false},"author":14827,"featured_media":0,"comment_status":"closed","ping_status":"closed","sticky":false,"template":"","format":"standard","meta":{"_acf_changed":false,"footnotes":""},"categories":[64],"tags":[486,488,58],"article_type":[93],"agreement":[],"class_list":["post-28401","post","type-post","status-publish","format-standard","hentry","category-arbetsmarknad","tag-covid-19","tag-korttidspermittering","tag-lon","type-pressmeddelanden"],"acf":[],"yoast_head":"<!-- This site is optimized with the Yoast SEO Premium plugin v26.8 (Yoast SEO v26.8) - https:\/\/yoast.com\/product\/yoast-seo-premium-wordpress\/ -->\n<title>Almega v\u00e4lkomnar regeringens krispaket | Almega<\/title>\n<meta name=\"robots\" content=\"index, follow, max-snippet:-1, max-image-preview:large, max-video-preview:-1\" \/>\n<link rel=\"canonical\" href=\"https:\/\/www.almega.se\/2020\/03\/almega-valkomnar-regeringens-krispaket-2\/\" \/>\n<meta property=\"og:locale\" content=\"sv_SE\" \/>\n<meta property=\"og:type\" content=\"article\" \/>\n<meta property=\"og:title\" content=\"Almega v\u00e4lkomnar regeringens krispaket\" \/>\n<meta property=\"og:description\" content=\"Almega kommenterar regeringens och samarbetspartiernas krispaket. Almega som f\u00f6retr\u00e4der 11.000 f\u00f6retag i Tj\u00e4nstesektorn i 60 olika branscher.\" \/>\n<meta property=\"og:url\" content=\"https:\/\/www.almega.se\/2020\/03\/almega-valkomnar-regeringens-krispaket-2\/\" \/>\n<meta property=\"og:site_name\" content=\"Almega\" \/>\n<meta property=\"article:published_time\" content=\"2020-03-16T10:29:53+00:00\" \/>\n<meta property=\"og:image\" content=\"https:\/\/www.almega.se\/app\/uploads\/2020\/12\/almega-share-logo.png\" \/>\n\t<meta property=\"og:image:width\" content=\"1200\" \/>\n\t<meta property=\"og:image:height\" content=\"630\" \/>\n\t<meta property=\"og:image:type\" content=\"image\/png\" \/>\n<meta name=\"author\" content=\"emmaf\" \/>\n<meta name=\"twitter:card\" content=\"summary_large_image\" \/>\n<meta name=\"twitter:label1\" content=\"Skriven av\" \/>\n\t<meta name=\"twitter:data1\" content=\"emmaf\" \/>\n\t<meta name=\"twitter:label2\" content=\"Ber\u00e4knad l\u00e4stid\" \/>\n\t<meta name=\"twitter:data2\" content=\"1 minut\" \/>\n<!-- \/ Yoast SEO Premium plugin. -->","yoast_head_json":{"title":"Almega v\u00e4lkomnar regeringens krispaket | Almega","robots":{"index":"index","follow":"follow","max-snippet":"max-snippet:-1","max-image-preview":"max-image-preview:large","max-video-preview":"max-video-preview:-1"},"canonical":"https:\/\/www.almega.se\/2020\/03\/almega-valkomnar-regeringens-krispaket-2\/","og_locale":"sv_SE","og_type":"article","og_title":"Almega v\u00e4lkomnar regeringens krispaket","og_description":"Almega kommenterar regeringens och samarbetspartiernas krispaket. Almega som f\u00f6retr\u00e4der 11.000 f\u00f6retag i Tj\u00e4nstesektorn i 60 olika branscher.","og_url":"https:\/\/www.almega.se\/2020\/03\/almega-valkomnar-regeringens-krispaket-2\/","og_site_name":"Almega","article_published_time":"2020-03-16T10:29:53+00:00","og_image":[{"width":1200,"height":630,"url":"https:\/\/www.almega.se\/app\/uploads\/2020\/12\/almega-share-logo.png","type":"image\/png"}],"author":"emmaf","twitter_card":"summary_large_image","twitter_misc":{"Skriven av":"emmaf","Ber\u00e4knad l\u00e4stid":"1 minut"},"schema":{"@context":"https:\/\/schema.org","@graph":[{"@type":"NewsArticle","@id":"https:\/\/www.almega.se\/2020\/03\/almega-valkomnar-regeringens-krispaket-2\/#article","isPartOf":{"@id":"https:\/\/www.almega.se\/2020\/03\/almega-valkomnar-regeringens-krispaket-2\/"},"author":{"name":"emmaf","@id":"https:\/\/www.almega.se\/#\/schema\/person\/7dcd85c42437215aafce170ec28e2fac"},"headline":"Almega v\u00e4lkomnar regeringens krispaket","datePublished":"2020-03-16T10:29:53+00:00","mainEntityOfPage":{"@id":"https:\/\/www.almega.se\/2020\/03\/almega-valkomnar-regeringens-krispaket-2\/"},"wordCount":169,"keywords":["covid -19","Korttidspermittering","L\u00f6n"],"articleSection":["Arbetsmarknad"],"inLanguage":"sv-SE"},{"@type":"WebPage","@id":"https:\/\/www.almega.se\/2020\/03\/almega-valkomnar-regeringens-krispaket-2\/","url":"https:\/\/www.almega.se\/2020\/03\/almega-valkomnar-regeringens-krispaket-2\/","name":"Almega v\u00e4lkomnar regeringens krispaket | Almega","isPartOf":{"@id":"https:\/\/www.almega.se\/#website"},"datePublished":"2020-03-16T10:29:53+00:00","author":{"@id":"https:\/\/www.almega.se\/#\/schema\/person\/7dcd85c42437215aafce170ec28e2fac"},"breadcrumb":{"@id":"https:\/\/www.almega.se\/2020\/03\/almega-valkomnar-regeringens-krispaket-2\/#breadcrumb"},"inLanguage":"sv-SE","potentialAction":[{"@type":"ReadAction","target":["https:\/\/www.almega.se\/2020\/03\/almega-valkomnar-regeringens-krispaket-2\/"]}]},{"@type":"BreadcrumbList","@id":"https:\/\/www.almega.se\/2020\/03\/almega-valkomnar-regeringens-krispaket-2\/#breadcrumb","itemListElement":[{"@type":"ListItem","position":1,"name":"Home","item":"https:\/\/www.almega.se\/"},{"@type":"ListItem","position":2,"name":"Almega v\u00e4lkomnar regeringens krispaket"}]},{"@type":"WebSite","@id":"https:\/\/www.almega.se\/#website","url":"https:\/\/www.almega.se\/","name":"Almega","description":"","potentialAction":[{"@type":"SearchAction","target":{"@type":"EntryPoint","urlTemplate":"https:\/\/www.almega.se\/?s={search_term_string}"},"query-input":{"@type":"PropertyValueSpecification","valueRequired":true,"valueName":"search_term_string"}}],"inLanguage":"sv-SE"},{"@type":"Person","@id":"https:\/\/www.almega.se\/#\/schema\/person\/7dcd85c42437215aafce170ec28e2fac","name":"emmaf","image":{"@type":"ImageObject","inLanguage":"sv-SE","@id":"https:\/\/www.almega.se\/#\/schema\/person\/image\/","url":"https:\/\/secure.gravatar.com\/avatar\/7d7de2d34f664967395b2486fe4409bcc5db61c29c5fe0dfca5e5be04df31c34?s=96&d=mm&r=g","contentUrl":"https:\/\/secure.gravatar.com\/avatar\/7d7de2d34f664967395b2486fe4409bcc5db61c29c5fe0dfca5e5be04df31c34?s=96&d=mm&r=g","caption":"emmaf"},"url":"https:\/\/www.almega.se\/person\/emmaf\/"}]}},"_links":{"self":[{"href":"https:\/\/www.almega.se\/api\/wp\/v2\/posts\/28401","targetHints":{"allow":["GET"]}}],"collection":[{"href":"https:\/\/www.almega.se\/api\/wp\/v2\/posts"}],"about":[{"href":"https:\/\/www.almega.se\/api\/wp\/v2\/types\/post"}],"author":[{"embeddable":true,"href":"https:\/\/www.almega.se\/api\/wp\/v2\/users\/14827"}],"replies":[{"embeddable":true,"href":"https:\/\/www.almega.se\/api\/wp\/v2\/comments?post=28401"}],"version-history":[{"count":5,"href":"https:\/\/www.almega.se\/api\/wp\/v2\/posts\/28401\/revisions"}],"predecessor-version":[{"id":54395,"href":"https:\/\/www.almega.se\/api\/wp\/v2\/posts\/28401\/revisions\/54395"}],"wp:attachment":[{"href":"https:\/\/www.almega.se\/api\/wp\/v2\/media?parent=28401"}],"wp:term":[{"taxonomy":"category","embeddable":true,"href":"https:\/\/www.almega.se\/api\/wp\/v2\/categories?post=28401"},{"taxonomy":"post_tag","embeddable":true,"href":"https:\/\/www.almega.se\/api\/wp\/v2\/tags?post=28401"},{"taxonomy":"type","embeddable":true,"href":"https:\/\/www.almega.se\/api\/wp\/v2\/article_type?post=28401"},{"taxonomy":"agreement","embeddable":true,"href":"https:\/\/www.almega.se\/api\/wp\/v2\/agreement?post=28401"}],"curies":[{"name":"wp","href":"https:\/\/api.w.org\/{rel}","templated":true}]}}