{"id":28314,"date":"2020-03-10T10:32:23","date_gmt":"2020-03-10T09:32:23","guid":{"rendered":"https:\/\/www.almega.se\/2020\/03\/infor-ett-skatteuppskov-for-foretag\/"},"modified":"2020-03-10T10:32:23","modified_gmt":"2020-03-10T09:32:23","slug":"infor-ett-skatteuppskov-for-foretag","status":"publish","type":"post","link":"https:\/\/www.almega.se\/2020\/03\/infor-ett-skatteuppskov-for-foretag\/","title":{"rendered":"Inf\u00f6r ett skatteuppskov f\u00f6r f\u00f6retag"},"content":{"rendered":"<p class=\"intro\">M\u00e5nga f\u00f6retag p\u00e5verkas negativt av coronaviruset. I l\u00e4ngden kan hela n\u00e4ringslivet ber\u00f6ras, men de som riskerar att drabbas f\u00f6rst av neddragningar \u00e4r tj\u00e4nstef\u00f6retagen. Detta g\u00e4ller i synnerhet f\u00f6retag inom bes\u00f6ksn\u00e4ringen, IT, bemanning och teknikkonsulter. D\u00e4rf\u00f6r f\u00f6resl\u00e5r Almega i dag flera \u00e5tg\u00e4rder f\u00f6r att mota coronakrisen, bland annat ett tillf\u00e4lligt skatteuppskov f\u00f6r f\u00f6retag i de drabbade branscherna.<\/p>\n\n<p>&#8211; Vid externa chocker \u00e4r snabbhet och beslutsamhet viktigare \u00e4n att hitta perfekta \u00e5tg\u00e4rder. Hellre f\u00f6r mycket \u00e4n f\u00f6r lite. Tj\u00e4nstef\u00f6retag har i regel sm\u00e5 buffertar och coronakrisen riskerar d\u00e4rf\u00f6r att sl\u00e5 h\u00e5rt mot dessa bolag. Den fr\u00e4msta stimulans\u00e5tg\u00e4rden som nu m\u00e5ste genomf\u00f6ras f\u00f6r f\u00f6retag \u00e4r skatteuppskov med inbetalning av arbetsgivaravgiften. Det \u00e4r en snabb och obyr\u00e5kratisk \u00e5tg\u00e4rd med h\u00f6g tr\u00e4ffs\u00e4kerhet. Detta kan minska risken f\u00f6r personalneddragningar, s\u00e4ger Andreas \u00c5str\u00f6m, n\u00e4ringspolitisk chef p\u00e5 Almega.<\/p>\n\n\n\n<p>&#8211; Det vore \u00e4ven bra om politiken skyndsamt Inf\u00f6r ett likviditetspaket som g\u00f6r det m\u00f6jligt f\u00f6r f\u00f6retagen i de drabbade branscherna att \u00f6verbrygga en tillf\u00e4llig svacka i efterfr\u00e5gan genom tillg\u00e5ng till krediter med l\u00e5nga l\u00f6ptider och l\u00e5ga kostnader. Almi f\u00f6retagspartner kan ges ett finansiellt tillskott och ett s\u00e4rskilt uppdrag att rikta st\u00f6d till f\u00f6retag i krisbranscherna, s\u00e4ger Andreas \u00c5str\u00f6m.<\/p>\n\n\n<a class='Share__link Share__link--url copy-text' href='#' rel='nofollow' data-text='fyra-punkter-for-att-mota-coronakrisen:' title='Dela url' data-confirmation='L\u00e4nken kopierades till urklipp'><svg class='icon icon--link'  width='18' height='18' viewBox='0 0 18 18' fill='none' xmlns='http:\/\/www.w3.org\/2000\/svg'>\n            <path d='M10.4142 0.514721L6.87868 4.05025L8.29289 5.46447L11.1213 2.63604L15.364 6.87868L12.5355 9.70711L13.9497 11.1213L17.4853 7.58579C17.8763 7.19476 17.8763 6.5626 17.4853 6.17158L11.8284 0.514721C11.4374 0.123691 10.8052 0.123691 10.4142 0.514721Z' fill='black'\/>\n            <path d='M9.7071 12.5355L6.87868 15.364L2.63604 11.1213L5.46446 8.2929L4.05025 6.87868L0.514716 10.4142C0.123686 10.8052 0.123686 11.4374 0.514716 11.8284L6.17157 17.4853C6.5626 17.8763 7.19475 17.8763 7.58578 17.4853L11.1213 13.9497L9.7071 12.5355Z' fill='black'\/>\n            <path d='M6.17157 11.8284C6.5626 12.2195 7.19475 12.2195 7.58578 11.8284L11.8284 7.58579C12.2195 7.19476 12.2195 6.56261 11.8284 6.17158C11.4374 5.78055 10.8052 5.78055 10.4142 6.17158L6.17157 10.4142C5.78054 10.8052 5.78054 11.4374 6.17157 11.8284Z' fill='black'\/>\n            <\/svg> <\/a>\n<h2 class=\"wp-block-heading\">Fyra punkter f\u00f6r att mota coronakrisen: <\/h2>\n\n\n\n<ul class=\"wp-block-list\">\n<li>Inf\u00f6r ett tillf\u00e4lligt skatteuppskov f\u00f6r f\u00f6retag i de drabbade branscherna. Det \u00e4r en snabb och obyr\u00e5kratisk l\u00f6sning med h\u00f6g tr\u00e4ffs\u00e4kerhet och god f\u00f6rv\u00e4ntad effekt som pr\u00f6vats tidigare med framg\u00e5ng.<br><\/li>\n\n\n\n<li> Inf\u00f6r ett likviditetspaket som g\u00f6r det m\u00f6jligt f\u00f6r f\u00f6retagen i de drabbade branscherna att \u00f6verbrygga en tillf\u00e4llig svacka i efterfr\u00e5gan genom tillg\u00e5ng till krediter med l\u00e5nga l\u00f6ptider och l\u00e5ga kostnader. Almi f\u00f6retagspartner kan ges ett finansiellt tillskott och ett s\u00e4rskilt uppdrag att rikta st\u00f6d till f\u00f6retag i krisbranscherna.<br><\/li>\n\n\n\n<li>Krispaket f\u00f6r omst\u00e4llning mot digitalisering och f\u00f6r klimatanpassning och kompetensutveckling. Kriser \u00e4r ett bra tillf\u00e4lle att g\u00f6ra n\u00f6dv\u00e4ndiga strukturanpassningar s\u00e5 att konkurrenskraften och livskraften i branscherna st\u00e4rks. F\u00f6retag i krisbranscherna b\u00f6r f\u00e5 st\u00e4rkta m\u00f6jligheter att ans\u00f6ka om utvecklings- och omst\u00e4llningsmedel, till exempel fr\u00e5n EU:s regional- och socialfond, men ocks\u00e5 genom s\u00e4rskilda satsningar fr\u00e5n regeringens sida.<br><\/li>\n\n\n\n<li>Slopa tillf\u00e4lligt momsen p\u00e5 resor f\u00f6r framtida resebokningar och inf\u00f6r ett moratorium f\u00f6r skatteh\u00f6jningar som sl\u00e5r mot resebranschen.<br><\/li>\n\n\n\n<li>Korttidsarbete m\u00e5ste inf\u00f6ras l\u00e5ngt tidigare \u00e4n 1 augusti.<\/li>\n<\/ul>\n","protected":false},"excerpt":{"rendered":"<p>M\u00e5nga f\u00f6retag p\u00e5verkas negativt av coronaviruset. I l\u00e4ngden kan hela n\u00e4ringslivet ber\u00f6ras, men de som riskerar att drabbas f\u00f6rst av neddragningar \u00e4r tj\u00e4nstef\u00f6retagen. Detta g\u00e4ller i synnerhet f\u00f6retag inom bes\u00f6ksn\u00e4ringen, IT, bemanning och teknikkonsulter. D\u00e4rf\u00f6r f\u00f6resl\u00e5r Almega i dag flera \u00e5tg\u00e4rder f\u00f6r att mota Coronakrisen, bland annat ett tillf\u00e4lligt skatteuppskov f\u00f6r f\u00f6retag i de drabbade branscherna.<\/p>\n","protected":false},"author":14827,"featured_media":28254,"comment_status":"closed","ping_status":"closed","sticky":false,"template":"","format":"standard","meta":{"_acf_changed":false,"footnotes":""},"categories":[64,57],"tags":[422,486,488],"article_type":[93],"agreement":[],"class_list":["post-28314","post","type-post","status-publish","format-standard","has-post-thumbnail","hentry","category-arbetsmarknad","category-skatter","tag-arbetsgivaravgift","tag-covid-19","tag-korttidspermittering","type-pressmeddelanden"],"acf":[],"yoast_head":"<!-- This site is optimized with the Yoast SEO Premium plugin v26.8 (Yoast SEO v26.8) - https:\/\/yoast.com\/product\/yoast-seo-premium-wordpress\/ -->\n<title>Inf\u00f6r ett skatteuppskov f\u00f6r f\u00f6retag | Almega<\/title>\n<meta name=\"robots\" content=\"index, follow, max-snippet:-1, max-image-preview:large, max-video-preview:-1\" \/>\n<link rel=\"canonical\" href=\"https:\/\/www.almega.se\/2020\/03\/infor-ett-skatteuppskov-for-foretag\/\" \/>\n<meta property=\"og:locale\" content=\"sv_SE\" \/>\n<meta property=\"og:type\" content=\"article\" \/>\n<meta property=\"og:title\" content=\"Inf\u00f6r ett skatteuppskov f\u00f6r f\u00f6retag\" \/>\n<meta property=\"og:description\" content=\"M\u00e5nga f\u00f6retag p\u00e5verkas negativt av coronaviruset. I l\u00e4ngden kan hela n\u00e4ringslivet ber\u00f6ras, men de som riskerar att drabbas f\u00f6rst av neddragningar \u00e4r tj\u00e4nstef\u00f6retagen. Detta g\u00e4ller i synnerhet f\u00f6retag inom bes\u00f6ksn\u00e4ringen, IT, bemanning och teknikkonsulter. D\u00e4rf\u00f6r f\u00f6resl\u00e5r Almega i dag flera \u00e5tg\u00e4rder f\u00f6r att mota Coronakrisen, bland annat ett tillf\u00e4lligt skatteuppskov f\u00f6r f\u00f6retag i de drabbade branscherna.\" \/>\n<meta property=\"og:url\" content=\"https:\/\/www.almega.se\/2020\/03\/infor-ett-skatteuppskov-for-foretag\/\" \/>\n<meta property=\"og:site_name\" content=\"Almega\" \/>\n<meta property=\"article:published_time\" content=\"2020-03-10T09:32:23+00:00\" \/>\n<meta property=\"og:image\" content=\"https:\/\/www.almega.se\/app\/uploads\/2020\/03\/fa56a58b-e47b-46fe-8ca8-3e6cf469fe12-1180x927.jpg\" \/>\n\t<meta property=\"og:image:width\" content=\"1180\" \/>\n\t<meta property=\"og:image:height\" content=\"927\" \/>\n\t<meta property=\"og:image:type\" content=\"image\/jpeg\" \/>\n<meta name=\"author\" content=\"emmaf\" \/>\n<meta name=\"twitter:card\" content=\"summary_large_image\" \/>\n<meta name=\"twitter:label1\" content=\"Skriven av\" \/>\n\t<meta name=\"twitter:data1\" content=\"emmaf\" \/>\n\t<meta name=\"twitter:label2\" content=\"Ber\u00e4knad l\u00e4stid\" \/>\n\t<meta name=\"twitter:data2\" content=\"2 minuter\" \/>\n<!-- \/ Yoast SEO Premium plugin. -->","yoast_head_json":{"title":"Inf\u00f6r ett skatteuppskov f\u00f6r f\u00f6retag | Almega","robots":{"index":"index","follow":"follow","max-snippet":"max-snippet:-1","max-image-preview":"max-image-preview:large","max-video-preview":"max-video-preview:-1"},"canonical":"https:\/\/www.almega.se\/2020\/03\/infor-ett-skatteuppskov-for-foretag\/","og_locale":"sv_SE","og_type":"article","og_title":"Inf\u00f6r ett skatteuppskov f\u00f6r f\u00f6retag","og_description":"M\u00e5nga f\u00f6retag p\u00e5verkas negativt av coronaviruset. I l\u00e4ngden kan hela n\u00e4ringslivet ber\u00f6ras, men de som riskerar att drabbas f\u00f6rst av neddragningar \u00e4r tj\u00e4nstef\u00f6retagen. Detta g\u00e4ller i synnerhet f\u00f6retag inom bes\u00f6ksn\u00e4ringen, IT, bemanning och teknikkonsulter. D\u00e4rf\u00f6r f\u00f6resl\u00e5r Almega i dag flera \u00e5tg\u00e4rder f\u00f6r att mota Coronakrisen, bland annat ett tillf\u00e4lligt skatteuppskov f\u00f6r f\u00f6retag i de drabbade branscherna.","og_url":"https:\/\/www.almega.se\/2020\/03\/infor-ett-skatteuppskov-for-foretag\/","og_site_name":"Almega","article_published_time":"2020-03-10T09:32:23+00:00","og_image":[{"width":1180,"height":927,"url":"https:\/\/www.almega.se\/app\/uploads\/2020\/03\/fa56a58b-e47b-46fe-8ca8-3e6cf469fe12-1180x927.jpg","type":"image\/jpeg"}],"author":"emmaf","twitter_card":"summary_large_image","twitter_misc":{"Skriven av":"emmaf","Ber\u00e4knad l\u00e4stid":"2 minuter"},"schema":{"@context":"https:\/\/schema.org","@graph":[{"@type":"NewsArticle","@id":"https:\/\/www.almega.se\/2020\/03\/infor-ett-skatteuppskov-for-foretag\/#article","isPartOf":{"@id":"https:\/\/www.almega.se\/2020\/03\/infor-ett-skatteuppskov-for-foretag\/"},"author":{"name":"emmaf","@id":"https:\/\/www.almega.se\/#\/schema\/person\/7dcd85c42437215aafce170ec28e2fac"},"headline":"Inf\u00f6r ett skatteuppskov f\u00f6r f\u00f6retag","datePublished":"2020-03-10T09:32:23+00:00","mainEntityOfPage":{"@id":"https:\/\/www.almega.se\/2020\/03\/infor-ett-skatteuppskov-for-foretag\/"},"wordCount":401,"image":{"@id":"https:\/\/www.almega.se\/2020\/03\/infor-ett-skatteuppskov-for-foretag\/#primaryimage"},"thumbnailUrl":"https:\/\/www.almega.se\/app\/uploads\/2020\/03\/fa56a58b-e47b-46fe-8ca8-3e6cf469fe12.jpg","keywords":["Arbetsgivaravgift","covid -19","Korttidspermittering"],"articleSection":["Arbetsmarknad","Skatter"],"inLanguage":"sv-SE"},{"@type":"WebPage","@id":"https:\/\/www.almega.se\/2020\/03\/infor-ett-skatteuppskov-for-foretag\/","url":"https:\/\/www.almega.se\/2020\/03\/infor-ett-skatteuppskov-for-foretag\/","name":"Inf\u00f6r ett skatteuppskov f\u00f6r f\u00f6retag | Almega","isPartOf":{"@id":"https:\/\/www.almega.se\/#website"},"primaryImageOfPage":{"@id":"https:\/\/www.almega.se\/2020\/03\/infor-ett-skatteuppskov-for-foretag\/#primaryimage"},"image":{"@id":"https:\/\/www.almega.se\/2020\/03\/infor-ett-skatteuppskov-for-foretag\/#primaryimage"},"thumbnailUrl":"https:\/\/www.almega.se\/app\/uploads\/2020\/03\/fa56a58b-e47b-46fe-8ca8-3e6cf469fe12.jpg","datePublished":"2020-03-10T09:32:23+00:00","author":{"@id":"https:\/\/www.almega.se\/#\/schema\/person\/7dcd85c42437215aafce170ec28e2fac"},"breadcrumb":{"@id":"https:\/\/www.almega.se\/2020\/03\/infor-ett-skatteuppskov-for-foretag\/#breadcrumb"},"inLanguage":"sv-SE","potentialAction":[{"@type":"ReadAction","target":["https:\/\/www.almega.se\/2020\/03\/infor-ett-skatteuppskov-for-foretag\/"]}]},{"@type":"ImageObject","inLanguage":"sv-SE","@id":"https:\/\/www.almega.se\/2020\/03\/infor-ett-skatteuppskov-for-foretag\/#primaryimage","url":"https:\/\/www.almega.se\/app\/uploads\/2020\/03\/fa56a58b-e47b-46fe-8ca8-3e6cf469fe12.jpg","contentUrl":"https:\/\/www.almega.se\/app\/uploads\/2020\/03\/fa56a58b-e47b-46fe-8ca8-3e6cf469fe12.jpg","width":4861,"height":3820,"caption":"fa56a58b-e47b-46fe-8ca8-3e6cf469fe12.jpg"},{"@type":"BreadcrumbList","@id":"https:\/\/www.almega.se\/2020\/03\/infor-ett-skatteuppskov-for-foretag\/#breadcrumb","itemListElement":[{"@type":"ListItem","position":1,"name":"Home","item":"https:\/\/www.almega.se\/"},{"@type":"ListItem","position":2,"name":"Inf\u00f6r ett skatteuppskov f\u00f6r f\u00f6retag"}]},{"@type":"WebSite","@id":"https:\/\/www.almega.se\/#website","url":"https:\/\/www.almega.se\/","name":"Almega","description":"","potentialAction":[{"@type":"SearchAction","target":{"@type":"EntryPoint","urlTemplate":"https:\/\/www.almega.se\/?s={search_term_string}"},"query-input":{"@type":"PropertyValueSpecification","valueRequired":true,"valueName":"search_term_string"}}],"inLanguage":"sv-SE"},{"@type":"Person","@id":"https:\/\/www.almega.se\/#\/schema\/person\/7dcd85c42437215aafce170ec28e2fac","name":"emmaf","image":{"@type":"ImageObject","inLanguage":"sv-SE","@id":"https:\/\/www.almega.se\/#\/schema\/person\/image\/","url":"https:\/\/secure.gravatar.com\/avatar\/7d7de2d34f664967395b2486fe4409bcc5db61c29c5fe0dfca5e5be04df31c34?s=96&d=mm&r=g","contentUrl":"https:\/\/secure.gravatar.com\/avatar\/7d7de2d34f664967395b2486fe4409bcc5db61c29c5fe0dfca5e5be04df31c34?s=96&d=mm&r=g","caption":"emmaf"},"url":"https:\/\/www.almega.se\/person\/emmaf\/"}]}},"_links":{"self":[{"href":"https:\/\/www.almega.se\/api\/wp\/v2\/posts\/28314","targetHints":{"allow":["GET"]}}],"collection":[{"href":"https:\/\/www.almega.se\/api\/wp\/v2\/posts"}],"about":[{"href":"https:\/\/www.almega.se\/api\/wp\/v2\/types\/post"}],"author":[{"embeddable":true,"href":"https:\/\/www.almega.se\/api\/wp\/v2\/users\/14827"}],"replies":[{"embeddable":true,"href":"https:\/\/www.almega.se\/api\/wp\/v2\/comments?post=28314"}],"version-history":[{"count":3,"href":"https:\/\/www.almega.se\/api\/wp\/v2\/posts\/28314\/revisions"}],"predecessor-version":[{"id":54397,"href":"https:\/\/www.almega.se\/api\/wp\/v2\/posts\/28314\/revisions\/54397"}],"wp:featuredmedia":[{"embeddable":true,"href":"https:\/\/www.almega.se\/api\/wp\/v2\/media\/28254"}],"wp:attachment":[{"href":"https:\/\/www.almega.se\/api\/wp\/v2\/media?parent=28314"}],"wp:term":[{"taxonomy":"category","embeddable":true,"href":"https:\/\/www.almega.se\/api\/wp\/v2\/categories?post=28314"},{"taxonomy":"post_tag","embeddable":true,"href":"https:\/\/www.almega.se\/api\/wp\/v2\/tags?post=28314"},{"taxonomy":"type","embeddable":true,"href":"https:\/\/www.almega.se\/api\/wp\/v2\/article_type?post=28314"},{"taxonomy":"agreement","embeddable":true,"href":"https:\/\/www.almega.se\/api\/wp\/v2\/agreement?post=28314"}],"curies":[{"name":"wp","href":"https:\/\/api.w.org\/{rel}","templated":true}]}}