{"id":28006,"date":"2020-02-20T10:57:13","date_gmt":"2020-02-20T09:57:13","guid":{"rendered":"https:\/\/www.almega.se\/2020\/02\/olycklig-byrakratisering-av-arbetskraftsinvandringen\/"},"modified":"2020-02-20T10:57:13","modified_gmt":"2020-02-20T09:57:13","slug":"olycklig-byrakratisering-av-arbetskraftsinvandringen","status":"publish","type":"post","link":"https:\/\/www.almega.se\/2020\/02\/olycklig-byrakratisering-av-arbetskraftsinvandringen\/","title":{"rendered":"Olycklig byr\u00e5kratisering av arbetskrafts&shy;invandringen"},"content":{"rendered":"<p class=\"intro\">M, KD och V aviserar idag att de har kommit \u00f6verens om ett f\u00f6rslag om kompetensinvandringen. F\u00f6rslaget l\u00e4ggs fram i riksdagens socialf\u00f6rs\u00e4kringsutskott idag.<\/p>\n\n<p>&#8211; Byr\u00e5kratiseringen av reformen om kompetensinvandring \u00f6kar nu i och med oppositionens f\u00f6rslag. Det blir exempelvis kaka p\u00e5 kaka att arbetsgivarna f\u00f6rst ska tvingas fylla i en blankett om anst\u00e4llningserbjudande och sedan tvingas skicka in ett anst\u00e4llningskontrakt. Regelfusk fr\u00e5n oseri\u00f6sa akt\u00f6rer kan bek\u00e4mpas med nuvarande lagstiftning, s\u00e4ger Andreas \u00c5str\u00f6m, n\u00e4ringspolitisk chef Almega.<\/p>\n\n\n\n<p>&#8211; Det \u00e4r bra att oppositionen vill stoppa kompetensutvisningarna. Kompetensinvandrare som kommit till Sverige f\u00f6r att arbeta, bidra och g\u00f6ra r\u00e4tt ska inte kunna utvisas p\u00e5 grund av bagatellartade sm\u00e5fel. Kompetensutvisningarna har skadat bilden av Sverige utomlands. Nu m\u00e5ste den oerh\u00f6rt strikta \u00e5terkallelsebest\u00e4mmelsen snarast \u00e4ndras, s\u00e4ger Andreas \u00c5str\u00f6m.<\/p>\n\n\n\n<p>&#8211; F\u00f6rslaget om brottsrubricering \u00e4r fel v\u00e4g att g\u00e5. Dels kommer det vara sv\u00e5rt att skilja mellan fel som beg\u00e5tts av misstag och fel som bed\u00f6ms som upps\u00e5tliga. Dessutom omfattas arbetskraftsinvandrarna av samma arbetsr\u00e4ttslagstiftning som g\u00e4ller f\u00f6r alla sysselsatta p\u00e5 den svenska arbetsmarknaden och m\u00e4nniskohandel \u00e4r ett existerande brott i brottsbalken, avslutar Andreas \u00c5str\u00f6m.<\/p>\n","protected":false},"excerpt":{"rendered":"<p>M, KD och V aviserar idag att de har kommit \u00f6verens om ett f\u00f6rslag om kompetensinvandringen. F\u00f6rslaget l\u00e4ggs fram i riksdagens socialf\u00f6rs\u00e4kringsutskott idag.<\/p>\n","protected":false},"author":14827,"featured_media":0,"comment_status":"closed","ping_status":"closed","sticky":false,"template":"","format":"standard","meta":{"_acf_changed":false,"footnotes":""},"categories":[64,419],"tags":[543,72],"article_type":[93],"agreement":[],"class_list":["post-28006","post","type-post","status-publish","format-standard","hentry","category-arbetsmarknad","category-kompetensforsorjning","tag-arbetskraftsinvandring","tag-kompetensinvandring","type-pressmeddelanden"],"acf":[],"yoast_head":"<!-- This site is optimized with the Yoast SEO Premium plugin v26.8 (Yoast SEO v26.8) - https:\/\/yoast.com\/product\/yoast-seo-premium-wordpress\/ -->\n<title>Olycklig byr\u00e5kratisering av arbetskraftsinvandringen | Almega<\/title>\n<meta name=\"robots\" content=\"index, follow, max-snippet:-1, max-image-preview:large, max-video-preview:-1\" \/>\n<link rel=\"canonical\" href=\"https:\/\/www.almega.se\/2020\/02\/olycklig-byrakratisering-av-arbetskraftsinvandringen\/\" \/>\n<meta property=\"og:locale\" content=\"sv_SE\" \/>\n<meta property=\"og:type\" content=\"article\" \/>\n<meta property=\"og:title\" content=\"Olycklig byr\u00e5kratisering av arbetskraftsinvandringen\" \/>\n<meta property=\"og:description\" content=\"M, KD och V aviserar idag att de har kommit \u00f6verens om ett f\u00f6rslag om kompetensinvandringen. F\u00f6rslaget l\u00e4ggs fram i riksdagens socialf\u00f6rs\u00e4kringsutskott idag.\" \/>\n<meta property=\"og:url\" content=\"https:\/\/www.almega.se\/2020\/02\/olycklig-byrakratisering-av-arbetskraftsinvandringen\/\" \/>\n<meta property=\"og:site_name\" content=\"Almega\" \/>\n<meta property=\"article:published_time\" content=\"2020-02-20T09:57:13+00:00\" \/>\n<meta property=\"og:image\" content=\"https:\/\/www.almega.se\/app\/uploads\/2020\/12\/almega-share-logo.png\" \/>\n\t<meta property=\"og:image:width\" content=\"1200\" \/>\n\t<meta property=\"og:image:height\" content=\"630\" \/>\n\t<meta property=\"og:image:type\" content=\"image\/png\" \/>\n<meta name=\"author\" content=\"emmaf\" \/>\n<meta name=\"twitter:card\" content=\"summary_large_image\" \/>\n<meta name=\"twitter:label1\" content=\"Skriven av\" \/>\n\t<meta name=\"twitter:data1\" content=\"emmaf\" \/>\n\t<meta name=\"twitter:label2\" content=\"Ber\u00e4knad l\u00e4stid\" \/>\n\t<meta name=\"twitter:data2\" content=\"1 minut\" \/>\n<!-- \/ Yoast SEO Premium plugin. -->","yoast_head_json":{"title":"Olycklig byr\u00e5kratisering av arbetskraftsinvandringen | Almega","robots":{"index":"index","follow":"follow","max-snippet":"max-snippet:-1","max-image-preview":"max-image-preview:large","max-video-preview":"max-video-preview:-1"},"canonical":"https:\/\/www.almega.se\/2020\/02\/olycklig-byrakratisering-av-arbetskraftsinvandringen\/","og_locale":"sv_SE","og_type":"article","og_title":"Olycklig byr\u00e5kratisering av arbetskraftsinvandringen","og_description":"M, KD och V aviserar idag att de har kommit \u00f6verens om ett f\u00f6rslag om kompetensinvandringen. F\u00f6rslaget l\u00e4ggs fram i riksdagens socialf\u00f6rs\u00e4kringsutskott idag.","og_url":"https:\/\/www.almega.se\/2020\/02\/olycklig-byrakratisering-av-arbetskraftsinvandringen\/","og_site_name":"Almega","article_published_time":"2020-02-20T09:57:13+00:00","og_image":[{"width":1200,"height":630,"url":"https:\/\/www.almega.se\/app\/uploads\/2020\/12\/almega-share-logo.png","type":"image\/png"}],"author":"emmaf","twitter_card":"summary_large_image","twitter_misc":{"Skriven av":"emmaf","Ber\u00e4knad l\u00e4stid":"1 minut"},"schema":{"@context":"https:\/\/schema.org","@graph":[{"@type":"NewsArticle","@id":"https:\/\/www.almega.se\/2020\/02\/olycklig-byrakratisering-av-arbetskraftsinvandringen\/#article","isPartOf":{"@id":"https:\/\/www.almega.se\/2020\/02\/olycklig-byrakratisering-av-arbetskraftsinvandringen\/"},"author":{"name":"emmaf","@id":"https:\/\/www.almega.se\/#\/schema\/person\/7dcd85c42437215aafce170ec28e2fac"},"headline":"Olycklig byr\u00e5kratisering av arbetskrafts&shy;invandringen","datePublished":"2020-02-20T09:57:13+00:00","mainEntityOfPage":{"@id":"https:\/\/www.almega.se\/2020\/02\/olycklig-byrakratisering-av-arbetskraftsinvandringen\/"},"wordCount":191,"keywords":["Arbetskraftsinvandring","Kompetensinvandring"],"articleSection":["Arbetsmarknad","Kompetensf\u00f6rs\u00f6rjning"],"inLanguage":"sv-SE"},{"@type":"WebPage","@id":"https:\/\/www.almega.se\/2020\/02\/olycklig-byrakratisering-av-arbetskraftsinvandringen\/","url":"https:\/\/www.almega.se\/2020\/02\/olycklig-byrakratisering-av-arbetskraftsinvandringen\/","name":"Olycklig byr\u00e5kratisering av arbetskraftsinvandringen | Almega","isPartOf":{"@id":"https:\/\/www.almega.se\/#website"},"datePublished":"2020-02-20T09:57:13+00:00","author":{"@id":"https:\/\/www.almega.se\/#\/schema\/person\/7dcd85c42437215aafce170ec28e2fac"},"breadcrumb":{"@id":"https:\/\/www.almega.se\/2020\/02\/olycklig-byrakratisering-av-arbetskraftsinvandringen\/#breadcrumb"},"inLanguage":"sv-SE","potentialAction":[{"@type":"ReadAction","target":["https:\/\/www.almega.se\/2020\/02\/olycklig-byrakratisering-av-arbetskraftsinvandringen\/"]}]},{"@type":"BreadcrumbList","@id":"https:\/\/www.almega.se\/2020\/02\/olycklig-byrakratisering-av-arbetskraftsinvandringen\/#breadcrumb","itemListElement":[{"@type":"ListItem","position":1,"name":"Home","item":"https:\/\/www.almega.se\/"},{"@type":"ListItem","position":2,"name":"Olycklig byr\u00e5kratisering av arbetskrafts&shy;invandringen"}]},{"@type":"WebSite","@id":"https:\/\/www.almega.se\/#website","url":"https:\/\/www.almega.se\/","name":"Almega","description":"","potentialAction":[{"@type":"SearchAction","target":{"@type":"EntryPoint","urlTemplate":"https:\/\/www.almega.se\/?s={search_term_string}"},"query-input":{"@type":"PropertyValueSpecification","valueRequired":true,"valueName":"search_term_string"}}],"inLanguage":"sv-SE"},{"@type":"Person","@id":"https:\/\/www.almega.se\/#\/schema\/person\/7dcd85c42437215aafce170ec28e2fac","name":"emmaf","image":{"@type":"ImageObject","inLanguage":"sv-SE","@id":"https:\/\/www.almega.se\/#\/schema\/person\/image\/","url":"https:\/\/secure.gravatar.com\/avatar\/7d7de2d34f664967395b2486fe4409bcc5db61c29c5fe0dfca5e5be04df31c34?s=96&d=mm&r=g","contentUrl":"https:\/\/secure.gravatar.com\/avatar\/7d7de2d34f664967395b2486fe4409bcc5db61c29c5fe0dfca5e5be04df31c34?s=96&d=mm&r=g","caption":"emmaf"},"url":"https:\/\/www.almega.se\/person\/emmaf\/"}]}},"_links":{"self":[{"href":"https:\/\/www.almega.se\/api\/wp\/v2\/posts\/28006","targetHints":{"allow":["GET"]}}],"collection":[{"href":"https:\/\/www.almega.se\/api\/wp\/v2\/posts"}],"about":[{"href":"https:\/\/www.almega.se\/api\/wp\/v2\/types\/post"}],"author":[{"embeddable":true,"href":"https:\/\/www.almega.se\/api\/wp\/v2\/users\/14827"}],"replies":[{"embeddable":true,"href":"https:\/\/www.almega.se\/api\/wp\/v2\/comments?post=28006"}],"version-history":[{"count":2,"href":"https:\/\/www.almega.se\/api\/wp\/v2\/posts\/28006\/revisions"}],"predecessor-version":[{"id":52769,"href":"https:\/\/www.almega.se\/api\/wp\/v2\/posts\/28006\/revisions\/52769"}],"wp:attachment":[{"href":"https:\/\/www.almega.se\/api\/wp\/v2\/media?parent=28006"}],"wp:term":[{"taxonomy":"category","embeddable":true,"href":"https:\/\/www.almega.se\/api\/wp\/v2\/categories?post=28006"},{"taxonomy":"post_tag","embeddable":true,"href":"https:\/\/www.almega.se\/api\/wp\/v2\/tags?post=28006"},{"taxonomy":"type","embeddable":true,"href":"https:\/\/www.almega.se\/api\/wp\/v2\/article_type?post=28006"},{"taxonomy":"agreement","embeddable":true,"href":"https:\/\/www.almega.se\/api\/wp\/v2\/agreement?post=28006"}],"curies":[{"name":"wp","href":"https:\/\/api.w.org\/{rel}","templated":true}]}}