{"id":27976,"date":"2020-02-18T10:34:15","date_gmt":"2020-02-18T09:34:15","guid":{"rendered":"https:\/\/www.almega.se\/2020\/02\/forvanande-slutsatser-fran-riksrevisionen-om-rut-avdraget%e2%80%af\/"},"modified":"2020-02-18T10:34:15","modified_gmt":"2020-02-18T09:34:15","slug":"forvanande-slutsatser-fran-riksrevisionen-om-rut-avdraget","status":"publish","type":"post","link":"https:\/\/www.almega.se\/2020\/02\/forvanande-slutsatser-fran-riksrevisionen-om-rut-avdraget\/","title":{"rendered":"F\u00f6rv\u00e5nande slutsatser fr\u00e5n Riksrevisionen om RUT-avdraget\u202f"},"content":{"rendered":"<p class=\"intro\">Idag publicerade Riksrevisionen sin granskning av RUT-avdraget. &#8221;<span data-contrast=\"auto\">Det \u00e4r bra att RUT-avdraget granskas, men det \u00e4r en stor brist att<\/span><span data-contrast=\"auto\">\u00a0Riksrevisionen<\/span><span data-contrast=\"auto\">\u00a0s\u00e4ger att\u00a0<\/span><span data-contrast=\"auto\">RUT<\/span><span data-contrast=\"auto\">-avdraget\u00a0<\/span><span data-contrast=\"auto\">inte \u00e4r sj\u00e4lvfinansierat utan att presentera n\u00e5gra <\/span><span data-contrast=\"auto\">egentliga\u00a0<\/span><span data-contrast=\"auto\">ber\u00e4kningar&#8221;, s\u00e4ger Almegas chefsekonom Patrick Joyce. <\/span><span data-contrast=\"auto\">\u00a0<\/span><\/p>\n\n<p><span data-contrast=\"auto\"><span data-ccp-parastyle=\"Normal (Web)\">&#8211; Handelns utredningsinstitut (HUI) har nyligen analyserat RUT-avdragets effekt p\u00e5 de offentliga finanserna. Analysen visade&nbsp;att n\u00e4rmare 90 procent av skattereduktionen kommer tillbaka till&nbsp;stat&nbsp;och&nbsp;kommun&nbsp;genom \u00f6kade skatteint\u00e4kter fr\u00e5n personer som arbetar i RUT-sektorn och fr\u00e5n de som k\u00f6per RUT-tj\u00e4nster, s\u00e4ger Patrick Joyce, chefekonom Almega.<\/span>&nbsp;<\/span><\/p>\n\n\n\n<p><span data-contrast=\"auto\"><span data-ccp-parastyle=\"Normal (Web)\">Riksrevisionens granskning visar ocks\u00e5 att RUT-avdraget har hj\u00e4lpt till att \u00f6ka syssels\u00e4ttningen bland b\u00e5de inrikes och utrikes f\u00f6dda med kort utbildning. Riksrevisionen v\u00e4ljer dock att lyfta fram att en andel av de utrikes f\u00f6dda som f\u00e5tt arbete \u00e4r arbetskraftsinvandrare.<\/span><\/span>&nbsp;<br>&nbsp;<br><span data-contrast=\"auto\"><span data-ccp-parastyle=\"Normal (Web)\">-Bristen p\u00e5 arbetskraft har varit rekordh\u00f6g de senaste \u00e5ren och arbetsgivare har&nbsp;<\/span><\/span><span data-contrast=\"auto\"><span data-ccp-parastyle=\"Normal (Web)\">delvis&nbsp;<\/span><\/span><span data-contrast=\"auto\"><span data-ccp-parastyle=\"Normal (Web)\">beh\u00f6vt&nbsp;<\/span><\/span><span data-contrast=\"auto\"><span data-ccp-parastyle=\"Normal (Web)\">rekrytera&nbsp;<\/span><\/span><span data-contrast=\"auto\"><span data-ccp-parastyle=\"Normal (Web)\">utomlands.&nbsp;<\/span><\/span><span data-contrast=\"auto\"><span data-ccp-parastyle=\"Normal (Web)\">D<\/span><\/span><span data-contrast=\"auto\"><span data-ccp-parastyle=\"Normal (Web)\">et beror p\u00e5 att<\/span><\/span><span data-contrast=\"auto\"><span data-ccp-parastyle=\"Normal (Web)\">&nbsp;<\/span><\/span><span data-contrast=\"auto\"><span data-ccp-parastyle=\"Normal (Web)\">Arbetsf\u00f6rmedlingen inte&nbsp;<\/span><\/span><span data-contrast=\"auto\"><span data-ccp-parastyle=\"Normal (Web)\">lyckats att matcha&nbsp;<\/span><\/span><span data-contrast=\"auto\"><span data-ccp-parastyle=\"Normal (Web)\">de<\/span><\/span><span data-contrast=\"auto\"><span data-ccp-parastyle=\"Normal (Web)\">&nbsp;flyktingar och anh\u00f6riga&nbsp;<\/span><\/span><span data-contrast=\"auto\"><span data-ccp-parastyle=\"Normal (Web)\">som finns i Sverige&nbsp;<\/span><\/span><span data-contrast=\"auto\"><span data-ccp-parastyle=\"Normal (Web)\">till de lediga jobb som finns,&nbsp;<\/span><\/span><span data-contrast=\"auto\"><span data-ccp-parastyle=\"Normal (Web)\">anser Patrick Joyce.<\/span><\/span><span data-contrast=\"auto\"><span data-ccp-parastyle=\"Normal (Web)\">&nbsp;&nbsp;<\/span><\/span><span data-contrast=\"auto\"><span data-ccp-parastyle=\"Normal (Web)\">&nbsp;<\/span><\/span><span data-ccp-props=\"{&quot;134233117&quot;:true,&quot;134233118&quot;:true,&quot;201341983&quot;:0,&quot;335559739&quot;:120,&quot;335559740&quot;:360}\">&nbsp;<\/span><\/p>\n\n\n\n<p><span data-contrast=\"auto\"><span data-ccp-parastyle=\"Normal (Web)\">&#8211; Ett viktigt m\u00e5l med RUT-avdraget var att svarta jobb skulle bli vita. En ny granskning av Skatteverket visar att hush\u00e5llens medvetna k\u00f6p av svarta tj\u00e4nster minskat med \u00f6ver 70 procent sedan RUT-avdraget\u00a0inf\u00f6rdes.\u00a0Riksrevisionen borde ha tagit st\u00f6rre h\u00e4nsyn till detta i\u00a0sin granskning, menar Patrick Joyce.<\/span>\u00a0<\/span><\/p>\n","protected":false},"excerpt":{"rendered":"<p>Idag publicerade Riksrevisionen sin granskning av RUT-avdraget.<\/p>\n","protected":false},"author":14827,"featured_media":0,"comment_status":"closed","ping_status":"closed","sticky":false,"template":"","format":"standard","meta":{"_acf_changed":false,"footnotes":""},"categories":[57],"tags":[61],"article_type":[93],"agreement":[],"class_list":["post-27976","post","type-post","status-publish","format-standard","hentry","category-skatter","tag-rut-avdrag","type-pressmeddelanden"],"acf":[],"yoast_head":"<!-- This site is optimized with the Yoast SEO Premium plugin v26.8 (Yoast SEO v26.8) - https:\/\/yoast.com\/product\/yoast-seo-premium-wordpress\/ -->\n<title>F\u00f6rv\u00e5nande slutsatser fr\u00e5n Riksrevisionen om RUT-avdraget\u202f | Almega<\/title>\n<meta name=\"robots\" content=\"index, follow, max-snippet:-1, max-image-preview:large, max-video-preview:-1\" \/>\n<link rel=\"canonical\" href=\"https:\/\/www.almega.se\/2020\/02\/forvanande-slutsatser-fran-riksrevisionen-om-rut-avdraget\/\" \/>\n<meta property=\"og:locale\" content=\"sv_SE\" \/>\n<meta property=\"og:type\" content=\"article\" \/>\n<meta property=\"og:title\" content=\"F\u00f6rv\u00e5nande slutsatser fr\u00e5n Riksrevisionen om RUT-avdraget\u202f\" \/>\n<meta property=\"og:description\" content=\"Idag publicerade Riksrevisionen sin granskning av RUT-avdraget.\" \/>\n<meta property=\"og:url\" content=\"https:\/\/www.almega.se\/2020\/02\/forvanande-slutsatser-fran-riksrevisionen-om-rut-avdraget\/\" \/>\n<meta property=\"og:site_name\" content=\"Almega\" \/>\n<meta property=\"article:published_time\" content=\"2020-02-18T09:34:15+00:00\" \/>\n<meta property=\"og:image\" content=\"https:\/\/www.almega.se\/app\/uploads\/2020\/12\/almega-share-logo.png\" \/>\n\t<meta property=\"og:image:width\" content=\"1200\" \/>\n\t<meta property=\"og:image:height\" content=\"630\" \/>\n\t<meta property=\"og:image:type\" content=\"image\/png\" \/>\n<meta name=\"author\" content=\"emmaf\" \/>\n<meta name=\"twitter:card\" content=\"summary_large_image\" \/>\n<meta name=\"twitter:label1\" content=\"Skriven av\" \/>\n\t<meta name=\"twitter:data1\" content=\"emmaf\" \/>\n\t<meta name=\"twitter:label2\" content=\"Ber\u00e4knad l\u00e4stid\" \/>\n\t<meta name=\"twitter:data2\" content=\"1 minut\" \/>\n<!-- \/ Yoast SEO Premium plugin. -->","yoast_head_json":{"title":"F\u00f6rv\u00e5nande slutsatser fr\u00e5n Riksrevisionen om RUT-avdraget\u202f | Almega","robots":{"index":"index","follow":"follow","max-snippet":"max-snippet:-1","max-image-preview":"max-image-preview:large","max-video-preview":"max-video-preview:-1"},"canonical":"https:\/\/www.almega.se\/2020\/02\/forvanande-slutsatser-fran-riksrevisionen-om-rut-avdraget\/","og_locale":"sv_SE","og_type":"article","og_title":"F\u00f6rv\u00e5nande slutsatser fr\u00e5n Riksrevisionen om RUT-avdraget\u202f","og_description":"Idag publicerade Riksrevisionen sin granskning av RUT-avdraget.","og_url":"https:\/\/www.almega.se\/2020\/02\/forvanande-slutsatser-fran-riksrevisionen-om-rut-avdraget\/","og_site_name":"Almega","article_published_time":"2020-02-18T09:34:15+00:00","og_image":[{"width":1200,"height":630,"url":"https:\/\/www.almega.se\/app\/uploads\/2020\/12\/almega-share-logo.png","type":"image\/png"}],"author":"emmaf","twitter_card":"summary_large_image","twitter_misc":{"Skriven av":"emmaf","Ber\u00e4knad l\u00e4stid":"1 minut"},"schema":{"@context":"https:\/\/schema.org","@graph":[{"@type":"NewsArticle","@id":"https:\/\/www.almega.se\/2020\/02\/forvanande-slutsatser-fran-riksrevisionen-om-rut-avdraget\/#article","isPartOf":{"@id":"https:\/\/www.almega.se\/2020\/02\/forvanande-slutsatser-fran-riksrevisionen-om-rut-avdraget\/"},"author":{"name":"emmaf","@id":"https:\/\/www.almega.se\/#\/schema\/person\/7dcd85c42437215aafce170ec28e2fac"},"headline":"F\u00f6rv\u00e5nande slutsatser fr\u00e5n Riksrevisionen om RUT-avdraget\u202f","datePublished":"2020-02-18T09:34:15+00:00","mainEntityOfPage":{"@id":"https:\/\/www.almega.se\/2020\/02\/forvanande-slutsatser-fran-riksrevisionen-om-rut-avdraget\/"},"wordCount":233,"keywords":["RUT-avdrag"],"articleSection":["Skatter"],"inLanguage":"sv-SE"},{"@type":"WebPage","@id":"https:\/\/www.almega.se\/2020\/02\/forvanande-slutsatser-fran-riksrevisionen-om-rut-avdraget\/","url":"https:\/\/www.almega.se\/2020\/02\/forvanande-slutsatser-fran-riksrevisionen-om-rut-avdraget\/","name":"F\u00f6rv\u00e5nande slutsatser fr\u00e5n Riksrevisionen om RUT-avdraget\u202f | Almega","isPartOf":{"@id":"https:\/\/www.almega.se\/#website"},"datePublished":"2020-02-18T09:34:15+00:00","author":{"@id":"https:\/\/www.almega.se\/#\/schema\/person\/7dcd85c42437215aafce170ec28e2fac"},"breadcrumb":{"@id":"https:\/\/www.almega.se\/2020\/02\/forvanande-slutsatser-fran-riksrevisionen-om-rut-avdraget\/#breadcrumb"},"inLanguage":"sv-SE","potentialAction":[{"@type":"ReadAction","target":["https:\/\/www.almega.se\/2020\/02\/forvanande-slutsatser-fran-riksrevisionen-om-rut-avdraget\/"]}]},{"@type":"BreadcrumbList","@id":"https:\/\/www.almega.se\/2020\/02\/forvanande-slutsatser-fran-riksrevisionen-om-rut-avdraget\/#breadcrumb","itemListElement":[{"@type":"ListItem","position":1,"name":"Home","item":"https:\/\/www.almega.se\/"},{"@type":"ListItem","position":2,"name":"F\u00f6rv\u00e5nande slutsatser fr\u00e5n Riksrevisionen om RUT-avdraget\u202f"}]},{"@type":"WebSite","@id":"https:\/\/www.almega.se\/#website","url":"https:\/\/www.almega.se\/","name":"Almega","description":"","potentialAction":[{"@type":"SearchAction","target":{"@type":"EntryPoint","urlTemplate":"https:\/\/www.almega.se\/?s={search_term_string}"},"query-input":{"@type":"PropertyValueSpecification","valueRequired":true,"valueName":"search_term_string"}}],"inLanguage":"sv-SE"},{"@type":"Person","@id":"https:\/\/www.almega.se\/#\/schema\/person\/7dcd85c42437215aafce170ec28e2fac","name":"emmaf","image":{"@type":"ImageObject","inLanguage":"sv-SE","@id":"https:\/\/www.almega.se\/#\/schema\/person\/image\/","url":"https:\/\/secure.gravatar.com\/avatar\/7d7de2d34f664967395b2486fe4409bcc5db61c29c5fe0dfca5e5be04df31c34?s=96&d=mm&r=g","contentUrl":"https:\/\/secure.gravatar.com\/avatar\/7d7de2d34f664967395b2486fe4409bcc5db61c29c5fe0dfca5e5be04df31c34?s=96&d=mm&r=g","caption":"emmaf"},"url":"https:\/\/www.almega.se\/person\/emmaf\/"}]}},"_links":{"self":[{"href":"https:\/\/www.almega.se\/api\/wp\/v2\/posts\/27976","targetHints":{"allow":["GET"]}}],"collection":[{"href":"https:\/\/www.almega.se\/api\/wp\/v2\/posts"}],"about":[{"href":"https:\/\/www.almega.se\/api\/wp\/v2\/types\/post"}],"author":[{"embeddable":true,"href":"https:\/\/www.almega.se\/api\/wp\/v2\/users\/14827"}],"replies":[{"embeddable":true,"href":"https:\/\/www.almega.se\/api\/wp\/v2\/comments?post=27976"}],"version-history":[{"count":5,"href":"https:\/\/www.almega.se\/api\/wp\/v2\/posts\/27976\/revisions"}],"predecessor-version":[{"id":54161,"href":"https:\/\/www.almega.se\/api\/wp\/v2\/posts\/27976\/revisions\/54161"}],"wp:attachment":[{"href":"https:\/\/www.almega.se\/api\/wp\/v2\/media?parent=27976"}],"wp:term":[{"taxonomy":"category","embeddable":true,"href":"https:\/\/www.almega.se\/api\/wp\/v2\/categories?post=27976"},{"taxonomy":"post_tag","embeddable":true,"href":"https:\/\/www.almega.se\/api\/wp\/v2\/tags?post=27976"},{"taxonomy":"type","embeddable":true,"href":"https:\/\/www.almega.se\/api\/wp\/v2\/article_type?post=27976"},{"taxonomy":"agreement","embeddable":true,"href":"https:\/\/www.almega.se\/api\/wp\/v2\/agreement?post=27976"}],"curies":[{"name":"wp","href":"https:\/\/api.w.org\/{rel}","templated":true}]}}