{"id":27964,"date":"2020-02-18T14:11:10","date_gmt":"2020-02-18T13:11:10","guid":{"rendered":"https:\/\/www.almega.se\/?p=27964"},"modified":"2020-02-18T14:11:10","modified_gmt":"2020-02-18T13:11:10","slug":"tre-argument-for-kompetensinvandring","status":"publish","type":"post","link":"https:\/\/www.almega.se\/2020\/02\/tre-argument-for-kompetensinvandring\/","title":{"rendered":"Tre argument f\u00f6r arbetskrafts&shy;invandring"},"content":{"rendered":"<p class=\"intro\">Arbetskraftsinvandringen \u00e4r bra f\u00f6r Sverige. \u00d6ppna regler f\u00f6r arbetskraftsinvandring \u00e4r viktiga f\u00f6r att Sverige ska kunna konkurrera med andra l\u00e4nder om h\u00f6gkvalificerad arbetskraften.<\/p>\n\n<p>Det \u00e4r oroande att flera politiska partier vill strama \u00e5t reglerna f\u00f6r kompetensinvandringen. D\u00e4rf\u00f6r har vi radat upp tre starka argument f\u00f6r varf\u00f6r vi b\u00f6r beh\u00e5lla de enkla \u00f6ppna regler vi har idag.<\/p>\n\n\n\n<ol class=\"wp-block-list\">\n<li><strong>Sverige \u00e4r ett litet exportberoende land utan givna konkurrensf\u00f6rdelar. <\/strong>Svenska f\u00f6retag beh\u00f6ver s\u00f6ka personal i hela v\u00e4rlden och den globala konkurrensen om talanger \u00e4r stor. Var fj\u00e4rde h\u00f6gutbildad i Sverige \u00e4r f\u00f6dd utomlands.<\/li>\n\n\n\n<li><strong>Bristen p\u00e5 kompetens \u00f6kar igen.<\/strong>&nbsp;Bristen p\u00e5 kompetens \u00e4r det st\u00f6rsta problemet f\u00f6r vart tredje tj\u00e4nstef\u00f6retag. Bland IT-specialisterna, arkitekter och tekniska konsulter \u00e4r kompetensbristen det st\u00f6rsta problemet f\u00f6r \u00f6ver h\u00e4lften av f\u00f6retagen. Bristen p\u00e5 arbetskraft \u00f6kar \u00e4ven inom andra delar av tj\u00e4nstesektorn. Det \u00e4r viktigt att f\u00f6retag kan rekrytera fr\u00e5n utlandet f\u00f6r att fylla luckor p\u00e5 arbetsplatsen.<\/li>\n\n\n\n<li><strong>Arbetskraftsinvandringen \u00e4r en bra aff\u00e4r f\u00f6r Sverige.<\/strong>&nbsp; Arbetskraftsinvandrare arbetar fr\u00e5n f\u00f6rsta dagen och stannar bara s\u00e5 l\u00e4nge de har ett arbete. De tar i princip inte emot n\u00e5gra bidrag fr\u00e5n v\u00e4lf\u00e4rdssystemet. D\u00e4remot bidrar de med 34 miljarder kronor i \u00f6kad BNP och 12 miljarder kronor i \u00f6kade skatteint\u00e4kter varje \u00e5r.<\/li>\n<\/ol>\n","protected":false},"excerpt":{"rendered":"<p>Det \u00e4r oroande att flera politiska partier vill strama \u00e5t reglerna f\u00f6r kompetensinvandringen. D\u00e4rf\u00f6r har vi radat upp tre starka argument f\u00f6r varf\u00f6r vi b\u00f6r beh\u00e5lla de enkla \u00f6ppna regler vi har idag.<\/p>\n","protected":false},"author":4371,"featured_media":27966,"comment_status":"closed","ping_status":"closed","sticky":false,"template":"","format":"standard","meta":{"_acf_changed":false,"footnotes":""},"categories":[64,419],"tags":[543,72],"article_type":[56],"agreement":[],"class_list":["post-27964","post","type-post","status-publish","format-standard","has-post-thumbnail","hentry","category-arbetsmarknad","category-kompetensforsorjning","tag-arbetskraftsinvandring","tag-kompetensinvandring","type-nyheter"],"acf":[],"yoast_head":"<!-- This site is optimized with the Yoast SEO Premium plugin v26.8 (Yoast SEO v26.8) - https:\/\/yoast.com\/product\/yoast-seo-premium-wordpress\/ -->\n<title>Tre argument f\u00f6r arbetskraftsinvandring | Almega<\/title>\n<meta name=\"robots\" content=\"index, follow, max-snippet:-1, max-image-preview:large, max-video-preview:-1\" \/>\n<link rel=\"canonical\" href=\"https:\/\/www.almega.se\/2020\/02\/tre-argument-for-kompetensinvandring\/\" \/>\n<meta property=\"og:locale\" content=\"sv_SE\" \/>\n<meta property=\"og:type\" content=\"article\" \/>\n<meta property=\"og:title\" content=\"Tre argument f\u00f6r arbetskraftsinvandring\" \/>\n<meta property=\"og:description\" content=\"Det \u00e4r oroande att flera politiska partier vill strama \u00e5t reglerna f\u00f6r kompetensinvandringen. D\u00e4rf\u00f6r har vi radat upp tre starka argument f\u00f6r varf\u00f6r vi b\u00f6r beh\u00e5lla de enkla \u00f6ppna regler vi har idag.\" \/>\n<meta property=\"og:url\" content=\"https:\/\/www.almega.se\/2020\/02\/tre-argument-for-kompetensinvandring\/\" \/>\n<meta property=\"og:site_name\" content=\"Almega\" \/>\n<meta property=\"article:published_time\" content=\"2020-02-18T13:11:10+00:00\" \/>\n<meta property=\"og:image\" content=\"https:\/\/www.almega.se\/app\/uploads\/2020\/02\/webb-1000x600-2.png\" \/>\n\t<meta property=\"og:image:width\" content=\"1000\" \/>\n\t<meta property=\"og:image:height\" content=\"600\" \/>\n\t<meta property=\"og:image:type\" content=\"image\/png\" \/>\n<meta name=\"author\" content=\"Katarina Ahlsen\" \/>\n<meta name=\"twitter:card\" content=\"summary_large_image\" \/>\n<meta name=\"twitter:label1\" content=\"Skriven av\" \/>\n\t<meta name=\"twitter:data1\" content=\"Katarina Ahlsen\" \/>\n\t<meta name=\"twitter:label2\" content=\"Ber\u00e4knad l\u00e4stid\" \/>\n\t<meta name=\"twitter:data2\" content=\"1 minut\" \/>\n<!-- \/ Yoast SEO Premium plugin. -->","yoast_head_json":{"title":"Tre argument f\u00f6r arbetskraftsinvandring | Almega","robots":{"index":"index","follow":"follow","max-snippet":"max-snippet:-1","max-image-preview":"max-image-preview:large","max-video-preview":"max-video-preview:-1"},"canonical":"https:\/\/www.almega.se\/2020\/02\/tre-argument-for-kompetensinvandring\/","og_locale":"sv_SE","og_type":"article","og_title":"Tre argument f\u00f6r arbetskraftsinvandring","og_description":"Det \u00e4r oroande att flera politiska partier vill strama \u00e5t reglerna f\u00f6r kompetensinvandringen. D\u00e4rf\u00f6r har vi radat upp tre starka argument f\u00f6r varf\u00f6r vi b\u00f6r beh\u00e5lla de enkla \u00f6ppna regler vi har idag.","og_url":"https:\/\/www.almega.se\/2020\/02\/tre-argument-for-kompetensinvandring\/","og_site_name":"Almega","article_published_time":"2020-02-18T13:11:10+00:00","og_image":[{"width":1000,"height":600,"url":"https:\/\/www.almega.se\/app\/uploads\/2020\/02\/webb-1000x600-2.png","type":"image\/png"}],"author":"Katarina Ahlsen","twitter_card":"summary_large_image","twitter_misc":{"Skriven av":"Katarina Ahlsen","Ber\u00e4knad l\u00e4stid":"1 minut"},"schema":{"@context":"https:\/\/schema.org","@graph":[{"@type":"NewsArticle","@id":"https:\/\/www.almega.se\/2020\/02\/tre-argument-for-kompetensinvandring\/#article","isPartOf":{"@id":"https:\/\/www.almega.se\/2020\/02\/tre-argument-for-kompetensinvandring\/"},"author":{"name":"Katarina Ahlsen","@id":"https:\/\/www.almega.se\/#\/schema\/person\/21bb090beed442a47a2cf1e64374f091"},"headline":"Tre argument f\u00f6r arbetskrafts&shy;invandring","datePublished":"2020-02-18T13:11:10+00:00","mainEntityOfPage":{"@id":"https:\/\/www.almega.se\/2020\/02\/tre-argument-for-kompetensinvandring\/"},"wordCount":216,"image":{"@id":"https:\/\/www.almega.se\/2020\/02\/tre-argument-for-kompetensinvandring\/#primaryimage"},"thumbnailUrl":"https:\/\/www.almega.se\/app\/uploads\/2020\/02\/webb-1000x600-2.png","keywords":["Arbetskraftsinvandring","Kompetensinvandring"],"articleSection":["Arbetsmarknad","Kompetensf\u00f6rs\u00f6rjning"],"inLanguage":"sv-SE"},{"@type":"WebPage","@id":"https:\/\/www.almega.se\/2020\/02\/tre-argument-for-kompetensinvandring\/","url":"https:\/\/www.almega.se\/2020\/02\/tre-argument-for-kompetensinvandring\/","name":"Tre argument f\u00f6r arbetskraftsinvandring | Almega","isPartOf":{"@id":"https:\/\/www.almega.se\/#website"},"primaryImageOfPage":{"@id":"https:\/\/www.almega.se\/2020\/02\/tre-argument-for-kompetensinvandring\/#primaryimage"},"image":{"@id":"https:\/\/www.almega.se\/2020\/02\/tre-argument-for-kompetensinvandring\/#primaryimage"},"thumbnailUrl":"https:\/\/www.almega.se\/app\/uploads\/2020\/02\/webb-1000x600-2.png","datePublished":"2020-02-18T13:11:10+00:00","author":{"@id":"https:\/\/www.almega.se\/#\/schema\/person\/21bb090beed442a47a2cf1e64374f091"},"breadcrumb":{"@id":"https:\/\/www.almega.se\/2020\/02\/tre-argument-for-kompetensinvandring\/#breadcrumb"},"inLanguage":"sv-SE","potentialAction":[{"@type":"ReadAction","target":["https:\/\/www.almega.se\/2020\/02\/tre-argument-for-kompetensinvandring\/"]}]},{"@type":"ImageObject","inLanguage":"sv-SE","@id":"https:\/\/www.almega.se\/2020\/02\/tre-argument-for-kompetensinvandring\/#primaryimage","url":"https:\/\/www.almega.se\/app\/uploads\/2020\/02\/webb-1000x600-2.png","contentUrl":"https:\/\/www.almega.se\/app\/uploads\/2020\/02\/webb-1000x600-2.png","width":1000,"height":600},{"@type":"BreadcrumbList","@id":"https:\/\/www.almega.se\/2020\/02\/tre-argument-for-kompetensinvandring\/#breadcrumb","itemListElement":[{"@type":"ListItem","position":1,"name":"Home","item":"https:\/\/www.almega.se\/"},{"@type":"ListItem","position":2,"name":"Tre argument f\u00f6r arbetskrafts&shy;invandring"}]},{"@type":"WebSite","@id":"https:\/\/www.almega.se\/#website","url":"https:\/\/www.almega.se\/","name":"Almega","description":"","potentialAction":[{"@type":"SearchAction","target":{"@type":"EntryPoint","urlTemplate":"https:\/\/www.almega.se\/?s={search_term_string}"},"query-input":{"@type":"PropertyValueSpecification","valueRequired":true,"valueName":"search_term_string"}}],"inLanguage":"sv-SE"},{"@type":"Person","@id":"https:\/\/www.almega.se\/#\/schema\/person\/21bb090beed442a47a2cf1e64374f091","name":"Katarina Ahlsen","image":{"@type":"ImageObject","inLanguage":"sv-SE","@id":"https:\/\/www.almega.se\/#\/schema\/person\/image\/","url":"https:\/\/secure.gravatar.com\/avatar\/08acb5974fe161bc44fe8e62ec32e85c446ac625c171f9a7eb9f4941b883d3d9?s=96&d=mm&r=g","contentUrl":"https:\/\/secure.gravatar.com\/avatar\/08acb5974fe161bc44fe8e62ec32e85c446ac625c171f9a7eb9f4941b883d3d9?s=96&d=mm&r=g","caption":"Katarina Ahlsen"},"url":"https:\/\/www.almega.se\/person\/katarinaahlsen\/"}]}},"_links":{"self":[{"href":"https:\/\/www.almega.se\/api\/wp\/v2\/posts\/27964","targetHints":{"allow":["GET"]}}],"collection":[{"href":"https:\/\/www.almega.se\/api\/wp\/v2\/posts"}],"about":[{"href":"https:\/\/www.almega.se\/api\/wp\/v2\/types\/post"}],"author":[{"embeddable":true,"href":"https:\/\/www.almega.se\/api\/wp\/v2\/users\/4371"}],"replies":[{"embeddable":true,"href":"https:\/\/www.almega.se\/api\/wp\/v2\/comments?post=27964"}],"version-history":[{"count":4,"href":"https:\/\/www.almega.se\/api\/wp\/v2\/posts\/27964\/revisions"}],"predecessor-version":[{"id":52767,"href":"https:\/\/www.almega.se\/api\/wp\/v2\/posts\/27964\/revisions\/52767"}],"wp:featuredmedia":[{"embeddable":true,"href":"https:\/\/www.almega.se\/api\/wp\/v2\/media\/27966"}],"wp:attachment":[{"href":"https:\/\/www.almega.se\/api\/wp\/v2\/media?parent=27964"}],"wp:term":[{"taxonomy":"category","embeddable":true,"href":"https:\/\/www.almega.se\/api\/wp\/v2\/categories?post=27964"},{"taxonomy":"post_tag","embeddable":true,"href":"https:\/\/www.almega.se\/api\/wp\/v2\/tags?post=27964"},{"taxonomy":"type","embeddable":true,"href":"https:\/\/www.almega.se\/api\/wp\/v2\/article_type?post=27964"},{"taxonomy":"agreement","embeddable":true,"href":"https:\/\/www.almega.se\/api\/wp\/v2\/agreement?post=27964"}],"curies":[{"name":"wp","href":"https:\/\/api.w.org\/{rel}","templated":true}]}}