{"id":27448,"date":"2020-02-10T09:17:32","date_gmt":"2020-02-10T08:17:32","guid":{"rendered":"https:\/\/www.almega.se\/?p=27448"},"modified":"2020-02-10T09:17:32","modified_gmt":"2020-02-10T08:17:32","slug":"storm-eller-ovader-nar-anstallda-inte-kan-ta-sig-till-jobbet","status":"publish","type":"post","link":"https:\/\/www.almega.se\/2020\/02\/storm-eller-ovader-nar-anstallda-inte-kan-ta-sig-till-jobbet\/","title":{"rendered":"Storm eller ov\u00e4der \u2013 n\u00e4r anst\u00e4llda inte kan ta sig till jobbet"},"content":{"rendered":"<p class=\"intro\">Vad h\u00e4nder om arbetstagarna inte kan ta sig till jobbet p\u00e5 grund av ov\u00e4der eller storm? Har anst\u00e4llda fortfarande r\u00e4tt till l\u00f6n d\u00e5?<\/p>\n\n<p>N\u00e4r regnet \u00f6ser ned och vindarna bl\u00e5ser s\u00e5 h\u00e5rda att det \u00e4r sv\u00e5rt att ta sig utanf\u00f6r d\u00f6rren, kollektivtrafiken slutar att fungera eller n\u00e4r det g\u00e5r ut varning om att inte ge sig ut p\u00e5 v\u00e4garna \u00e4r det inte alltid l\u00e4tt att ta sig till jobbet. Men vad h\u00e4nder d\u00e5 med l\u00f6nen?<\/p>\n\n\n\n<p><a href=\"https:\/\/www.almega.se\/2017\/11\/snokaos-och-insnoad-far-jag-lon-anda\/\">L\u00e4s ocks\u00e5: Sn\u00f6storm och insn\u00f6ad \u2013 f\u00e5r jag l\u00f6n \u00e4nd\u00e5?<\/a><\/p>\n\n\n\n<p>Huvudregeln \u00e4r att l\u00f6n ges f\u00f6r den tid som anst\u00e4llda arbetar. \u00c4r en anst\u00e4lld f\u00f6rhindrad att ta sig till arbetet p\u00e5 grund av storm, ov\u00e4der, strejk i kollektivtrafiken eller n\u00e5gon annan omst\u00e4ndighet som inte beror p\u00e5 arbetsgivaren har du som arbetsgivaren normalt r\u00e4tt att g\u00f6ra tj\u00e4nstledighetsavdrag f\u00f6r fr\u00e5nvaron.<\/p>\n\n\n\n<p>Om skolan skulle st\u00e4nga, och barnen \u00e4r s\u00e5 pass sm\u00e5 att de inte kan stanna hemma utan f\u00f6r\u00e4ldraomsorg, \u00e4r det kommunens ansvar att hitta en alternativ plats d\u00e4r barnen kan vistas. Stannar man som anst\u00e4lld \u00e4nd\u00e5 hemma har arbetsgivaren inga skyldigheter att betala ut l\u00f6n eftersom arbetstagaren inte arbetar den dagen.<\/p>\n\n\n\n<p>Dialogen mellan arbetstagare och arbetsgivare \u00e4r som alltid v\u00e4ldigt viktig, och kanske hittar ni en l\u00f6sning som fungerar f\u00f6r b\u00e5da parter. I vissa fall kanske det g\u00e5r att bevilja en ledighetsans\u00f6kan i sista sekunden till exempel, men huvudregeln \u00e4r att all ledighet ska vara planerad.<\/p>\n\n\n\n<p><strong>Du som medlem hittar mer information om tj\u00e4nstledighet i&nbsp;<a href=\"https:\/\/medlem.arbetsgivarguiden.se\/\" target=\"_blank\" rel=\"noopener noreferrer\">Arbetsgivarguiden<\/a>.<\/strong><\/p>\n\n\n\n<p><em>Arbetsgivarguiden&nbsp;\u00e4r Almegas kunskapsbank p\u00e5 webben, som ing\u00e5r i medlemskapet f\u00f6r medlemmar. D\u00e4r f\u00e5r du juridisk r\u00e5dgivning och snabb och aktuell information om ditt eller dina kollektivavtal \u2013 dygnet runt.<\/em><\/p>\n","protected":false},"excerpt":{"rendered":"<p>N\u00e4r regnet \u00f6ser ned och vindarna bl\u00e5ser s\u00e5 h\u00e5rda att det \u00e4r sv\u00e5rt att ta sig utanf\u00f6r d\u00f6rren, kollektivtrafiken slutar att fungera eller n\u00e4r det g\u00e5r ut varning om att inte ge sig ut p\u00e5 &hellip;<\/p>\n","protected":false},"author":3,"featured_media":48960,"comment_status":"closed","ping_status":"closed","sticky":false,"template":"","format":"standard","meta":{"_acf_changed":false,"footnotes":""},"categories":[451],"tags":[609,58],"article_type":[55],"agreement":[],"class_list":["post-27448","post","type-post","status-publish","format-standard","has-post-thumbnail","hentry","category-arbetsgivarfragor","tag-anstallning","tag-lon","type-artiklar"],"acf":[],"yoast_head":"<!-- This site is optimized with the Yoast SEO Premium plugin v26.8 (Yoast SEO v26.8) - https:\/\/yoast.com\/product\/yoast-seo-premium-wordpress\/ -->\n<title>Storm eller ov\u00e4der \u2013 n\u00e4r anst\u00e4llda inte kan ta sig till jobbet | Almega<\/title>\n<meta name=\"robots\" content=\"index, follow, max-snippet:-1, max-image-preview:large, max-video-preview:-1\" \/>\n<link rel=\"canonical\" href=\"https:\/\/www.almega.se\/2020\/02\/storm-eller-ovader-nar-anstallda-inte-kan-ta-sig-till-jobbet\/\" \/>\n<meta property=\"og:locale\" content=\"sv_SE\" \/>\n<meta property=\"og:type\" content=\"article\" \/>\n<meta property=\"og:title\" content=\"Storm eller ov\u00e4der \u2013 n\u00e4r anst\u00e4llda inte kan ta sig till jobbet\" \/>\n<meta property=\"og:description\" content=\"N\u00e4r regnet \u00f6ser ned och vindarna bl\u00e5ser s\u00e5 h\u00e5rda att det \u00e4r sv\u00e5rt att ta sig utanf\u00f6r d\u00f6rren, kollektivtrafiken slutar att fungera eller n\u00e4r det g\u00e5r ut varning om att inte ge sig ut p\u00e5 &hellip;\" \/>\n<meta property=\"og:url\" content=\"https:\/\/www.almega.se\/2020\/02\/storm-eller-ovader-nar-anstallda-inte-kan-ta-sig-till-jobbet\/\" \/>\n<meta property=\"og:site_name\" content=\"Almega\" \/>\n<meta property=\"article:published_time\" content=\"2020-02-10T08:17:32+00:00\" \/>\n<meta property=\"og:image\" content=\"https:\/\/www.almega.se\/app\/uploads\/2020\/02\/gettyimages-200398499-001-scaled.jpg\" \/>\n\t<meta property=\"og:image:width\" content=\"2560\" \/>\n\t<meta property=\"og:image:height\" content=\"1921\" \/>\n\t<meta property=\"og:image:type\" content=\"image\/jpeg\" \/>\n<meta name=\"author\" content=\"Julia Schwamberg\" \/>\n<meta name=\"twitter:card\" content=\"summary_large_image\" \/>\n<meta name=\"twitter:label1\" content=\"Skriven av\" \/>\n\t<meta name=\"twitter:data1\" content=\"Julia Schwamberg\" \/>\n\t<meta name=\"twitter:label2\" content=\"Ber\u00e4knad l\u00e4stid\" \/>\n\t<meta name=\"twitter:data2\" content=\"2 minuter\" \/>\n<!-- \/ Yoast SEO Premium plugin. -->","yoast_head_json":{"title":"Storm eller ov\u00e4der \u2013 n\u00e4r anst\u00e4llda inte kan ta sig till jobbet | Almega","robots":{"index":"index","follow":"follow","max-snippet":"max-snippet:-1","max-image-preview":"max-image-preview:large","max-video-preview":"max-video-preview:-1"},"canonical":"https:\/\/www.almega.se\/2020\/02\/storm-eller-ovader-nar-anstallda-inte-kan-ta-sig-till-jobbet\/","og_locale":"sv_SE","og_type":"article","og_title":"Storm eller ov\u00e4der \u2013 n\u00e4r anst\u00e4llda inte kan ta sig till jobbet","og_description":"N\u00e4r regnet \u00f6ser ned och vindarna bl\u00e5ser s\u00e5 h\u00e5rda att det \u00e4r sv\u00e5rt att ta sig utanf\u00f6r d\u00f6rren, kollektivtrafiken slutar att fungera eller n\u00e4r det g\u00e5r ut varning om att inte ge sig ut p\u00e5 &hellip;","og_url":"https:\/\/www.almega.se\/2020\/02\/storm-eller-ovader-nar-anstallda-inte-kan-ta-sig-till-jobbet\/","og_site_name":"Almega","article_published_time":"2020-02-10T08:17:32+00:00","og_image":[{"width":2560,"height":1921,"url":"https:\/\/www.almega.se\/app\/uploads\/2020\/02\/gettyimages-200398499-001-scaled.jpg","type":"image\/jpeg"}],"author":"Julia Schwamberg","twitter_card":"summary_large_image","twitter_misc":{"Skriven av":"Julia Schwamberg","Ber\u00e4knad l\u00e4stid":"2 minuter"},"schema":{"@context":"https:\/\/schema.org","@graph":[{"@type":"NewsArticle","@id":"https:\/\/www.almega.se\/2020\/02\/storm-eller-ovader-nar-anstallda-inte-kan-ta-sig-till-jobbet\/#article","isPartOf":{"@id":"https:\/\/www.almega.se\/2020\/02\/storm-eller-ovader-nar-anstallda-inte-kan-ta-sig-till-jobbet\/"},"author":{"name":"Julia Schwamberg","@id":"https:\/\/www.almega.se\/#\/schema\/person\/efcc735e9c1ba0f9de79e69dc5be5f8a"},"headline":"Storm eller ov\u00e4der \u2013 n\u00e4r anst\u00e4llda inte kan ta sig till jobbet","datePublished":"2020-02-10T08:17:32+00:00","mainEntityOfPage":{"@id":"https:\/\/www.almega.se\/2020\/02\/storm-eller-ovader-nar-anstallda-inte-kan-ta-sig-till-jobbet\/"},"wordCount":308,"image":{"@id":"https:\/\/www.almega.se\/2020\/02\/storm-eller-ovader-nar-anstallda-inte-kan-ta-sig-till-jobbet\/#primaryimage"},"thumbnailUrl":"https:\/\/www.almega.se\/app\/uploads\/2020\/02\/gettyimages-200398499-001-scaled.jpg","keywords":["Anst\u00e4llning","L\u00f6n"],"articleSection":["Arbetsgivarfr\u00e5gor"],"inLanguage":"sv-SE"},{"@type":"WebPage","@id":"https:\/\/www.almega.se\/2020\/02\/storm-eller-ovader-nar-anstallda-inte-kan-ta-sig-till-jobbet\/","url":"https:\/\/www.almega.se\/2020\/02\/storm-eller-ovader-nar-anstallda-inte-kan-ta-sig-till-jobbet\/","name":"Storm eller ov\u00e4der \u2013 n\u00e4r anst\u00e4llda inte kan ta sig till jobbet | Almega","isPartOf":{"@id":"https:\/\/www.almega.se\/#website"},"primaryImageOfPage":{"@id":"https:\/\/www.almega.se\/2020\/02\/storm-eller-ovader-nar-anstallda-inte-kan-ta-sig-till-jobbet\/#primaryimage"},"image":{"@id":"https:\/\/www.almega.se\/2020\/02\/storm-eller-ovader-nar-anstallda-inte-kan-ta-sig-till-jobbet\/#primaryimage"},"thumbnailUrl":"https:\/\/www.almega.se\/app\/uploads\/2020\/02\/gettyimages-200398499-001-scaled.jpg","datePublished":"2020-02-10T08:17:32+00:00","author":{"@id":"https:\/\/www.almega.se\/#\/schema\/person\/efcc735e9c1ba0f9de79e69dc5be5f8a"},"breadcrumb":{"@id":"https:\/\/www.almega.se\/2020\/02\/storm-eller-ovader-nar-anstallda-inte-kan-ta-sig-till-jobbet\/#breadcrumb"},"inLanguage":"sv-SE","potentialAction":[{"@type":"ReadAction","target":["https:\/\/www.almega.se\/2020\/02\/storm-eller-ovader-nar-anstallda-inte-kan-ta-sig-till-jobbet\/"]}]},{"@type":"ImageObject","inLanguage":"sv-SE","@id":"https:\/\/www.almega.se\/2020\/02\/storm-eller-ovader-nar-anstallda-inte-kan-ta-sig-till-jobbet\/#primaryimage","url":"https:\/\/www.almega.se\/app\/uploads\/2020\/02\/gettyimages-200398499-001-scaled.jpg","contentUrl":"https:\/\/www.almega.se\/app\/uploads\/2020\/02\/gettyimages-200398499-001-scaled.jpg","width":2560,"height":1921},{"@type":"BreadcrumbList","@id":"https:\/\/www.almega.se\/2020\/02\/storm-eller-ovader-nar-anstallda-inte-kan-ta-sig-till-jobbet\/#breadcrumb","itemListElement":[{"@type":"ListItem","position":1,"name":"Home","item":"https:\/\/www.almega.se\/"},{"@type":"ListItem","position":2,"name":"Storm eller ov\u00e4der \u2013 n\u00e4r anst\u00e4llda inte kan ta sig till jobbet"}]},{"@type":"WebSite","@id":"https:\/\/www.almega.se\/#website","url":"https:\/\/www.almega.se\/","name":"Almega","description":"","potentialAction":[{"@type":"SearchAction","target":{"@type":"EntryPoint","urlTemplate":"https:\/\/www.almega.se\/?s={search_term_string}"},"query-input":{"@type":"PropertyValueSpecification","valueRequired":true,"valueName":"search_term_string"}}],"inLanguage":"sv-SE"},{"@type":"Person","@id":"https:\/\/www.almega.se\/#\/schema\/person\/efcc735e9c1ba0f9de79e69dc5be5f8a","name":"Julia Schwamberg","image":{"@type":"ImageObject","inLanguage":"sv-SE","@id":"https:\/\/www.almega.se\/#\/schema\/person\/image\/","url":"https:\/\/secure.gravatar.com\/avatar\/60ee7d8b8e9aa9b036f4768c0d2e868d8f080bcf68689c0f64ab3b87b1c2f78b?s=96&d=mm&r=g","contentUrl":"https:\/\/secure.gravatar.com\/avatar\/60ee7d8b8e9aa9b036f4768c0d2e868d8f080bcf68689c0f64ab3b87b1c2f78b?s=96&d=mm&r=g","caption":"Julia Schwamberg"},"url":"https:\/\/www.almega.se\/person\/juliaschwamberg\/"}]}},"_links":{"self":[{"href":"https:\/\/www.almega.se\/api\/wp\/v2\/posts\/27448","targetHints":{"allow":["GET"]}}],"collection":[{"href":"https:\/\/www.almega.se\/api\/wp\/v2\/posts"}],"about":[{"href":"https:\/\/www.almega.se\/api\/wp\/v2\/types\/post"}],"author":[{"embeddable":true,"href":"https:\/\/www.almega.se\/api\/wp\/v2\/users\/3"}],"replies":[{"embeddable":true,"href":"https:\/\/www.almega.se\/api\/wp\/v2\/comments?post=27448"}],"version-history":[{"count":2,"href":"https:\/\/www.almega.se\/api\/wp\/v2\/posts\/27448\/revisions"}],"predecessor-version":[{"id":52733,"href":"https:\/\/www.almega.se\/api\/wp\/v2\/posts\/27448\/revisions\/52733"}],"wp:featuredmedia":[{"embeddable":true,"href":"https:\/\/www.almega.se\/api\/wp\/v2\/media\/48960"}],"wp:attachment":[{"href":"https:\/\/www.almega.se\/api\/wp\/v2\/media?parent=27448"}],"wp:term":[{"taxonomy":"category","embeddable":true,"href":"https:\/\/www.almega.se\/api\/wp\/v2\/categories?post=27448"},{"taxonomy":"post_tag","embeddable":true,"href":"https:\/\/www.almega.se\/api\/wp\/v2\/tags?post=27448"},{"taxonomy":"type","embeddable":true,"href":"https:\/\/www.almega.se\/api\/wp\/v2\/article_type?post=27448"},{"taxonomy":"agreement","embeddable":true,"href":"https:\/\/www.almega.se\/api\/wp\/v2\/agreement?post=27448"}],"curies":[{"name":"wp","href":"https:\/\/api.w.org\/{rel}","templated":true}]}}