{"id":27446,"date":"2020-02-07T16:16:20","date_gmt":"2020-02-07T15:16:20","guid":{"rendered":"https:\/\/www.almega.se\/2020\/02\/illavarslande-fran-kd-om-kompetensinvandring-2\/"},"modified":"2020-02-07T16:16:20","modified_gmt":"2020-02-07T15:16:20","slug":"illavarslande-fran-kd-om-kompetensinvandring-2","status":"publish","type":"post","link":"https:\/\/www.almega.se\/2020\/02\/illavarslande-fran-kd-om-kompetensinvandring-2\/","title":{"rendered":"Illavarslande fr\u00e5n KD om kompetens&shy;invandring"},"content":{"rendered":"<p class=\"intro\">Kristdemokraternas partistyrelse deklarerar nu att de vill \u00e5terinf\u00f6ra en form av arbetsmarknadspr\u00f6vning vid kompetensinvandring.<\/p>\n\n<p>&#8211; Tj\u00e4nstef\u00f6retagen \u00e4r mycket oroade \u00f6ver Kristdemokraternas uttalande idag om att de vill \u00f6verl\u00e5ta till en myndighet att avg\u00f6ra om f\u00f6retag ska kunna rekrytera kompetens fr\u00e5n tredje land. Att \u00e5terinf\u00f6ra den gamla byr\u00e5kratiska arbetsmarknadspr\u00f6vningen skulle f\u00f6rsena och f\u00f6rsv\u00e5ra m\u00f6jligheten att rekrytera i m\u00e5nga yrken. Kompetensbristen \u00e4r fortsatt stor i Sverige och vi beh\u00f6ver regler som underl\u00e4ttar rekryteringen av kompetens i alla yrken, inte f\u00f6rsv\u00e5rar den, s\u00e4ger Andreas \u00c5str\u00f6m, n\u00e4ringspolitisk chef p\u00e5 Almega.<\/p>\n\n\n\n<p>&#8211; Hela 85 procent av arbetstillst\u00e5nden 2018 beviljades till yrken d\u00e4r det var brist p\u00e5 arbetskraft. Om den gamla arbetsmarknadspr\u00f6vningen \u00e5teruppst\u00e5r s\u00e5 \u00e4r risken \u00f6verh\u00e4ngande att den viktiga reformen om kompetensinvandring g\u00e5r i graven. Ist\u00e4llet f\u00f6r kompetensinvandring riskerar vi d\u00e5 att f\u00e5 f\u00f6retagsutvandring, s\u00e4ger Andreas \u00c5str\u00f6m, n\u00e4ringspolitisk chef p\u00e5 Almega.<\/p>\n\n\n\n<p>&#8211; Kompetensinvandringen \u00e4r inte fri idag utan arbetstillst\u00e5nd beviljas bara om personen har ett erbjudet arbete till en avtalsenlig l\u00f6n. Om oseri\u00f6sa arbetsgivare bryter mot reglerna ska det bek\u00e4mpas genom kontroller av ansvariga myndigheter, avslutar Andreas \u00c5str\u00f6m.<\/p>\n","protected":false},"excerpt":{"rendered":"<p>Kristdemokraternas partistyrelse deklarerar nu att de vill \u00e5terinf\u00f6ra en form av arbetsmarknadspr\u00f6vning vid kompetensinvandring.<\/p>\n","protected":false},"author":14827,"featured_media":0,"comment_status":"closed","ping_status":"closed","sticky":false,"template":"","format":"standard","meta":{"_acf_changed":false,"footnotes":""},"categories":[64],"tags":[72],"article_type":[93],"agreement":[],"class_list":["post-27446","post","type-post","status-publish","format-standard","hentry","category-arbetsmarknad","tag-kompetensinvandring","type-pressmeddelanden"],"acf":[],"yoast_head":"<!-- This site is optimized with the Yoast SEO Premium plugin v26.8 (Yoast SEO v26.8) - https:\/\/yoast.com\/product\/yoast-seo-premium-wordpress\/ -->\n<title>Illavarslande fr\u00e5n KD om kompetensinvandring | Almega<\/title>\n<meta name=\"robots\" content=\"index, follow, max-snippet:-1, max-image-preview:large, max-video-preview:-1\" \/>\n<link rel=\"canonical\" href=\"https:\/\/www.almega.se\/2020\/02\/illavarslande-fran-kd-om-kompetensinvandring-2\/\" \/>\n<meta property=\"og:locale\" content=\"sv_SE\" \/>\n<meta property=\"og:type\" content=\"article\" \/>\n<meta property=\"og:title\" content=\"Illavarslande fr\u00e5n KD om kompetensinvandring\" \/>\n<meta property=\"og:description\" content=\"Kristdemokraternas partistyrelse deklarerar nu att de vill \u00e5terinf\u00f6ra en form av arbetsmarknadspr\u00f6vning vid kompetensinvandring.\" \/>\n<meta property=\"og:url\" content=\"https:\/\/www.almega.se\/2020\/02\/illavarslande-fran-kd-om-kompetensinvandring-2\/\" \/>\n<meta property=\"og:site_name\" content=\"Almega\" \/>\n<meta property=\"article:published_time\" content=\"2020-02-07T15:16:20+00:00\" \/>\n<meta property=\"og:image\" content=\"https:\/\/www.almega.se\/app\/uploads\/2020\/12\/almega-share-logo.png\" \/>\n\t<meta property=\"og:image:width\" content=\"1200\" \/>\n\t<meta property=\"og:image:height\" content=\"630\" \/>\n\t<meta property=\"og:image:type\" content=\"image\/png\" \/>\n<meta name=\"author\" content=\"emmaf\" \/>\n<meta name=\"twitter:card\" content=\"summary_large_image\" \/>\n<meta name=\"twitter:label1\" content=\"Skriven av\" \/>\n\t<meta name=\"twitter:data1\" content=\"emmaf\" \/>\n\t<meta name=\"twitter:label2\" content=\"Ber\u00e4knad l\u00e4stid\" \/>\n\t<meta name=\"twitter:data2\" content=\"1 minut\" \/>\n<!-- \/ Yoast SEO Premium plugin. -->","yoast_head_json":{"title":"Illavarslande fr\u00e5n KD om kompetensinvandring | Almega","robots":{"index":"index","follow":"follow","max-snippet":"max-snippet:-1","max-image-preview":"max-image-preview:large","max-video-preview":"max-video-preview:-1"},"canonical":"https:\/\/www.almega.se\/2020\/02\/illavarslande-fran-kd-om-kompetensinvandring-2\/","og_locale":"sv_SE","og_type":"article","og_title":"Illavarslande fr\u00e5n KD om kompetensinvandring","og_description":"Kristdemokraternas partistyrelse deklarerar nu att de vill \u00e5terinf\u00f6ra en form av arbetsmarknadspr\u00f6vning vid kompetensinvandring.","og_url":"https:\/\/www.almega.se\/2020\/02\/illavarslande-fran-kd-om-kompetensinvandring-2\/","og_site_name":"Almega","article_published_time":"2020-02-07T15:16:20+00:00","og_image":[{"width":1200,"height":630,"url":"https:\/\/www.almega.se\/app\/uploads\/2020\/12\/almega-share-logo.png","type":"image\/png"}],"author":"emmaf","twitter_card":"summary_large_image","twitter_misc":{"Skriven av":"emmaf","Ber\u00e4knad l\u00e4stid":"1 minut"},"schema":{"@context":"https:\/\/schema.org","@graph":[{"@type":"NewsArticle","@id":"https:\/\/www.almega.se\/2020\/02\/illavarslande-fran-kd-om-kompetensinvandring-2\/#article","isPartOf":{"@id":"https:\/\/www.almega.se\/2020\/02\/illavarslande-fran-kd-om-kompetensinvandring-2\/"},"author":{"name":"emmaf","@id":"https:\/\/www.almega.se\/#\/schema\/person\/7dcd85c42437215aafce170ec28e2fac"},"headline":"Illavarslande fr\u00e5n KD om kompetens&shy;invandring","datePublished":"2020-02-07T15:16:20+00:00","mainEntityOfPage":{"@id":"https:\/\/www.almega.se\/2020\/02\/illavarslande-fran-kd-om-kompetensinvandring-2\/"},"wordCount":201,"keywords":["Kompetensinvandring"],"articleSection":["Arbetsmarknad"],"inLanguage":"sv-SE"},{"@type":"WebPage","@id":"https:\/\/www.almega.se\/2020\/02\/illavarslande-fran-kd-om-kompetensinvandring-2\/","url":"https:\/\/www.almega.se\/2020\/02\/illavarslande-fran-kd-om-kompetensinvandring-2\/","name":"Illavarslande fr\u00e5n KD om kompetensinvandring | Almega","isPartOf":{"@id":"https:\/\/www.almega.se\/#website"},"datePublished":"2020-02-07T15:16:20+00:00","author":{"@id":"https:\/\/www.almega.se\/#\/schema\/person\/7dcd85c42437215aafce170ec28e2fac"},"breadcrumb":{"@id":"https:\/\/www.almega.se\/2020\/02\/illavarslande-fran-kd-om-kompetensinvandring-2\/#breadcrumb"},"inLanguage":"sv-SE","potentialAction":[{"@type":"ReadAction","target":["https:\/\/www.almega.se\/2020\/02\/illavarslande-fran-kd-om-kompetensinvandring-2\/"]}]},{"@type":"BreadcrumbList","@id":"https:\/\/www.almega.se\/2020\/02\/illavarslande-fran-kd-om-kompetensinvandring-2\/#breadcrumb","itemListElement":[{"@type":"ListItem","position":1,"name":"Home","item":"https:\/\/www.almega.se\/"},{"@type":"ListItem","position":2,"name":"Illavarslande fr\u00e5n KD om kompetens&shy;invandring"}]},{"@type":"WebSite","@id":"https:\/\/www.almega.se\/#website","url":"https:\/\/www.almega.se\/","name":"Almega","description":"","potentialAction":[{"@type":"SearchAction","target":{"@type":"EntryPoint","urlTemplate":"https:\/\/www.almega.se\/?s={search_term_string}"},"query-input":{"@type":"PropertyValueSpecification","valueRequired":true,"valueName":"search_term_string"}}],"inLanguage":"sv-SE"},{"@type":"Person","@id":"https:\/\/www.almega.se\/#\/schema\/person\/7dcd85c42437215aafce170ec28e2fac","name":"emmaf","image":{"@type":"ImageObject","inLanguage":"sv-SE","@id":"https:\/\/www.almega.se\/#\/schema\/person\/image\/","url":"https:\/\/secure.gravatar.com\/avatar\/7d7de2d34f664967395b2486fe4409bcc5db61c29c5fe0dfca5e5be04df31c34?s=96&d=mm&r=g","contentUrl":"https:\/\/secure.gravatar.com\/avatar\/7d7de2d34f664967395b2486fe4409bcc5db61c29c5fe0dfca5e5be04df31c34?s=96&d=mm&r=g","caption":"emmaf"},"url":"https:\/\/www.almega.se\/person\/emmaf\/"}]}},"_links":{"self":[{"href":"https:\/\/www.almega.se\/api\/wp\/v2\/posts\/27446","targetHints":{"allow":["GET"]}}],"collection":[{"href":"https:\/\/www.almega.se\/api\/wp\/v2\/posts"}],"about":[{"href":"https:\/\/www.almega.se\/api\/wp\/v2\/types\/post"}],"author":[{"embeddable":true,"href":"https:\/\/www.almega.se\/api\/wp\/v2\/users\/14827"}],"replies":[{"embeddable":true,"href":"https:\/\/www.almega.se\/api\/wp\/v2\/comments?post=27446"}],"version-history":[{"count":2,"href":"https:\/\/www.almega.se\/api\/wp\/v2\/posts\/27446\/revisions"}],"predecessor-version":[{"id":52720,"href":"https:\/\/www.almega.se\/api\/wp\/v2\/posts\/27446\/revisions\/52720"}],"wp:attachment":[{"href":"https:\/\/www.almega.se\/api\/wp\/v2\/media?parent=27446"}],"wp:term":[{"taxonomy":"category","embeddable":true,"href":"https:\/\/www.almega.se\/api\/wp\/v2\/categories?post=27446"},{"taxonomy":"post_tag","embeddable":true,"href":"https:\/\/www.almega.se\/api\/wp\/v2\/tags?post=27446"},{"taxonomy":"type","embeddable":true,"href":"https:\/\/www.almega.se\/api\/wp\/v2\/article_type?post=27446"},{"taxonomy":"agreement","embeddable":true,"href":"https:\/\/www.almega.se\/api\/wp\/v2\/agreement?post=27446"}],"curies":[{"name":"wp","href":"https:\/\/api.w.org\/{rel}","templated":true}]}}