{"id":27430,"date":"2020-02-06T13:53:39","date_gmt":"2020-02-06T12:53:39","guid":{"rendered":"https:\/\/www.almega.se\/?p=27430"},"modified":"2020-02-06T13:53:39","modified_gmt":"2020-02-06T12:53:39","slug":"ratt-till-ledig-dag-om-nationaldagen-infaller-pa-helg","status":"publish","type":"post","link":"https:\/\/www.almega.se\/2020\/02\/ratt-till-ledig-dag-om-nationaldagen-infaller-pa-helg\/","title":{"rendered":"R\u00e4tt till ledig dag om national&shy;dagen infaller p\u00e5 helg?"},"content":{"rendered":"<p class=\"intro\">Varje \u00e5r infaller Sveriges nationaldag den 6 juni. Men n\u00e5got som \u00e4r lite ovanligare \u00e4r att nationaldagen i \u00e5r, 2020, intr\u00e4ffar p\u00e5 en l\u00f6rdag. F\u00f6r medarbetare p\u00e5 vissa f\u00f6retag kan det h\u00e4r inneb\u00e4ra r\u00e4tt till en annan ledig dag.<\/p>\n\n<p>Ledighet annan dag de \u00e5r som nationaldagen infaller p\u00e5 en l\u00f6rdag eller s\u00f6ndag regleras i kollektivavtalen. Det betyder att beroende p\u00e5 vilket kollektivavtal anst\u00e4llda g\u00e5r under kan medarbetarna ha r\u00e4tt till en annan ledig dag utan l\u00f6neavdrag (permission) d\u00e5 Nationaldagen infaller p\u00e5 en l\u00f6rdag eller s\u00f6ndag. I de kollektivavtal som Almega tillhandah\u00e5ller finns det olika l\u00f6sningar beroende p\u00e5 avtal.<\/p>\n\n\n\n<p><strong>L\u00e4s ocks\u00e5: <\/strong><a href=\"https:\/\/www.almega.se\/2020\/05\/vad-som-galler-kring-korttidsarbete-och-semester\/\">Korttidspermitterad och r\u00f6d dag&nbsp;infaller under ett veckoslut.<\/a><\/p>\n\n\n\n<p>Som medlem kan du l\u00e4sa mer om vad som g\u00e4ller f\u00f6r just ditt kollektivavtal i <a href=\"http:\/\/www.arbetsgivarguiden.se\">Arbetsgivarguiden<\/a>.<\/p>\n","protected":false},"excerpt":{"rendered":"<p>Ledighet annan dag de \u00e5r som nationaldagen infaller p\u00e5 en l\u00f6rdag eller s\u00f6ndag regleras i kollektivavtalen. Det betyder att beroende p\u00e5 vilket kollektivavtal anst\u00e4llda g\u00e5r under kan medarbetarna ha r\u00e4tt till en annan ledig dag &hellip;<\/p>\n","protected":false},"author":4371,"featured_media":27431,"comment_status":"closed","ping_status":"closed","sticky":false,"template":"","format":"standard","meta":{"_acf_changed":false,"footnotes":""},"categories":[451],"tags":[609,76],"article_type":[56],"agreement":[],"class_list":["post-27430","post","type-post","status-publish","format-standard","has-post-thumbnail","hentry","category-arbetsgivarfragor","tag-anstallning","tag-kollektivavtal","type-nyheter"],"acf":[],"yoast_head":"<!-- This site is optimized with the Yoast SEO Premium plugin v26.8 (Yoast SEO v26.8) - https:\/\/yoast.com\/product\/yoast-seo-premium-wordpress\/ -->\n<title>R\u00e4tt till ledig dag om nationaldagen infaller p\u00e5 helg? | Almega<\/title>\n<meta name=\"robots\" content=\"index, follow, max-snippet:-1, max-image-preview:large, max-video-preview:-1\" \/>\n<link rel=\"canonical\" href=\"https:\/\/www.almega.se\/2020\/02\/ratt-till-ledig-dag-om-nationaldagen-infaller-pa-helg\/\" \/>\n<meta property=\"og:locale\" content=\"sv_SE\" \/>\n<meta property=\"og:type\" content=\"article\" \/>\n<meta property=\"og:title\" content=\"R\u00e4tt till ledig dag om nationaldagen infaller p\u00e5 helg?\" \/>\n<meta property=\"og:description\" content=\"Ledighet annan dag de \u00e5r som nationaldagen infaller p\u00e5 en l\u00f6rdag eller s\u00f6ndag regleras i kollektivavtalen. Det betyder att beroende p\u00e5 vilket kollektivavtal anst\u00e4llda g\u00e5r under kan medarbetarna ha r\u00e4tt till en annan ledig dag &hellip;\" \/>\n<meta property=\"og:url\" content=\"https:\/\/www.almega.se\/2020\/02\/ratt-till-ledig-dag-om-nationaldagen-infaller-pa-helg\/\" \/>\n<meta property=\"og:site_name\" content=\"Almega\" \/>\n<meta property=\"article:published_time\" content=\"2020-02-06T12:53:39+00:00\" \/>\n<meta property=\"og:image\" content=\"https:\/\/www.almega.se\/app\/uploads\/2020\/02\/nationaldag-1.png\" \/>\n\t<meta property=\"og:image:width\" content=\"1180\" \/>\n\t<meta property=\"og:image:height\" content=\"787\" \/>\n\t<meta property=\"og:image:type\" content=\"image\/png\" \/>\n<meta name=\"author\" content=\"Katarina Ahlsen\" \/>\n<meta name=\"twitter:card\" content=\"summary_large_image\" \/>\n<meta name=\"twitter:label1\" content=\"Skriven av\" \/>\n\t<meta name=\"twitter:data1\" content=\"Katarina Ahlsen\" \/>\n\t<meta name=\"twitter:label2\" content=\"Ber\u00e4knad l\u00e4stid\" \/>\n\t<meta name=\"twitter:data2\" content=\"1 minut\" \/>\n<!-- \/ Yoast SEO Premium plugin. -->","yoast_head_json":{"title":"R\u00e4tt till ledig dag om nationaldagen infaller p\u00e5 helg? | Almega","robots":{"index":"index","follow":"follow","max-snippet":"max-snippet:-1","max-image-preview":"max-image-preview:large","max-video-preview":"max-video-preview:-1"},"canonical":"https:\/\/www.almega.se\/2020\/02\/ratt-till-ledig-dag-om-nationaldagen-infaller-pa-helg\/","og_locale":"sv_SE","og_type":"article","og_title":"R\u00e4tt till ledig dag om nationaldagen infaller p\u00e5 helg?","og_description":"Ledighet annan dag de \u00e5r som nationaldagen infaller p\u00e5 en l\u00f6rdag eller s\u00f6ndag regleras i kollektivavtalen. Det betyder att beroende p\u00e5 vilket kollektivavtal anst\u00e4llda g\u00e5r under kan medarbetarna ha r\u00e4tt till en annan ledig dag &hellip;","og_url":"https:\/\/www.almega.se\/2020\/02\/ratt-till-ledig-dag-om-nationaldagen-infaller-pa-helg\/","og_site_name":"Almega","article_published_time":"2020-02-06T12:53:39+00:00","og_image":[{"width":1180,"height":787,"url":"https:\/\/www.almega.se\/app\/uploads\/2020\/02\/nationaldag-1.png","type":"image\/png"}],"author":"Katarina Ahlsen","twitter_card":"summary_large_image","twitter_misc":{"Skriven av":"Katarina Ahlsen","Ber\u00e4knad l\u00e4stid":"1 minut"},"schema":{"@context":"https:\/\/schema.org","@graph":[{"@type":"NewsArticle","@id":"https:\/\/www.almega.se\/2020\/02\/ratt-till-ledig-dag-om-nationaldagen-infaller-pa-helg\/#article","isPartOf":{"@id":"https:\/\/www.almega.se\/2020\/02\/ratt-till-ledig-dag-om-nationaldagen-infaller-pa-helg\/"},"author":{"name":"Katarina Ahlsen","@id":"https:\/\/www.almega.se\/#\/schema\/person\/21bb090beed442a47a2cf1e64374f091"},"headline":"R\u00e4tt till ledig dag om national&shy;dagen infaller p\u00e5 helg?","datePublished":"2020-02-06T12:53:39+00:00","mainEntityOfPage":{"@id":"https:\/\/www.almega.se\/2020\/02\/ratt-till-ledig-dag-om-nationaldagen-infaller-pa-helg\/"},"wordCount":111,"image":{"@id":"https:\/\/www.almega.se\/2020\/02\/ratt-till-ledig-dag-om-nationaldagen-infaller-pa-helg\/#primaryimage"},"thumbnailUrl":"https:\/\/www.almega.se\/app\/uploads\/2020\/02\/nationaldag-1.png","keywords":["Anst\u00e4llning","Kollektivavtal"],"articleSection":["Arbetsgivarfr\u00e5gor"],"inLanguage":"sv-SE"},{"@type":"WebPage","@id":"https:\/\/www.almega.se\/2020\/02\/ratt-till-ledig-dag-om-nationaldagen-infaller-pa-helg\/","url":"https:\/\/www.almega.se\/2020\/02\/ratt-till-ledig-dag-om-nationaldagen-infaller-pa-helg\/","name":"R\u00e4tt till ledig dag om nationaldagen infaller p\u00e5 helg? | Almega","isPartOf":{"@id":"https:\/\/www.almega.se\/#website"},"primaryImageOfPage":{"@id":"https:\/\/www.almega.se\/2020\/02\/ratt-till-ledig-dag-om-nationaldagen-infaller-pa-helg\/#primaryimage"},"image":{"@id":"https:\/\/www.almega.se\/2020\/02\/ratt-till-ledig-dag-om-nationaldagen-infaller-pa-helg\/#primaryimage"},"thumbnailUrl":"https:\/\/www.almega.se\/app\/uploads\/2020\/02\/nationaldag-1.png","datePublished":"2020-02-06T12:53:39+00:00","author":{"@id":"https:\/\/www.almega.se\/#\/schema\/person\/21bb090beed442a47a2cf1e64374f091"},"breadcrumb":{"@id":"https:\/\/www.almega.se\/2020\/02\/ratt-till-ledig-dag-om-nationaldagen-infaller-pa-helg\/#breadcrumb"},"inLanguage":"sv-SE","potentialAction":[{"@type":"ReadAction","target":["https:\/\/www.almega.se\/2020\/02\/ratt-till-ledig-dag-om-nationaldagen-infaller-pa-helg\/"]}]},{"@type":"ImageObject","inLanguage":"sv-SE","@id":"https:\/\/www.almega.se\/2020\/02\/ratt-till-ledig-dag-om-nationaldagen-infaller-pa-helg\/#primaryimage","url":"https:\/\/www.almega.se\/app\/uploads\/2020\/02\/nationaldag-1.png","contentUrl":"https:\/\/www.almega.se\/app\/uploads\/2020\/02\/nationaldag-1.png","width":1180,"height":787},{"@type":"BreadcrumbList","@id":"https:\/\/www.almega.se\/2020\/02\/ratt-till-ledig-dag-om-nationaldagen-infaller-pa-helg\/#breadcrumb","itemListElement":[{"@type":"ListItem","position":1,"name":"Home","item":"https:\/\/www.almega.se\/"},{"@type":"ListItem","position":2,"name":"R\u00e4tt till ledig dag om nationaldagen infaller p\u00e5 helg?"}]},{"@type":"WebSite","@id":"https:\/\/www.almega.se\/#website","url":"https:\/\/www.almega.se\/","name":"Almega","description":"","potentialAction":[{"@type":"SearchAction","target":{"@type":"EntryPoint","urlTemplate":"https:\/\/www.almega.se\/?s={search_term_string}"},"query-input":{"@type":"PropertyValueSpecification","valueRequired":true,"valueName":"search_term_string"}}],"inLanguage":"sv-SE"},{"@type":"Person","@id":"https:\/\/www.almega.se\/#\/schema\/person\/21bb090beed442a47a2cf1e64374f091","name":"Katarina Ahlsen","image":{"@type":"ImageObject","inLanguage":"sv-SE","@id":"https:\/\/www.almega.se\/#\/schema\/person\/image\/","url":"https:\/\/secure.gravatar.com\/avatar\/08acb5974fe161bc44fe8e62ec32e85c446ac625c171f9a7eb9f4941b883d3d9?s=96&d=mm&r=g","contentUrl":"https:\/\/secure.gravatar.com\/avatar\/08acb5974fe161bc44fe8e62ec32e85c446ac625c171f9a7eb9f4941b883d3d9?s=96&d=mm&r=g","caption":"Katarina Ahlsen"},"url":"https:\/\/www.almega.se\/person\/katarinaahlsen\/"}]}},"_links":{"self":[{"href":"https:\/\/www.almega.se\/api\/wp\/v2\/posts\/27430","targetHints":{"allow":["GET"]}}],"collection":[{"href":"https:\/\/www.almega.se\/api\/wp\/v2\/posts"}],"about":[{"href":"https:\/\/www.almega.se\/api\/wp\/v2\/types\/post"}],"author":[{"embeddable":true,"href":"https:\/\/www.almega.se\/api\/wp\/v2\/users\/4371"}],"replies":[{"embeddable":true,"href":"https:\/\/www.almega.se\/api\/wp\/v2\/comments?post=27430"}],"version-history":[{"count":2,"href":"https:\/\/www.almega.se\/api\/wp\/v2\/posts\/27430\/revisions"}],"predecessor-version":[{"id":52701,"href":"https:\/\/www.almega.se\/api\/wp\/v2\/posts\/27430\/revisions\/52701"}],"wp:featuredmedia":[{"embeddable":true,"href":"https:\/\/www.almega.se\/api\/wp\/v2\/media\/27431"}],"wp:attachment":[{"href":"https:\/\/www.almega.se\/api\/wp\/v2\/media?parent=27430"}],"wp:term":[{"taxonomy":"category","embeddable":true,"href":"https:\/\/www.almega.se\/api\/wp\/v2\/categories?post=27430"},{"taxonomy":"post_tag","embeddable":true,"href":"https:\/\/www.almega.se\/api\/wp\/v2\/tags?post=27430"},{"taxonomy":"type","embeddable":true,"href":"https:\/\/www.almega.se\/api\/wp\/v2\/article_type?post=27430"},{"taxonomy":"agreement","embeddable":true,"href":"https:\/\/www.almega.se\/api\/wp\/v2\/agreement?post=27430"}],"curies":[{"name":"wp","href":"https:\/\/api.w.org\/{rel}","templated":true}]}}