{"id":27394,"date":"2020-02-03T14:03:03","date_gmt":"2020-02-03T13:03:03","guid":{"rendered":"https:\/\/www.almega.se\/2020\/02\/almega-kommenterar-moderaternas-forslag-om-kompetensinvandring\/"},"modified":"2020-02-03T14:03:03","modified_gmt":"2020-02-03T13:03:03","slug":"almega-kommenterar-moderaternas-forslag-om-kompetensinvandring","status":"publish","type":"post","link":"https:\/\/www.almega.se\/2020\/02\/almega-kommenterar-moderaternas-forslag-om-kompetensinvandring\/","title":{"rendered":"Almega kommenterar Moderaternas f\u00f6rslag om kompetens&shy;invandring"},"content":{"rendered":"<p class=\"intro\">Almega kommenterar Moderaternas f\u00f6rslag om kompetensinvandring: &#8221;Almega \u00e4r f\u00f6r starkare kontroll\u00e5tg\u00e4rder f\u00f6r att f\u00e5 bukt med akt\u00f6rer som missk\u00f6ter sig. Men vi \u00e4r kritiska mot att rita om lagstiftningen i en mer restriktiv riktning&#8221;, s\u00e4ger Andreas \u00c5str\u00f6m n\u00e4ringspolitisk chef p\u00e5 Almega.<\/p>\n\n<p>&#8211; Att inf\u00f6ra ett h\u00f6jt krav f\u00f6r den l\u00e4gsta till\u00e5tna inkomsten motsvarande heltidsarbete med l\u00e4gstal\u00f6n enligt kollektivavtal kan vara rimligt, men b\u00f6r inte kompletteras av ytterligare en p\u00e5laga att \u00e4ven ha f\u00f6rs\u00f6rjningskrav f\u00f6r medf\u00f6ljande familjemedlemmar. Arbetsgivare tillhandah\u00e5ller ibland bostadsf\u00f6rm\u00e5ner som inte r\u00e4knas med i detta sammanhang men som m\u00f6jligg\u00f6r f\u00f6r arbetstagaren att ta med familjemedlemmar utan att dessa f\u00f6rs\u00f6rjer sig p\u00e5 bidrag. Det \u00e4r heller inte kartlagt om kompetensinvandrares familjemedlemmar verkligen tar del av svenska bidrag, s\u00e4ger Andreas \u00c5str\u00f6m.<\/p>\n\n\n\n<p>Moderaterna f\u00f6resl\u00e5r \u00e4ven h\u00f6jda straff och sanktioner mot arbetsgivare som missbrukar regelverket f\u00f6r arbetstillst\u00e5nd. Syftet \u00e4r att se till att arbetstagare f\u00e5r de villkor som man har utlovats i det arbetserbjudande som ligger till grund f\u00f6r Migrationsverkets beslut om att bevilja arbetstillst\u00e5nd.<\/p>\n\n\n\n<p>&#8211; Grundproblemet \u00e4r att arbetserbjudandet har en stark migrationsr\u00e4ttslig st\u00e4llning, men en svag arbetsr\u00e4ttslig st\u00e4llning. Det riskerar att leda till on\u00f6diga utvisningar p\u00e5 grund av mindre avvikelser fr\u00e5n de utsatta villkoren, s\u00e4ger Andreas \u00c5str\u00f6m.<\/p>\n\n\n\n<p>Moderaterna st\u00e4ller krav p\u00e5 regeringen att komma till skott med den utredning som l\u00e4nge aviserats med \u00e5tg\u00e4rder f\u00f6r att komma tillr\u00e4tta med problemen med kompetensutvisningar av arbetskraftsinvandrare.<\/p>\n\n\n\n<p>&#8211; Almega delar Moderaternas kritik mot att regeringen inte tagit tag i problemen med kompetensutvisningar. Bilden av Sverige har skadats utomlands. Nu m\u00e5ste den oerh\u00f6rt strikta \u00e5terkallelsebest\u00e4mmelsen snarast \u00e4ndras, s\u00e4ger Andreas \u00c5str\u00f6m.<\/p>\n\n\n\n<p>Slutligen f\u00f6resl\u00e5r Moderaterna ett antal \u00e5tg\u00e4rder f\u00f6r att st\u00e4rka Sveriges internationella attraktionskraft f\u00f6r talanger, genom att korta handl\u00e4ggningstiderna och att inf\u00f6ra en one-stop-shop l\u00f6sning f\u00f6r myndighetskontakterna. Dessutom vill man g\u00f6ra expertskatten mer konkurrenskraftig s\u00e5 att svenska arbetsgivare l\u00e4ttare kan konkurrera om talanger med l\u00e4nder som har h\u00f6gre l\u00f6neniv\u00e5er.<\/p>\n\n\n\n<p>&#8211; Dessa f\u00f6rslag \u00e4r bra. Almega tog fram f\u00f6rslaget om one-stop-shop l\u00f6sningar f\u00f6r arbetskraftsinvandring f\u00f6r n\u00e5gra \u00e5r sedan, det \u00e4r h\u00f6g tid att f\u00f6rslaget genomf\u00f6rs. Att korta handl\u00e4ggningstiderna och f\u00f6rb\u00e4ttra expertskatten \u00e4r ocks\u00e5 h\u00f6gt prioriterat p\u00e5 tj\u00e4nstef\u00f6retagens \u00f6nskelista f\u00f6r att underl\u00e4tta internationell talangattraktion, avslutar Andreas \u00c5str\u00f6m.<\/p>\n","protected":false},"excerpt":{"rendered":"<p>&#8211;  Almega \u00e4r f\u00f6r starkare kontroll\u00e5tg\u00e4rder f\u00f6r att f\u00e5 bukt med akt\u00f6rer som missk\u00f6ter sig. Men vi \u00e4r kritiska mot att rita om lagstiftningen i en mer restriktiv riktning, s\u00e4ger Andreas \u00c5str\u00f6m n\u00e4ringspolitisk chef p\u00e5 Almega.<\/p>\n","protected":false},"author":14827,"featured_media":0,"comment_status":"closed","ping_status":"closed","sticky":false,"template":"","format":"standard","meta":{"_acf_changed":false,"footnotes":""},"categories":[64],"tags":[72],"article_type":[93],"agreement":[],"class_list":["post-27394","post","type-post","status-publish","format-standard","hentry","category-arbetsmarknad","tag-kompetensinvandring","type-pressmeddelanden"],"acf":[],"yoast_head":"<!-- This site is optimized with the Yoast SEO Premium plugin v26.8 (Yoast SEO v26.8) - https:\/\/yoast.com\/product\/yoast-seo-premium-wordpress\/ -->\n<title>Almega kommenterar Moderaternas f\u00f6rslag om kompetensinvandring | Almega<\/title>\n<meta name=\"robots\" content=\"index, follow, max-snippet:-1, max-image-preview:large, max-video-preview:-1\" \/>\n<link rel=\"canonical\" href=\"https:\/\/www.almega.se\/2020\/02\/almega-kommenterar-moderaternas-forslag-om-kompetensinvandring\/\" \/>\n<meta property=\"og:locale\" content=\"sv_SE\" \/>\n<meta property=\"og:type\" content=\"article\" \/>\n<meta property=\"og:title\" content=\"Almega kommenterar Moderaternas f\u00f6rslag om kompetensinvandring\" \/>\n<meta property=\"og:description\" content=\"- Almega \u00e4r f\u00f6r starkare kontroll\u00e5tg\u00e4rder f\u00f6r att f\u00e5 bukt med akt\u00f6rer som missk\u00f6ter sig. Men vi \u00e4r kritiska mot att rita om lagstiftningen i en mer restriktiv riktning, s\u00e4ger Andreas \u00c5str\u00f6m n\u00e4ringspolitisk chef p\u00e5 Almega.\" \/>\n<meta property=\"og:url\" content=\"https:\/\/www.almega.se\/2020\/02\/almega-kommenterar-moderaternas-forslag-om-kompetensinvandring\/\" \/>\n<meta property=\"og:site_name\" content=\"Almega\" \/>\n<meta property=\"article:published_time\" content=\"2020-02-03T13:03:03+00:00\" \/>\n<meta property=\"og:image\" content=\"https:\/\/www.almega.se\/app\/uploads\/2020\/12\/almega-share-logo.png\" \/>\n\t<meta property=\"og:image:width\" content=\"1200\" \/>\n\t<meta property=\"og:image:height\" content=\"630\" \/>\n\t<meta property=\"og:image:type\" content=\"image\/png\" \/>\n<meta name=\"author\" content=\"emmaf\" \/>\n<meta name=\"twitter:card\" content=\"summary_large_image\" \/>\n<meta name=\"twitter:label1\" content=\"Skriven av\" \/>\n\t<meta name=\"twitter:data1\" content=\"emmaf\" \/>\n<!-- \/ Yoast SEO Premium plugin. -->","yoast_head_json":{"title":"Almega kommenterar Moderaternas f\u00f6rslag om kompetensinvandring | Almega","robots":{"index":"index","follow":"follow","max-snippet":"max-snippet:-1","max-image-preview":"max-image-preview:large","max-video-preview":"max-video-preview:-1"},"canonical":"https:\/\/www.almega.se\/2020\/02\/almega-kommenterar-moderaternas-forslag-om-kompetensinvandring\/","og_locale":"sv_SE","og_type":"article","og_title":"Almega kommenterar Moderaternas f\u00f6rslag om kompetensinvandring","og_description":"- Almega \u00e4r f\u00f6r starkare kontroll\u00e5tg\u00e4rder f\u00f6r att f\u00e5 bukt med akt\u00f6rer som missk\u00f6ter sig. Men vi \u00e4r kritiska mot att rita om lagstiftningen i en mer restriktiv riktning, s\u00e4ger Andreas \u00c5str\u00f6m n\u00e4ringspolitisk chef p\u00e5 Almega.","og_url":"https:\/\/www.almega.se\/2020\/02\/almega-kommenterar-moderaternas-forslag-om-kompetensinvandring\/","og_site_name":"Almega","article_published_time":"2020-02-03T13:03:03+00:00","og_image":[{"width":1200,"height":630,"url":"https:\/\/www.almega.se\/app\/uploads\/2020\/12\/almega-share-logo.png","type":"image\/png"}],"author":"emmaf","twitter_card":"summary_large_image","twitter_misc":{"Skriven av":"emmaf"},"schema":{"@context":"https:\/\/schema.org","@graph":[{"@type":"NewsArticle","@id":"https:\/\/www.almega.se\/2020\/02\/almega-kommenterar-moderaternas-forslag-om-kompetensinvandring\/#article","isPartOf":{"@id":"https:\/\/www.almega.se\/2020\/02\/almega-kommenterar-moderaternas-forslag-om-kompetensinvandring\/"},"author":{"name":"emmaf","@id":"https:\/\/www.almega.se\/#\/schema\/person\/7dcd85c42437215aafce170ec28e2fac"},"headline":"Almega kommenterar Moderaternas f\u00f6rslag om kompetens&shy;invandring","datePublished":"2020-02-03T13:03:03+00:00","mainEntityOfPage":{"@id":"https:\/\/www.almega.se\/2020\/02\/almega-kommenterar-moderaternas-forslag-om-kompetensinvandring\/"},"wordCount":399,"keywords":["Kompetensinvandring"],"articleSection":["Arbetsmarknad"],"inLanguage":"sv-SE"},{"@type":"WebPage","@id":"https:\/\/www.almega.se\/2020\/02\/almega-kommenterar-moderaternas-forslag-om-kompetensinvandring\/","url":"https:\/\/www.almega.se\/2020\/02\/almega-kommenterar-moderaternas-forslag-om-kompetensinvandring\/","name":"Almega kommenterar Moderaternas f\u00f6rslag om kompetensinvandring | Almega","isPartOf":{"@id":"https:\/\/www.almega.se\/#website"},"datePublished":"2020-02-03T13:03:03+00:00","author":{"@id":"https:\/\/www.almega.se\/#\/schema\/person\/7dcd85c42437215aafce170ec28e2fac"},"breadcrumb":{"@id":"https:\/\/www.almega.se\/2020\/02\/almega-kommenterar-moderaternas-forslag-om-kompetensinvandring\/#breadcrumb"},"inLanguage":"sv-SE","potentialAction":[{"@type":"ReadAction","target":["https:\/\/www.almega.se\/2020\/02\/almega-kommenterar-moderaternas-forslag-om-kompetensinvandring\/"]}]},{"@type":"BreadcrumbList","@id":"https:\/\/www.almega.se\/2020\/02\/almega-kommenterar-moderaternas-forslag-om-kompetensinvandring\/#breadcrumb","itemListElement":[{"@type":"ListItem","position":1,"name":"Home","item":"https:\/\/www.almega.se\/"},{"@type":"ListItem","position":2,"name":"Almega kommenterar Moderaternas f\u00f6rslag om kompetens&shy;invandring"}]},{"@type":"WebSite","@id":"https:\/\/www.almega.se\/#website","url":"https:\/\/www.almega.se\/","name":"Almega","description":"","potentialAction":[{"@type":"SearchAction","target":{"@type":"EntryPoint","urlTemplate":"https:\/\/www.almega.se\/?s={search_term_string}"},"query-input":{"@type":"PropertyValueSpecification","valueRequired":true,"valueName":"search_term_string"}}],"inLanguage":"sv-SE"},{"@type":"Person","@id":"https:\/\/www.almega.se\/#\/schema\/person\/7dcd85c42437215aafce170ec28e2fac","name":"emmaf","image":{"@type":"ImageObject","inLanguage":"sv-SE","@id":"https:\/\/www.almega.se\/#\/schema\/person\/image\/","url":"https:\/\/secure.gravatar.com\/avatar\/7d7de2d34f664967395b2486fe4409bcc5db61c29c5fe0dfca5e5be04df31c34?s=96&d=mm&r=g","contentUrl":"https:\/\/secure.gravatar.com\/avatar\/7d7de2d34f664967395b2486fe4409bcc5db61c29c5fe0dfca5e5be04df31c34?s=96&d=mm&r=g","caption":"emmaf"},"url":"https:\/\/www.almega.se\/person\/emmaf\/"}]}},"_links":{"self":[{"href":"https:\/\/www.almega.se\/api\/wp\/v2\/posts\/27394","targetHints":{"allow":["GET"]}}],"collection":[{"href":"https:\/\/www.almega.se\/api\/wp\/v2\/posts"}],"about":[{"href":"https:\/\/www.almega.se\/api\/wp\/v2\/types\/post"}],"author":[{"embeddable":true,"href":"https:\/\/www.almega.se\/api\/wp\/v2\/users\/14827"}],"replies":[{"embeddable":true,"href":"https:\/\/www.almega.se\/api\/wp\/v2\/comments?post=27394"}],"version-history":[{"count":2,"href":"https:\/\/www.almega.se\/api\/wp\/v2\/posts\/27394\/revisions"}],"predecessor-version":[{"id":52681,"href":"https:\/\/www.almega.se\/api\/wp\/v2\/posts\/27394\/revisions\/52681"}],"wp:attachment":[{"href":"https:\/\/www.almega.se\/api\/wp\/v2\/media?parent=27394"}],"wp:term":[{"taxonomy":"category","embeddable":true,"href":"https:\/\/www.almega.se\/api\/wp\/v2\/categories?post=27394"},{"taxonomy":"post_tag","embeddable":true,"href":"https:\/\/www.almega.se\/api\/wp\/v2\/tags?post=27394"},{"taxonomy":"type","embeddable":true,"href":"https:\/\/www.almega.se\/api\/wp\/v2\/article_type?post=27394"},{"taxonomy":"agreement","embeddable":true,"href":"https:\/\/www.almega.se\/api\/wp\/v2\/agreement?post=27394"}],"curies":[{"name":"wp","href":"https:\/\/api.w.org\/{rel}","templated":true}]}}