{"id":27030,"date":"2020-01-14T17:47:11","date_gmt":"2020-01-14T16:47:11","guid":{"rendered":"https:\/\/www.almega.se\/2020\/01\/minimiloner-i-eu-hotar-den-svenska-modellen\/"},"modified":"2020-01-14T17:47:11","modified_gmt":"2020-01-14T16:47:11","slug":"minimiloner-i-eu-hotar-den-svenska-modellen","status":"publish","type":"post","link":"https:\/\/www.almega.se\/2020\/01\/minimiloner-i-eu-hotar-den-svenska-modellen\/","title":{"rendered":"Minimil\u00f6ner i EU hotar den svenska modellen"},"content":{"rendered":"<p class=\"intro\">Under tisdagen presenterade EU-kommissionen en f\u00f6rstakonsultation n\u00e4r det g\u00e4ller f\u00f6rslaget om minimil\u00f6ner p\u00e5 EU-niv\u00e5. F\u00f6rslaget \u00e4r v\u00e4rre \u00e4n befarat och kommissionen verkar vilja anv\u00e4nda l\u00f6n som ett politiskt redskap. F\u00f6rslaget hotar den svenska kollektivavtalsmodellen som bygger p\u00e5 f\u00f6rhandlingar mellan fackf\u00f6reningar och arbetsgivare, utan politisk inblandning.<\/p>\n\n<p>&#8211; Minimil\u00f6ner p\u00e5 europeisk niv\u00e5 riskerar att trasa s\u00f6nder den svenska modellen. Modellen bygger p\u00e5 avtalsfrihet mellan fack och arbetsgivare. Den har gett h\u00f6ga reall\u00f6ne\u00f6kningar \u00f6ver tid och byggt Sverige starkt. N\u00e4r politiker p\u00e5 EU-niv\u00e5 nu vill reglera hur h\u00f6ga minimil\u00f6nerna ska vara s\u00e5 utg\u00f6r det ett stort ingrepp i det svenska arbetsmarknadssystemet. F\u00f6rslaget \u00e4r fullst\u00e4ndigt felt\u00e4nkt, det s\u00e4ger Andreas \u00c5str\u00f6m, chef n\u00e4ringspolitik och kommunikation p\u00e5 Almega.&nbsp; &nbsp;<\/p>\n\n\n\n<p>&#8211; Den svenska modellen utm\u00e4rker sig som ett v\u00e4lfungerande system bland m\u00e5nga bristf\u00e4lliga. EU:s medlemsl\u00e4nder borde inspireras av oss, inte tv\u00e4rtom. Regeringen m\u00e5ste g\u00f6ra allt f\u00f6r att tillsammans med v\u00e5ra \u00f6vriga nordiska grannl\u00e4nder stoppa f\u00f6rslaget, avslutar Andreas \u00c5str\u00f6m.<\/p>\n","protected":false},"excerpt":{"rendered":"<p>Under tisdagen presenterade EU-kommissionen en f\u00f6rstakonsultation n\u00e4r det g\u00e4ller f\u00f6rslaget om minimil\u00f6ner p\u00e5 EU-niv\u00e5. F\u00f6rslaget \u00e4r v\u00e4rre \u00e4n befarat och kommissionen verkar vilja anv\u00e4nda l\u00f6n som ett politiskt redskap. F\u00f6rslaget hotar den svenska kollektivavtalsmodellen som bygger p\u00e5 f\u00f6rhandlingar mellan fackf\u00f6reningar och arbetsgivare, utan politisk inblandning.<\/p>\n","protected":false},"author":14827,"featured_media":0,"comment_status":"closed","ping_status":"closed","sticky":false,"template":"","format":"standard","meta":{"_acf_changed":false,"footnotes":""},"categories":[64,79],"tags":[478],"article_type":[93],"agreement":[],"class_list":["post-27030","post","type-post","status-publish","format-standard","hentry","category-arbetsmarknad","category-eu-och-internationellt","tag-minimiloner","type-pressmeddelanden"],"acf":[],"yoast_head":"<!-- This site is optimized with the Yoast SEO Premium plugin v26.8 (Yoast SEO v26.8) - https:\/\/yoast.com\/product\/yoast-seo-premium-wordpress\/ -->\n<title>Minimil\u00f6ner i EU hotar den svenska modellen | Almega<\/title>\n<meta name=\"robots\" content=\"index, follow, max-snippet:-1, max-image-preview:large, max-video-preview:-1\" \/>\n<link rel=\"canonical\" href=\"https:\/\/www.almega.se\/2020\/01\/minimiloner-i-eu-hotar-den-svenska-modellen\/\" \/>\n<meta property=\"og:locale\" content=\"sv_SE\" \/>\n<meta property=\"og:type\" content=\"article\" \/>\n<meta property=\"og:title\" content=\"Minimil\u00f6ner i EU hotar den svenska modellen\" \/>\n<meta property=\"og:description\" content=\"Under tisdagen presenterade EU-kommissionen en f\u00f6rstakonsultation n\u00e4r det g\u00e4ller f\u00f6rslaget om minimil\u00f6ner p\u00e5 EU-niv\u00e5. F\u00f6rslaget \u00e4r v\u00e4rre \u00e4n befarat och kommissionen verkar vilja anv\u00e4nda l\u00f6n som ett politiskt redskap. F\u00f6rslaget hotar den svenska kollektivavtalsmodellen som bygger p\u00e5 f\u00f6rhandlingar mellan fackf\u00f6reningar och arbetsgivare, utan politisk inblandning.\" \/>\n<meta property=\"og:url\" content=\"https:\/\/www.almega.se\/2020\/01\/minimiloner-i-eu-hotar-den-svenska-modellen\/\" \/>\n<meta property=\"og:site_name\" content=\"Almega\" \/>\n<meta property=\"article:published_time\" content=\"2020-01-14T16:47:11+00:00\" \/>\n<meta property=\"og:image\" content=\"https:\/\/www.almega.se\/app\/uploads\/2020\/12\/almega-share-logo.png\" \/>\n\t<meta property=\"og:image:width\" content=\"1200\" \/>\n\t<meta property=\"og:image:height\" content=\"630\" \/>\n\t<meta property=\"og:image:type\" content=\"image\/png\" \/>\n<meta name=\"author\" content=\"emmaf\" \/>\n<meta name=\"twitter:card\" content=\"summary_large_image\" \/>\n<meta name=\"twitter:label1\" content=\"Skriven av\" \/>\n\t<meta name=\"twitter:data1\" content=\"emmaf\" \/>\n\t<meta name=\"twitter:label2\" content=\"Ber\u00e4knad l\u00e4stid\" \/>\n\t<meta name=\"twitter:data2\" content=\"1 minut\" \/>\n<!-- \/ Yoast SEO Premium plugin. -->","yoast_head_json":{"title":"Minimil\u00f6ner i EU hotar den svenska modellen | Almega","robots":{"index":"index","follow":"follow","max-snippet":"max-snippet:-1","max-image-preview":"max-image-preview:large","max-video-preview":"max-video-preview:-1"},"canonical":"https:\/\/www.almega.se\/2020\/01\/minimiloner-i-eu-hotar-den-svenska-modellen\/","og_locale":"sv_SE","og_type":"article","og_title":"Minimil\u00f6ner i EU hotar den svenska modellen","og_description":"Under tisdagen presenterade EU-kommissionen en f\u00f6rstakonsultation n\u00e4r det g\u00e4ller f\u00f6rslaget om minimil\u00f6ner p\u00e5 EU-niv\u00e5. F\u00f6rslaget \u00e4r v\u00e4rre \u00e4n befarat och kommissionen verkar vilja anv\u00e4nda l\u00f6n som ett politiskt redskap. F\u00f6rslaget hotar den svenska kollektivavtalsmodellen som bygger p\u00e5 f\u00f6rhandlingar mellan fackf\u00f6reningar och arbetsgivare, utan politisk inblandning.","og_url":"https:\/\/www.almega.se\/2020\/01\/minimiloner-i-eu-hotar-den-svenska-modellen\/","og_site_name":"Almega","article_published_time":"2020-01-14T16:47:11+00:00","og_image":[{"width":1200,"height":630,"url":"https:\/\/www.almega.se\/app\/uploads\/2020\/12\/almega-share-logo.png","type":"image\/png"}],"author":"emmaf","twitter_card":"summary_large_image","twitter_misc":{"Skriven av":"emmaf","Ber\u00e4knad l\u00e4stid":"1 minut"},"schema":{"@context":"https:\/\/schema.org","@graph":[{"@type":"NewsArticle","@id":"https:\/\/www.almega.se\/2020\/01\/minimiloner-i-eu-hotar-den-svenska-modellen\/#article","isPartOf":{"@id":"https:\/\/www.almega.se\/2020\/01\/minimiloner-i-eu-hotar-den-svenska-modellen\/"},"author":{"name":"emmaf","@id":"https:\/\/www.almega.se\/#\/schema\/person\/7dcd85c42437215aafce170ec28e2fac"},"headline":"Minimil\u00f6ner i EU hotar den svenska modellen","datePublished":"2020-01-14T16:47:11+00:00","mainEntityOfPage":{"@id":"https:\/\/www.almega.se\/2020\/01\/minimiloner-i-eu-hotar-den-svenska-modellen\/"},"wordCount":144,"keywords":["Minimil\u00f6ner"],"articleSection":["Arbetsmarknad","EU och internationellt"],"inLanguage":"sv-SE"},{"@type":"WebPage","@id":"https:\/\/www.almega.se\/2020\/01\/minimiloner-i-eu-hotar-den-svenska-modellen\/","url":"https:\/\/www.almega.se\/2020\/01\/minimiloner-i-eu-hotar-den-svenska-modellen\/","name":"Minimil\u00f6ner i EU hotar den svenska modellen | Almega","isPartOf":{"@id":"https:\/\/www.almega.se\/#website"},"datePublished":"2020-01-14T16:47:11+00:00","author":{"@id":"https:\/\/www.almega.se\/#\/schema\/person\/7dcd85c42437215aafce170ec28e2fac"},"breadcrumb":{"@id":"https:\/\/www.almega.se\/2020\/01\/minimiloner-i-eu-hotar-den-svenska-modellen\/#breadcrumb"},"inLanguage":"sv-SE","potentialAction":[{"@type":"ReadAction","target":["https:\/\/www.almega.se\/2020\/01\/minimiloner-i-eu-hotar-den-svenska-modellen\/"]}]},{"@type":"BreadcrumbList","@id":"https:\/\/www.almega.se\/2020\/01\/minimiloner-i-eu-hotar-den-svenska-modellen\/#breadcrumb","itemListElement":[{"@type":"ListItem","position":1,"name":"Home","item":"https:\/\/www.almega.se\/"},{"@type":"ListItem","position":2,"name":"Minimil\u00f6ner i EU hotar den svenska modellen"}]},{"@type":"WebSite","@id":"https:\/\/www.almega.se\/#website","url":"https:\/\/www.almega.se\/","name":"Almega","description":"","potentialAction":[{"@type":"SearchAction","target":{"@type":"EntryPoint","urlTemplate":"https:\/\/www.almega.se\/?s={search_term_string}"},"query-input":{"@type":"PropertyValueSpecification","valueRequired":true,"valueName":"search_term_string"}}],"inLanguage":"sv-SE"},{"@type":"Person","@id":"https:\/\/www.almega.se\/#\/schema\/person\/7dcd85c42437215aafce170ec28e2fac","name":"emmaf","image":{"@type":"ImageObject","inLanguage":"sv-SE","@id":"https:\/\/www.almega.se\/#\/schema\/person\/image\/","url":"https:\/\/secure.gravatar.com\/avatar\/7d7de2d34f664967395b2486fe4409bcc5db61c29c5fe0dfca5e5be04df31c34?s=96&d=mm&r=g","contentUrl":"https:\/\/secure.gravatar.com\/avatar\/7d7de2d34f664967395b2486fe4409bcc5db61c29c5fe0dfca5e5be04df31c34?s=96&d=mm&r=g","caption":"emmaf"},"url":"https:\/\/www.almega.se\/person\/emmaf\/"}]}},"_links":{"self":[{"href":"https:\/\/www.almega.se\/api\/wp\/v2\/posts\/27030","targetHints":{"allow":["GET"]}}],"collection":[{"href":"https:\/\/www.almega.se\/api\/wp\/v2\/posts"}],"about":[{"href":"https:\/\/www.almega.se\/api\/wp\/v2\/types\/post"}],"author":[{"embeddable":true,"href":"https:\/\/www.almega.se\/api\/wp\/v2\/users\/14827"}],"replies":[{"embeddable":true,"href":"https:\/\/www.almega.se\/api\/wp\/v2\/comments?post=27030"}],"version-history":[{"count":2,"href":"https:\/\/www.almega.se\/api\/wp\/v2\/posts\/27030\/revisions"}],"predecessor-version":[{"id":52604,"href":"https:\/\/www.almega.se\/api\/wp\/v2\/posts\/27030\/revisions\/52604"}],"wp:attachment":[{"href":"https:\/\/www.almega.se\/api\/wp\/v2\/media?parent=27030"}],"wp:term":[{"taxonomy":"category","embeddable":true,"href":"https:\/\/www.almega.se\/api\/wp\/v2\/categories?post=27030"},{"taxonomy":"post_tag","embeddable":true,"href":"https:\/\/www.almega.se\/api\/wp\/v2\/tags?post=27030"},{"taxonomy":"type","embeddable":true,"href":"https:\/\/www.almega.se\/api\/wp\/v2\/article_type?post=27030"},{"taxonomy":"agreement","embeddable":true,"href":"https:\/\/www.almega.se\/api\/wp\/v2\/agreement?post=27030"}],"curies":[{"name":"wp","href":"https:\/\/api.w.org\/{rel}","templated":true}]}}