{"id":26291,"date":"2019-12-05T16:25:37","date_gmt":"2019-12-05T15:25:37","guid":{"rendered":"https:\/\/www.almega.se\/?p=26291"},"modified":"2019-12-05T16:25:37","modified_gmt":"2019-12-05T15:25:37","slug":"markligt-misstroendevotum-fran-vansterpartiet-2","status":"publish","type":"post","link":"https:\/\/www.almega.se\/2019\/12\/markligt-misstroendevotum-fran-vansterpartiet-2\/","title":{"rendered":"M\u00e4rkligt misstroendevotum fr\u00e5n V\u00e4nsterpartiet"},"content":{"rendered":"<p class=\"intro\">P\u00e5 torsdagseftermiddag stod det klart att V\u00e4nsterpartiet v\u00e4cker misstroendevotum mot arbetsmarknadsministern, p\u00e5 grund av reformeringen av Arbetsf\u00f6rmedlingen. Ett m\u00e4rkligt beslut, menar Almegas n\u00e4ringspolitiska chef Andreas \u00c5str\u00f6m.<\/p>\n\n<p>&#8211; Det \u00e4r v\u00e4ldigt viktigt f\u00f6r hela n\u00e4ringslivet att vi f\u00e5r en v\u00e4lfungerande matchning p\u00e5 arbetsmarknaden. Vi har under flera \u00e5r sett att v\u00e5ra medlemmar s\u00e4ger att deras st\u00f6rsta tillv\u00e4xthinder \u00e4r brist p\u00e5 folk att anst\u00e4lla. En reformerad Arbetsf\u00f6rmedling \u00e4r en mycket viktig pusselbit i att l\u00f6sa det problemet. Vi har kr\u00e4vt detta l\u00e4nge och kan inte v\u00e4nta l\u00e4ngre. Det kostar Sverige b\u00e5de jobb och internationell konkurrenskraft, s\u00e4ger Andreas \u00c5str\u00f6m, n\u00e4ringspolitisk chef Almega.<\/p>\n\n\n\n<p>&#8211; Hela sju av \u00e5tta partier i Sveriges riksdag vill reformera Arbetsf\u00f6rmedlingen. Det k\u00e4nns d\u00e4rf\u00f6r minst sagt m\u00e4rkligt att det parti som \u00e4r motst\u00e5ndare till reformen dikterar villkoren f\u00f6r processen, s\u00e4ger Andreas \u00c5str\u00f6m.<\/p>\n\n\n\n<p>&#8211; Det \u00e4r f\u00f6rv\u00e5nande att det nu helt pl\u00f6tsligt v\u00e4xt fram ett motst\u00e5nd mot ett valfrihetssystem inom Arbetsf\u00f6rmedling. Det finns gott om exempel d\u00e4r partier som nu mots\u00e4tter sig valfrihetssystem har inf\u00f6rt liknande system, med gott resultat i kommuner och regioner. Det borde inte vara en fr\u00e5ga som \u00e4r s\u00e5 pass avg\u00f6rande att man \u00e4r beredd att skjuta den n\u00f6dv\u00e4ndiga reformeringen av Arbetsf\u00f6rmedlingen p\u00e5 framtiden, avslutar Andreas \u00c5str\u00f6m.<\/p>\n","protected":false},"excerpt":{"rendered":"<p>&#8211; Det \u00e4r v\u00e4ldigt viktigt f\u00f6r hela n\u00e4ringslivet att vi f\u00e5r en v\u00e4lfungerande matchning p\u00e5 arbetsmarknaden. Vi har under flera \u00e5r sett att v\u00e5ra medlemmar s\u00e4ger att deras st\u00f6rsta tillv\u00e4xthinder \u00e4r brist p\u00e5 folk att &hellip;<\/p>\n","protected":false},"author":3381,"featured_media":25779,"comment_status":"closed","ping_status":"closed","sticky":false,"template":"","format":"standard","meta":{"_acf_changed":false,"footnotes":""},"categories":[64],"tags":[423],"article_type":[56],"agreement":[],"class_list":["post-26291","post","type-post","status-publish","format-standard","has-post-thumbnail","hentry","category-arbetsmarknad","tag-arbetsformedling","type-nyheter"],"acf":[],"yoast_head":"<!-- This site is optimized with the Yoast SEO Premium plugin v26.8 (Yoast SEO v26.8) - https:\/\/yoast.com\/product\/yoast-seo-premium-wordpress\/ -->\n<title>M\u00e4rkligt misstroendevotum fr\u00e5n V\u00e4nsterpartiet | Almega<\/title>\n<meta name=\"robots\" content=\"index, follow, max-snippet:-1, max-image-preview:large, max-video-preview:-1\" \/>\n<link rel=\"canonical\" href=\"https:\/\/www.almega.se\/2019\/12\/markligt-misstroendevotum-fran-vansterpartiet-2\/\" \/>\n<meta property=\"og:locale\" content=\"sv_SE\" \/>\n<meta property=\"og:type\" content=\"article\" \/>\n<meta property=\"og:title\" content=\"M\u00e4rkligt misstroendevotum fr\u00e5n V\u00e4nsterpartiet\" \/>\n<meta property=\"og:description\" content=\"&#8211; Det \u00e4r v\u00e4ldigt viktigt f\u00f6r hela n\u00e4ringslivet att vi f\u00e5r en v\u00e4lfungerande matchning p\u00e5 arbetsmarknaden. Vi har under flera \u00e5r sett att v\u00e5ra medlemmar s\u00e4ger att deras st\u00f6rsta tillv\u00e4xthinder \u00e4r brist p\u00e5 folk att &hellip;\" \/>\n<meta property=\"og:url\" content=\"https:\/\/www.almega.se\/2019\/12\/markligt-misstroendevotum-fran-vansterpartiet-2\/\" \/>\n<meta property=\"og:site_name\" content=\"Almega\" \/>\n<meta property=\"article:published_time\" content=\"2019-12-05T15:25:37+00:00\" \/>\n<meta property=\"og:image\" content=\"https:\/\/www.almega.se\/app\/uploads\/2019\/11\/astrombild.jpg\" \/>\n\t<meta property=\"og:image:width\" content=\"960\" \/>\n\t<meta property=\"og:image:height\" content=\"640\" \/>\n\t<meta property=\"og:image:type\" content=\"image\/jpeg\" \/>\n<meta name=\"author\" content=\"Andreas Eriksson\" \/>\n<meta name=\"twitter:card\" content=\"summary_large_image\" \/>\n<meta name=\"twitter:label1\" content=\"Skriven av\" \/>\n\t<meta name=\"twitter:data1\" content=\"Andreas Eriksson\" \/>\n\t<meta name=\"twitter:label2\" content=\"Ber\u00e4knad l\u00e4stid\" \/>\n\t<meta name=\"twitter:data2\" content=\"1 minut\" \/>\n<!-- \/ Yoast SEO Premium plugin. -->","yoast_head_json":{"title":"M\u00e4rkligt misstroendevotum fr\u00e5n V\u00e4nsterpartiet | Almega","robots":{"index":"index","follow":"follow","max-snippet":"max-snippet:-1","max-image-preview":"max-image-preview:large","max-video-preview":"max-video-preview:-1"},"canonical":"https:\/\/www.almega.se\/2019\/12\/markligt-misstroendevotum-fran-vansterpartiet-2\/","og_locale":"sv_SE","og_type":"article","og_title":"M\u00e4rkligt misstroendevotum fr\u00e5n V\u00e4nsterpartiet","og_description":"&#8211; Det \u00e4r v\u00e4ldigt viktigt f\u00f6r hela n\u00e4ringslivet att vi f\u00e5r en v\u00e4lfungerande matchning p\u00e5 arbetsmarknaden. Vi har under flera \u00e5r sett att v\u00e5ra medlemmar s\u00e4ger att deras st\u00f6rsta tillv\u00e4xthinder \u00e4r brist p\u00e5 folk att &hellip;","og_url":"https:\/\/www.almega.se\/2019\/12\/markligt-misstroendevotum-fran-vansterpartiet-2\/","og_site_name":"Almega","article_published_time":"2019-12-05T15:25:37+00:00","og_image":[{"width":960,"height":640,"url":"https:\/\/www.almega.se\/app\/uploads\/2019\/11\/astrombild.jpg","type":"image\/jpeg"}],"author":"Andreas Eriksson","twitter_card":"summary_large_image","twitter_misc":{"Skriven av":"Andreas Eriksson","Ber\u00e4knad l\u00e4stid":"1 minut"},"schema":{"@context":"https:\/\/schema.org","@graph":[{"@type":"NewsArticle","@id":"https:\/\/www.almega.se\/2019\/12\/markligt-misstroendevotum-fran-vansterpartiet-2\/#article","isPartOf":{"@id":"https:\/\/www.almega.se\/2019\/12\/markligt-misstroendevotum-fran-vansterpartiet-2\/"},"author":{"name":"Andreas Eriksson","@id":"https:\/\/www.almega.se\/#\/schema\/person\/43c6ef5d04a0c99f85f3daec7f6a5851"},"headline":"M\u00e4rkligt misstroendevotum fr\u00e5n V\u00e4nsterpartiet","datePublished":"2019-12-05T15:25:37+00:00","mainEntityOfPage":{"@id":"https:\/\/www.almega.se\/2019\/12\/markligt-misstroendevotum-fran-vansterpartiet-2\/"},"wordCount":225,"image":{"@id":"https:\/\/www.almega.se\/2019\/12\/markligt-misstroendevotum-fran-vansterpartiet-2\/#primaryimage"},"thumbnailUrl":"https:\/\/www.almega.se\/app\/uploads\/2019\/11\/astrombild.jpg","keywords":["Arbetsf\u00f6rmedling"],"articleSection":["Arbetsmarknad"],"inLanguage":"sv-SE"},{"@type":"WebPage","@id":"https:\/\/www.almega.se\/2019\/12\/markligt-misstroendevotum-fran-vansterpartiet-2\/","url":"https:\/\/www.almega.se\/2019\/12\/markligt-misstroendevotum-fran-vansterpartiet-2\/","name":"M\u00e4rkligt misstroendevotum fr\u00e5n V\u00e4nsterpartiet | Almega","isPartOf":{"@id":"https:\/\/www.almega.se\/#website"},"primaryImageOfPage":{"@id":"https:\/\/www.almega.se\/2019\/12\/markligt-misstroendevotum-fran-vansterpartiet-2\/#primaryimage"},"image":{"@id":"https:\/\/www.almega.se\/2019\/12\/markligt-misstroendevotum-fran-vansterpartiet-2\/#primaryimage"},"thumbnailUrl":"https:\/\/www.almega.se\/app\/uploads\/2019\/11\/astrombild.jpg","datePublished":"2019-12-05T15:25:37+00:00","author":{"@id":"https:\/\/www.almega.se\/#\/schema\/person\/43c6ef5d04a0c99f85f3daec7f6a5851"},"breadcrumb":{"@id":"https:\/\/www.almega.se\/2019\/12\/markligt-misstroendevotum-fran-vansterpartiet-2\/#breadcrumb"},"inLanguage":"sv-SE","potentialAction":[{"@type":"ReadAction","target":["https:\/\/www.almega.se\/2019\/12\/markligt-misstroendevotum-fran-vansterpartiet-2\/"]}]},{"@type":"ImageObject","inLanguage":"sv-SE","@id":"https:\/\/www.almega.se\/2019\/12\/markligt-misstroendevotum-fran-vansterpartiet-2\/#primaryimage","url":"https:\/\/www.almega.se\/app\/uploads\/2019\/11\/astrombild.jpg","contentUrl":"https:\/\/www.almega.se\/app\/uploads\/2019\/11\/astrombild.jpg","width":960,"height":640},{"@type":"BreadcrumbList","@id":"https:\/\/www.almega.se\/2019\/12\/markligt-misstroendevotum-fran-vansterpartiet-2\/#breadcrumb","itemListElement":[{"@type":"ListItem","position":1,"name":"Home","item":"https:\/\/www.almega.se\/"},{"@type":"ListItem","position":2,"name":"M\u00e4rkligt misstroendevotum fr\u00e5n V\u00e4nsterpartiet"}]},{"@type":"WebSite","@id":"https:\/\/www.almega.se\/#website","url":"https:\/\/www.almega.se\/","name":"Almega","description":"","potentialAction":[{"@type":"SearchAction","target":{"@type":"EntryPoint","urlTemplate":"https:\/\/www.almega.se\/?s={search_term_string}"},"query-input":{"@type":"PropertyValueSpecification","valueRequired":true,"valueName":"search_term_string"}}],"inLanguage":"sv-SE"},{"@type":"Person","@id":"https:\/\/www.almega.se\/#\/schema\/person\/43c6ef5d04a0c99f85f3daec7f6a5851","name":"Andreas Eriksson","image":{"@type":"ImageObject","inLanguage":"sv-SE","@id":"https:\/\/www.almega.se\/#\/schema\/person\/image\/","url":"https:\/\/secure.gravatar.com\/avatar\/e4e99713c1c544f0e4ebfb26b49e13cdf40ce68ebdeaea9410f71c72be9fc983?s=96&d=mm&r=g","contentUrl":"https:\/\/secure.gravatar.com\/avatar\/e4e99713c1c544f0e4ebfb26b49e13cdf40ce68ebdeaea9410f71c72be9fc983?s=96&d=mm&r=g","caption":"Andreas Eriksson"},"url":"https:\/\/www.almega.se\/person\/andreaseriksson\/"}]}},"_links":{"self":[{"href":"https:\/\/www.almega.se\/api\/wp\/v2\/posts\/26291","targetHints":{"allow":["GET"]}}],"collection":[{"href":"https:\/\/www.almega.se\/api\/wp\/v2\/posts"}],"about":[{"href":"https:\/\/www.almega.se\/api\/wp\/v2\/types\/post"}],"author":[{"embeddable":true,"href":"https:\/\/www.almega.se\/api\/wp\/v2\/users\/3381"}],"replies":[{"embeddable":true,"href":"https:\/\/www.almega.se\/api\/wp\/v2\/comments?post=26291"}],"version-history":[{"count":3,"href":"https:\/\/www.almega.se\/api\/wp\/v2\/posts\/26291\/revisions"}],"predecessor-version":[{"id":52374,"href":"https:\/\/www.almega.se\/api\/wp\/v2\/posts\/26291\/revisions\/52374"}],"wp:featuredmedia":[{"embeddable":true,"href":"https:\/\/www.almega.se\/api\/wp\/v2\/media\/25779"}],"wp:attachment":[{"href":"https:\/\/www.almega.se\/api\/wp\/v2\/media?parent=26291"}],"wp:term":[{"taxonomy":"category","embeddable":true,"href":"https:\/\/www.almega.se\/api\/wp\/v2\/categories?post=26291"},{"taxonomy":"post_tag","embeddable":true,"href":"https:\/\/www.almega.se\/api\/wp\/v2\/tags?post=26291"},{"taxonomy":"type","embeddable":true,"href":"https:\/\/www.almega.se\/api\/wp\/v2\/article_type?post=26291"},{"taxonomy":"agreement","embeddable":true,"href":"https:\/\/www.almega.se\/api\/wp\/v2\/agreement?post=26291"}],"curies":[{"name":"wp","href":"https:\/\/api.w.org\/{rel}","templated":true}]}}