{"id":26069,"date":"2019-12-02T10:46:04","date_gmt":"2019-12-02T09:46:04","guid":{"rendered":"https:\/\/www.almega.se\/?p=26069"},"modified":"2019-12-02T10:46:04","modified_gmt":"2019-12-02T09:46:04","slug":"sa-far-vi-fler-talanger-till-sverige","status":"publish","type":"post","link":"https:\/\/www.almega.se\/2019\/12\/sa-far-vi-fler-talanger-till-sverige\/","title":{"rendered":"S\u00e5 f\u00e5r vi fler talanger till Sverige"},"content":{"rendered":"<p class=\"intro\">\u00d6ppnare regler f\u00f6r kompetensinvandring \u00e4r viktigt f\u00f6r att Sverige ska kunna konkurrera med andra l\u00e4nder om den h\u00f6gkvalificerade arbetskraften. Det \u00e4r oroande att politiska partier v\u00e4ckt fr\u00e5gan om att strama \u00e5t reglerna f\u00f6r kompetensinvandringen och bland annat \u00e5terinf\u00f6ra myndighetspr\u00f6vningen f\u00f6r arbetstillst\u00e5nd, menar Almega i en ny rapport.<\/p>\n\n<p>&#8211; De \u00f6ppnare reglerna f\u00f6r kompetensinvandring \u00e4r en viktig f\u00f6rdel f\u00f6r Sverige i konkurrensen om internationella talanger. Det \u00e4r bekymmersamt att det finns partier som envisas med att vilja \u00e5terinf\u00f6ra myndighetspr\u00f6vning av arbetstillst\u00e5nd. V\u00e4gen fram\u00e5t \u00e4r inte mer byr\u00e5krati, utan att \u00f6ka m\u00f6jligheterna f\u00f6r fler talanger att komma hit och hj\u00e4lpa f\u00f6retagen att utvecklas, s\u00e4ger Patrick Joyce, chefekonom p\u00e5 Almega.<\/p>\n\n\n\n<p>En ny rapport fr\u00e5n Almega visar att Sverige hittills st\u00e5r sig v\u00e4l i den internationella konkurrensen. I internationella rankingar av hur attraktiva l\u00e4nder \u00e4r f\u00f6r h\u00f6gutbildad arbetskraft kommer Sverige h\u00f6gt. OECD rankar till och med Sverige p\u00e5 andra plats bland medlemsl\u00e4nderna. Denna h\u00f6ga placering beror till stor del p\u00e5 att vi har \u00f6ppnare regler f\u00f6r kompetensinvandring och en smidigare och snabbare handl\u00e4ggning av arbetstillst\u00e5nd \u00e4n de flesta andra konkurrentl\u00e4nder.<\/p>\n\n\n\n<p>&#8211; Trots konjunkturnedg\u00e5ngen har fortfarande stora delar av tj\u00e4nstesektorn brist p\u00e5 viktig kompetens. N\u00e4stan h\u00e4lften av alla arkitektf\u00f6retag och tekniska konsulter och 60 procent av alla IT-konsultf\u00f6retag hade brist p\u00e5 personal det tredje kvartalet i \u00e5r, s\u00e4ger Patrick Joyce.<\/p>\n\n\n\n<p>&#8211; Vi f\u00f6resl\u00e5r ocks\u00e5 ett s\u00e4rskilt talangvisum f\u00f6r att ge personer med h\u00f6g utbildning eller s\u00e4rskild yrkeskompetens r\u00e4tt att komma hit och s\u00f6ka arbete p\u00e5 plats. F\u00f6r att Sverige ska klara turbokonkurrensen i v\u00e4rlden \u00e4r det ett m\u00e5ste, s\u00e4ger Patrick Joyce.<\/p>\n\n\n\n<p><a class=\"button\" href=\"https:\/\/www.almega.se\/app\/uploads\/2019\/12\/hur-bra-ar-sverige-pa-talangattraktion-1.pdf\" target=\"_blank\" rel=\"noopener noreferrer\">Hur bra \u00e4r Sverige p\u00e5 talangattraktion?&nbsp;<\/a><\/p>\n","protected":false},"excerpt":{"rendered":"<p>&#8211; De \u00f6ppnare reglerna f\u00f6r kompetensinvandring \u00e4r en viktig f\u00f6rdel f\u00f6r Sverige i konkurrensen om internationella talanger. Det \u00e4r bekymmersamt att det finns partier som envisas med att vilja \u00e5terinf\u00f6ra myndighetspr\u00f6vning av arbetstillst\u00e5nd. V\u00e4gen fram\u00e5t &hellip;<\/p>\n","protected":false},"author":3381,"featured_media":26106,"comment_status":"closed","ping_status":"closed","sticky":false,"template":"","format":"standard","meta":{"_acf_changed":false,"footnotes":""},"categories":[64,419],"tags":[543,70],"article_type":[42],"agreement":[],"class_list":["post-26069","post","type-post","status-publish","format-standard","has-post-thumbnail","hentry","category-arbetsmarknad","category-kompetensforsorjning","tag-arbetskraftsinvandring","tag-integration","type-rapporter"],"acf":[],"yoast_head":"<!-- This site is optimized with the Yoast SEO Premium plugin v26.8 (Yoast SEO v26.8) - https:\/\/yoast.com\/product\/yoast-seo-premium-wordpress\/ -->\n<title>S\u00e5 f\u00e5r vi fler talanger till Sverige | Almega<\/title>\n<meta name=\"description\" content=\"\u00d6ppnare regler f\u00f6r kompetensinvandring \u00e4r viktigt f\u00f6r att Sverige ska kunna konkurrera med andra l\u00e4nder om h\u00f6gkvalificerad arbetskraft.\" \/>\n<meta name=\"robots\" content=\"index, follow, max-snippet:-1, max-image-preview:large, max-video-preview:-1\" \/>\n<link rel=\"canonical\" href=\"https:\/\/www.almega.se\/2019\/12\/sa-far-vi-fler-talanger-till-sverige\/\" \/>\n<meta property=\"og:locale\" content=\"sv_SE\" \/>\n<meta property=\"og:type\" content=\"article\" \/>\n<meta property=\"og:title\" content=\"S\u00e5 f\u00e5r vi fler talanger till Sverige\" \/>\n<meta property=\"og:description\" content=\"\u00d6ppnare regler f\u00f6r kompetensinvandring \u00e4r viktigt f\u00f6r att Sverige ska kunna konkurrera med andra l\u00e4nder om h\u00f6gkvalificerad arbetskraft.\" \/>\n<meta property=\"og:url\" content=\"https:\/\/www.almega.se\/2019\/12\/sa-far-vi-fler-talanger-till-sverige\/\" \/>\n<meta property=\"og:site_name\" content=\"Almega\" \/>\n<meta property=\"article:published_time\" content=\"2019-12-02T09:46:04+00:00\" \/>\n<meta property=\"og:image\" content=\"https:\/\/www.almega.se\/app\/uploads\/2019\/12\/patrick-joyce-liggande.jpg\" \/>\n\t<meta property=\"og:image:width\" content=\"1000\" \/>\n\t<meta property=\"og:image:height\" content=\"600\" \/>\n\t<meta property=\"og:image:type\" content=\"image\/jpeg\" \/>\n<meta name=\"author\" content=\"Andreas Eriksson\" \/>\n<meta name=\"twitter:card\" content=\"summary_large_image\" \/>\n<meta name=\"twitter:label1\" content=\"Skriven av\" \/>\n\t<meta name=\"twitter:data1\" content=\"Andreas Eriksson\" \/>\n\t<meta name=\"twitter:label2\" content=\"Ber\u00e4knad l\u00e4stid\" \/>\n\t<meta name=\"twitter:data2\" content=\"2 minuter\" \/>\n<!-- \/ Yoast SEO Premium plugin. -->","yoast_head_json":{"title":"S\u00e5 f\u00e5r vi fler talanger till Sverige | Almega","description":"\u00d6ppnare regler f\u00f6r kompetensinvandring \u00e4r viktigt f\u00f6r att Sverige ska kunna konkurrera med andra l\u00e4nder om h\u00f6gkvalificerad arbetskraft.","robots":{"index":"index","follow":"follow","max-snippet":"max-snippet:-1","max-image-preview":"max-image-preview:large","max-video-preview":"max-video-preview:-1"},"canonical":"https:\/\/www.almega.se\/2019\/12\/sa-far-vi-fler-talanger-till-sverige\/","og_locale":"sv_SE","og_type":"article","og_title":"S\u00e5 f\u00e5r vi fler talanger till Sverige","og_description":"\u00d6ppnare regler f\u00f6r kompetensinvandring \u00e4r viktigt f\u00f6r att Sverige ska kunna konkurrera med andra l\u00e4nder om h\u00f6gkvalificerad arbetskraft.","og_url":"https:\/\/www.almega.se\/2019\/12\/sa-far-vi-fler-talanger-till-sverige\/","og_site_name":"Almega","article_published_time":"2019-12-02T09:46:04+00:00","og_image":[{"width":1000,"height":600,"url":"https:\/\/www.almega.se\/app\/uploads\/2019\/12\/patrick-joyce-liggande.jpg","type":"image\/jpeg"}],"author":"Andreas Eriksson","twitter_card":"summary_large_image","twitter_misc":{"Skriven av":"Andreas Eriksson","Ber\u00e4knad l\u00e4stid":"2 minuter"},"schema":{"@context":"https:\/\/schema.org","@graph":[{"@type":"NewsArticle","@id":"https:\/\/www.almega.se\/2019\/12\/sa-far-vi-fler-talanger-till-sverige\/#article","isPartOf":{"@id":"https:\/\/www.almega.se\/2019\/12\/sa-far-vi-fler-talanger-till-sverige\/"},"author":{"name":"Andreas Eriksson","@id":"https:\/\/www.almega.se\/#\/schema\/person\/43c6ef5d04a0c99f85f3daec7f6a5851"},"headline":"S\u00e5 f\u00e5r vi fler talanger till Sverige","datePublished":"2019-12-02T09:46:04+00:00","mainEntityOfPage":{"@id":"https:\/\/www.almega.se\/2019\/12\/sa-far-vi-fler-talanger-till-sverige\/"},"wordCount":269,"image":{"@id":"https:\/\/www.almega.se\/2019\/12\/sa-far-vi-fler-talanger-till-sverige\/#primaryimage"},"thumbnailUrl":"https:\/\/www.almega.se\/app\/uploads\/2019\/12\/patrick-joyce-liggande.jpg","keywords":["Arbetskraftsinvandring","Integration"],"articleSection":["Arbetsmarknad","Kompetensf\u00f6rs\u00f6rjning"],"inLanguage":"sv-SE"},{"@type":"WebPage","@id":"https:\/\/www.almega.se\/2019\/12\/sa-far-vi-fler-talanger-till-sverige\/","url":"https:\/\/www.almega.se\/2019\/12\/sa-far-vi-fler-talanger-till-sverige\/","name":"S\u00e5 f\u00e5r vi fler talanger till Sverige | Almega","isPartOf":{"@id":"https:\/\/www.almega.se\/#website"},"primaryImageOfPage":{"@id":"https:\/\/www.almega.se\/2019\/12\/sa-far-vi-fler-talanger-till-sverige\/#primaryimage"},"image":{"@id":"https:\/\/www.almega.se\/2019\/12\/sa-far-vi-fler-talanger-till-sverige\/#primaryimage"},"thumbnailUrl":"https:\/\/www.almega.se\/app\/uploads\/2019\/12\/patrick-joyce-liggande.jpg","datePublished":"2019-12-02T09:46:04+00:00","author":{"@id":"https:\/\/www.almega.se\/#\/schema\/person\/43c6ef5d04a0c99f85f3daec7f6a5851"},"description":"\u00d6ppnare regler f\u00f6r kompetensinvandring \u00e4r viktigt f\u00f6r att Sverige ska kunna konkurrera med andra l\u00e4nder om h\u00f6gkvalificerad arbetskraft.","breadcrumb":{"@id":"https:\/\/www.almega.se\/2019\/12\/sa-far-vi-fler-talanger-till-sverige\/#breadcrumb"},"inLanguage":"sv-SE","potentialAction":[{"@type":"ReadAction","target":["https:\/\/www.almega.se\/2019\/12\/sa-far-vi-fler-talanger-till-sverige\/"]}]},{"@type":"ImageObject","inLanguage":"sv-SE","@id":"https:\/\/www.almega.se\/2019\/12\/sa-far-vi-fler-talanger-till-sverige\/#primaryimage","url":"https:\/\/www.almega.se\/app\/uploads\/2019\/12\/patrick-joyce-liggande.jpg","contentUrl":"https:\/\/www.almega.se\/app\/uploads\/2019\/12\/patrick-joyce-liggande.jpg","width":1000,"height":600},{"@type":"BreadcrumbList","@id":"https:\/\/www.almega.se\/2019\/12\/sa-far-vi-fler-talanger-till-sverige\/#breadcrumb","itemListElement":[{"@type":"ListItem","position":1,"name":"Home","item":"https:\/\/www.almega.se\/"},{"@type":"ListItem","position":2,"name":"S\u00e5 f\u00e5r vi fler talanger till Sverige"}]},{"@type":"WebSite","@id":"https:\/\/www.almega.se\/#website","url":"https:\/\/www.almega.se\/","name":"Almega","description":"","potentialAction":[{"@type":"SearchAction","target":{"@type":"EntryPoint","urlTemplate":"https:\/\/www.almega.se\/?s={search_term_string}"},"query-input":{"@type":"PropertyValueSpecification","valueRequired":true,"valueName":"search_term_string"}}],"inLanguage":"sv-SE"},{"@type":"Person","@id":"https:\/\/www.almega.se\/#\/schema\/person\/43c6ef5d04a0c99f85f3daec7f6a5851","name":"Andreas Eriksson","image":{"@type":"ImageObject","inLanguage":"sv-SE","@id":"https:\/\/www.almega.se\/#\/schema\/person\/image\/","url":"https:\/\/secure.gravatar.com\/avatar\/e4e99713c1c544f0e4ebfb26b49e13cdf40ce68ebdeaea9410f71c72be9fc983?s=96&d=mm&r=g","contentUrl":"https:\/\/secure.gravatar.com\/avatar\/e4e99713c1c544f0e4ebfb26b49e13cdf40ce68ebdeaea9410f71c72be9fc983?s=96&d=mm&r=g","caption":"Andreas Eriksson"},"url":"https:\/\/www.almega.se\/person\/andreaseriksson\/"}]}},"_links":{"self":[{"href":"https:\/\/www.almega.se\/api\/wp\/v2\/posts\/26069","targetHints":{"allow":["GET"]}}],"collection":[{"href":"https:\/\/www.almega.se\/api\/wp\/v2\/posts"}],"about":[{"href":"https:\/\/www.almega.se\/api\/wp\/v2\/types\/post"}],"author":[{"embeddable":true,"href":"https:\/\/www.almega.se\/api\/wp\/v2\/users\/3381"}],"replies":[{"embeddable":true,"href":"https:\/\/www.almega.se\/api\/wp\/v2\/comments?post=26069"}],"version-history":[{"count":2,"href":"https:\/\/www.almega.se\/api\/wp\/v2\/posts\/26069\/revisions"}],"predecessor-version":[{"id":52360,"href":"https:\/\/www.almega.se\/api\/wp\/v2\/posts\/26069\/revisions\/52360"}],"wp:featuredmedia":[{"embeddable":true,"href":"https:\/\/www.almega.se\/api\/wp\/v2\/media\/26106"}],"wp:attachment":[{"href":"https:\/\/www.almega.se\/api\/wp\/v2\/media?parent=26069"}],"wp:term":[{"taxonomy":"category","embeddable":true,"href":"https:\/\/www.almega.se\/api\/wp\/v2\/categories?post=26069"},{"taxonomy":"post_tag","embeddable":true,"href":"https:\/\/www.almega.se\/api\/wp\/v2\/tags?post=26069"},{"taxonomy":"type","embeddable":true,"href":"https:\/\/www.almega.se\/api\/wp\/v2\/article_type?post=26069"},{"taxonomy":"agreement","embeddable":true,"href":"https:\/\/www.almega.se\/api\/wp\/v2\/agreement?post=26069"}],"curies":[{"name":"wp","href":"https:\/\/api.w.org\/{rel}","templated":true}]}}