{"id":26016,"date":"2019-11-28T15:18:14","date_gmt":"2019-11-28T14:18:14","guid":{"rendered":"https:\/\/www.almega.se\/?p=26016"},"modified":"2019-11-28T15:18:14","modified_gmt":"2019-11-28T14:18:14","slug":"darfor-behovs-ett-intensivar-for-integrationen","status":"publish","type":"post","link":"https:\/\/www.almega.se\/2019\/11\/darfor-behovs-ett-intensivar-for-integrationen\/","title":{"rendered":"D\u00e4rf\u00f6r beh\u00f6vs ett intensiv\u00e5r f\u00f6r integrationen"},"content":{"rendered":"<p class=\"intro\">Sverige st\u00e5r inf\u00f6r en stor integrationsutmaning. Bara en tredjedel av de nyanl\u00e4nda har egen f\u00f6rs\u00f6rjning efter tv\u00e5 \u00e5r i etableringsprogrammet. I en ny rapport f\u00f6resl\u00e5r Almega att kommande intensiv\u00e5r ska vara den fr\u00e4msta integrationsinsatsen f\u00f6r nyanl\u00e4nda som kan arbeta och har arbetslivserfarenhet med sig fr\u00e5n hemlandet.<\/p>\n\n<p>Praktik hos f\u00f6retag som har behov av att anst\u00e4lla \u00e4r nyckeln till att nyanl\u00e4nda kan bli anst\u00e4llningsbara i bristyrke efter ett intensiv\u00e5r. Ett intensivt \u00e5r med aktiviteter p\u00e5 fritiden som mentortr\u00e4ffar och digitala spr\u00e5kutbildningar beh\u00f6vs f\u00f6r att f\u00f6rb\u00e4ttra integrationen av nyanl\u00e4nda.<\/p>\n\n\n\n<p>Intensiv\u00e5ret \u00e4r en del av januariavtalet, regeringens \u00f6verenskommelse med Centerpartiet och Liberalerna.<\/p>\n\n\n\n<p>M\u00e5ls\u00e4ttningen b\u00f6r vara att \u00e5tminstone 5 000 nyanl\u00e4nda \u00e5rligen deltar i intensiv\u00e5ret. Frist\u00e5ende jobbf\u00f6rmedlare b\u00f6r ha uppdraget att samordna aktiviteter och matcha de nyanl\u00e4nda till praktik och jobb.<\/p>\n\n\n\n<p><a class=\"button\" href=\"https:\/\/www.almega.se\/app\/uploads\/2019\/11\/hur-ska-intensivaret-utformas.pdf\">Hur ska intensiv\u00e5ret utformas?<\/a><\/p>\n","protected":false},"excerpt":{"rendered":"<p>Praktik hos f\u00f6retag som har behov av att anst\u00e4lla \u00e4r nyckeln till att nyanl\u00e4nda kan bli anst\u00e4llningsbara i bristyrke efter ett intensiv\u00e5r. Ett intensivt \u00e5r med aktiviteter p\u00e5 fritiden som mentortr\u00e4ffar och digitala spr\u00e5kutbildningar beh\u00f6vs &hellip;<\/p>\n","protected":false},"author":3381,"featured_media":26025,"comment_status":"closed","ping_status":"closed","sticky":false,"template":"","format":"standard","meta":{"_acf_changed":false,"footnotes":""},"categories":[64],"tags":[70],"article_type":[56,42],"agreement":[],"class_list":["post-26016","post","type-post","status-publish","format-standard","has-post-thumbnail","hentry","category-arbetsmarknad","tag-integration","type-nyheter","type-rapporter"],"acf":[],"yoast_head":"<!-- This site is optimized with the Yoast SEO Premium plugin v26.8 (Yoast SEO v26.8) - https:\/\/yoast.com\/product\/yoast-seo-premium-wordpress\/ -->\n<title>D\u00e4rf\u00f6r beh\u00f6vs ett intensiv\u00e5r f\u00f6r integrationen | Almega<\/title>\n<meta name=\"description\" content=\"I en ny rapport f\u00f6resl\u00e5r Almega att kommande intensiv\u00e5r ska vara den fr\u00e4msta integrationsinsatsen f\u00f6r nyanl\u00e4nda som kan arbeta.\" \/>\n<meta name=\"robots\" content=\"index, follow, max-snippet:-1, max-image-preview:large, max-video-preview:-1\" \/>\n<link rel=\"canonical\" href=\"https:\/\/www.almega.se\/2019\/11\/darfor-behovs-ett-intensivar-for-integrationen\/\" \/>\n<meta property=\"og:locale\" content=\"sv_SE\" \/>\n<meta property=\"og:type\" content=\"article\" \/>\n<meta property=\"og:title\" content=\"D\u00e4rf\u00f6r beh\u00f6vs ett intensiv\u00e5r f\u00f6r integrationen\" \/>\n<meta property=\"og:description\" content=\"I en ny rapport f\u00f6resl\u00e5r Almega att kommande intensiv\u00e5r ska vara den fr\u00e4msta integrationsinsatsen f\u00f6r nyanl\u00e4nda som kan arbeta.\" \/>\n<meta property=\"og:url\" content=\"https:\/\/www.almega.se\/2019\/11\/darfor-behovs-ett-intensivar-for-integrationen\/\" \/>\n<meta property=\"og:site_name\" content=\"Almega\" \/>\n<meta property=\"article:published_time\" content=\"2019-11-28T14:18:14+00:00\" \/>\n<meta property=\"og:image\" content=\"https:\/\/www.almega.se\/app\/uploads\/2019\/11\/almega-intensivar-3-1180x787.jpg\" \/>\n\t<meta property=\"og:image:width\" content=\"1180\" \/>\n\t<meta property=\"og:image:height\" content=\"787\" \/>\n\t<meta property=\"og:image:type\" content=\"image\/jpeg\" \/>\n<meta name=\"author\" content=\"Andreas Eriksson\" \/>\n<meta name=\"twitter:card\" content=\"summary_large_image\" \/>\n<meta name=\"twitter:label1\" content=\"Skriven av\" \/>\n\t<meta name=\"twitter:data1\" content=\"Andreas Eriksson\" \/>\n\t<meta name=\"twitter:label2\" content=\"Ber\u00e4knad l\u00e4stid\" \/>\n\t<meta name=\"twitter:data2\" content=\"1 minut\" \/>\n<!-- \/ Yoast SEO Premium plugin. -->","yoast_head_json":{"title":"D\u00e4rf\u00f6r beh\u00f6vs ett intensiv\u00e5r f\u00f6r integrationen | Almega","description":"I en ny rapport f\u00f6resl\u00e5r Almega att kommande intensiv\u00e5r ska vara den fr\u00e4msta integrationsinsatsen f\u00f6r nyanl\u00e4nda som kan arbeta.","robots":{"index":"index","follow":"follow","max-snippet":"max-snippet:-1","max-image-preview":"max-image-preview:large","max-video-preview":"max-video-preview:-1"},"canonical":"https:\/\/www.almega.se\/2019\/11\/darfor-behovs-ett-intensivar-for-integrationen\/","og_locale":"sv_SE","og_type":"article","og_title":"D\u00e4rf\u00f6r beh\u00f6vs ett intensiv\u00e5r f\u00f6r integrationen","og_description":"I en ny rapport f\u00f6resl\u00e5r Almega att kommande intensiv\u00e5r ska vara den fr\u00e4msta integrationsinsatsen f\u00f6r nyanl\u00e4nda som kan arbeta.","og_url":"https:\/\/www.almega.se\/2019\/11\/darfor-behovs-ett-intensivar-for-integrationen\/","og_site_name":"Almega","article_published_time":"2019-11-28T14:18:14+00:00","og_image":[{"width":1180,"height":787,"url":"https:\/\/www.almega.se\/app\/uploads\/2019\/11\/almega-intensivar-3-1180x787.jpg","type":"image\/jpeg"}],"author":"Andreas Eriksson","twitter_card":"summary_large_image","twitter_misc":{"Skriven av":"Andreas Eriksson","Ber\u00e4knad l\u00e4stid":"1 minut"},"schema":{"@context":"https:\/\/schema.org","@graph":[{"@type":"NewsArticle","@id":"https:\/\/www.almega.se\/2019\/11\/darfor-behovs-ett-intensivar-for-integrationen\/#article","isPartOf":{"@id":"https:\/\/www.almega.se\/2019\/11\/darfor-behovs-ett-intensivar-for-integrationen\/"},"author":{"name":"Andreas Eriksson","@id":"https:\/\/www.almega.se\/#\/schema\/person\/43c6ef5d04a0c99f85f3daec7f6a5851"},"headline":"D\u00e4rf\u00f6r beh\u00f6vs ett intensiv\u00e5r f\u00f6r integrationen","datePublished":"2019-11-28T14:18:14+00:00","mainEntityOfPage":{"@id":"https:\/\/www.almega.se\/2019\/11\/darfor-behovs-ett-intensivar-for-integrationen\/"},"wordCount":117,"image":{"@id":"https:\/\/www.almega.se\/2019\/11\/darfor-behovs-ett-intensivar-for-integrationen\/#primaryimage"},"thumbnailUrl":"https:\/\/www.almega.se\/app\/uploads\/2019\/11\/almega-intensivar-3.jpg","keywords":["Integration"],"articleSection":["Arbetsmarknad"],"inLanguage":"sv-SE"},{"@type":"WebPage","@id":"https:\/\/www.almega.se\/2019\/11\/darfor-behovs-ett-intensivar-for-integrationen\/","url":"https:\/\/www.almega.se\/2019\/11\/darfor-behovs-ett-intensivar-for-integrationen\/","name":"D\u00e4rf\u00f6r beh\u00f6vs ett intensiv\u00e5r f\u00f6r integrationen | Almega","isPartOf":{"@id":"https:\/\/www.almega.se\/#website"},"primaryImageOfPage":{"@id":"https:\/\/www.almega.se\/2019\/11\/darfor-behovs-ett-intensivar-for-integrationen\/#primaryimage"},"image":{"@id":"https:\/\/www.almega.se\/2019\/11\/darfor-behovs-ett-intensivar-for-integrationen\/#primaryimage"},"thumbnailUrl":"https:\/\/www.almega.se\/app\/uploads\/2019\/11\/almega-intensivar-3.jpg","datePublished":"2019-11-28T14:18:14+00:00","author":{"@id":"https:\/\/www.almega.se\/#\/schema\/person\/43c6ef5d04a0c99f85f3daec7f6a5851"},"description":"I en ny rapport f\u00f6resl\u00e5r Almega att kommande intensiv\u00e5r ska vara den fr\u00e4msta integrationsinsatsen f\u00f6r nyanl\u00e4nda som kan arbeta.","breadcrumb":{"@id":"https:\/\/www.almega.se\/2019\/11\/darfor-behovs-ett-intensivar-for-integrationen\/#breadcrumb"},"inLanguage":"sv-SE","potentialAction":[{"@type":"ReadAction","target":["https:\/\/www.almega.se\/2019\/11\/darfor-behovs-ett-intensivar-for-integrationen\/"]}]},{"@type":"ImageObject","inLanguage":"sv-SE","@id":"https:\/\/www.almega.se\/2019\/11\/darfor-behovs-ett-intensivar-for-integrationen\/#primaryimage","url":"https:\/\/www.almega.se\/app\/uploads\/2019\/11\/almega-intensivar-3.jpg","contentUrl":"https:\/\/www.almega.se\/app\/uploads\/2019\/11\/almega-intensivar-3.jpg","width":4000,"height":2668,"caption":"Intensiv\u00e5r"},{"@type":"BreadcrumbList","@id":"https:\/\/www.almega.se\/2019\/11\/darfor-behovs-ett-intensivar-for-integrationen\/#breadcrumb","itemListElement":[{"@type":"ListItem","position":1,"name":"Home","item":"https:\/\/www.almega.se\/"},{"@type":"ListItem","position":2,"name":"D\u00e4rf\u00f6r beh\u00f6vs ett intensiv\u00e5r f\u00f6r integrationen"}]},{"@type":"WebSite","@id":"https:\/\/www.almega.se\/#website","url":"https:\/\/www.almega.se\/","name":"Almega","description":"","potentialAction":[{"@type":"SearchAction","target":{"@type":"EntryPoint","urlTemplate":"https:\/\/www.almega.se\/?s={search_term_string}"},"query-input":{"@type":"PropertyValueSpecification","valueRequired":true,"valueName":"search_term_string"}}],"inLanguage":"sv-SE"},{"@type":"Person","@id":"https:\/\/www.almega.se\/#\/schema\/person\/43c6ef5d04a0c99f85f3daec7f6a5851","name":"Andreas Eriksson","image":{"@type":"ImageObject","inLanguage":"sv-SE","@id":"https:\/\/www.almega.se\/#\/schema\/person\/image\/","url":"https:\/\/secure.gravatar.com\/avatar\/e4e99713c1c544f0e4ebfb26b49e13cdf40ce68ebdeaea9410f71c72be9fc983?s=96&d=mm&r=g","contentUrl":"https:\/\/secure.gravatar.com\/avatar\/e4e99713c1c544f0e4ebfb26b49e13cdf40ce68ebdeaea9410f71c72be9fc983?s=96&d=mm&r=g","caption":"Andreas Eriksson"},"url":"https:\/\/www.almega.se\/person\/andreaseriksson\/"}]}},"_links":{"self":[{"href":"https:\/\/www.almega.se\/api\/wp\/v2\/posts\/26016","targetHints":{"allow":["GET"]}}],"collection":[{"href":"https:\/\/www.almega.se\/api\/wp\/v2\/posts"}],"about":[{"href":"https:\/\/www.almega.se\/api\/wp\/v2\/types\/post"}],"author":[{"embeddable":true,"href":"https:\/\/www.almega.se\/api\/wp\/v2\/users\/3381"}],"replies":[{"embeddable":true,"href":"https:\/\/www.almega.se\/api\/wp\/v2\/comments?post=26016"}],"version-history":[{"count":3,"href":"https:\/\/www.almega.se\/api\/wp\/v2\/posts\/26016\/revisions"}],"predecessor-version":[{"id":52353,"href":"https:\/\/www.almega.se\/api\/wp\/v2\/posts\/26016\/revisions\/52353"}],"wp:featuredmedia":[{"embeddable":true,"href":"https:\/\/www.almega.se\/api\/wp\/v2\/media\/26025"}],"wp:attachment":[{"href":"https:\/\/www.almega.se\/api\/wp\/v2\/media?parent=26016"}],"wp:term":[{"taxonomy":"category","embeddable":true,"href":"https:\/\/www.almega.se\/api\/wp\/v2\/categories?post=26016"},{"taxonomy":"post_tag","embeddable":true,"href":"https:\/\/www.almega.se\/api\/wp\/v2\/tags?post=26016"},{"taxonomy":"type","embeddable":true,"href":"https:\/\/www.almega.se\/api\/wp\/v2\/article_type?post=26016"},{"taxonomy":"agreement","embeddable":true,"href":"https:\/\/www.almega.se\/api\/wp\/v2\/agreement?post=26016"}],"curies":[{"name":"wp","href":"https:\/\/api.w.org\/{rel}","templated":true}]}}