{"id":25777,"date":"2019-11-19T09:11:05","date_gmt":"2019-11-19T08:11:05","guid":{"rendered":"https:\/\/www.almega.se\/?p=25777"},"modified":"2019-11-19T09:11:05","modified_gmt":"2019-11-19T08:11:05","slug":"tjanstesektorn-ar-goteborgs-integrationsmotor-2","status":"publish","type":"post","link":"https:\/\/www.almega.se\/2019\/11\/tjanstesektorn-ar-goteborgs-integrationsmotor-2\/","title":{"rendered":"Tj\u00e4nstesektorn \u00e4r G\u00f6teborgs integrationsmotor"},"content":{"rendered":"<p class=\"intro\"><span data-contrast=\"auto\">I en ny rapport presenterar arbetsgivarorganisationen Almega en unik yrkeskartl\u00e4ggning gjord av SCB. Den visar att tj\u00e4nstesektorn \u00e4r en jobb- och integrationsmotor f\u00f6r nyanl\u00e4nda i utsatta omr\u00e5den i G\u00f6teborgs kommun. Ska fler m\u00e4nniskor f\u00e5 jobb kr\u00e4vs det att f\u00f6retagsklimatet f\u00f6rb\u00e4ttras f\u00f6r tj\u00e4nstef\u00f6retag i G\u00f6teborg.<\/span><\/p>\n\n<p>&#8211; Tj\u00e4nstesektorn \u00e4r G\u00f6teborgs integrationsmotor. N\u00e4stan 100 procent av de nyanl\u00e4nda kvinnorna jobbar i v\u00e5ra branscher. Men det g\u00e5r f\u00f6r l\u00e5ngsamt och tr\u00f6sklarna \u00e4r f\u00f6r h\u00f6ga. Idag tar det \u00e5tta \u00e5r i genomsnitt innan man f\u00e5r chansen att f\u00e5 jobb, s\u00e4ger Andreas \u00c5str\u00f6m, chef f\u00f6r N\u00e4ringspolitik och kommunikation p\u00e5 Almega.&nbsp;<span data-ccp-props=\"{&quot;201341983&quot;:0,&quot;335559739&quot;:240,&quot;335559740&quot;:240}\">&nbsp;<\/span><\/p>\n\n\n\n<p><span data-contrast=\"auto\">SCB&nbsp;<\/span><span data-contrast=\"auto\">har&nbsp;<\/span><span data-contrast=\"auto\">p\u00e5 uppdrag av Almega kartlagt v<\/span><span data-contrast=\"auto\">ad m\u00e4nniskor i sju utsatta omr\u00e5den arbetar med<\/span><span data-contrast=\"auto\">. Yrken i tj\u00e4nste- och servicesektorn dominerar och en stor andel jobbar i vanliga bristyrken med f\u00f6rh\u00e5llandevis l\u00e5ga krav p\u00e5 utbildning.&nbsp;<\/span><span data-ccp-props=\"{&quot;201341983&quot;:0,&quot;335559739&quot;:240,&quot;335559740&quot;:240}\">&nbsp;<\/span><\/p>\n\n\n\n<p><span data-contrast=\"auto\">&nbsp;&#8211; Utmaningen handlar ocks\u00e5 om hur vi f\u00e5r anst\u00e4llda att g\u00e5 fr\u00e5n ing\u00e5ngsjobb till bristyrken. Vi har f\u00f6reslagit ett kompetensavdrag&nbsp;<\/span><span data-contrast=\"auto\">som inneb\u00e4r att f\u00f6retag f\u00e5r \u00f6kade avdragsm\u00f6jligheter n\u00e4r de investerar i sin personals kompetensutveckling,<\/span><span data-contrast=\"auto\">&nbsp;s\u00e4ger Andreas \u00c5str\u00f6m.&nbsp;<\/span><span data-ccp-props=\"{&quot;201341983&quot;:0,&quot;335559739&quot;:240,&quot;335559740&quot;:240}\">&nbsp;<\/span><\/p>\n\n\n\n<p><span data-contrast=\"auto\">&nbsp;&#8211; Ska fler nyanl\u00e4nda f\u00e5 jobb kr\u00e4vs det att vi f\u00f6rb\u00e4ttrar f\u00f6retagsklimatet i staden. Det handlar dels om att kommunala bolag inte ska&nbsp;<\/span><span data-contrast=\"auto\">konkurrera&nbsp;<\/span><span data-contrast=\"auto\">med&nbsp;<\/span><span data-contrast=\"auto\">den&nbsp;<\/span><span data-contrast=\"auto\">fria f\u00f6retagsamheten<\/span><span data-contrast=\"auto\">,<\/span><span data-contrast=\"auto\">&nbsp;<\/span><span data-contrast=\"auto\">men \u00e4ven att G\u00f6teborg konkurrensuts\u00e4tter mer verksamhet<\/span><span data-contrast=\"auto\">. S\u00e5 kan fler tj\u00e4nstef\u00f6retag skapa fler jobb, s\u00e4ger Andreas \u00c5str\u00f6m.&nbsp;<\/span><\/p>\n\n\n\n<p><a href=\"https:\/\/www.almega.se\/app\/uploads\/2019\/11\/sa-far-fler-i-goteborgs-utsatta-fororter-jobb.pdf\">S\u00e5 f\u00e5r fler jobb i G\u00f6teborgs utsatta f\u00f6rorter<\/a><\/p>\n","protected":false},"excerpt":{"rendered":"<p>&#8211; Tj\u00e4nstesektorn \u00e4r G\u00f6teborgs integrationsmotor. N\u00e4stan 100 procent av de nyanl\u00e4nda kvinnorna jobbar i v\u00e5ra branscher. Men det g\u00e5r f\u00f6r l\u00e5ngsamt och tr\u00f6sklarna \u00e4r f\u00f6r h\u00f6ga. Idag tar det \u00e5tta \u00e5r i genomsnitt innan man &hellip;<\/p>\n","protected":false},"author":3381,"featured_media":25779,"comment_status":"closed","ping_status":"closed","sticky":false,"template":"","format":"standard","meta":{"_acf_changed":false,"footnotes":""},"categories":[64],"tags":[70],"article_type":[42],"agreement":[],"class_list":["post-25777","post","type-post","status-publish","format-standard","has-post-thumbnail","hentry","category-arbetsmarknad","tag-integration","type-rapporter"],"acf":[],"yoast_head":"<!-- This site is optimized with the Yoast SEO Premium plugin v26.8 (Yoast SEO v26.8) - https:\/\/yoast.com\/product\/yoast-seo-premium-wordpress\/ -->\n<title>Tj\u00e4nstesektorn \u00e4r G\u00f6teborgs integrationsmotor | Almega<\/title>\n<meta name=\"description\" content=\"Rapporten visar att tj\u00e4nstesektorn \u00e4r en jobb- och integrationsmotor f\u00f6r nyanl\u00e4nda i utsatta omr\u00e5den i G\u00f6teborgs kommun.\" \/>\n<meta name=\"robots\" content=\"index, follow, max-snippet:-1, max-image-preview:large, max-video-preview:-1\" \/>\n<link rel=\"canonical\" href=\"https:\/\/www.almega.se\/2019\/11\/tjanstesektorn-ar-goteborgs-integrationsmotor-2\/\" \/>\n<meta property=\"og:locale\" content=\"sv_SE\" \/>\n<meta property=\"og:type\" content=\"article\" \/>\n<meta property=\"og:title\" content=\"Tj\u00e4nstesektorn \u00e4r G\u00f6teborgs integrationsmotor\" \/>\n<meta property=\"og:description\" content=\"Rapporten visar att tj\u00e4nstesektorn \u00e4r en jobb- och integrationsmotor f\u00f6r nyanl\u00e4nda i utsatta omr\u00e5den i G\u00f6teborgs kommun.\" \/>\n<meta property=\"og:url\" content=\"https:\/\/www.almega.se\/2019\/11\/tjanstesektorn-ar-goteborgs-integrationsmotor-2\/\" \/>\n<meta property=\"og:site_name\" content=\"Almega\" \/>\n<meta property=\"article:published_time\" content=\"2019-11-19T08:11:05+00:00\" \/>\n<meta property=\"og:image\" content=\"https:\/\/www.almega.se\/app\/uploads\/2019\/11\/astrombild.jpg\" \/>\n\t<meta property=\"og:image:width\" content=\"960\" \/>\n\t<meta property=\"og:image:height\" content=\"640\" \/>\n\t<meta property=\"og:image:type\" content=\"image\/jpeg\" \/>\n<meta name=\"author\" content=\"Andreas Eriksson\" \/>\n<meta name=\"twitter:card\" content=\"summary_large_image\" \/>\n<meta name=\"twitter:label1\" content=\"Skriven av\" \/>\n\t<meta name=\"twitter:data1\" content=\"Andreas Eriksson\" \/>\n\t<meta name=\"twitter:label2\" content=\"Ber\u00e4knad l\u00e4stid\" \/>\n\t<meta name=\"twitter:data2\" content=\"1 minut\" \/>\n<!-- \/ Yoast SEO Premium plugin. -->","yoast_head_json":{"title":"Tj\u00e4nstesektorn \u00e4r G\u00f6teborgs integrationsmotor | Almega","description":"Rapporten visar att tj\u00e4nstesektorn \u00e4r en jobb- och integrationsmotor f\u00f6r nyanl\u00e4nda i utsatta omr\u00e5den i G\u00f6teborgs kommun.","robots":{"index":"index","follow":"follow","max-snippet":"max-snippet:-1","max-image-preview":"max-image-preview:large","max-video-preview":"max-video-preview:-1"},"canonical":"https:\/\/www.almega.se\/2019\/11\/tjanstesektorn-ar-goteborgs-integrationsmotor-2\/","og_locale":"sv_SE","og_type":"article","og_title":"Tj\u00e4nstesektorn \u00e4r G\u00f6teborgs integrationsmotor","og_description":"Rapporten visar att tj\u00e4nstesektorn \u00e4r en jobb- och integrationsmotor f\u00f6r nyanl\u00e4nda i utsatta omr\u00e5den i G\u00f6teborgs kommun.","og_url":"https:\/\/www.almega.se\/2019\/11\/tjanstesektorn-ar-goteborgs-integrationsmotor-2\/","og_site_name":"Almega","article_published_time":"2019-11-19T08:11:05+00:00","og_image":[{"width":960,"height":640,"url":"https:\/\/www.almega.se\/app\/uploads\/2019\/11\/astrombild.jpg","type":"image\/jpeg"}],"author":"Andreas Eriksson","twitter_card":"summary_large_image","twitter_misc":{"Skriven av":"Andreas Eriksson","Ber\u00e4knad l\u00e4stid":"1 minut"},"schema":{"@context":"https:\/\/schema.org","@graph":[{"@type":"NewsArticle","@id":"https:\/\/www.almega.se\/2019\/11\/tjanstesektorn-ar-goteborgs-integrationsmotor-2\/#article","isPartOf":{"@id":"https:\/\/www.almega.se\/2019\/11\/tjanstesektorn-ar-goteborgs-integrationsmotor-2\/"},"author":{"name":"Andreas Eriksson","@id":"https:\/\/www.almega.se\/#\/schema\/person\/43c6ef5d04a0c99f85f3daec7f6a5851"},"headline":"Tj\u00e4nstesektorn \u00e4r G\u00f6teborgs integrationsmotor","datePublished":"2019-11-19T08:11:05+00:00","mainEntityOfPage":{"@id":"https:\/\/www.almega.se\/2019\/11\/tjanstesektorn-ar-goteborgs-integrationsmotor-2\/"},"wordCount":248,"image":{"@id":"https:\/\/www.almega.se\/2019\/11\/tjanstesektorn-ar-goteborgs-integrationsmotor-2\/#primaryimage"},"thumbnailUrl":"https:\/\/www.almega.se\/app\/uploads\/2019\/11\/astrombild.jpg","keywords":["Integration"],"articleSection":["Arbetsmarknad"],"inLanguage":"sv-SE"},{"@type":"WebPage","@id":"https:\/\/www.almega.se\/2019\/11\/tjanstesektorn-ar-goteborgs-integrationsmotor-2\/","url":"https:\/\/www.almega.se\/2019\/11\/tjanstesektorn-ar-goteborgs-integrationsmotor-2\/","name":"Tj\u00e4nstesektorn \u00e4r G\u00f6teborgs integrationsmotor | Almega","isPartOf":{"@id":"https:\/\/www.almega.se\/#website"},"primaryImageOfPage":{"@id":"https:\/\/www.almega.se\/2019\/11\/tjanstesektorn-ar-goteborgs-integrationsmotor-2\/#primaryimage"},"image":{"@id":"https:\/\/www.almega.se\/2019\/11\/tjanstesektorn-ar-goteborgs-integrationsmotor-2\/#primaryimage"},"thumbnailUrl":"https:\/\/www.almega.se\/app\/uploads\/2019\/11\/astrombild.jpg","datePublished":"2019-11-19T08:11:05+00:00","author":{"@id":"https:\/\/www.almega.se\/#\/schema\/person\/43c6ef5d04a0c99f85f3daec7f6a5851"},"description":"Rapporten visar att tj\u00e4nstesektorn \u00e4r en jobb- och integrationsmotor f\u00f6r nyanl\u00e4nda i utsatta omr\u00e5den i G\u00f6teborgs kommun.","breadcrumb":{"@id":"https:\/\/www.almega.se\/2019\/11\/tjanstesektorn-ar-goteborgs-integrationsmotor-2\/#breadcrumb"},"inLanguage":"sv-SE","potentialAction":[{"@type":"ReadAction","target":["https:\/\/www.almega.se\/2019\/11\/tjanstesektorn-ar-goteborgs-integrationsmotor-2\/"]}]},{"@type":"ImageObject","inLanguage":"sv-SE","@id":"https:\/\/www.almega.se\/2019\/11\/tjanstesektorn-ar-goteborgs-integrationsmotor-2\/#primaryimage","url":"https:\/\/www.almega.se\/app\/uploads\/2019\/11\/astrombild.jpg","contentUrl":"https:\/\/www.almega.se\/app\/uploads\/2019\/11\/astrombild.jpg","width":960,"height":640},{"@type":"BreadcrumbList","@id":"https:\/\/www.almega.se\/2019\/11\/tjanstesektorn-ar-goteborgs-integrationsmotor-2\/#breadcrumb","itemListElement":[{"@type":"ListItem","position":1,"name":"Home","item":"https:\/\/www.almega.se\/"},{"@type":"ListItem","position":2,"name":"Tj\u00e4nstesektorn \u00e4r G\u00f6teborgs integrationsmotor"}]},{"@type":"WebSite","@id":"https:\/\/www.almega.se\/#website","url":"https:\/\/www.almega.se\/","name":"Almega","description":"","potentialAction":[{"@type":"SearchAction","target":{"@type":"EntryPoint","urlTemplate":"https:\/\/www.almega.se\/?s={search_term_string}"},"query-input":{"@type":"PropertyValueSpecification","valueRequired":true,"valueName":"search_term_string"}}],"inLanguage":"sv-SE"},{"@type":"Person","@id":"https:\/\/www.almega.se\/#\/schema\/person\/43c6ef5d04a0c99f85f3daec7f6a5851","name":"Andreas Eriksson","image":{"@type":"ImageObject","inLanguage":"sv-SE","@id":"https:\/\/www.almega.se\/#\/schema\/person\/image\/","url":"https:\/\/secure.gravatar.com\/avatar\/e4e99713c1c544f0e4ebfb26b49e13cdf40ce68ebdeaea9410f71c72be9fc983?s=96&d=mm&r=g","contentUrl":"https:\/\/secure.gravatar.com\/avatar\/e4e99713c1c544f0e4ebfb26b49e13cdf40ce68ebdeaea9410f71c72be9fc983?s=96&d=mm&r=g","caption":"Andreas Eriksson"},"url":"https:\/\/www.almega.se\/person\/andreaseriksson\/"}]}},"_links":{"self":[{"href":"https:\/\/www.almega.se\/api\/wp\/v2\/posts\/25777","targetHints":{"allow":["GET"]}}],"collection":[{"href":"https:\/\/www.almega.se\/api\/wp\/v2\/posts"}],"about":[{"href":"https:\/\/www.almega.se\/api\/wp\/v2\/types\/post"}],"author":[{"embeddable":true,"href":"https:\/\/www.almega.se\/api\/wp\/v2\/users\/3381"}],"replies":[{"embeddable":true,"href":"https:\/\/www.almega.se\/api\/wp\/v2\/comments?post=25777"}],"version-history":[{"count":3,"href":"https:\/\/www.almega.se\/api\/wp\/v2\/posts\/25777\/revisions"}],"predecessor-version":[{"id":52333,"href":"https:\/\/www.almega.se\/api\/wp\/v2\/posts\/25777\/revisions\/52333"}],"wp:featuredmedia":[{"embeddable":true,"href":"https:\/\/www.almega.se\/api\/wp\/v2\/media\/25779"}],"wp:attachment":[{"href":"https:\/\/www.almega.se\/api\/wp\/v2\/media?parent=25777"}],"wp:term":[{"taxonomy":"category","embeddable":true,"href":"https:\/\/www.almega.se\/api\/wp\/v2\/categories?post=25777"},{"taxonomy":"post_tag","embeddable":true,"href":"https:\/\/www.almega.se\/api\/wp\/v2\/tags?post=25777"},{"taxonomy":"type","embeddable":true,"href":"https:\/\/www.almega.se\/api\/wp\/v2\/article_type?post=25777"},{"taxonomy":"agreement","embeddable":true,"href":"https:\/\/www.almega.se\/api\/wp\/v2\/agreement?post=25777"}],"curies":[{"name":"wp","href":"https:\/\/api.w.org\/{rel}","templated":true}]}}