{"id":25089,"date":"2019-10-15T10:40:09","date_gmt":"2019-10-15T08:40:09","guid":{"rendered":"https:\/\/www.almega.se\/?p=25089"},"modified":"2019-10-15T10:40:09","modified_gmt":"2019-10-15T08:40:09","slug":"sa-reformerar-vi-arbetsformedlingen","status":"publish","type":"post","link":"https:\/\/www.almega.se\/2019\/10\/sa-reformerar-vi-arbetsformedlingen\/","title":{"rendered":"S\u00e5 reformerar vi Arbetsf\u00f6rmedlingen"},"content":{"rendered":"<p class=\"intro\">\u00c5r 2021 ska Arbetsf\u00f6rmedlingen reformeras enligt januariavtalet mellan Socialdemokraterna, Milj\u00f6partiet, Centerpartiet och Liberalerna. Motiven \u00e4r att f\u00e5 fler m\u00e4nniskor i arbete genom f\u00f6rb\u00e4ttrad matchning p\u00e5 arbetsmarknaden.<\/p>\n\n<p>Ramarna f\u00f6r reformen \u00e4r delvis satta. Frist\u00e5ende akt\u00f6rer ska utf\u00f6ra de arbetsmarknadspolitiska insatserna i ett valfrihetssystem, som m\u00f6jligg\u00f6r att de arbetss\u00f6kande ska kunna v\u00e4lja akt\u00f6r sj\u00e4lva. Modellen med att frist\u00e5ende akt\u00f6rer sk\u00f6ter jobbskapandet \u00e4r bra, det kan bidra till innovationer, h\u00f6jd kvalitet och \u00f6kad effektivitet i arbetsmarknadspolitiken. F\u00f6ruts\u00e4ttningarna \u00e4r goda f\u00f6r att de frist\u00e5ende akt\u00f6rerna ska kunna g\u00f6ra ett bra jobb med goda resultat.<\/p>\n\n\n\n<p>Sedan 1990-talets b\u00f6rjan har arbetsmarknaden och arbetsmarknadspolitiken \u00f6ppnats upp f\u00f6r etablering av frist\u00e5ende akt\u00f6rer.<br>Arbetsf\u00f6rmedlingen har blivit konkurrensutsatt och allt mer tj\u00e4nster k\u00f6ps in av frist\u00e5ende akt\u00f6rer som upphandlas eller konkurrerar med varandra i valfrihetssystem. Avregleringarna p\u00e5 arbetsmarknaden har medf\u00f6rt att matchnings- och utbildningsbranscherna blivit en naturlig och betydande del av den privata tj\u00e4nstesektorn.<\/p>\n\n\n\n<p>Den kommande reformen har alla m\u00f6jligheter att lyckas tack vare den erfarenhet och kompetens som finns hos de m\u00e5nga matchnings- och utbildningsf\u00f6retagen. Dessutom finns v\u00e4rdefull internationell kunskap att bygga p\u00e5. Liknande reformer har genomf\u00f6rts med framg\u00e5ng i bland annat Australien och Storbritannien.<\/p>\n\n\n<a class='Share__link Share__link--url copy-text' href='#' rel='nofollow' data-text='det-nya-valfrihetssystemet' title='Dela url' data-confirmation='L\u00e4nken kopierades till urklipp'><svg class='icon icon--link'  width='18' height='18' viewBox='0 0 18 18' fill='none' xmlns='http:\/\/www.w3.org\/2000\/svg'>\n            <path d='M10.4142 0.514721L6.87868 4.05025L8.29289 5.46447L11.1213 2.63604L15.364 6.87868L12.5355 9.70711L13.9497 11.1213L17.4853 7.58579C17.8763 7.19476 17.8763 6.5626 17.4853 6.17158L11.8284 0.514721C11.4374 0.123691 10.8052 0.123691 10.4142 0.514721Z' fill='black'\/>\n            <path d='M9.7071 12.5355L6.87868 15.364L2.63604 11.1213L5.46446 8.2929L4.05025 6.87868L0.514716 10.4142C0.123686 10.8052 0.123686 11.4374 0.514716 11.8284L6.17157 17.4853C6.5626 17.8763 7.19475 17.8763 7.58578 17.4853L11.1213 13.9497L9.7071 12.5355Z' fill='black'\/>\n            <path d='M6.17157 11.8284C6.5626 12.2195 7.19475 12.2195 7.58578 11.8284L11.8284 7.58579C12.2195 7.19476 12.2195 6.56261 11.8284 6.17158C11.4374 5.78055 10.8052 5.78055 10.4142 6.17158L6.17157 10.4142C5.78054 10.8052 5.78054 11.4374 6.17157 11.8284Z' fill='black'\/>\n            <\/svg> <\/a>\n<h2 class=\"wp-block-heading\">Det nya valfrihetssystemet<\/h2>\n\n\n\n<p>Reformen kan utg\u00e5 fr\u00e5n det valfrihetssystem som idag finns inom Arbetsf\u00f6rmedlingens tj\u00e4nst St\u00f6d och matchning. Men idag \u00e4r detaljregleringen h\u00f6g vilket begr\u00e4nsar akt\u00f6rernas handlingsutrymme. Almega rekommenderar d\u00e4rf\u00f6r att det nya valfrihetssystemet baseras p\u00e5 en black box-modell, d\u00e4r akt\u00f6rerna f\u00e5r st\u00f6rre frihet att utforma tj\u00e4nsterna. Men kraven p\u00e5 kvalitet, service, tillg\u00e4nglighet och resultat ska vara h\u00f6ga.<\/p>\n\n\n\n<p>Ers\u00e4ttningsmodellen kommer ge matchningsakt\u00f6rerna starka incitament att bidra till f\u00f6rb\u00e4ttrad kompetensf\u00f6rs\u00f6rjning, minskad arbetsl\u00f6shet och l\u00e4gre bidragskostnader. Kommunernas kostnader f\u00f6r f\u00f6rs\u00f6rjningsst\u00f6d ska minska genom att de frist\u00e5ende akt\u00f6rerna hj\u00e4lper arbetsl\u00f6sa fr\u00e5n bidragsberoende till arbete. Samverkan med parternas trygghetsorganisationer ska fungera v\u00e4l.<\/p>\n\n\n\n<p>Ett v\u00e4l designat LOV-system g\u00f6r att b\u00e5de statens och kommunernas behov tillgodoses p\u00e5 b\u00e4sta s\u00e4tt, samtidigt som de arbetss\u00f6kande f\u00e5r god service, tillg\u00e4nglighet och en kortad tid i arbetsl\u00f6shet.<\/p>\n\n\n\n<p>Huvudansvarig f\u00f6r rapporten har varit Fredrik Voltaire, arbetsmarknadsekonom, Almega. Rapporten bygger vidare p\u00e5 den rapport som presenterades i januari 2019, Reformerad Arbetsf\u00f6rmedling \u2013 Almegas slutbet\u00e4nkande f\u00f6r st\u00e4rkt kompetensf\u00f6rs\u00f6rjning.<\/p>\n\n\n\n<p><a class=\"button\" href=\"https:\/\/www.almega.se\/app\/uploads\/2019\/10\/almega-sa-reformerar-vi-arbetsformedlingen-augusti-2019-1.pdf\" target=\"_blank\" rel=\"noopener noreferrer\">L\u00e4s rapporten<\/a><\/p>\n","protected":false},"excerpt":{"rendered":"<p>Ramarna f\u00f6r reformen \u00e4r delvis satta. Frist\u00e5ende akt\u00f6rer ska utf\u00f6ra de arbetsmarknadspolitiska insatserna i ett valfrihetssystem, som m\u00f6jligg\u00f6r att de arbetss\u00f6kande ska kunna v\u00e4lja akt\u00f6r sj\u00e4lva. Modellen med att frist\u00e5ende akt\u00f6rer sk\u00f6ter jobbskapandet \u00e4r bra, &hellip;<\/p>\n","protected":false},"author":3,"featured_media":25090,"comment_status":"closed","ping_status":"closed","sticky":false,"template":"","format":"standard","meta":{"_acf_changed":false,"footnotes":""},"categories":[64],"tags":[423],"article_type":[42],"agreement":[],"class_list":["post-25089","post","type-post","status-publish","format-standard","has-post-thumbnail","hentry","category-arbetsmarknad","tag-arbetsformedling","type-rapporter"],"acf":[],"yoast_head":"<!-- This site is optimized with the Yoast SEO Premium plugin v26.8 (Yoast SEO v26.8) - https:\/\/yoast.com\/product\/yoast-seo-premium-wordpress\/ -->\n<title>S\u00e5 reformerar vi Arbetsf\u00f6rmedlingen | Almega<\/title>\n<meta name=\"robots\" content=\"index, follow, max-snippet:-1, max-image-preview:large, max-video-preview:-1\" \/>\n<link rel=\"canonical\" href=\"https:\/\/www.almega.se\/2019\/10\/sa-reformerar-vi-arbetsformedlingen\/\" \/>\n<meta property=\"og:locale\" content=\"sv_SE\" \/>\n<meta property=\"og:type\" content=\"article\" \/>\n<meta property=\"og:title\" content=\"S\u00e5 reformerar vi Arbetsf\u00f6rmedlingen\" \/>\n<meta property=\"og:description\" content=\"Ramarna f\u00f6r reformen \u00e4r delvis satta. Frist\u00e5ende akt\u00f6rer ska utf\u00f6ra de arbetsmarknadspolitiska insatserna i ett valfrihetssystem, som m\u00f6jligg\u00f6r att de arbetss\u00f6kande ska kunna v\u00e4lja akt\u00f6r sj\u00e4lva. Modellen med att frist\u00e5ende akt\u00f6rer sk\u00f6ter jobbskapandet \u00e4r bra, &hellip;\" \/>\n<meta property=\"og:url\" content=\"https:\/\/www.almega.se\/2019\/10\/sa-reformerar-vi-arbetsformedlingen\/\" \/>\n<meta property=\"og:site_name\" content=\"Almega\" \/>\n<meta property=\"article:published_time\" content=\"2019-10-15T08:40:09+00:00\" \/>\n<meta property=\"og:image\" content=\"https:\/\/www.almega.se\/app\/uploads\/2019\/10\/almega-reformera-arbetsformedlingen-1912-1-1180x787.jpg\" \/>\n\t<meta property=\"og:image:width\" content=\"1180\" \/>\n\t<meta property=\"og:image:height\" content=\"787\" \/>\n\t<meta property=\"og:image:type\" content=\"image\/jpeg\" \/>\n<meta name=\"author\" content=\"Julia Schwamberg\" \/>\n<meta name=\"twitter:card\" content=\"summary_large_image\" \/>\n<meta name=\"twitter:label1\" content=\"Skriven av\" \/>\n\t<meta name=\"twitter:data1\" content=\"Julia Schwamberg\" \/>\n\t<meta name=\"twitter:label2\" content=\"Ber\u00e4knad l\u00e4stid\" \/>\n\t<meta name=\"twitter:data2\" content=\"2 minuter\" \/>\n<!-- \/ Yoast SEO Premium plugin. -->","yoast_head_json":{"title":"S\u00e5 reformerar vi Arbetsf\u00f6rmedlingen | Almega","robots":{"index":"index","follow":"follow","max-snippet":"max-snippet:-1","max-image-preview":"max-image-preview:large","max-video-preview":"max-video-preview:-1"},"canonical":"https:\/\/www.almega.se\/2019\/10\/sa-reformerar-vi-arbetsformedlingen\/","og_locale":"sv_SE","og_type":"article","og_title":"S\u00e5 reformerar vi Arbetsf\u00f6rmedlingen","og_description":"Ramarna f\u00f6r reformen \u00e4r delvis satta. Frist\u00e5ende akt\u00f6rer ska utf\u00f6ra de arbetsmarknadspolitiska insatserna i ett valfrihetssystem, som m\u00f6jligg\u00f6r att de arbetss\u00f6kande ska kunna v\u00e4lja akt\u00f6r sj\u00e4lva. Modellen med att frist\u00e5ende akt\u00f6rer sk\u00f6ter jobbskapandet \u00e4r bra, &hellip;","og_url":"https:\/\/www.almega.se\/2019\/10\/sa-reformerar-vi-arbetsformedlingen\/","og_site_name":"Almega","article_published_time":"2019-10-15T08:40:09+00:00","og_image":[{"width":1180,"height":787,"url":"https:\/\/www.almega.se\/app\/uploads\/2019\/10\/almega-reformera-arbetsformedlingen-1912-1-1180x787.jpg","type":"image\/jpeg"}],"author":"Julia Schwamberg","twitter_card":"summary_large_image","twitter_misc":{"Skriven av":"Julia Schwamberg","Ber\u00e4knad l\u00e4stid":"2 minuter"},"schema":{"@context":"https:\/\/schema.org","@graph":[{"@type":"NewsArticle","@id":"https:\/\/www.almega.se\/2019\/10\/sa-reformerar-vi-arbetsformedlingen\/#article","isPartOf":{"@id":"https:\/\/www.almega.se\/2019\/10\/sa-reformerar-vi-arbetsformedlingen\/"},"author":{"name":"Julia Schwamberg","@id":"https:\/\/www.almega.se\/#\/schema\/person\/efcc735e9c1ba0f9de79e69dc5be5f8a"},"headline":"S\u00e5 reformerar vi Arbetsf\u00f6rmedlingen","datePublished":"2019-10-15T08:40:09+00:00","mainEntityOfPage":{"@id":"https:\/\/www.almega.se\/2019\/10\/sa-reformerar-vi-arbetsformedlingen\/"},"wordCount":408,"image":{"@id":"https:\/\/www.almega.se\/2019\/10\/sa-reformerar-vi-arbetsformedlingen\/#primaryimage"},"thumbnailUrl":"https:\/\/www.almega.se\/app\/uploads\/2019\/10\/almega-reformera-arbetsformedlingen-1912-1.jpg","keywords":["Arbetsf\u00f6rmedling"],"articleSection":["Arbetsmarknad"],"inLanguage":"sv-SE"},{"@type":"WebPage","@id":"https:\/\/www.almega.se\/2019\/10\/sa-reformerar-vi-arbetsformedlingen\/","url":"https:\/\/www.almega.se\/2019\/10\/sa-reformerar-vi-arbetsformedlingen\/","name":"S\u00e5 reformerar vi Arbetsf\u00f6rmedlingen | Almega","isPartOf":{"@id":"https:\/\/www.almega.se\/#website"},"primaryImageOfPage":{"@id":"https:\/\/www.almega.se\/2019\/10\/sa-reformerar-vi-arbetsformedlingen\/#primaryimage"},"image":{"@id":"https:\/\/www.almega.se\/2019\/10\/sa-reformerar-vi-arbetsformedlingen\/#primaryimage"},"thumbnailUrl":"https:\/\/www.almega.se\/app\/uploads\/2019\/10\/almega-reformera-arbetsformedlingen-1912-1.jpg","datePublished":"2019-10-15T08:40:09+00:00","author":{"@id":"https:\/\/www.almega.se\/#\/schema\/person\/efcc735e9c1ba0f9de79e69dc5be5f8a"},"breadcrumb":{"@id":"https:\/\/www.almega.se\/2019\/10\/sa-reformerar-vi-arbetsformedlingen\/#breadcrumb"},"inLanguage":"sv-SE","potentialAction":[{"@type":"ReadAction","target":["https:\/\/www.almega.se\/2019\/10\/sa-reformerar-vi-arbetsformedlingen\/"]}]},{"@type":"ImageObject","inLanguage":"sv-SE","@id":"https:\/\/www.almega.se\/2019\/10\/sa-reformerar-vi-arbetsformedlingen\/#primaryimage","url":"https:\/\/www.almega.se\/app\/uploads\/2019\/10\/almega-reformera-arbetsformedlingen-1912-1.jpg","contentUrl":"https:\/\/www.almega.se\/app\/uploads\/2019\/10\/almega-reformera-arbetsformedlingen-1912-1.jpg","width":3000,"height":2000,"caption":"arbetsf\u00f6rmedlingen"},{"@type":"BreadcrumbList","@id":"https:\/\/www.almega.se\/2019\/10\/sa-reformerar-vi-arbetsformedlingen\/#breadcrumb","itemListElement":[{"@type":"ListItem","position":1,"name":"Home","item":"https:\/\/www.almega.se\/"},{"@type":"ListItem","position":2,"name":"S\u00e5 reformerar vi Arbetsf\u00f6rmedlingen"}]},{"@type":"WebSite","@id":"https:\/\/www.almega.se\/#website","url":"https:\/\/www.almega.se\/","name":"Almega","description":"","potentialAction":[{"@type":"SearchAction","target":{"@type":"EntryPoint","urlTemplate":"https:\/\/www.almega.se\/?s={search_term_string}"},"query-input":{"@type":"PropertyValueSpecification","valueRequired":true,"valueName":"search_term_string"}}],"inLanguage":"sv-SE"},{"@type":"Person","@id":"https:\/\/www.almega.se\/#\/schema\/person\/efcc735e9c1ba0f9de79e69dc5be5f8a","name":"Julia Schwamberg","image":{"@type":"ImageObject","inLanguage":"sv-SE","@id":"https:\/\/www.almega.se\/#\/schema\/person\/image\/","url":"https:\/\/secure.gravatar.com\/avatar\/60ee7d8b8e9aa9b036f4768c0d2e868d8f080bcf68689c0f64ab3b87b1c2f78b?s=96&d=mm&r=g","contentUrl":"https:\/\/secure.gravatar.com\/avatar\/60ee7d8b8e9aa9b036f4768c0d2e868d8f080bcf68689c0f64ab3b87b1c2f78b?s=96&d=mm&r=g","caption":"Julia Schwamberg"},"url":"https:\/\/www.almega.se\/person\/juliaschwamberg\/"}]}},"_links":{"self":[{"href":"https:\/\/www.almega.se\/api\/wp\/v2\/posts\/25089","targetHints":{"allow":["GET"]}}],"collection":[{"href":"https:\/\/www.almega.se\/api\/wp\/v2\/posts"}],"about":[{"href":"https:\/\/www.almega.se\/api\/wp\/v2\/types\/post"}],"author":[{"embeddable":true,"href":"https:\/\/www.almega.se\/api\/wp\/v2\/users\/3"}],"replies":[{"embeddable":true,"href":"https:\/\/www.almega.se\/api\/wp\/v2\/comments?post=25089"}],"version-history":[{"count":5,"href":"https:\/\/www.almega.se\/api\/wp\/v2\/posts\/25089\/revisions"}],"predecessor-version":[{"id":52270,"href":"https:\/\/www.almega.se\/api\/wp\/v2\/posts\/25089\/revisions\/52270"}],"wp:featuredmedia":[{"embeddable":true,"href":"https:\/\/www.almega.se\/api\/wp\/v2\/media\/25090"}],"wp:attachment":[{"href":"https:\/\/www.almega.se\/api\/wp\/v2\/media?parent=25089"}],"wp:term":[{"taxonomy":"category","embeddable":true,"href":"https:\/\/www.almega.se\/api\/wp\/v2\/categories?post=25089"},{"taxonomy":"post_tag","embeddable":true,"href":"https:\/\/www.almega.se\/api\/wp\/v2\/tags?post=25089"},{"taxonomy":"type","embeddable":true,"href":"https:\/\/www.almega.se\/api\/wp\/v2\/article_type?post=25089"},{"taxonomy":"agreement","embeddable":true,"href":"https:\/\/www.almega.se\/api\/wp\/v2\/agreement?post=25089"}],"curies":[{"name":"wp","href":"https:\/\/api.w.org\/{rel}","templated":true}]}}