{"id":24560,"date":"2019-09-25T09:43:22","date_gmt":"2019-09-25T07:43:22","guid":{"rendered":"https:\/\/www.almega.se\/?p=24560"},"modified":"2019-09-25T09:43:22","modified_gmt":"2019-09-25T07:43:22","slug":"satsningen-som-ska-locka-talangerna-till-sverige","status":"publish","type":"post","link":"https:\/\/www.almega.se\/2019\/09\/satsningen-som-ska-locka-talangerna-till-sverige\/","title":{"rendered":"Satsningen som ska locka talangerna till Sverige"},"content":{"rendered":"<p class=\"intro\">International House \u00f6ppnar nu i flera svenska st\u00e4der. Genom att samla offentliga akt\u00f6rer p\u00e5 samma plats kan man g\u00f6ra migrationsprocessen snabbare f\u00f6r kompetensinvandrare och de internationella talangerna. Almega var tidigt ute med att f\u00f6resl\u00e5 en liknande l\u00f6sning. Det \u00e4r efterl\u00e4ngtat och n\u00f6dv\u00e4ndigt, men l\u00e5ngt ifr\u00e5n tillr\u00e4ckligt f\u00f6r att r\u00e5da bot p\u00e5 kompetenskrisen.<\/p>\n\n<p>&#8211; Det \u00e4r h\u00f6g tid att vi b\u00f6rjar jobba f\u00f6r att attrahera fler internationella topptalanger till Sverige. Men vi har ett behov av st\u00f6rre strukturreformer. Det handlar inte bara om att f\u00f6rklara den sn\u00e5riga byr\u00e5kratin som kompetensinvandrare m\u00f6ter, utan om att i grunden f\u00f6r\u00e4ndra den, s\u00e4ger Andreas \u00c5str\u00f6m, chef f\u00f6r n\u00e4ringspolitik och kommunikation p\u00e5 Almega.<\/p>\n\n\n<a class='Share__link Share__link--url copy-text' href='#' rel='nofollow' data-text='international-house-ska-forenkla-byrakratin' title='Dela url' data-confirmation='L\u00e4nken kopierades till urklipp'><svg class='icon icon--link'  width='18' height='18' viewBox='0 0 18 18' fill='none' xmlns='http:\/\/www.w3.org\/2000\/svg'>\n            <path d='M10.4142 0.514721L6.87868 4.05025L8.29289 5.46447L11.1213 2.63604L15.364 6.87868L12.5355 9.70711L13.9497 11.1213L17.4853 7.58579C17.8763 7.19476 17.8763 6.5626 17.4853 6.17158L11.8284 0.514721C11.4374 0.123691 10.8052 0.123691 10.4142 0.514721Z' fill='black'\/>\n            <path d='M9.7071 12.5355L6.87868 15.364L2.63604 11.1213L5.46446 8.2929L4.05025 6.87868L0.514716 10.4142C0.123686 10.8052 0.123686 11.4374 0.514716 11.8284L6.17157 17.4853C6.5626 17.8763 7.19475 17.8763 7.58578 17.4853L11.1213 13.9497L9.7071 12.5355Z' fill='black'\/>\n            <path d='M6.17157 11.8284C6.5626 12.2195 7.19475 12.2195 7.58578 11.8284L11.8284 7.58579C12.2195 7.19476 12.2195 6.56261 11.8284 6.17158C11.4374 5.78055 10.8052 5.78055 10.4142 6.17158L6.17157 10.4142C5.78054 10.8052 5.78054 11.4374 6.17157 11.8284Z' fill='black'\/>\n            <\/svg> <\/a>\n<h2 class=\"wp-block-heading\">International house ska f\u00f6renkla byr\u00e5kratin<\/h2>\n\n\n\n<p>Expat-centers som de kallas i Nederl\u00e4nderna och Danmark \u00f6ppnar i flera st\u00e4der. H\u00e4r kallas de \u201dinternational houses\u201d. I Stockholm, G\u00f6teborg och Lund ska de underl\u00e4tta f\u00f6r kompetensinvandrare. Det kan handla om saker som registrering i folkbokf\u00f6ringen, medborgarservicenummer (BSN-nummer) och hj\u00e4lp med k\u00f6rkort eller skatteregler. F\u00f6r den som \u00e4r ovan vid svenska institutioner kan det vara bra med en hj\u00e4lp f\u00f6rbi de kr\u00e5ngligaste bitarna.<\/p>\n\n\n\n<p>M\u00e5let \u00e4r att samla statliga myndigheter s\u00e5 som Skatteverket, Migrationsverket och Arbetsf\u00f6rmedlingen under samma tak, men ocks\u00e5 f\u00f6rvaltningar fr\u00e5n olika politiska niv\u00e5er. F\u00f6r den som kommer till Sverige ska det vara l\u00e4tt att navigera mellan kommun och region. Representanter fr\u00e5n varje niv\u00e5 kan hj\u00e4lpa kompetensinvandraren att hitta r\u00e4tt med saker s\u00e5 som att placera sina barn p\u00e5 en skola, skriva upp sig i bostadsk\u00f6n eller hj\u00e4lpa sin partner att f\u00e5 v\u00e5rd n\u00e4r hen \u00e4r sjuk.<\/p>\n\n\n\n<p>Exakt hur det kommer se ut i de svenska st\u00e4derna \u00e4r \u00e4nnu inte klart. Men det \u00e4r viktigt att inse att sn\u00e5rig byr\u00e5krati utspridd p\u00e5 olika myndigheter b\u00e5de \u00e4r komplicerad och spretig. Genom att samla myndigheterna p\u00e5 samma plats kan man underl\u00e4tta flytten till Sverige.<\/p>\n\n\n\n<p>Framg\u00e5ngssagan i exempelvis Nederl\u00e4nderna beror ocks\u00e5 p\u00e5 att ett snabbfotad offentligt maskineri kombinerats med en strukturell \u00f6ppenhet. Lagstiftningen \u00e4r fr\u00e5n f\u00f6rsta b\u00f6rjan anpassad f\u00f6r att g\u00f6ra det enkelt f\u00f6r kompetensinvandrare att komma till Nederl\u00e4nderna och arbeta. Kompetensutvisningarna i Sverige har varit en del av en bredare problematik \u00e4n bristen p\u00e5 samordningen.<\/p>\n\n\n\n<h3 class=\"wp-block-heading\"><a href=\"https:\/\/www.almega.se\/2019\/09\/arbetstillstand-pa-tio-dagar-sa-funkar-det\/\">Arbetstillst\u00e5nd p\u00e5 tio dagar \u2013 s\u00e5 funkar det<\/a><\/h3>\n\n\n<a class='Share__link Share__link--url copy-text' href='#' rel='nofollow' data-text='regelverken-maste-forandras' title='Dela url' data-confirmation='L\u00e4nken kopierades till urklipp'><svg class='icon icon--link'  width='18' height='18' viewBox='0 0 18 18' fill='none' xmlns='http:\/\/www.w3.org\/2000\/svg'>\n            <path d='M10.4142 0.514721L6.87868 4.05025L8.29289 5.46447L11.1213 2.63604L15.364 6.87868L12.5355 9.70711L13.9497 11.1213L17.4853 7.58579C17.8763 7.19476 17.8763 6.5626 17.4853 6.17158L11.8284 0.514721C11.4374 0.123691 10.8052 0.123691 10.4142 0.514721Z' fill='black'\/>\n            <path d='M9.7071 12.5355L6.87868 15.364L2.63604 11.1213L5.46446 8.2929L4.05025 6.87868L0.514716 10.4142C0.123686 10.8052 0.123686 11.4374 0.514716 11.8284L6.17157 17.4853C6.5626 17.8763 7.19475 17.8763 7.58578 17.4853L11.1213 13.9497L9.7071 12.5355Z' fill='black'\/>\n            <path d='M6.17157 11.8284C6.5626 12.2195 7.19475 12.2195 7.58578 11.8284L11.8284 7.58579C12.2195 7.19476 12.2195 6.56261 11.8284 6.17158C11.4374 5.78055 10.8052 5.78055 10.4142 6.17158L6.17157 10.4142C5.78054 10.8052 5.78054 11.4374 6.17157 11.8284Z' fill='black'\/>\n            <\/svg> <\/a>\n<h2 class=\"wp-block-heading\">Regelverken m\u00e5ste f\u00f6r\u00e4ndras<\/h2>\n\n\n\n<p>B\u00e4ttre villkor f\u00f6r kompetensinvandring kr\u00e4vs f\u00f6r att l\u00f6sa kompetenskrisen i tj\u00e4nstesektorn. Den internationella konkurrensen \u00e4r tuff och rekryteringsbehoven stora, trots den stundande l\u00e5gkonjunkturen. IT- och Telekomf\u00f6retagen har exempelvis visat att det 2022 kommer saknas 70 000 personer med IT-kompetens i Sverige. Trots detta har lagstiftningen f\u00f6rsv\u00e5rat f\u00f6r kompetensinvandrare att f\u00e5 ett arbetstillst\u00e5nd.<\/p>\n\n\n\n<p>Enligt en unders\u00f6kning fr\u00e5n myndigheten Tillv\u00e4xtanalys stannar dessutom bara 20 procent av de utl\u00e4ndska studenterna och doktoranderna i Sverige efter avslutad utbildning, vilket \u00e4r n\u00e5got l\u00e4gre \u00e4n i j\u00e4mf\u00f6rbara OECD-l\u00e4nder.<\/p>\n\n\n\n<p>Dessutom har m\u00e4ngder med kompetensinvandrare utvisats de senaste \u00e5ren, ofta p\u00e5 grund av sm\u00e5 bagatellartade f\u00f6rseelser. Detta har slagit h\u00e5rt mot de enskilda individerna och f\u00f6retagare som f\u00f6rlorat h\u00f6gt kompetenta medarbetare.<\/p>\n\n\n\n<p>&#8211; Bristen p\u00e5 kompetens har varit det st\u00f6rsta hindret f\u00f6r den svenska ekonomin de senaste \u00e5ren. Ska v\u00e5ra f\u00f6retag vara med och l\u00f6sa samh\u00e4llsutmaningarna beh\u00f6ver de kunna rekrytera medarbetare \u00e4ven utanf\u00f6r EU. Det \u00e4r dags att lagstiftningen moderniseras, s\u00e4ger Andreas \u00c5str\u00f6m.<\/p>\n\n\n<a class='Share__link Share__link--url copy-text' href='#' rel='nofollow' data-text='sa-loser-vi-kompetenskrisen' title='Dela url' data-confirmation='L\u00e4nken kopierades till urklipp'><svg class='icon icon--link'  width='18' height='18' viewBox='0 0 18 18' fill='none' xmlns='http:\/\/www.w3.org\/2000\/svg'>\n            <path d='M10.4142 0.514721L6.87868 4.05025L8.29289 5.46447L11.1213 2.63604L15.364 6.87868L12.5355 9.70711L13.9497 11.1213L17.4853 7.58579C17.8763 7.19476 17.8763 6.5626 17.4853 6.17158L11.8284 0.514721C11.4374 0.123691 10.8052 0.123691 10.4142 0.514721Z' fill='black'\/>\n            <path d='M9.7071 12.5355L6.87868 15.364L2.63604 11.1213L5.46446 8.2929L4.05025 6.87868L0.514716 10.4142C0.123686 10.8052 0.123686 11.4374 0.514716 11.8284L6.17157 17.4853C6.5626 17.8763 7.19475 17.8763 7.58578 17.4853L11.1213 13.9497L9.7071 12.5355Z' fill='black'\/>\n            <path d='M6.17157 11.8284C6.5626 12.2195 7.19475 12.2195 7.58578 11.8284L11.8284 7.58579C12.2195 7.19476 12.2195 6.56261 11.8284 6.17158C11.4374 5.78055 10.8052 5.78055 10.4142 6.17158L6.17157 10.4142C5.78054 10.8052 5.78054 11.4374 6.17157 11.8284Z' fill='black'\/>\n            <\/svg> <\/a>\n<h2 class=\"wp-block-heading\">S\u00e5 l\u00f6ser vi kompetenskrisen<\/h2>\n\n\n\n<p>Regelverket f\u00f6r kompetens\u00adinvandring m\u00e5ste bli smidigare. Idag finns stora problem med kompetensutvisningar p\u00e5 grund av kr\u00e5ngliga regler. Sverige beh\u00f6ver en \u00f6vergripande strategi f\u00f6r internationell talangattraktion, med tydliga m\u00e5l och satsningar. International houses \u00e4r en del p\u00e5 v\u00e4gen i den l\u00f6sningen.<\/p>\n\n\n\n<p>F\u00f6r att f\u00f6rb\u00e4ttra m\u00f6jligheten att komma hit som kompetensinvandrare f\u00f6resl\u00e5r Almega:<\/p>\n\n\n\n<p>* \u00c5terkallelsebest\u00e4mmelsen skrivs om fr\u00e5n ska utvisas till f\u00e5r utvisas. Utvisningsbeslut ska inte kunna fattas utan att man ger arbetsgivaren en r\u00e4ttvis chans att r\u00e4tta till eventuella felaktigheter.<\/p>\n\n\n\n<p>* Migrationsverket m\u00e5ste sluta st\u00e4lla krav p\u00e5 att alla arbetsgivare ska teckna de kollektivavtalade f\u00f6rs\u00e4kringarna.<\/p>\n\n\n\n<p>* Migrationsverket b\u00f6r g\u00f6ra en tidig och st\u00f6djande uppf\u00f6ljning av villkoren, f\u00f6r att ge arbetsgivare en god chans att r\u00e4tta till eventuella felaktigheter.<\/p>\n\n\n\n<p>* Myndigheterna m\u00e5ste informera alla arbetsgivare och arbetstagare klart och tydligt om vilka krav som finns f\u00f6r att arbetstillst\u00e5nd ska kunna f\u00f6rl\u00e4ngas och permanent uppeh\u00e5llstillst\u00e5nd<\/p>\n\n\n\n<p><strong><a href=\"https:\/\/www.almega.se\/2018\/01\/sverige-stanger-dorren-kompetensinvandring\/\">L\u00e4s v\u00e5r rapport Sverige st\u00e4nger d\u00f6rren f\u00f6r kompetens\u00adinvandring<\/a><\/strong><\/p>\n","protected":false},"excerpt":{"rendered":"<p>&#8211; Det \u00e4r h\u00f6g tid att vi b\u00f6rjar jobba f\u00f6r att attrahera fler internationella topptalanger till Sverige. Men vi har ett behov av st\u00f6rre strukturreformer. Det handlar inte bara om att f\u00f6rklara den sn\u00e5riga byr\u00e5kratin &hellip;<\/p>\n","protected":false},"author":4371,"featured_media":24561,"comment_status":"closed","ping_status":"closed","sticky":false,"template":"","format":"standard","meta":{"_acf_changed":false,"footnotes":""},"categories":[64,419],"tags":[543,610,72],"article_type":[56],"agreement":[],"class_list":["post-24560","post","type-post","status-publish","format-standard","has-post-thumbnail","hentry","category-arbetsmarknad","category-kompetensforsorjning","tag-arbetskraftsinvandring","tag-kompetensforsorjning","tag-kompetensinvandring","type-nyheter"],"acf":[],"yoast_head":"<!-- This site is optimized with the Yoast SEO Premium plugin v26.8 (Yoast SEO v26.8) - https:\/\/yoast.com\/product\/yoast-seo-premium-wordpress\/ -->\n<title>Satsningen som ska locka talangerna till Sverige | Almega<\/title>\n<meta name=\"description\" content=\"Genom att samla offentliga akt\u00f6rer p\u00e5 samma plats kan man g\u00f6ra migrationsprocessen snabbare f\u00f6r kompetensinvandrare och de internationella talangerna.\" \/>\n<meta name=\"robots\" content=\"index, follow, max-snippet:-1, max-image-preview:large, max-video-preview:-1\" \/>\n<link rel=\"canonical\" href=\"https:\/\/www.almega.se\/2019\/09\/satsningen-som-ska-locka-talangerna-till-sverige\/\" \/>\n<meta property=\"og:locale\" content=\"sv_SE\" \/>\n<meta property=\"og:type\" content=\"article\" \/>\n<meta property=\"og:title\" content=\"Satsningen som ska locka talangerna till Sverige\" \/>\n<meta property=\"og:description\" content=\"Genom att samla offentliga akt\u00f6rer p\u00e5 samma plats kan man g\u00f6ra migrationsprocessen snabbare f\u00f6r kompetensinvandrare och de internationella talangerna.\" \/>\n<meta property=\"og:url\" content=\"https:\/\/www.almega.se\/2019\/09\/satsningen-som-ska-locka-talangerna-till-sverige\/\" \/>\n<meta property=\"og:site_name\" content=\"Almega\" \/>\n<meta property=\"article:published_time\" content=\"2019-09-25T07:43:22+00:00\" \/>\n<meta property=\"og:image\" content=\"https:\/\/www.almega.se\/app\/uploads\/2019\/09\/untitled-design-19.png\" \/>\n\t<meta property=\"og:image:width\" content=\"1000\" \/>\n\t<meta property=\"og:image:height\" content=\"600\" \/>\n\t<meta property=\"og:image:type\" content=\"image\/png\" \/>\n<meta name=\"author\" content=\"Katarina Ahlsen\" \/>\n<meta name=\"twitter:card\" content=\"summary_large_image\" \/>\n<meta name=\"twitter:label1\" content=\"Skriven av\" \/>\n\t<meta name=\"twitter:data1\" content=\"Katarina Ahlsen\" \/>\n\t<meta name=\"twitter:label2\" content=\"Ber\u00e4knad l\u00e4stid\" \/>\n\t<meta name=\"twitter:data2\" content=\"4 minuter\" \/>\n<!-- \/ Yoast SEO Premium plugin. -->","yoast_head_json":{"title":"Satsningen som ska locka talangerna till Sverige | Almega","description":"Genom att samla offentliga akt\u00f6rer p\u00e5 samma plats kan man g\u00f6ra migrationsprocessen snabbare f\u00f6r kompetensinvandrare och de internationella talangerna.","robots":{"index":"index","follow":"follow","max-snippet":"max-snippet:-1","max-image-preview":"max-image-preview:large","max-video-preview":"max-video-preview:-1"},"canonical":"https:\/\/www.almega.se\/2019\/09\/satsningen-som-ska-locka-talangerna-till-sverige\/","og_locale":"sv_SE","og_type":"article","og_title":"Satsningen som ska locka talangerna till Sverige","og_description":"Genom att samla offentliga akt\u00f6rer p\u00e5 samma plats kan man g\u00f6ra migrationsprocessen snabbare f\u00f6r kompetensinvandrare och de internationella talangerna.","og_url":"https:\/\/www.almega.se\/2019\/09\/satsningen-som-ska-locka-talangerna-till-sverige\/","og_site_name":"Almega","article_published_time":"2019-09-25T07:43:22+00:00","og_image":[{"width":1000,"height":600,"url":"https:\/\/www.almega.se\/app\/uploads\/2019\/09\/untitled-design-19.png","type":"image\/png"}],"author":"Katarina Ahlsen","twitter_card":"summary_large_image","twitter_misc":{"Skriven av":"Katarina Ahlsen","Ber\u00e4knad l\u00e4stid":"4 minuter"},"schema":{"@context":"https:\/\/schema.org","@graph":[{"@type":"NewsArticle","@id":"https:\/\/www.almega.se\/2019\/09\/satsningen-som-ska-locka-talangerna-till-sverige\/#article","isPartOf":{"@id":"https:\/\/www.almega.se\/2019\/09\/satsningen-som-ska-locka-talangerna-till-sverige\/"},"author":{"name":"Katarina Ahlsen","@id":"https:\/\/www.almega.se\/#\/schema\/person\/21bb090beed442a47a2cf1e64374f091"},"headline":"Satsningen som ska locka talangerna till Sverige","datePublished":"2019-09-25T07:43:22+00:00","mainEntityOfPage":{"@id":"https:\/\/www.almega.se\/2019\/09\/satsningen-som-ska-locka-talangerna-till-sverige\/"},"wordCount":753,"image":{"@id":"https:\/\/www.almega.se\/2019\/09\/satsningen-som-ska-locka-talangerna-till-sverige\/#primaryimage"},"thumbnailUrl":"https:\/\/www.almega.se\/app\/uploads\/2019\/09\/untitled-design-19.png","keywords":["Arbetskraftsinvandring","Kompetensf\u00f6rs\u00f6rjning","Kompetensinvandring"],"articleSection":["Arbetsmarknad","Kompetensf\u00f6rs\u00f6rjning"],"inLanguage":"sv-SE"},{"@type":"WebPage","@id":"https:\/\/www.almega.se\/2019\/09\/satsningen-som-ska-locka-talangerna-till-sverige\/","url":"https:\/\/www.almega.se\/2019\/09\/satsningen-som-ska-locka-talangerna-till-sverige\/","name":"Satsningen som ska locka talangerna till Sverige | Almega","isPartOf":{"@id":"https:\/\/www.almega.se\/#website"},"primaryImageOfPage":{"@id":"https:\/\/www.almega.se\/2019\/09\/satsningen-som-ska-locka-talangerna-till-sverige\/#primaryimage"},"image":{"@id":"https:\/\/www.almega.se\/2019\/09\/satsningen-som-ska-locka-talangerna-till-sverige\/#primaryimage"},"thumbnailUrl":"https:\/\/www.almega.se\/app\/uploads\/2019\/09\/untitled-design-19.png","datePublished":"2019-09-25T07:43:22+00:00","author":{"@id":"https:\/\/www.almega.se\/#\/schema\/person\/21bb090beed442a47a2cf1e64374f091"},"description":"Genom att samla offentliga akt\u00f6rer p\u00e5 samma plats kan man g\u00f6ra migrationsprocessen snabbare f\u00f6r kompetensinvandrare och de internationella talangerna.","breadcrumb":{"@id":"https:\/\/www.almega.se\/2019\/09\/satsningen-som-ska-locka-talangerna-till-sverige\/#breadcrumb"},"inLanguage":"sv-SE","potentialAction":[{"@type":"ReadAction","target":["https:\/\/www.almega.se\/2019\/09\/satsningen-som-ska-locka-talangerna-till-sverige\/"]}]},{"@type":"ImageObject","inLanguage":"sv-SE","@id":"https:\/\/www.almega.se\/2019\/09\/satsningen-som-ska-locka-talangerna-till-sverige\/#primaryimage","url":"https:\/\/www.almega.se\/app\/uploads\/2019\/09\/untitled-design-19.png","contentUrl":"https:\/\/www.almega.se\/app\/uploads\/2019\/09\/untitled-design-19.png","width":1000,"height":600},{"@type":"BreadcrumbList","@id":"https:\/\/www.almega.se\/2019\/09\/satsningen-som-ska-locka-talangerna-till-sverige\/#breadcrumb","itemListElement":[{"@type":"ListItem","position":1,"name":"Home","item":"https:\/\/www.almega.se\/"},{"@type":"ListItem","position":2,"name":"Satsningen som ska locka talangerna till Sverige"}]},{"@type":"WebSite","@id":"https:\/\/www.almega.se\/#website","url":"https:\/\/www.almega.se\/","name":"Almega","description":"","potentialAction":[{"@type":"SearchAction","target":{"@type":"EntryPoint","urlTemplate":"https:\/\/www.almega.se\/?s={search_term_string}"},"query-input":{"@type":"PropertyValueSpecification","valueRequired":true,"valueName":"search_term_string"}}],"inLanguage":"sv-SE"},{"@type":"Person","@id":"https:\/\/www.almega.se\/#\/schema\/person\/21bb090beed442a47a2cf1e64374f091","name":"Katarina Ahlsen","image":{"@type":"ImageObject","inLanguage":"sv-SE","@id":"https:\/\/www.almega.se\/#\/schema\/person\/image\/","url":"https:\/\/secure.gravatar.com\/avatar\/08acb5974fe161bc44fe8e62ec32e85c446ac625c171f9a7eb9f4941b883d3d9?s=96&d=mm&r=g","contentUrl":"https:\/\/secure.gravatar.com\/avatar\/08acb5974fe161bc44fe8e62ec32e85c446ac625c171f9a7eb9f4941b883d3d9?s=96&d=mm&r=g","caption":"Katarina Ahlsen"},"url":"https:\/\/www.almega.se\/person\/katarinaahlsen\/"}]}},"_links":{"self":[{"href":"https:\/\/www.almega.se\/api\/wp\/v2\/posts\/24560","targetHints":{"allow":["GET"]}}],"collection":[{"href":"https:\/\/www.almega.se\/api\/wp\/v2\/posts"}],"about":[{"href":"https:\/\/www.almega.se\/api\/wp\/v2\/types\/post"}],"author":[{"embeddable":true,"href":"https:\/\/www.almega.se\/api\/wp\/v2\/users\/4371"}],"replies":[{"embeddable":true,"href":"https:\/\/www.almega.se\/api\/wp\/v2\/comments?post=24560"}],"version-history":[{"count":4,"href":"https:\/\/www.almega.se\/api\/wp\/v2\/posts\/24560\/revisions"}],"predecessor-version":[{"id":52188,"href":"https:\/\/www.almega.se\/api\/wp\/v2\/posts\/24560\/revisions\/52188"}],"wp:featuredmedia":[{"embeddable":true,"href":"https:\/\/www.almega.se\/api\/wp\/v2\/media\/24561"}],"wp:attachment":[{"href":"https:\/\/www.almega.se\/api\/wp\/v2\/media?parent=24560"}],"wp:term":[{"taxonomy":"category","embeddable":true,"href":"https:\/\/www.almega.se\/api\/wp\/v2\/categories?post=24560"},{"taxonomy":"post_tag","embeddable":true,"href":"https:\/\/www.almega.se\/api\/wp\/v2\/tags?post=24560"},{"taxonomy":"type","embeddable":true,"href":"https:\/\/www.almega.se\/api\/wp\/v2\/article_type?post=24560"},{"taxonomy":"agreement","embeddable":true,"href":"https:\/\/www.almega.se\/api\/wp\/v2\/agreement?post=24560"}],"curies":[{"name":"wp","href":"https:\/\/api.w.org\/{rel}","templated":true}]}}