{"id":24424,"date":"2017-10-20T08:00:12","date_gmt":"2017-10-20T06:00:12","guid":{"rendered":"https:\/\/www.almega.se\/?p=24424"},"modified":"2017-10-20T08:00:12","modified_gmt":"2017-10-20T06:00:12","slug":"information-om-flexpension-i-apoteksforetagen","status":"publish","type":"post","link":"https:\/\/www.almega.se\/2017\/10\/information-om-flexpension-i-apoteksforetagen\/","title":{"rendered":"Information om flex&shy;pension i Apoteks&shy;f\u00f6retagen"},"content":{"rendered":"Flexpension i Tj\u00e4nstef\u00f6retag inf\u00f6rs fr\u00e5n den 1 november 2017 f\u00f6r f\u00f6retag i Apoteksf\u00f6retagen.<\/p>\n<p>Flexpension i Tj\u00e4nstef\u00f6retag inneb\u00e4r att en del av l\u00f6ne\u00f6kningarna avs\u00e4tts till en kompletterande pensionspremie. Fr\u00e5n den 1 november 2017 ska arbetsgivarna betala en flexpensionspremie om 0,2 % av den pensionsmedf\u00f6rande l\u00f6nen till dem som fyllt 25 men inte 65 \u00e5r. Med en l\u00f6n p\u00e5 40 000 kr per m\u00e5nad inneb\u00e4r det en flexpensionspremie p\u00e5 drygt 80 kr. Om f\u00f6retaget till\u00e5ter det kan tj\u00e4nstemannen avst\u00e5 fr\u00e5n flexpension och i s\u00e5 fall f\u00e5 den aktuella premieniv\u00e5n som l\u00f6neh\u00f6jning i st\u00e4llet.<\/p>\n<p><strong>Informationsskrifter om flexpension<\/strong><br \/>\nAlmega, Unionen och Sveriges Ingenj\u00f6rer har gemensamt tagit fram tv\u00e5 informationsskrifter om Flexpension i Tj\u00e4nstef\u00f6retag, dels en \u00f6versiktlig f\u00f6r f\u00f6retag som inte erbjuder m\u00f6jligheten att avst\u00e5 fr\u00e5n flexpension, dels en f\u00f6rdjupad f\u00f6r f\u00f6retag som erbjuder valm\u00f6jligheten. Skrifterna finns att h\u00e4mta under <a href=\"https:\/\/www.almega.se\/flexpension\/\">Flexpension<\/a>. Avsikten \u00e4r att skrifterna ska kunna spridas till de anst\u00e4llda. Dessa skrifter \u00e4r till materiellt inneh\u00e5ll likalydande som de motsvarande partsgemensamma skrifterna mellan Almega, Unionen och Sveriges Ingenj\u00f6rer. \u00a0\u00a0\u00a0<\/p>\n<p>Almega har \u00e4ven tagit fram en ensidig skrift som inneh\u00e5ller ber\u00e4kningsexempel som Alecta gjort som visar effekter av att avst\u00e5\/inte avst\u00e5 fr\u00e5n flexpension. \u00c4ven denna skrift\u00a0g\u00e5r att\u00a0ladda ned,\u00a0Flexpension i Tj\u00e4nstef\u00f6retag Almega,\u00a0och \u00e4r avsedd att kunna spridas till de anst\u00e4llda.<\/p>\n<p><strong>Collectum f\u00f6rsenade<\/strong><br \/>\nFr\u00e5n den 1 november 2017 inf\u00f6rs Flexpension i Tj\u00e4nstef\u00f6retag. Collectum kommer dock inte att f\u00e5 ig\u00e5ng debiteringsrutinen f\u00f6rr\u00e4n om flera m\u00e5nader. Det betyder att f\u00f6retaget f\u00e5r en st\u00f6rre faktura fr\u00e5n Collectum n\u00e4r flexpensionspremierna faktureras retroaktivt. Det \u00e4r d\u00e4rf\u00f6r viktigt att reservera kostnaden motsvarande summan av 0,2 % av f\u00f6retagets pensionsmedf\u00f6rande l\u00f6n fr\u00e5n november 2017. Se information p\u00e5 <a href=\"http:\/\/tr.anpdm.com\/track?t=c&amp;mid=19841606&amp;uid=337095595&amp;&amp;&amp;https%3A%2F%2Fwww.collectum.se%2Fsv%2FForetag%2FSa-administrerar-ni-ITP%2FKompletterande-premier%2FIndustriavtalen%2FFlexpension-Almega-mfl%2F\">www.collectum.se<\/a>.<\/p>\n<p><strong>Konferenser om flexpension<\/strong><br \/>\nAlmega har bjudit in till flera konferenser om flexpension. De flesta konferenserna \u00e4r fullbokade. P\u00e5 www.almega.se finns en inspelning fr\u00e5n en konferens. D\u00e4r finns \u00e4ven mer information, Q&amp;A, blankett f\u00f6r att dokumentera avst\u00e5endet m.m.\n","protected":false},"excerpt":{"rendered":"<p>Flexpension i Tj\u00e4nstef\u00f6retag inf\u00f6rs fr\u00e5n den 1 november 2017 f\u00f6r f\u00f6retag i Apoteksf\u00f6retagen. Flexpension i Tj\u00e4nstef\u00f6retag inneb\u00e4r att en del av l\u00f6ne\u00f6kningarna avs\u00e4tts till en kompletterande pensionspremie. Fr\u00e5n den 1 november 2017 ska arbetsgivarna betala &hellip;<\/p>\n","protected":false},"author":160,"featured_media":0,"comment_status":"closed","ping_status":"closed","sticky":false,"template":"","format":"standard","meta":{"_acf_changed":false,"footnotes":""},"categories":[1],"tags":[],"article_type":[313],"agreement":[106],"class_list":["post-24424","post","type-post","status-publish","format-standard","hentry","category-okategoriserade","type-arbetsgivarnytt","agreement-8dce80f7-ff07-de11-b4e1-02bf9e69ca65"],"acf":[],"yoast_head":"<!-- This site is optimized with the Yoast SEO Premium plugin v26.8 (Yoast SEO v26.8) - https:\/\/yoast.com\/product\/yoast-seo-premium-wordpress\/ -->\n<title>Information om flexpension i Apoteksf\u00f6retagen | Almega<\/title>\n<meta name=\"robots\" content=\"index, follow, max-snippet:-1, max-image-preview:large, max-video-preview:-1\" \/>\n<link rel=\"canonical\" href=\"https:\/\/www.almega.se\/2017\/10\/information-om-flexpension-i-apoteksforetagen\/\" \/>\n<meta property=\"og:locale\" content=\"sv_SE\" \/>\n<meta property=\"og:type\" content=\"article\" \/>\n<meta property=\"og:title\" content=\"Information om flexpension i Apoteksf\u00f6retagen\" \/>\n<meta property=\"og:description\" content=\"Flexpension i Tj\u00e4nstef\u00f6retag inf\u00f6rs fr\u00e5n den 1 november 2017 f\u00f6r f\u00f6retag i Apoteksf\u00f6retagen. Flexpension i Tj\u00e4nstef\u00f6retag inneb\u00e4r att en del av l\u00f6ne\u00f6kningarna avs\u00e4tts till en kompletterande pensionspremie. Fr\u00e5n den 1 november 2017 ska arbetsgivarna betala &hellip;\" \/>\n<meta property=\"og:url\" content=\"https:\/\/www.almega.se\/2017\/10\/information-om-flexpension-i-apoteksforetagen\/\" \/>\n<meta property=\"og:site_name\" content=\"Almega\" \/>\n<meta property=\"article:published_time\" content=\"2017-10-20T06:00:12+00:00\" \/>\n<meta property=\"og:image\" content=\"https:\/\/www.almega.se\/app\/uploads\/2020\/12\/almega-share-logo.png\" \/>\n\t<meta property=\"og:image:width\" content=\"1200\" \/>\n\t<meta property=\"og:image:height\" content=\"630\" \/>\n\t<meta property=\"og:image:type\" content=\"image\/png\" \/>\n<meta name=\"author\" content=\"Anette Jansson\" \/>\n<meta name=\"twitter:card\" content=\"summary_large_image\" \/>\n<meta name=\"twitter:label1\" content=\"Skriven av\" \/>\n\t<meta name=\"twitter:data1\" content=\"Anette Jansson\" \/>\n\t<meta name=\"twitter:label2\" content=\"Ber\u00e4knad l\u00e4stid\" \/>\n\t<meta name=\"twitter:data2\" content=\"2 minuter\" \/>\n<!-- \/ Yoast SEO Premium plugin. -->","yoast_head_json":{"title":"Information om flexpension i Apoteksf\u00f6retagen | Almega","robots":{"index":"index","follow":"follow","max-snippet":"max-snippet:-1","max-image-preview":"max-image-preview:large","max-video-preview":"max-video-preview:-1"},"canonical":"https:\/\/www.almega.se\/2017\/10\/information-om-flexpension-i-apoteksforetagen\/","og_locale":"sv_SE","og_type":"article","og_title":"Information om flexpension i Apoteksf\u00f6retagen","og_description":"Flexpension i Tj\u00e4nstef\u00f6retag inf\u00f6rs fr\u00e5n den 1 november 2017 f\u00f6r f\u00f6retag i Apoteksf\u00f6retagen. Flexpension i Tj\u00e4nstef\u00f6retag inneb\u00e4r att en del av l\u00f6ne\u00f6kningarna avs\u00e4tts till en kompletterande pensionspremie. Fr\u00e5n den 1 november 2017 ska arbetsgivarna betala &hellip;","og_url":"https:\/\/www.almega.se\/2017\/10\/information-om-flexpension-i-apoteksforetagen\/","og_site_name":"Almega","article_published_time":"2017-10-20T06:00:12+00:00","og_image":[{"width":1200,"height":630,"url":"https:\/\/www.almega.se\/app\/uploads\/2020\/12\/almega-share-logo.png","type":"image\/png"}],"author":"Anette Jansson","twitter_card":"summary_large_image","twitter_misc":{"Skriven av":"Anette Jansson","Ber\u00e4knad l\u00e4stid":"2 minuter"},"schema":{"@context":"https:\/\/schema.org","@graph":[{"@type":"NewsArticle","@id":"https:\/\/www.almega.se\/2017\/10\/information-om-flexpension-i-apoteksforetagen\/#article","isPartOf":{"@id":"https:\/\/www.almega.se\/2017\/10\/information-om-flexpension-i-apoteksforetagen\/"},"author":{"name":"Anette Jansson","@id":"https:\/\/www.almega.se\/#\/schema\/person\/d4e72df384b948108b6265dbc94a7467"},"headline":"Information om flex&shy;pension i Apoteks&shy;f\u00f6retagen","datePublished":"2017-10-20T06:00:12+00:00","mainEntityOfPage":{"@id":"https:\/\/www.almega.se\/2017\/10\/information-om-flexpension-i-apoteksforetagen\/"},"wordCount":375,"inLanguage":"sv-SE"},{"@type":"WebPage","@id":"https:\/\/www.almega.se\/2017\/10\/information-om-flexpension-i-apoteksforetagen\/","url":"https:\/\/www.almega.se\/2017\/10\/information-om-flexpension-i-apoteksforetagen\/","name":"Information om flexpension i Apoteksf\u00f6retagen | Almega","isPartOf":{"@id":"https:\/\/www.almega.se\/#website"},"datePublished":"2017-10-20T06:00:12+00:00","author":{"@id":"https:\/\/www.almega.se\/#\/schema\/person\/d4e72df384b948108b6265dbc94a7467"},"breadcrumb":{"@id":"https:\/\/www.almega.se\/2017\/10\/information-om-flexpension-i-apoteksforetagen\/#breadcrumb"},"inLanguage":"sv-SE","potentialAction":[{"@type":"ReadAction","target":["https:\/\/www.almega.se\/2017\/10\/information-om-flexpension-i-apoteksforetagen\/"]}]},{"@type":"BreadcrumbList","@id":"https:\/\/www.almega.se\/2017\/10\/information-om-flexpension-i-apoteksforetagen\/#breadcrumb","itemListElement":[{"@type":"ListItem","position":1,"name":"Home","item":"https:\/\/www.almega.se\/"},{"@type":"ListItem","position":2,"name":"Information om flex&shy;pension i Apoteks&shy;f\u00f6retagen"}]},{"@type":"WebSite","@id":"https:\/\/www.almega.se\/#website","url":"https:\/\/www.almega.se\/","name":"Almega","description":"","potentialAction":[{"@type":"SearchAction","target":{"@type":"EntryPoint","urlTemplate":"https:\/\/www.almega.se\/?s={search_term_string}"},"query-input":{"@type":"PropertyValueSpecification","valueRequired":true,"valueName":"search_term_string"}}],"inLanguage":"sv-SE"},{"@type":"Person","@id":"https:\/\/www.almega.se\/#\/schema\/person\/d4e72df384b948108b6265dbc94a7467","name":"Anette Jansson","image":{"@type":"ImageObject","inLanguage":"sv-SE","@id":"https:\/\/www.almega.se\/#\/schema\/person\/image\/","url":"https:\/\/secure.gravatar.com\/avatar\/2c367077823da275b7dcd12413db08fe9eb82221c6602ec7a895e9363db60cd4?s=96&d=mm&r=g","contentUrl":"https:\/\/secure.gravatar.com\/avatar\/2c367077823da275b7dcd12413db08fe9eb82221c6602ec7a895e9363db60cd4?s=96&d=mm&r=g","caption":"Anette Jansson"},"description":"Anette \u00e4r projektadministrat\u00f6r p\u00e5 enheten Arbetsgivarservice.","url":"https:\/\/www.almega.se\/person\/anettejansson\/"}]}},"_links":{"self":[{"href":"https:\/\/www.almega.se\/api\/wp\/v2\/posts\/24424","targetHints":{"allow":["GET"]}}],"collection":[{"href":"https:\/\/www.almega.se\/api\/wp\/v2\/posts"}],"about":[{"href":"https:\/\/www.almega.se\/api\/wp\/v2\/types\/post"}],"author":[{"embeddable":true,"href":"https:\/\/www.almega.se\/api\/wp\/v2\/users\/160"}],"replies":[{"embeddable":true,"href":"https:\/\/www.almega.se\/api\/wp\/v2\/comments?post=24424"}],"version-history":[{"count":1,"href":"https:\/\/www.almega.se\/api\/wp\/v2\/posts\/24424\/revisions"}],"predecessor-version":[{"id":58031,"href":"https:\/\/www.almega.se\/api\/wp\/v2\/posts\/24424\/revisions\/58031"}],"wp:attachment":[{"href":"https:\/\/www.almega.se\/api\/wp\/v2\/media?parent=24424"}],"wp:term":[{"taxonomy":"category","embeddable":true,"href":"https:\/\/www.almega.se\/api\/wp\/v2\/categories?post=24424"},{"taxonomy":"post_tag","embeddable":true,"href":"https:\/\/www.almega.se\/api\/wp\/v2\/tags?post=24424"},{"taxonomy":"type","embeddable":true,"href":"https:\/\/www.almega.se\/api\/wp\/v2\/article_type?post=24424"},{"taxonomy":"agreement","embeddable":true,"href":"https:\/\/www.almega.se\/api\/wp\/v2\/agreement?post=24424"}],"curies":[{"name":"wp","href":"https:\/\/api.w.org\/{rel}","templated":true}]}}