{"id":24390,"date":"2019-09-10T10:13:06","date_gmt":"2019-09-10T08:13:06","guid":{"rendered":"https:\/\/www.almega.se\/?p=24390"},"modified":"2019-09-10T10:13:06","modified_gmt":"2019-09-10T08:13:06","slug":"regeringen-maste-satsa-pa-arbetsmarknadsutbildning","status":"publish","type":"post","link":"https:\/\/www.almega.se\/2019\/09\/regeringen-maste-satsa-pa-arbetsmarknadsutbildning\/","title":{"rendered":"Regeringen m\u00e5ste satsa p\u00e5 arbetsmarknads&shy;utbildning"},"content":{"rendered":"<p class=\"intro\">Det \u00e4r inte ofta LO och Almega \u00e4r \u00f6verens om hur politik b\u00f6r utformas, men n\u00e4r det g\u00e4ller arbetsmarknadsutbildningen st\u00e5r vi helt eniga: Regeringen och samarbetspartierna beh\u00f6ver tillf\u00f6ra resurser och skyndsamt \u00f6ka antalet utbildningsplatser, <a href=\"https:\/\/www.dn.se\/debatt\/regeringen-maste-satsa-pa-arbetsmarknadsutbildning\/\">skriver Thomas Ers\u00e9us, vd f\u00f6r Almega och Karl-Petter Thorwaldsson, ordf\u00f6rande f\u00f6r LO, p\u00e5 DN Debatt.<\/a><\/p>\n\n<p>S\u00e5v\u00e4l de r\u00f6dgr\u00f6na partierna som allianspartierna har under l\u00e5ng tid prioriterat arbetsmarknadsutbildningen alltf\u00f6r l\u00e5gt. Under flera \u00e5rtionden har den yrkes\u00adinriktade arbetsmarknadsutbildningen varit den svenska arbetsmarknadspolitikens flaggskepp. Tack vare de f\u00f6rh\u00e5llandevis korta yrkesinriktade kurserna har tusentals arbetsl\u00f6sa varje \u00e5r rustats f\u00f6r jobb som kockar, busschauff\u00f6rer, maskinf\u00f6rare och undersk\u00f6terskor. Utv\u00e4rderingar visar att utbildningarna har lett till l\u00e4gre arbetsl\u00f6shet, h\u00f6gre syssels\u00e4ttning och best\u00e5ende \u00f6kade arbetsinkomster.<\/p>\n\n\n\n<p>Vi rekommenderar f\u00f6ljande \u00e5tg\u00e4rder:<\/p>\n\n\n\n<p><strong>1<\/strong>. Ut\u00f6ka skyndsamt antalet platser i den yrkesinriktade arbetsmarknadsutbildningen. F\u00f6r att kunna m\u00f6ta utmaningarna med arbetsl\u00f6shet och kompetensbrist m\u00e5ste dagens l\u00e5ga niv\u00e5 p\u00e5 drygt 5\u2009000 utbildningsdeltagare m\u00e5ngdubblas. Avs\u00e4tt tillr\u00e4ckliga resurser i h\u00f6stbudgeten och i kommande budgetar. Ge Arbetsf\u00f6rmedlingen i uppdrag att prioritera utbildningsinsatser.<\/p>\n\n\n\n<p><strong>2.<\/strong> Bredda utbildningsformen.&nbsp;Genom att ge Arbetsf\u00f6rmedlingen m\u00f6jlighet att anvisa arbetsl\u00f6sa till utbildningar i det regulj\u00e4ra utbildningssystemet, s\u00e5som yrkesvux, yrkesh\u00f6gskola och h\u00f6gskola, p\u00e5 samma s\u00e4tt som till den upphandlade arbetsmarknadsutbildningen, kan b\u00e5de kapaciteten och j\u00e4mst\u00e4lldheten \u00f6ka.<\/p>\n\n\n\n<p>Det tillgodoser behoven hos de arbetss\u00f6kande med olika bakgrund och g\u00f6r det l\u00e4ttare att smidigt anpassa dimensioneringen efter konjunkturen. Samtidigt kan det leda till att utbudet inom yrkesvux breddas och till att statsbidraget kommer till st\u00f6rre anv\u00e4ndning.<\/p>\n\n\n\n<p><strong>3<\/strong>. Ta till vara de arbetsl\u00f6sas erfarenheter.&nbsp;P\u00e5 senare tid har det skett en f\u00f6rskjutning d\u00e4r utbildningsinsatser inom arbetsmarknadspolitiken riktas till arbetsl\u00f6sa med svagast anknytning till arbetsmarknaden.<\/p>\n","protected":false},"excerpt":{"rendered":"<p>S\u00e5v\u00e4l de r\u00f6dgr\u00f6na partierna som allianspartierna har under l\u00e5ng tid prioriterat arbetsmarknadsutbildningen alltf\u00f6r l\u00e5gt. Under flera \u00e5rtionden har den yrkes\u00adinriktade arbetsmarknadsutbildningen varit den svenska arbetsmarknadspolitikens flaggskepp. Tack vare de f\u00f6rh\u00e5llandevis korta yrkesinriktade kurserna har tusentals &hellip;<\/p>\n","protected":false},"author":3381,"featured_media":24394,"comment_status":"closed","ping_status":"closed","sticky":false,"template":"","format":"standard","meta":{"_acf_changed":false,"footnotes":""},"categories":[64,419],"tags":[67],"article_type":[49,56],"agreement":[],"class_list":["post-24390","post","type-post","status-publish","format-standard","has-post-thumbnail","hentry","category-arbetsmarknad","category-kompetensforsorjning","tag-utbildning-och-kompetens","type-debattartiklar","type-nyheter"],"acf":[],"yoast_head":"<!-- This site is optimized with the Yoast SEO Premium plugin v26.8 (Yoast SEO v26.8) - https:\/\/yoast.com\/product\/yoast-seo-premium-wordpress\/ -->\n<title>Regeringen m\u00e5ste satsa p\u00e5 arbetsmarknadsutbildning | Almega<\/title>\n<meta name=\"robots\" content=\"index, follow, max-snippet:-1, max-image-preview:large, max-video-preview:-1\" \/>\n<link rel=\"canonical\" href=\"https:\/\/www.almega.se\/2019\/09\/regeringen-maste-satsa-pa-arbetsmarknadsutbildning\/\" \/>\n<meta property=\"og:locale\" content=\"sv_SE\" \/>\n<meta property=\"og:type\" content=\"article\" \/>\n<meta property=\"og:title\" content=\"Regeringen m\u00e5ste satsa p\u00e5 arbetsmarknadsutbildning\" \/>\n<meta property=\"og:description\" content=\"S\u00e5v\u00e4l de r\u00f6dgr\u00f6na partierna som allianspartierna har under l\u00e5ng tid prioriterat arbetsmarknadsutbildningen alltf\u00f6r l\u00e5gt. Under flera \u00e5rtionden har den yrkes\u00adinriktade arbetsmarknadsutbildningen varit den svenska arbetsmarknadspolitikens flaggskepp. Tack vare de f\u00f6rh\u00e5llandevis korta yrkesinriktade kurserna har tusentals &hellip;\" \/>\n<meta property=\"og:url\" content=\"https:\/\/www.almega.se\/2019\/09\/regeringen-maste-satsa-pa-arbetsmarknadsutbildning\/\" \/>\n<meta property=\"og:site_name\" content=\"Almega\" \/>\n<meta property=\"article:published_time\" content=\"2019-09-10T08:13:06+00:00\" \/>\n<meta property=\"og:image\" content=\"https:\/\/www.almega.se\/app\/uploads\/2019\/09\/almtes-e1568102750320.jpg\" \/>\n\t<meta property=\"og:image:width\" content=\"1932\" \/>\n\t<meta property=\"og:image:height\" content=\"1395\" \/>\n\t<meta property=\"og:image:type\" content=\"image\/jpeg\" \/>\n<meta name=\"author\" content=\"Andreas Eriksson\" \/>\n<meta name=\"twitter:card\" content=\"summary_large_image\" \/>\n<meta name=\"twitter:label1\" content=\"Skriven av\" \/>\n\t<meta name=\"twitter:data1\" content=\"Andreas Eriksson\" \/>\n\t<meta name=\"twitter:label2\" content=\"Ber\u00e4knad l\u00e4stid\" \/>\n\t<meta name=\"twitter:data2\" content=\"2 minuter\" \/>\n<!-- \/ Yoast SEO Premium plugin. -->","yoast_head_json":{"title":"Regeringen m\u00e5ste satsa p\u00e5 arbetsmarknadsutbildning | Almega","robots":{"index":"index","follow":"follow","max-snippet":"max-snippet:-1","max-image-preview":"max-image-preview:large","max-video-preview":"max-video-preview:-1"},"canonical":"https:\/\/www.almega.se\/2019\/09\/regeringen-maste-satsa-pa-arbetsmarknadsutbildning\/","og_locale":"sv_SE","og_type":"article","og_title":"Regeringen m\u00e5ste satsa p\u00e5 arbetsmarknadsutbildning","og_description":"S\u00e5v\u00e4l de r\u00f6dgr\u00f6na partierna som allianspartierna har under l\u00e5ng tid prioriterat arbetsmarknadsutbildningen alltf\u00f6r l\u00e5gt. Under flera \u00e5rtionden har den yrkes\u00adinriktade arbetsmarknadsutbildningen varit den svenska arbetsmarknadspolitikens flaggskepp. Tack vare de f\u00f6rh\u00e5llandevis korta yrkesinriktade kurserna har tusentals &hellip;","og_url":"https:\/\/www.almega.se\/2019\/09\/regeringen-maste-satsa-pa-arbetsmarknadsutbildning\/","og_site_name":"Almega","article_published_time":"2019-09-10T08:13:06+00:00","og_image":[{"width":1932,"height":1395,"url":"https:\/\/www.almega.se\/app\/uploads\/2019\/09\/almtes-e1568102750320.jpg","type":"image\/jpeg"}],"author":"Andreas Eriksson","twitter_card":"summary_large_image","twitter_misc":{"Skriven av":"Andreas Eriksson","Ber\u00e4knad l\u00e4stid":"2 minuter"},"schema":{"@context":"https:\/\/schema.org","@graph":[{"@type":"NewsArticle","@id":"https:\/\/www.almega.se\/2019\/09\/regeringen-maste-satsa-pa-arbetsmarknadsutbildning\/#article","isPartOf":{"@id":"https:\/\/www.almega.se\/2019\/09\/regeringen-maste-satsa-pa-arbetsmarknadsutbildning\/"},"author":{"name":"Andreas Eriksson","@id":"https:\/\/www.almega.se\/#\/schema\/person\/43c6ef5d04a0c99f85f3daec7f6a5851"},"headline":"Regeringen m\u00e5ste satsa p\u00e5 arbetsmarknads&shy;utbildning","datePublished":"2019-09-10T08:13:06+00:00","mainEntityOfPage":{"@id":"https:\/\/www.almega.se\/2019\/09\/regeringen-maste-satsa-pa-arbetsmarknadsutbildning\/"},"wordCount":267,"image":{"@id":"https:\/\/www.almega.se\/2019\/09\/regeringen-maste-satsa-pa-arbetsmarknadsutbildning\/#primaryimage"},"thumbnailUrl":"https:\/\/www.almega.se\/app\/uploads\/2019\/09\/almtes-e1568102750320.jpg","keywords":["Utbildning och kompetens"],"articleSection":["Arbetsmarknad","Kompetensf\u00f6rs\u00f6rjning"],"inLanguage":"sv-SE"},{"@type":"WebPage","@id":"https:\/\/www.almega.se\/2019\/09\/regeringen-maste-satsa-pa-arbetsmarknadsutbildning\/","url":"https:\/\/www.almega.se\/2019\/09\/regeringen-maste-satsa-pa-arbetsmarknadsutbildning\/","name":"Regeringen m\u00e5ste satsa p\u00e5 arbetsmarknadsutbildning | Almega","isPartOf":{"@id":"https:\/\/www.almega.se\/#website"},"primaryImageOfPage":{"@id":"https:\/\/www.almega.se\/2019\/09\/regeringen-maste-satsa-pa-arbetsmarknadsutbildning\/#primaryimage"},"image":{"@id":"https:\/\/www.almega.se\/2019\/09\/regeringen-maste-satsa-pa-arbetsmarknadsutbildning\/#primaryimage"},"thumbnailUrl":"https:\/\/www.almega.se\/app\/uploads\/2019\/09\/almtes-e1568102750320.jpg","datePublished":"2019-09-10T08:13:06+00:00","author":{"@id":"https:\/\/www.almega.se\/#\/schema\/person\/43c6ef5d04a0c99f85f3daec7f6a5851"},"breadcrumb":{"@id":"https:\/\/www.almega.se\/2019\/09\/regeringen-maste-satsa-pa-arbetsmarknadsutbildning\/#breadcrumb"},"inLanguage":"sv-SE","potentialAction":[{"@type":"ReadAction","target":["https:\/\/www.almega.se\/2019\/09\/regeringen-maste-satsa-pa-arbetsmarknadsutbildning\/"]}]},{"@type":"ImageObject","inLanguage":"sv-SE","@id":"https:\/\/www.almega.se\/2019\/09\/regeringen-maste-satsa-pa-arbetsmarknadsutbildning\/#primaryimage","url":"https:\/\/www.almega.se\/app\/uploads\/2019\/09\/almtes-e1568102750320.jpg","contentUrl":"https:\/\/www.almega.se\/app\/uploads\/2019\/09\/almtes-e1568102750320.jpg","width":1932,"height":1395},{"@type":"BreadcrumbList","@id":"https:\/\/www.almega.se\/2019\/09\/regeringen-maste-satsa-pa-arbetsmarknadsutbildning\/#breadcrumb","itemListElement":[{"@type":"ListItem","position":1,"name":"Home","item":"https:\/\/www.almega.se\/"},{"@type":"ListItem","position":2,"name":"Regeringen m\u00e5ste satsa p\u00e5 arbetsmarknads&shy;utbildning"}]},{"@type":"WebSite","@id":"https:\/\/www.almega.se\/#website","url":"https:\/\/www.almega.se\/","name":"Almega","description":"","potentialAction":[{"@type":"SearchAction","target":{"@type":"EntryPoint","urlTemplate":"https:\/\/www.almega.se\/?s={search_term_string}"},"query-input":{"@type":"PropertyValueSpecification","valueRequired":true,"valueName":"search_term_string"}}],"inLanguage":"sv-SE"},{"@type":"Person","@id":"https:\/\/www.almega.se\/#\/schema\/person\/43c6ef5d04a0c99f85f3daec7f6a5851","name":"Andreas Eriksson","image":{"@type":"ImageObject","inLanguage":"sv-SE","@id":"https:\/\/www.almega.se\/#\/schema\/person\/image\/","url":"https:\/\/secure.gravatar.com\/avatar\/e4e99713c1c544f0e4ebfb26b49e13cdf40ce68ebdeaea9410f71c72be9fc983?s=96&d=mm&r=g","contentUrl":"https:\/\/secure.gravatar.com\/avatar\/e4e99713c1c544f0e4ebfb26b49e13cdf40ce68ebdeaea9410f71c72be9fc983?s=96&d=mm&r=g","caption":"Andreas Eriksson"},"url":"https:\/\/www.almega.se\/person\/andreaseriksson\/"}]}},"_links":{"self":[{"href":"https:\/\/www.almega.se\/api\/wp\/v2\/posts\/24390","targetHints":{"allow":["GET"]}}],"collection":[{"href":"https:\/\/www.almega.se\/api\/wp\/v2\/posts"}],"about":[{"href":"https:\/\/www.almega.se\/api\/wp\/v2\/types\/post"}],"author":[{"embeddable":true,"href":"https:\/\/www.almega.se\/api\/wp\/v2\/users\/3381"}],"replies":[{"embeddable":true,"href":"https:\/\/www.almega.se\/api\/wp\/v2\/comments?post=24390"}],"version-history":[{"count":2,"href":"https:\/\/www.almega.se\/api\/wp\/v2\/posts\/24390\/revisions"}],"predecessor-version":[{"id":52174,"href":"https:\/\/www.almega.se\/api\/wp\/v2\/posts\/24390\/revisions\/52174"}],"wp:featuredmedia":[{"embeddable":true,"href":"https:\/\/www.almega.se\/api\/wp\/v2\/media\/24394"}],"wp:attachment":[{"href":"https:\/\/www.almega.se\/api\/wp\/v2\/media?parent=24390"}],"wp:term":[{"taxonomy":"category","embeddable":true,"href":"https:\/\/www.almega.se\/api\/wp\/v2\/categories?post=24390"},{"taxonomy":"post_tag","embeddable":true,"href":"https:\/\/www.almega.se\/api\/wp\/v2\/tags?post=24390"},{"taxonomy":"type","embeddable":true,"href":"https:\/\/www.almega.se\/api\/wp\/v2\/article_type?post=24390"},{"taxonomy":"agreement","embeddable":true,"href":"https:\/\/www.almega.se\/api\/wp\/v2\/agreement?post=24390"}],"curies":[{"name":"wp","href":"https:\/\/api.w.org\/{rel}","templated":true}]}}