{"id":24381,"date":"2019-09-09T13:46:45","date_gmt":"2019-09-09T11:46:45","guid":{"rendered":"https:\/\/www.almega.se\/?p=24381"},"modified":"2019-09-09T13:46:45","modified_gmt":"2019-09-09T11:46:45","slug":"arbetstillstand-pa-tio-dagar-sa-funkar-det","status":"publish","type":"post","link":"https:\/\/www.almega.se\/2019\/09\/arbetstillstand-pa-tio-dagar-sa-funkar-det\/","title":{"rendered":"Arbetstillst\u00e5nd p\u00e5 tio dagar \u2013 s\u00e5 funkar det"},"content":{"rendered":"<p class=\"intro\">Nu erbjuder vi p\u00e5 Almega v\u00e5ra medlems\u00adf\u00f6retag ett snabbare och enklare ans\u00f6kningsf\u00f6rfarande f\u00f6r arbetstillst\u00e5nd, f\u00f6r personer som kommer fr\u00e5n l\u00e4nder utanf\u00f6r EU\/EES och Schweiz. En komplett f\u00f6rstag\u00e5ngsans\u00f6kan pr\u00f6vas inom tio arbetsdagar, vilket ska j\u00e4mf\u00f6ras med en tillst\u00e5ndsans\u00f6kan genom Migrationsverket, som kan ta upp till sju m\u00e5nader. S\u00e5 h\u00e4r funkar ans\u00f6kningsprocessen.<\/p>\n\n<ol class=\"wp-block-list\">\n<li><strong>Skicka in ans\u00f6kan om medlemskap<\/strong><\/li>\n<\/ol>\n\n\n\n<p>Fyll i formul\u00e4ret om medlemskap i Almega (l\u00e4nk), s\u00e5 f\u00e5r vi de uppgifter vi beh\u00f6ver f\u00f6r att ta reda p\u00e5 vad som g\u00e4ller f\u00f6r dig och ditt f\u00f6retag. Vi kontaktar sedan dig s\u00e5 snart som m\u00f6jligt.<\/p>\n\n\n\n<p><strong><a href=\"https:\/\/www.almega.se\/snabbhantering-av-arbetstillstand\/\">L\u00e4s mer om tj\u00e4nsten h\u00e4r<\/a><\/strong><\/p>\n\n\n\n<ol class=\"wp-block-list\" start=\"2\">\n<li><strong>Vi \u00e5terkopplar till dig och hj\u00e4lper dig att f\u00e4rdigst\u00e4lla ans\u00f6kan om medlemskap<\/strong><\/li>\n<\/ol>\n\n\n\n<p>Ibland beh\u00f6ver vi tr\u00e4ffas f\u00f6r att g\u00e5 igenom medlemskapets f\u00f6rm\u00e5ner och skyldigheter, samt kollektiv\u00adavtalets inneb\u00f6rd lite n\u00e4rmare. Du kan beh\u00f6va komplettera din ans\u00f6kan med handlingar som till exempel tillst\u00e5nd fr\u00e5n myndigheter, registreringsbevis, underlag fr\u00e5n Skatteverket och liknande. Om detta beh\u00f6vs i ditt fall s\u00e5 informerar vi dig om det redan n\u00e4r vi kontaktar dig via telefon.<\/p>\n\n\n\n<ol class=\"wp-block-list\" start=\"3\">\n<li><strong>Anm\u00e4l ditt f\u00f6retag som under\u00adf\u00f6retag i Almega<\/strong><\/li>\n<\/ol>\n\n\n\n<p>N\u00e4r ditt f\u00f6retag blivit godk\u00e4nt som medlems\u00adf\u00f6retag i Almega f\u00e5r du tillg\u00e5ng till Arbetsgivarguiden \u2013 verktyget d\u00e4r du bland annat hittar en smidig och enkel steg f\u00f6r steg-guide som visar hur du ska g\u00e5 tillv\u00e4ga f\u00f6r att anm\u00e4la dig som under\u00adf\u00f6retag.<\/p>\n\n\n\n<ol class=\"wp-block-list\" start=\"4\">\n<li><strong>Skicka in din arbetstillst\u00e5ndsans\u00f6kan till Almega<\/strong><\/li>\n<\/ol>\n\n\n\n<p>N\u00e4r ditt f\u00f6retag blivit godk\u00e4nt som under\u00adf\u00f6retag, f\u00f6ljer du ovan n\u00e4mnda steg-f\u00f6r-steg-guide och skickar du in din arbetstillst\u00e5ndsans\u00f6kan. En komplett f\u00f6rstag\u00e5ngsans\u00f6kan genom oss pr\u00f6vas inom tio arbetsdagar och en f\u00f6rl\u00e4ngningsans\u00f6kan inom tjugo arbetsdagar.<\/p>\n\n\n\n<p><strong><a href=\"https:\/\/www.almega.se\/snabbhantering-av-arbetstillstand\/\">L\u00e4s mer om Almegas tj\u00e4nst Snabbhantering av arbetstillst\u00e5nd<\/a><\/strong><\/p>\n","protected":false},"excerpt":{"rendered":"<p>Fyll i formul\u00e4ret om medlemskap i Almega (l\u00e4nk), s\u00e5 f\u00e5r vi de uppgifter vi beh\u00f6ver f\u00f6r att ta reda p\u00e5 vad som g\u00e4ller f\u00f6r dig och ditt f\u00f6retag. Vi kontaktar sedan dig s\u00e5 snart som &hellip;<\/p>\n","protected":false},"author":4371,"featured_media":24382,"comment_status":"closed","ping_status":"closed","sticky":false,"template":"","format":"standard","meta":{"_acf_changed":false,"footnotes":""},"categories":[451,419],"tags":[543],"article_type":[56],"agreement":[],"class_list":["post-24381","post","type-post","status-publish","format-standard","has-post-thumbnail","hentry","category-arbetsgivarfragor","category-kompetensforsorjning","tag-arbetskraftsinvandring","type-nyheter"],"acf":[],"yoast_head":"<!-- This site is optimized with the Yoast SEO Premium plugin v26.8 (Yoast SEO v26.8) - https:\/\/yoast.com\/product\/yoast-seo-premium-wordpress\/ -->\n<title>Arbetstillst\u00e5nd p\u00e5 tio dagar \u2013 s\u00e5 funkar det | Almega<\/title>\n<meta name=\"description\" content=\"N\u00e4r ditt f\u00f6retag blivit godk\u00e4nt som under\u00adf\u00f6retag, f\u00f6ljer du ovan n\u00e4mnda steg-f\u00f6r-steg-guide och skickar du in din arbetstillst\u00e5ndsans\u00f6kan.\" \/>\n<meta name=\"robots\" content=\"index, follow, max-snippet:-1, max-image-preview:large, max-video-preview:-1\" \/>\n<link rel=\"canonical\" href=\"https:\/\/www.almega.se\/2019\/09\/arbetstillstand-pa-tio-dagar-sa-funkar-det\/\" \/>\n<meta property=\"og:locale\" content=\"sv_SE\" \/>\n<meta property=\"og:type\" content=\"article\" \/>\n<meta property=\"og:title\" content=\"Arbetstillst\u00e5nd p\u00e5 tio dagar \u2013 s\u00e5 funkar det\" \/>\n<meta property=\"og:description\" content=\"N\u00e4r ditt f\u00f6retag blivit godk\u00e4nt som under\u00adf\u00f6retag, f\u00f6ljer du ovan n\u00e4mnda steg-f\u00f6r-steg-guide och skickar du in din arbetstillst\u00e5ndsans\u00f6kan.\" \/>\n<meta property=\"og:url\" content=\"https:\/\/www.almega.se\/2019\/09\/arbetstillstand-pa-tio-dagar-sa-funkar-det\/\" \/>\n<meta property=\"og:site_name\" content=\"Almega\" \/>\n<meta property=\"article:published_time\" content=\"2019-09-09T11:46:45+00:00\" \/>\n<meta property=\"og:image\" content=\"https:\/\/www.almega.se\/app\/uploads\/2019\/09\/arbetstillstand.png\" \/>\n\t<meta property=\"og:image:width\" content=\"1000\" \/>\n\t<meta property=\"og:image:height\" content=\"600\" \/>\n\t<meta property=\"og:image:type\" content=\"image\/png\" \/>\n<meta name=\"author\" content=\"Katarina Ahlsen\" \/>\n<meta name=\"twitter:card\" content=\"summary_large_image\" \/>\n<meta name=\"twitter:label1\" content=\"Skriven av\" \/>\n\t<meta name=\"twitter:data1\" content=\"Katarina Ahlsen\" \/>\n\t<meta name=\"twitter:label2\" content=\"Ber\u00e4knad l\u00e4stid\" \/>\n\t<meta name=\"twitter:data2\" content=\"2 minuter\" \/>\n<!-- \/ Yoast SEO Premium plugin. -->","yoast_head_json":{"title":"Arbetstillst\u00e5nd p\u00e5 tio dagar \u2013 s\u00e5 funkar det | Almega","description":"N\u00e4r ditt f\u00f6retag blivit godk\u00e4nt som under\u00adf\u00f6retag, f\u00f6ljer du ovan n\u00e4mnda steg-f\u00f6r-steg-guide och skickar du in din arbetstillst\u00e5ndsans\u00f6kan.","robots":{"index":"index","follow":"follow","max-snippet":"max-snippet:-1","max-image-preview":"max-image-preview:large","max-video-preview":"max-video-preview:-1"},"canonical":"https:\/\/www.almega.se\/2019\/09\/arbetstillstand-pa-tio-dagar-sa-funkar-det\/","og_locale":"sv_SE","og_type":"article","og_title":"Arbetstillst\u00e5nd p\u00e5 tio dagar \u2013 s\u00e5 funkar det","og_description":"N\u00e4r ditt f\u00f6retag blivit godk\u00e4nt som under\u00adf\u00f6retag, f\u00f6ljer du ovan n\u00e4mnda steg-f\u00f6r-steg-guide och skickar du in din arbetstillst\u00e5ndsans\u00f6kan.","og_url":"https:\/\/www.almega.se\/2019\/09\/arbetstillstand-pa-tio-dagar-sa-funkar-det\/","og_site_name":"Almega","article_published_time":"2019-09-09T11:46:45+00:00","og_image":[{"width":1000,"height":600,"url":"https:\/\/www.almega.se\/app\/uploads\/2019\/09\/arbetstillstand.png","type":"image\/png"}],"author":"Katarina Ahlsen","twitter_card":"summary_large_image","twitter_misc":{"Skriven av":"Katarina Ahlsen","Ber\u00e4knad l\u00e4stid":"2 minuter"},"schema":{"@context":"https:\/\/schema.org","@graph":[{"@type":"NewsArticle","@id":"https:\/\/www.almega.se\/2019\/09\/arbetstillstand-pa-tio-dagar-sa-funkar-det\/#article","isPartOf":{"@id":"https:\/\/www.almega.se\/2019\/09\/arbetstillstand-pa-tio-dagar-sa-funkar-det\/"},"author":{"name":"Katarina Ahlsen","@id":"https:\/\/www.almega.se\/#\/schema\/person\/21bb090beed442a47a2cf1e64374f091"},"headline":"Arbetstillst\u00e5nd p\u00e5 tio dagar \u2013 s\u00e5 funkar det","datePublished":"2019-09-09T11:46:45+00:00","mainEntityOfPage":{"@id":"https:\/\/www.almega.se\/2019\/09\/arbetstillstand-pa-tio-dagar-sa-funkar-det\/"},"wordCount":288,"image":{"@id":"https:\/\/www.almega.se\/2019\/09\/arbetstillstand-pa-tio-dagar-sa-funkar-det\/#primaryimage"},"thumbnailUrl":"https:\/\/www.almega.se\/app\/uploads\/2019\/09\/arbetstillstand.png","keywords":["Arbetskraftsinvandring"],"articleSection":["Arbetsgivarfr\u00e5gor","Kompetensf\u00f6rs\u00f6rjning"],"inLanguage":"sv-SE"},{"@type":"WebPage","@id":"https:\/\/www.almega.se\/2019\/09\/arbetstillstand-pa-tio-dagar-sa-funkar-det\/","url":"https:\/\/www.almega.se\/2019\/09\/arbetstillstand-pa-tio-dagar-sa-funkar-det\/","name":"Arbetstillst\u00e5nd p\u00e5 tio dagar \u2013 s\u00e5 funkar det | Almega","isPartOf":{"@id":"https:\/\/www.almega.se\/#website"},"primaryImageOfPage":{"@id":"https:\/\/www.almega.se\/2019\/09\/arbetstillstand-pa-tio-dagar-sa-funkar-det\/#primaryimage"},"image":{"@id":"https:\/\/www.almega.se\/2019\/09\/arbetstillstand-pa-tio-dagar-sa-funkar-det\/#primaryimage"},"thumbnailUrl":"https:\/\/www.almega.se\/app\/uploads\/2019\/09\/arbetstillstand.png","datePublished":"2019-09-09T11:46:45+00:00","author":{"@id":"https:\/\/www.almega.se\/#\/schema\/person\/21bb090beed442a47a2cf1e64374f091"},"description":"N\u00e4r ditt f\u00f6retag blivit godk\u00e4nt som under\u00adf\u00f6retag, f\u00f6ljer du ovan n\u00e4mnda steg-f\u00f6r-steg-guide och skickar du in din arbetstillst\u00e5ndsans\u00f6kan.","breadcrumb":{"@id":"https:\/\/www.almega.se\/2019\/09\/arbetstillstand-pa-tio-dagar-sa-funkar-det\/#breadcrumb"},"inLanguage":"sv-SE","potentialAction":[{"@type":"ReadAction","target":["https:\/\/www.almega.se\/2019\/09\/arbetstillstand-pa-tio-dagar-sa-funkar-det\/"]}]},{"@type":"ImageObject","inLanguage":"sv-SE","@id":"https:\/\/www.almega.se\/2019\/09\/arbetstillstand-pa-tio-dagar-sa-funkar-det\/#primaryimage","url":"https:\/\/www.almega.se\/app\/uploads\/2019\/09\/arbetstillstand.png","contentUrl":"https:\/\/www.almega.se\/app\/uploads\/2019\/09\/arbetstillstand.png","width":1000,"height":600,"caption":"arbetstillst\u00e5ndsans\u00f6kan"},{"@type":"BreadcrumbList","@id":"https:\/\/www.almega.se\/2019\/09\/arbetstillstand-pa-tio-dagar-sa-funkar-det\/#breadcrumb","itemListElement":[{"@type":"ListItem","position":1,"name":"Home","item":"https:\/\/www.almega.se\/"},{"@type":"ListItem","position":2,"name":"Arbetstillst\u00e5nd p\u00e5 tio dagar \u2013 s\u00e5 funkar det"}]},{"@type":"WebSite","@id":"https:\/\/www.almega.se\/#website","url":"https:\/\/www.almega.se\/","name":"Almega","description":"","potentialAction":[{"@type":"SearchAction","target":{"@type":"EntryPoint","urlTemplate":"https:\/\/www.almega.se\/?s={search_term_string}"},"query-input":{"@type":"PropertyValueSpecification","valueRequired":true,"valueName":"search_term_string"}}],"inLanguage":"sv-SE"},{"@type":"Person","@id":"https:\/\/www.almega.se\/#\/schema\/person\/21bb090beed442a47a2cf1e64374f091","name":"Katarina Ahlsen","image":{"@type":"ImageObject","inLanguage":"sv-SE","@id":"https:\/\/www.almega.se\/#\/schema\/person\/image\/","url":"https:\/\/secure.gravatar.com\/avatar\/08acb5974fe161bc44fe8e62ec32e85c446ac625c171f9a7eb9f4941b883d3d9?s=96&d=mm&r=g","contentUrl":"https:\/\/secure.gravatar.com\/avatar\/08acb5974fe161bc44fe8e62ec32e85c446ac625c171f9a7eb9f4941b883d3d9?s=96&d=mm&r=g","caption":"Katarina Ahlsen"},"url":"https:\/\/www.almega.se\/person\/katarinaahlsen\/"}]}},"_links":{"self":[{"href":"https:\/\/www.almega.se\/api\/wp\/v2\/posts\/24381","targetHints":{"allow":["GET"]}}],"collection":[{"href":"https:\/\/www.almega.se\/api\/wp\/v2\/posts"}],"about":[{"href":"https:\/\/www.almega.se\/api\/wp\/v2\/types\/post"}],"author":[{"embeddable":true,"href":"https:\/\/www.almega.se\/api\/wp\/v2\/users\/4371"}],"replies":[{"embeddable":true,"href":"https:\/\/www.almega.se\/api\/wp\/v2\/comments?post=24381"}],"version-history":[{"count":2,"href":"https:\/\/www.almega.se\/api\/wp\/v2\/posts\/24381\/revisions"}],"predecessor-version":[{"id":52170,"href":"https:\/\/www.almega.se\/api\/wp\/v2\/posts\/24381\/revisions\/52170"}],"wp:featuredmedia":[{"embeddable":true,"href":"https:\/\/www.almega.se\/api\/wp\/v2\/media\/24382"}],"wp:attachment":[{"href":"https:\/\/www.almega.se\/api\/wp\/v2\/media?parent=24381"}],"wp:term":[{"taxonomy":"category","embeddable":true,"href":"https:\/\/www.almega.se\/api\/wp\/v2\/categories?post=24381"},{"taxonomy":"post_tag","embeddable":true,"href":"https:\/\/www.almega.se\/api\/wp\/v2\/tags?post=24381"},{"taxonomy":"type","embeddable":true,"href":"https:\/\/www.almega.se\/api\/wp\/v2\/article_type?post=24381"},{"taxonomy":"agreement","embeddable":true,"href":"https:\/\/www.almega.se\/api\/wp\/v2\/agreement?post=24381"}],"curies":[{"name":"wp","href":"https:\/\/api.w.org\/{rel}","templated":true}]}}