{"id":24331,"date":"2019-12-02T14:28:50","date_gmt":"2019-12-02T13:28:50","guid":{"rendered":"https:\/\/www.almega.se\/?p=24331"},"modified":"2019-12-02T14:28:50","modified_gmt":"2019-12-02T13:28:50","slug":"bildning-rustar-framtidens-ledare-for-det-okanda","status":"publish","type":"post","link":"https:\/\/www.almega.se\/2019\/12\/bildning-rustar-framtidens-ledare-for-det-okanda\/","title":{"rendered":"Bildning rustar framtidens ledare f\u00f6r det ok\u00e4nda"},"content":{"rendered":"<p class=\"intro\">Lars Stranneg\u00e5rd \u00e4r professor i f\u00f6retagsekonomi med s\u00e4rskild inriktning mot ledarskap och sedan 2014 \u00e4ven rektor vid Handelsh\u00f6gskolan i Stockholm. Framtidens ledare \u00e4r enligt honom bildade och nyfikna p\u00e5 det ok\u00e4nda.<\/p>\n\n<p>&#8211; Framtidens ledarskap \u00e4r egentligen samma som tidigare. Relationer har alltid varit det centrala och det kommer det att vara \u00e4ven i framtiden. Man m\u00e5ste ha koll p\u00e5 och f\u00f6rh\u00e5lla sig till sin omgivning. De som k\u00e4nner sig sedda och uppskattade bidrar b\u00e4ttre till helheten som d\u00e5 k\u00e4nns meningsfull. Det \u00e4r samma nu som f\u00f6rr och har aldrig varit en d\u00e5lig id\u00e9.<\/p>\n\n\n\n<p>&#8211; Men p\u00e5 grund av AI och maskininl\u00e4rning kan mycket automatiseras. D\u00e4rf\u00f6r m\u00e5ste framtidens ledarskap fokusera p\u00e5 att f\u00e5 ut s\u00e5 mycket som m\u00f6jligt av den m\u00e4nskliga kapaciteten. Det kr\u00e4ver kreativitet, handlingsf\u00f6rm\u00e5ga och sj\u00e4lvstyrande. Digitalisering g\u00f6r att vi m\u00e5ste bli duktigare p\u00e5 det som \u00e4r s\u00e4rskiljande f\u00f6r oss m\u00e4nniskor, d.v.s. v\u00e5r m\u00e4nskliga f\u00f6rm\u00e5ga.<\/p>\n\n\n\n<h3 class=\"wp-block-heading\">Hur utbildar ni framtidens ledare? \u00c4r det annorlunda \u00e4n tidigare?<\/h3>\n\n\n\n<p>&#8211; Vi arbetar efter devisen att n\u00e4r v\u00e5ra studenter tar examen ska de vara \u201dFria och levande i f\u00f6rh\u00e5llande till det ok\u00e4nda\u201d. De ska titta p\u00e5 v\u00e4rlden och k\u00e4nna sig beredd att ta sig an den p\u00e5 ett nyfiket s\u00e4tt. Vi arbetar i en klassisk bildningstradition som inte varit s\u00e5 vanlig tidigare. Svensk utbildningstradition har inte fokuserat p\u00e5 karakt\u00e4rsdaning p\u00e5 det s\u00e4ttet vi g\u00f6r nu.<\/p>\n\n\n\n<p><strong><a href=\"https:\/\/www.almega.se\/app\/uploads\/2019\/07\/framtidens-ledarskap_final.pdf\" target=\"_blank\" rel=\"noopener noreferrer\">L\u00e4s mer om ledarskap i Almegas och Ledarnas rapport \u201dFramtidens ledarskap\u201d<\/a><\/strong><\/p>\n\n\n\n<p>&#8211; Vi flyttar fokus fr\u00e5n utbildning till bildning och genom till exempel konst och humaniora uts\u00e4tter vi oss f\u00f6r intryck som fungerar som intellektuellt klipulver. Att umg\u00e5s med det ok\u00e4nda hj\u00e4lper oss till reflektion och att v\u00e5ga pr\u00f6va nya saker. Det \u00e4r grundl\u00e4ggande f\u00f6r framtidens ledare.<\/p>\n\n\n\n<h3 class=\"wp-block-heading\">Vill unga m\u00e4nniskor bli ledare i framtiden?<\/h3>\n\n\n\n<p>&#8211; Den unga generationen vill absolut bli ledare, men det handlar om hur man presenterar uppdraget. Unga i dag vill p\u00e5verka och bidra till n\u00e5got st\u00f6rre och meningsfullt samtidigt som de s\u00e4tter ett stort avtryck. Att vara en kugge i ett maskineri \u00e4r inte lika intressant som att bygga den egna identiteten.<\/p>\n\n\n\n<h3 class=\"wp-block-heading\">Vad \u00e4r en realistisk bild av ledarskap i framtiden? St\u00e4ller vi f\u00f6r h\u00f6ga krav p\u00e5 v\u00e5ra ledare?<\/h3>\n\n\n\n<p>&#8211; Att leda \u00e4r att v\u00e5ga misslyckas. Men inte p\u00e5 grund av att man saknar ambition eller \u00e4r lat utan i st\u00e4llet de misslyckanden som \u00e4r resultat av ett utvecklingsf\u00f6rs\u00f6k och som resulterar i ett l\u00e4rande. En god ledare har tolerans f\u00f6r den typen av misstag eftersom kunskapsintensiva branscher m\u00e5ste f\u00f6rlita sig p\u00e5 m\u00e4nniskors innovationsf\u00f6rm\u00e5ga. M\u00e4nniskor med den typen av f\u00f6rm\u00e5ga kan inte styras och de utvecklas genom att v\u00e5ga testa.<\/p>\n\n\n\n<p>&#8211; Den personliga utvecklingen m\u00e5ste p\u00e5g\u00e5 hela tiden. Bara s\u00e5 kan vi vara fria och levande i en ok\u00e4nd v\u00e4rld.<\/p>\n","protected":false},"excerpt":{"rendered":"<p>&#8211; Framtidens ledarskap \u00e4r egentligen samma som tidigare. Relationer har alltid varit det centrala och det kommer det att vara \u00e4ven i framtiden. Man m\u00e5ste ha koll p\u00e5 och f\u00f6rh\u00e5lla sig till sin omgivning. De &hellip;<\/p>\n","protected":false},"author":3,"featured_media":24336,"comment_status":"closed","ping_status":"closed","sticky":false,"template":"","format":"standard","meta":{"_acf_changed":false,"footnotes":""},"categories":[451],"tags":[468],"article_type":[55],"agreement":[],"class_list":["post-24331","post","type-post","status-publish","format-standard","has-post-thumbnail","hentry","category-arbetsgivarfragor","tag-framtidens-ledarskap","type-artiklar"],"acf":[],"yoast_head":"<!-- This site is optimized with the Yoast SEO Premium plugin v26.8 (Yoast SEO v26.8) - https:\/\/yoast.com\/product\/yoast-seo-premium-wordpress\/ -->\n<title>Bildning rustar framtidens ledare f\u00f6r det ok\u00e4nda | Almega<\/title>\n<meta name=\"robots\" content=\"index, follow, max-snippet:-1, max-image-preview:large, max-video-preview:-1\" \/>\n<link rel=\"canonical\" href=\"https:\/\/www.almega.se\/2019\/12\/bildning-rustar-framtidens-ledare-for-det-okanda\/\" \/>\n<meta property=\"og:locale\" content=\"sv_SE\" \/>\n<meta property=\"og:type\" content=\"article\" \/>\n<meta property=\"og:title\" content=\"Bildning rustar framtidens ledare f\u00f6r det ok\u00e4nda\" \/>\n<meta property=\"og:description\" content=\"&#8211; Framtidens ledarskap \u00e4r egentligen samma som tidigare. Relationer har alltid varit det centrala och det kommer det att vara \u00e4ven i framtiden. Man m\u00e5ste ha koll p\u00e5 och f\u00f6rh\u00e5lla sig till sin omgivning. De &hellip;\" \/>\n<meta property=\"og:url\" content=\"https:\/\/www.almega.se\/2019\/12\/bildning-rustar-framtidens-ledare-for-det-okanda\/\" \/>\n<meta property=\"og:site_name\" content=\"Almega\" \/>\n<meta property=\"article:published_time\" content=\"2019-12-02T13:28:50+00:00\" \/>\n<meta property=\"og:image\" content=\"https:\/\/www.almega.se\/app\/uploads\/2019\/09\/lars-strannegard.png\" \/>\n\t<meta property=\"og:image:width\" content=\"794\" \/>\n\t<meta property=\"og:image:height\" content=\"672\" \/>\n\t<meta property=\"og:image:type\" content=\"image\/png\" \/>\n<meta name=\"author\" content=\"Julia Schwamberg\" \/>\n<meta name=\"twitter:card\" content=\"summary_large_image\" \/>\n<meta name=\"twitter:label1\" content=\"Skriven av\" \/>\n\t<meta name=\"twitter:data1\" content=\"Julia Schwamberg\" \/>\n\t<meta name=\"twitter:label2\" content=\"Ber\u00e4knad l\u00e4stid\" \/>\n\t<meta name=\"twitter:data2\" content=\"3 minuter\" \/>\n<!-- \/ Yoast SEO Premium plugin. -->","yoast_head_json":{"title":"Bildning rustar framtidens ledare f\u00f6r det ok\u00e4nda | Almega","robots":{"index":"index","follow":"follow","max-snippet":"max-snippet:-1","max-image-preview":"max-image-preview:large","max-video-preview":"max-video-preview:-1"},"canonical":"https:\/\/www.almega.se\/2019\/12\/bildning-rustar-framtidens-ledare-for-det-okanda\/","og_locale":"sv_SE","og_type":"article","og_title":"Bildning rustar framtidens ledare f\u00f6r det ok\u00e4nda","og_description":"&#8211; Framtidens ledarskap \u00e4r egentligen samma som tidigare. Relationer har alltid varit det centrala och det kommer det att vara \u00e4ven i framtiden. Man m\u00e5ste ha koll p\u00e5 och f\u00f6rh\u00e5lla sig till sin omgivning. De &hellip;","og_url":"https:\/\/www.almega.se\/2019\/12\/bildning-rustar-framtidens-ledare-for-det-okanda\/","og_site_name":"Almega","article_published_time":"2019-12-02T13:28:50+00:00","og_image":[{"width":794,"height":672,"url":"https:\/\/www.almega.se\/app\/uploads\/2019\/09\/lars-strannegard.png","type":"image\/png"}],"author":"Julia Schwamberg","twitter_card":"summary_large_image","twitter_misc":{"Skriven av":"Julia Schwamberg","Ber\u00e4knad l\u00e4stid":"3 minuter"},"schema":{"@context":"https:\/\/schema.org","@graph":[{"@type":"NewsArticle","@id":"https:\/\/www.almega.se\/2019\/12\/bildning-rustar-framtidens-ledare-for-det-okanda\/#article","isPartOf":{"@id":"https:\/\/www.almega.se\/2019\/12\/bildning-rustar-framtidens-ledare-for-det-okanda\/"},"author":{"name":"Julia Schwamberg","@id":"https:\/\/www.almega.se\/#\/schema\/person\/efcc735e9c1ba0f9de79e69dc5be5f8a"},"headline":"Bildning rustar framtidens ledare f\u00f6r det ok\u00e4nda","datePublished":"2019-12-02T13:28:50+00:00","mainEntityOfPage":{"@id":"https:\/\/www.almega.se\/2019\/12\/bildning-rustar-framtidens-ledare-for-det-okanda\/"},"wordCount":502,"image":{"@id":"https:\/\/www.almega.se\/2019\/12\/bildning-rustar-framtidens-ledare-for-det-okanda\/#primaryimage"},"thumbnailUrl":"https:\/\/www.almega.se\/app\/uploads\/2019\/09\/lars-strannegard.png","keywords":["Framtidens ledarskap"],"articleSection":["Arbetsgivarfr\u00e5gor"],"inLanguage":"sv-SE"},{"@type":"WebPage","@id":"https:\/\/www.almega.se\/2019\/12\/bildning-rustar-framtidens-ledare-for-det-okanda\/","url":"https:\/\/www.almega.se\/2019\/12\/bildning-rustar-framtidens-ledare-for-det-okanda\/","name":"Bildning rustar framtidens ledare f\u00f6r det ok\u00e4nda | Almega","isPartOf":{"@id":"https:\/\/www.almega.se\/#website"},"primaryImageOfPage":{"@id":"https:\/\/www.almega.se\/2019\/12\/bildning-rustar-framtidens-ledare-for-det-okanda\/#primaryimage"},"image":{"@id":"https:\/\/www.almega.se\/2019\/12\/bildning-rustar-framtidens-ledare-for-det-okanda\/#primaryimage"},"thumbnailUrl":"https:\/\/www.almega.se\/app\/uploads\/2019\/09\/lars-strannegard.png","datePublished":"2019-12-02T13:28:50+00:00","author":{"@id":"https:\/\/www.almega.se\/#\/schema\/person\/efcc735e9c1ba0f9de79e69dc5be5f8a"},"breadcrumb":{"@id":"https:\/\/www.almega.se\/2019\/12\/bildning-rustar-framtidens-ledare-for-det-okanda\/#breadcrumb"},"inLanguage":"sv-SE","potentialAction":[{"@type":"ReadAction","target":["https:\/\/www.almega.se\/2019\/12\/bildning-rustar-framtidens-ledare-for-det-okanda\/"]}]},{"@type":"ImageObject","inLanguage":"sv-SE","@id":"https:\/\/www.almega.se\/2019\/12\/bildning-rustar-framtidens-ledare-for-det-okanda\/#primaryimage","url":"https:\/\/www.almega.se\/app\/uploads\/2019\/09\/lars-strannegard.png","contentUrl":"https:\/\/www.almega.se\/app\/uploads\/2019\/09\/lars-strannegard.png","width":794,"height":672,"caption":"Lars Stranneg\u00e5rd"},{"@type":"BreadcrumbList","@id":"https:\/\/www.almega.se\/2019\/12\/bildning-rustar-framtidens-ledare-for-det-okanda\/#breadcrumb","itemListElement":[{"@type":"ListItem","position":1,"name":"Home","item":"https:\/\/www.almega.se\/"},{"@type":"ListItem","position":2,"name":"Bildning rustar framtidens ledare f\u00f6r det ok\u00e4nda"}]},{"@type":"WebSite","@id":"https:\/\/www.almega.se\/#website","url":"https:\/\/www.almega.se\/","name":"Almega","description":"","potentialAction":[{"@type":"SearchAction","target":{"@type":"EntryPoint","urlTemplate":"https:\/\/www.almega.se\/?s={search_term_string}"},"query-input":{"@type":"PropertyValueSpecification","valueRequired":true,"valueName":"search_term_string"}}],"inLanguage":"sv-SE"},{"@type":"Person","@id":"https:\/\/www.almega.se\/#\/schema\/person\/efcc735e9c1ba0f9de79e69dc5be5f8a","name":"Julia Schwamberg","image":{"@type":"ImageObject","inLanguage":"sv-SE","@id":"https:\/\/www.almega.se\/#\/schema\/person\/image\/","url":"https:\/\/secure.gravatar.com\/avatar\/60ee7d8b8e9aa9b036f4768c0d2e868d8f080bcf68689c0f64ab3b87b1c2f78b?s=96&d=mm&r=g","contentUrl":"https:\/\/secure.gravatar.com\/avatar\/60ee7d8b8e9aa9b036f4768c0d2e868d8f080bcf68689c0f64ab3b87b1c2f78b?s=96&d=mm&r=g","caption":"Julia Schwamberg"},"url":"https:\/\/www.almega.se\/person\/juliaschwamberg\/"}]}},"_links":{"self":[{"href":"https:\/\/www.almega.se\/api\/wp\/v2\/posts\/24331","targetHints":{"allow":["GET"]}}],"collection":[{"href":"https:\/\/www.almega.se\/api\/wp\/v2\/posts"}],"about":[{"href":"https:\/\/www.almega.se\/api\/wp\/v2\/types\/post"}],"author":[{"embeddable":true,"href":"https:\/\/www.almega.se\/api\/wp\/v2\/users\/3"}],"replies":[{"embeddable":true,"href":"https:\/\/www.almega.se\/api\/wp\/v2\/comments?post=24331"}],"version-history":[{"count":2,"href":"https:\/\/www.almega.se\/api\/wp\/v2\/posts\/24331\/revisions"}],"predecessor-version":[{"id":52363,"href":"https:\/\/www.almega.se\/api\/wp\/v2\/posts\/24331\/revisions\/52363"}],"wp:featuredmedia":[{"embeddable":true,"href":"https:\/\/www.almega.se\/api\/wp\/v2\/media\/24336"}],"wp:attachment":[{"href":"https:\/\/www.almega.se\/api\/wp\/v2\/media?parent=24331"}],"wp:term":[{"taxonomy":"category","embeddable":true,"href":"https:\/\/www.almega.se\/api\/wp\/v2\/categories?post=24331"},{"taxonomy":"post_tag","embeddable":true,"href":"https:\/\/www.almega.se\/api\/wp\/v2\/tags?post=24331"},{"taxonomy":"type","embeddable":true,"href":"https:\/\/www.almega.se\/api\/wp\/v2\/article_type?post=24331"},{"taxonomy":"agreement","embeddable":true,"href":"https:\/\/www.almega.se\/api\/wp\/v2\/agreement?post=24331"}],"curies":[{"name":"wp","href":"https:\/\/api.w.org\/{rel}","templated":true}]}}