{"id":24028,"date":"2019-07-10T15:18:28","date_gmt":"2019-07-10T13:18:28","guid":{"rendered":"https:\/\/www.almega.se\/?p=24028"},"modified":"2024-05-31T11:53:59","modified_gmt":"2024-05-31T09:53:59","slug":"almegas-narvaro-i-almedalen","status":"publish","type":"post","link":"https:\/\/www.almega.se\/2019\/07\/almegas-narvaro-i-almedalen\/","title":{"rendered":"Almegas n\u00e4rvaro i Almedalen"},"content":{"rendered":"<p class=\"intro\">I \u00e5r n\u00e4rvarade Almegafamiljen under Almedalsveckan. Vi skapade en milj\u00f6 under flaggen Tj\u00e4nstef\u00f6retagens hus.<\/p>\n\n<p>Syftet med v\u00e5r n\u00e4rvaro var att synligg\u00f6ra tj\u00e4nstesektorns viktiga roll f\u00f6r samh\u00e4llsutveckling, jobb och tillv\u00e4xt.<\/p>\n\n\n\n<figure class=\"wp-block-image aligncenter\"><img loading=\"lazy\" decoding=\"async\" width=\"1000\" height=\"600\" src=\"https:\/\/www.almega.se\/app\/uploads\/2019\/07\/almedalen-2.jpg\" alt=\"\" class=\"wp-image-24030\" srcset=\"https:\/\/www.almega.se\/app\/uploads\/2019\/07\/almedalen-2.jpg 1000w, https:\/\/www.almega.se\/app\/uploads\/2019\/07\/almedalen-2-380x228.jpg 380w, https:\/\/www.almega.se\/app\/uploads\/2019\/07\/almedalen-2-580x348.jpg 580w, https:\/\/www.almega.se\/app\/uploads\/2019\/07\/almedalen-2-768x461.jpg 768w\" sizes=\"auto, (max-width: 1000px) 100vw, 1000px\" \/><\/figure>\n\n\n\n<p>Under s\u00f6ndag till onsdag arbetade vi med att visa p\u00e5 den bredd av f\u00f6retag som st\u00e5r f\u00f6r innovation, f\u00f6r smarta l\u00f6sningar, som driver p\u00e5 utvecklingen fram\u00e5t och som l\u00f6ser samh\u00e4llets olika utmaningar. Vi bidrog till att skapa en bild av vilka viktiga samh\u00e4llsbyggare vi har samlat inom Almegafamiljen.<\/p>\n\n\n\n<figure class=\"wp-block-image aligncenter\"><img loading=\"lazy\" decoding=\"async\" width=\"1000\" height=\"600\" src=\"https:\/\/www.almega.se\/app\/uploads\/2019\/07\/akh-tove.jpg\" alt=\"\" class=\"wp-image-24031\" srcset=\"https:\/\/www.almega.se\/app\/uploads\/2019\/07\/akh-tove.jpg 1000w, https:\/\/www.almega.se\/app\/uploads\/2019\/07\/akh-tove-380x228.jpg 380w, https:\/\/www.almega.se\/app\/uploads\/2019\/07\/akh-tove-580x348.jpg 580w, https:\/\/www.almega.se\/app\/uploads\/2019\/07\/akh-tove-768x461.jpg 768w\" sizes=\"auto, (max-width: 1000px) 100vw, 1000px\" \/><\/figure>\n\n\n\n<p>Vi anordnade m\u00e5nga v\u00e4lbes\u00f6kta seminarier d\u00e4r ni som medlemsf\u00f6retag spelade en viktig roll, b\u00e5de som deltagare och som arrang\u00f6rer f\u00f6r dessa. Under veckan skedde m\u00e5nga spontana samtal och rundabordssamtal mellan beslutsfattare, fackliga organisationer, n\u00e4ringslivet i form av medlemsf\u00f6retag och opinionsbildare. M\u00e5nga m\u00f6ten med olika konstellationer som aldrig annars m\u00f6ts i den h\u00e4r typen av samtal.<\/p>\n\n\n\n<figure class=\"wp-block-image aligncenter\"><img loading=\"lazy\" decoding=\"async\" width=\"1000\" height=\"600\" src=\"https:\/\/www.almega.se\/app\/uploads\/2019\/07\/seminarium-almedalen-2019-1.jpg\" alt=\"\" class=\"wp-image-24036\" srcset=\"https:\/\/www.almega.se\/app\/uploads\/2019\/07\/seminarium-almedalen-2019-1.jpg 1000w, https:\/\/www.almega.se\/app\/uploads\/2019\/07\/seminarium-almedalen-2019-1-380x228.jpg 380w, https:\/\/www.almega.se\/app\/uploads\/2019\/07\/seminarium-almedalen-2019-1-580x348.jpg 580w, https:\/\/www.almega.se\/app\/uploads\/2019\/07\/seminarium-almedalen-2019-1-768x461.jpg 768w\" sizes=\"auto, (max-width: 1000px) 100vw, 1000px\" \/><\/figure>\n\n\n\n<p>Vi skapade helt enkelt en m\u00f6tesplats d\u00e4r framf\u00f6rallt ni medlemsf\u00f6retag fick ta plats och beskriva era verksamheter och de utmaningar ni m\u00f6ter. Vi tror att just dessa m\u00f6ten \u00e4r viktiga f\u00f6r att beskriva vilken viktig roll tj\u00e4nstesektorn spelar f\u00f6r Sverige.<\/p>\n\n\n\n<figure class=\"wp-block-image aligncenter\"><img loading=\"lazy\" decoding=\"async\" width=\"1000\" height=\"600\" src=\"https:\/\/www.almega.se\/app\/uploads\/2019\/07\/hattar-almedalen-2019.jpg\" alt=\"\" class=\"wp-image-24034\" srcset=\"https:\/\/www.almega.se\/app\/uploads\/2019\/07\/hattar-almedalen-2019.jpg 1000w, https:\/\/www.almega.se\/app\/uploads\/2019\/07\/hattar-almedalen-2019-380x228.jpg 380w, https:\/\/www.almega.se\/app\/uploads\/2019\/07\/hattar-almedalen-2019-580x348.jpg 580w, https:\/\/www.almega.se\/app\/uploads\/2019\/07\/hattar-almedalen-2019-768x461.jpg 768w\" sizes=\"auto, (max-width: 1000px) 100vw, 1000px\" \/><\/figure>\n\n\n\n<p>Stort tack till alla er som hade m\u00f6jlighet att n\u00e4rvara och bes\u00f6ka n\u00e5got av v\u00e5ra 44 stycken seminarier och runda bordssamtal.<\/p>\n","protected":false},"excerpt":{"rendered":"<p>Syftet med v\u00e5r n\u00e4rvaro var att synligg\u00f6ra tj\u00e4nstesektorns viktiga roll f\u00f6r samh\u00e4llsutveckling, jobb och tillv\u00e4xt. Under s\u00f6ndag till onsdag arbetade vi med att visa p\u00e5 den bredd av f\u00f6retag som st\u00e5r f\u00f6r innovation, f\u00f6r smarta &hellip;<\/p>\n","protected":false},"author":3,"featured_media":24029,"comment_status":"closed","ping_status":"closed","sticky":false,"template":"","format":"standard","meta":{"_acf_changed":false,"footnotes":""},"categories":[1],"tags":[60],"article_type":[56],"agreement":[],"class_list":["post-24028","post","type-post","status-publish","format-standard","has-post-thumbnail","hentry","category-okategoriserade","tag-almedalen","type-nyheter"],"acf":[],"yoast_head":"<!-- This site is optimized with the Yoast SEO Premium plugin v26.8 (Yoast SEO v26.8) - https:\/\/yoast.com\/product\/yoast-seo-premium-wordpress\/ -->\n<title>Almegas n\u00e4rvaro i Almedalen | Almega<\/title>\n<meta name=\"robots\" content=\"index, follow, max-snippet:-1, max-image-preview:large, max-video-preview:-1\" \/>\n<link rel=\"canonical\" href=\"https:\/\/www.almega.se\/2019\/07\/almegas-narvaro-i-almedalen\/\" \/>\n<meta property=\"og:locale\" content=\"sv_SE\" \/>\n<meta property=\"og:type\" content=\"article\" \/>\n<meta property=\"og:title\" content=\"Almegas n\u00e4rvaro i Almedalen\" \/>\n<meta property=\"og:description\" content=\"Syftet med v\u00e5r n\u00e4rvaro var att synligg\u00f6ra tj\u00e4nstesektorns viktiga roll f\u00f6r samh\u00e4llsutveckling, jobb och tillv\u00e4xt. Under s\u00f6ndag till onsdag arbetade vi med att visa p\u00e5 den bredd av f\u00f6retag som st\u00e5r f\u00f6r innovation, f\u00f6r smarta &hellip;\" \/>\n<meta property=\"og:url\" content=\"https:\/\/www.almega.se\/2019\/07\/almegas-narvaro-i-almedalen\/\" \/>\n<meta property=\"og:site_name\" content=\"Almega\" \/>\n<meta property=\"article:published_time\" content=\"2019-07-10T13:18:28+00:00\" \/>\n<meta property=\"article:modified_time\" content=\"2024-05-31T09:53:59+00:00\" \/>\n<meta property=\"og:image\" content=\"https:\/\/www.almega.se\/app\/uploads\/2019\/07\/seminarium-almedalen-2019.jpg\" \/>\n\t<meta property=\"og:image:width\" content=\"1000\" \/>\n\t<meta property=\"og:image:height\" content=\"600\" \/>\n\t<meta property=\"og:image:type\" content=\"image\/jpeg\" \/>\n<meta name=\"author\" content=\"Julia Schwamberg\" \/>\n<meta name=\"twitter:card\" content=\"summary_large_image\" \/>\n<meta name=\"twitter:label1\" content=\"Skriven av\" \/>\n\t<meta name=\"twitter:data1\" content=\"Julia Schwamberg\" \/>\n\t<meta name=\"twitter:label2\" content=\"Ber\u00e4knad l\u00e4stid\" \/>\n\t<meta name=\"twitter:data2\" content=\"2 minuter\" \/>\n<!-- \/ Yoast SEO Premium plugin. -->","yoast_head_json":{"title":"Almegas n\u00e4rvaro i Almedalen | Almega","robots":{"index":"index","follow":"follow","max-snippet":"max-snippet:-1","max-image-preview":"max-image-preview:large","max-video-preview":"max-video-preview:-1"},"canonical":"https:\/\/www.almega.se\/2019\/07\/almegas-narvaro-i-almedalen\/","og_locale":"sv_SE","og_type":"article","og_title":"Almegas n\u00e4rvaro i Almedalen","og_description":"Syftet med v\u00e5r n\u00e4rvaro var att synligg\u00f6ra tj\u00e4nstesektorns viktiga roll f\u00f6r samh\u00e4llsutveckling, jobb och tillv\u00e4xt. Under s\u00f6ndag till onsdag arbetade vi med att visa p\u00e5 den bredd av f\u00f6retag som st\u00e5r f\u00f6r innovation, f\u00f6r smarta &hellip;","og_url":"https:\/\/www.almega.se\/2019\/07\/almegas-narvaro-i-almedalen\/","og_site_name":"Almega","article_published_time":"2019-07-10T13:18:28+00:00","article_modified_time":"2024-05-31T09:53:59+00:00","og_image":[{"width":1000,"height":600,"url":"https:\/\/www.almega.se\/app\/uploads\/2019\/07\/seminarium-almedalen-2019.jpg","type":"image\/jpeg"}],"author":"Julia Schwamberg","twitter_card":"summary_large_image","twitter_misc":{"Skriven av":"Julia Schwamberg","Ber\u00e4knad l\u00e4stid":"2 minuter"},"schema":{"@context":"https:\/\/schema.org","@graph":[{"@type":"NewsArticle","@id":"https:\/\/www.almega.se\/2019\/07\/almegas-narvaro-i-almedalen\/#article","isPartOf":{"@id":"https:\/\/www.almega.se\/2019\/07\/almegas-narvaro-i-almedalen\/"},"author":{"name":"Julia Schwamberg","@id":"https:\/\/www.almega.se\/#\/schema\/person\/efcc735e9c1ba0f9de79e69dc5be5f8a"},"headline":"Almegas n\u00e4rvaro i Almedalen","datePublished":"2019-07-10T13:18:28+00:00","dateModified":"2024-05-31T09:53:59+00:00","mainEntityOfPage":{"@id":"https:\/\/www.almega.se\/2019\/07\/almegas-narvaro-i-almedalen\/"},"wordCount":229,"image":{"@id":"https:\/\/www.almega.se\/2019\/07\/almegas-narvaro-i-almedalen\/#primaryimage"},"thumbnailUrl":"https:\/\/www.almega.se\/app\/uploads\/2019\/07\/seminarium-almedalen-2019.jpg","keywords":["Almedalen"],"inLanguage":"sv-SE"},{"@type":"WebPage","@id":"https:\/\/www.almega.se\/2019\/07\/almegas-narvaro-i-almedalen\/","url":"https:\/\/www.almega.se\/2019\/07\/almegas-narvaro-i-almedalen\/","name":"Almegas n\u00e4rvaro i Almedalen | Almega","isPartOf":{"@id":"https:\/\/www.almega.se\/#website"},"primaryImageOfPage":{"@id":"https:\/\/www.almega.se\/2019\/07\/almegas-narvaro-i-almedalen\/#primaryimage"},"image":{"@id":"https:\/\/www.almega.se\/2019\/07\/almegas-narvaro-i-almedalen\/#primaryimage"},"thumbnailUrl":"https:\/\/www.almega.se\/app\/uploads\/2019\/07\/seminarium-almedalen-2019.jpg","datePublished":"2019-07-10T13:18:28+00:00","dateModified":"2024-05-31T09:53:59+00:00","author":{"@id":"https:\/\/www.almega.se\/#\/schema\/person\/efcc735e9c1ba0f9de79e69dc5be5f8a"},"breadcrumb":{"@id":"https:\/\/www.almega.se\/2019\/07\/almegas-narvaro-i-almedalen\/#breadcrumb"},"inLanguage":"sv-SE","potentialAction":[{"@type":"ReadAction","target":["https:\/\/www.almega.se\/2019\/07\/almegas-narvaro-i-almedalen\/"]}]},{"@type":"ImageObject","inLanguage":"sv-SE","@id":"https:\/\/www.almega.se\/2019\/07\/almegas-narvaro-i-almedalen\/#primaryimage","url":"https:\/\/www.almega.se\/app\/uploads\/2019\/07\/seminarium-almedalen-2019.jpg","contentUrl":"https:\/\/www.almega.se\/app\/uploads\/2019\/07\/seminarium-almedalen-2019.jpg","width":1000,"height":600},{"@type":"BreadcrumbList","@id":"https:\/\/www.almega.se\/2019\/07\/almegas-narvaro-i-almedalen\/#breadcrumb","itemListElement":[{"@type":"ListItem","position":1,"name":"Home","item":"https:\/\/www.almega.se\/"},{"@type":"ListItem","position":2,"name":"Almegas n\u00e4rvaro i Almedalen"}]},{"@type":"WebSite","@id":"https:\/\/www.almega.se\/#website","url":"https:\/\/www.almega.se\/","name":"Almega","description":"","potentialAction":[{"@type":"SearchAction","target":{"@type":"EntryPoint","urlTemplate":"https:\/\/www.almega.se\/?s={search_term_string}"},"query-input":{"@type":"PropertyValueSpecification","valueRequired":true,"valueName":"search_term_string"}}],"inLanguage":"sv-SE"},{"@type":"Person","@id":"https:\/\/www.almega.se\/#\/schema\/person\/efcc735e9c1ba0f9de79e69dc5be5f8a","name":"Julia Schwamberg","image":{"@type":"ImageObject","inLanguage":"sv-SE","@id":"https:\/\/www.almega.se\/#\/schema\/person\/image\/","url":"https:\/\/secure.gravatar.com\/avatar\/60ee7d8b8e9aa9b036f4768c0d2e868d8f080bcf68689c0f64ab3b87b1c2f78b?s=96&d=mm&r=g","contentUrl":"https:\/\/secure.gravatar.com\/avatar\/60ee7d8b8e9aa9b036f4768c0d2e868d8f080bcf68689c0f64ab3b87b1c2f78b?s=96&d=mm&r=g","caption":"Julia Schwamberg"},"url":"https:\/\/www.almega.se\/person\/juliaschwamberg\/"}]}},"_links":{"self":[{"href":"https:\/\/www.almega.se\/api\/wp\/v2\/posts\/24028","targetHints":{"allow":["GET"]}}],"collection":[{"href":"https:\/\/www.almega.se\/api\/wp\/v2\/posts"}],"about":[{"href":"https:\/\/www.almega.se\/api\/wp\/v2\/types\/post"}],"author":[{"embeddable":true,"href":"https:\/\/www.almega.se\/api\/wp\/v2\/users\/3"}],"replies":[{"embeddable":true,"href":"https:\/\/www.almega.se\/api\/wp\/v2\/comments?post=24028"}],"version-history":[{"count":3,"href":"https:\/\/www.almega.se\/api\/wp\/v2\/posts\/24028\/revisions"}],"predecessor-version":[{"id":74174,"href":"https:\/\/www.almega.se\/api\/wp\/v2\/posts\/24028\/revisions\/74174"}],"wp:featuredmedia":[{"embeddable":true,"href":"https:\/\/www.almega.se\/api\/wp\/v2\/media\/24029"}],"wp:attachment":[{"href":"https:\/\/www.almega.se\/api\/wp\/v2\/media?parent=24028"}],"wp:term":[{"taxonomy":"category","embeddable":true,"href":"https:\/\/www.almega.se\/api\/wp\/v2\/categories?post=24028"},{"taxonomy":"post_tag","embeddable":true,"href":"https:\/\/www.almega.se\/api\/wp\/v2\/tags?post=24028"},{"taxonomy":"type","embeddable":true,"href":"https:\/\/www.almega.se\/api\/wp\/v2\/article_type?post=24028"},{"taxonomy":"agreement","embeddable":true,"href":"https:\/\/www.almega.se\/api\/wp\/v2\/agreement?post=24028"}],"curies":[{"name":"wp","href":"https:\/\/api.w.org\/{rel}","templated":true}]}}