{"id":23963,"date":"2019-07-02T15:53:43","date_gmt":"2019-07-02T13:53:43","guid":{"rendered":"https:\/\/www.almega.se\/?p=23963"},"modified":"2019-07-02T15:53:43","modified_gmt":"2019-07-02T13:53:43","slug":"sa-far-fler-boende-i-sarskilt-utsatta-omraden-jobb","status":"publish","type":"post","link":"https:\/\/www.almega.se\/2019\/07\/sa-far-fler-boende-i-sarskilt-utsatta-omraden-jobb\/","title":{"rendered":"S\u00e5 f\u00e5r fler boende i s\u00e4rskilt utsatta omr\u00e5den jobb"},"content":{"rendered":"<p class=\"intro\">I vilka yrken arbetar utrikes f\u00f6dda och nyanl\u00e4nda som kommit till Sverige de senaste fem \u00e5ren? Hur pass viktiga \u00e4r olika branscher f\u00f6r invandrare? Och vilka f\u00f6retag \u00e4r det som bryter utanf\u00f6rskapet bland de utrikes f\u00f6dda?<\/p>\n\n<p>I den h\u00e4r rapporten presenterar Almega en alldeles ny kartl\u00e4ggning \u00f6ver vilka yrken som \u00e4r vanligast bland utrikes f\u00f6dda i s\u00e4rskilt utsatta omr\u00e5den. Yrkeskartl\u00e4ggningen visar vad utrikes f\u00f6dda jobbar med och vilka branscher det \u00e4r som anst\u00e4ller invandrare. Kunskapen om vilka jobb som \u00e4r vanligast f\u00f6r nyanl\u00e4nda och utrikes f\u00f6dda \u00e4r central om syssels\u00e4ttningen ska kunna \u00f6ka i s\u00e4rskilt utsatta omr\u00e5den. Almegas rapport \u00e4r ovanlig eftersom de flesta studier om integrationen p\u00e5 arbetsmarknaden fokuserar p\u00e5 individernas f\u00f6ruts\u00e4ttningar f\u00f6r arbete eller vilka politiska insatser som fr\u00e4mjar integrationen.<\/p>\n\n\n\n<p><a href=\"https:\/\/www.almega.se\/app\/uploads\/2019\/07\/almega-intagrationsrapport-utsatta-omraden.pdf\" target=\"_blank\" rel=\"noopener noreferrer\"><strong>L\u00e4s rapporten h\u00e4r<\/strong><\/a><\/p>\n","protected":false},"excerpt":{"rendered":"<p>I den h\u00e4r rapporten presenterar Almega en alldeles ny kartl\u00e4ggning \u00f6ver vilka yrken som \u00e4r vanligast bland utrikes f\u00f6dda i s\u00e4rskilt utsatta omr\u00e5den. Yrkeskartl\u00e4ggningen visar vad utrikes f\u00f6dda jobbar med och vilka branscher det \u00e4r &hellip;<\/p>\n","protected":false},"author":3,"featured_media":23600,"comment_status":"closed","ping_status":"closed","sticky":false,"template":"","format":"standard","meta":{"_acf_changed":false,"footnotes":""},"categories":[64],"tags":[70],"article_type":[42],"agreement":[],"class_list":["post-23963","post","type-post","status-publish","format-standard","has-post-thumbnail","hentry","category-arbetsmarknad","tag-integration","type-rapporter"],"acf":[],"yoast_head":"<!-- This site is optimized with the Yoast SEO Premium plugin v26.8 (Yoast SEO v26.8) - https:\/\/yoast.com\/product\/yoast-seo-premium-wordpress\/ -->\n<title>S\u00e5 f\u00e5r fler boende i s\u00e4rskilt utsatta omr\u00e5den jobb | Almega<\/title>\n<meta name=\"robots\" content=\"index, follow, max-snippet:-1, max-image-preview:large, max-video-preview:-1\" \/>\n<link rel=\"canonical\" href=\"https:\/\/www.almega.se\/2019\/07\/sa-far-fler-boende-i-sarskilt-utsatta-omraden-jobb\/\" \/>\n<meta property=\"og:locale\" content=\"sv_SE\" \/>\n<meta property=\"og:type\" content=\"article\" \/>\n<meta property=\"og:title\" content=\"S\u00e5 f\u00e5r fler boende i s\u00e4rskilt utsatta omr\u00e5den jobb\" \/>\n<meta property=\"og:description\" content=\"I den h\u00e4r rapporten presenterar Almega en alldeles ny kartl\u00e4ggning \u00f6ver vilka yrken som \u00e4r vanligast bland utrikes f\u00f6dda i s\u00e4rskilt utsatta omr\u00e5den. Yrkeskartl\u00e4ggningen visar vad utrikes f\u00f6dda jobbar med och vilka branscher det \u00e4r &hellip;\" \/>\n<meta property=\"og:url\" content=\"https:\/\/www.almega.se\/2019\/07\/sa-far-fler-boende-i-sarskilt-utsatta-omraden-jobb\/\" \/>\n<meta property=\"og:site_name\" content=\"Almega\" \/>\n<meta property=\"article:published_time\" content=\"2019-07-02T13:53:43+00:00\" \/>\n<meta property=\"og:image\" content=\"https:\/\/www.almega.se\/app\/uploads\/2019\/05\/mjadervi.jpg\" \/>\n\t<meta property=\"og:image:width\" content=\"1328\" \/>\n\t<meta property=\"og:image:height\" content=\"866\" \/>\n\t<meta property=\"og:image:type\" content=\"image\/jpeg\" \/>\n<meta name=\"author\" content=\"Julia Schwamberg\" \/>\n<meta name=\"twitter:card\" content=\"summary_large_image\" \/>\n<meta name=\"twitter:label1\" content=\"Skriven av\" \/>\n\t<meta name=\"twitter:data1\" content=\"Julia Schwamberg\" \/>\n\t<meta name=\"twitter:label2\" content=\"Ber\u00e4knad l\u00e4stid\" \/>\n\t<meta name=\"twitter:data2\" content=\"1 minut\" \/>\n<!-- \/ Yoast SEO Premium plugin. -->","yoast_head_json":{"title":"S\u00e5 f\u00e5r fler boende i s\u00e4rskilt utsatta omr\u00e5den jobb | Almega","robots":{"index":"index","follow":"follow","max-snippet":"max-snippet:-1","max-image-preview":"max-image-preview:large","max-video-preview":"max-video-preview:-1"},"canonical":"https:\/\/www.almega.se\/2019\/07\/sa-far-fler-boende-i-sarskilt-utsatta-omraden-jobb\/","og_locale":"sv_SE","og_type":"article","og_title":"S\u00e5 f\u00e5r fler boende i s\u00e4rskilt utsatta omr\u00e5den jobb","og_description":"I den h\u00e4r rapporten presenterar Almega en alldeles ny kartl\u00e4ggning \u00f6ver vilka yrken som \u00e4r vanligast bland utrikes f\u00f6dda i s\u00e4rskilt utsatta omr\u00e5den. Yrkeskartl\u00e4ggningen visar vad utrikes f\u00f6dda jobbar med och vilka branscher det \u00e4r &hellip;","og_url":"https:\/\/www.almega.se\/2019\/07\/sa-far-fler-boende-i-sarskilt-utsatta-omraden-jobb\/","og_site_name":"Almega","article_published_time":"2019-07-02T13:53:43+00:00","og_image":[{"width":1328,"height":866,"url":"https:\/\/www.almega.se\/app\/uploads\/2019\/05\/mjadervi.jpg","type":"image\/jpeg"}],"author":"Julia Schwamberg","twitter_card":"summary_large_image","twitter_misc":{"Skriven av":"Julia Schwamberg","Ber\u00e4knad l\u00e4stid":"1 minut"},"schema":{"@context":"https:\/\/schema.org","@graph":[{"@type":"NewsArticle","@id":"https:\/\/www.almega.se\/2019\/07\/sa-far-fler-boende-i-sarskilt-utsatta-omraden-jobb\/#article","isPartOf":{"@id":"https:\/\/www.almega.se\/2019\/07\/sa-far-fler-boende-i-sarskilt-utsatta-omraden-jobb\/"},"author":{"name":"Julia Schwamberg","@id":"https:\/\/www.almega.se\/#\/schema\/person\/efcc735e9c1ba0f9de79e69dc5be5f8a"},"headline":"S\u00e5 f\u00e5r fler boende i s\u00e4rskilt utsatta omr\u00e5den jobb","datePublished":"2019-07-02T13:53:43+00:00","mainEntityOfPage":{"@id":"https:\/\/www.almega.se\/2019\/07\/sa-far-fler-boende-i-sarskilt-utsatta-omraden-jobb\/"},"wordCount":121,"image":{"@id":"https:\/\/www.almega.se\/2019\/07\/sa-far-fler-boende-i-sarskilt-utsatta-omraden-jobb\/#primaryimage"},"thumbnailUrl":"https:\/\/www.almega.se\/app\/uploads\/2019\/05\/mjadervi.jpg","keywords":["Integration"],"articleSection":["Arbetsmarknad"],"inLanguage":"sv-SE"},{"@type":"WebPage","@id":"https:\/\/www.almega.se\/2019\/07\/sa-far-fler-boende-i-sarskilt-utsatta-omraden-jobb\/","url":"https:\/\/www.almega.se\/2019\/07\/sa-far-fler-boende-i-sarskilt-utsatta-omraden-jobb\/","name":"S\u00e5 f\u00e5r fler boende i s\u00e4rskilt utsatta omr\u00e5den jobb | Almega","isPartOf":{"@id":"https:\/\/www.almega.se\/#website"},"primaryImageOfPage":{"@id":"https:\/\/www.almega.se\/2019\/07\/sa-far-fler-boende-i-sarskilt-utsatta-omraden-jobb\/#primaryimage"},"image":{"@id":"https:\/\/www.almega.se\/2019\/07\/sa-far-fler-boende-i-sarskilt-utsatta-omraden-jobb\/#primaryimage"},"thumbnailUrl":"https:\/\/www.almega.se\/app\/uploads\/2019\/05\/mjadervi.jpg","datePublished":"2019-07-02T13:53:43+00:00","author":{"@id":"https:\/\/www.almega.se\/#\/schema\/person\/efcc735e9c1ba0f9de79e69dc5be5f8a"},"breadcrumb":{"@id":"https:\/\/www.almega.se\/2019\/07\/sa-far-fler-boende-i-sarskilt-utsatta-omraden-jobb\/#breadcrumb"},"inLanguage":"sv-SE","potentialAction":[{"@type":"ReadAction","target":["https:\/\/www.almega.se\/2019\/07\/sa-far-fler-boende-i-sarskilt-utsatta-omraden-jobb\/"]}]},{"@type":"ImageObject","inLanguage":"sv-SE","@id":"https:\/\/www.almega.se\/2019\/07\/sa-far-fler-boende-i-sarskilt-utsatta-omraden-jobb\/#primaryimage","url":"https:\/\/www.almega.se\/app\/uploads\/2019\/05\/mjadervi.jpg","contentUrl":"https:\/\/www.almega.se\/app\/uploads\/2019\/05\/mjadervi.jpg","width":1328,"height":866},{"@type":"BreadcrumbList","@id":"https:\/\/www.almega.se\/2019\/07\/sa-far-fler-boende-i-sarskilt-utsatta-omraden-jobb\/#breadcrumb","itemListElement":[{"@type":"ListItem","position":1,"name":"Home","item":"https:\/\/www.almega.se\/"},{"@type":"ListItem","position":2,"name":"S\u00e5 f\u00e5r fler boende i s\u00e4rskilt utsatta omr\u00e5den jobb"}]},{"@type":"WebSite","@id":"https:\/\/www.almega.se\/#website","url":"https:\/\/www.almega.se\/","name":"Almega","description":"","potentialAction":[{"@type":"SearchAction","target":{"@type":"EntryPoint","urlTemplate":"https:\/\/www.almega.se\/?s={search_term_string}"},"query-input":{"@type":"PropertyValueSpecification","valueRequired":true,"valueName":"search_term_string"}}],"inLanguage":"sv-SE"},{"@type":"Person","@id":"https:\/\/www.almega.se\/#\/schema\/person\/efcc735e9c1ba0f9de79e69dc5be5f8a","name":"Julia Schwamberg","image":{"@type":"ImageObject","inLanguage":"sv-SE","@id":"https:\/\/www.almega.se\/#\/schema\/person\/image\/","url":"https:\/\/secure.gravatar.com\/avatar\/60ee7d8b8e9aa9b036f4768c0d2e868d8f080bcf68689c0f64ab3b87b1c2f78b?s=96&d=mm&r=g","contentUrl":"https:\/\/secure.gravatar.com\/avatar\/60ee7d8b8e9aa9b036f4768c0d2e868d8f080bcf68689c0f64ab3b87b1c2f78b?s=96&d=mm&r=g","caption":"Julia Schwamberg"},"url":"https:\/\/www.almega.se\/person\/juliaschwamberg\/"}]}},"_links":{"self":[{"href":"https:\/\/www.almega.se\/api\/wp\/v2\/posts\/23963","targetHints":{"allow":["GET"]}}],"collection":[{"href":"https:\/\/www.almega.se\/api\/wp\/v2\/posts"}],"about":[{"href":"https:\/\/www.almega.se\/api\/wp\/v2\/types\/post"}],"author":[{"embeddable":true,"href":"https:\/\/www.almega.se\/api\/wp\/v2\/users\/3"}],"replies":[{"embeddable":true,"href":"https:\/\/www.almega.se\/api\/wp\/v2\/comments?post=23963"}],"version-history":[{"count":4,"href":"https:\/\/www.almega.se\/api\/wp\/v2\/posts\/23963\/revisions"}],"predecessor-version":[{"id":54338,"href":"https:\/\/www.almega.se\/api\/wp\/v2\/posts\/23963\/revisions\/54338"}],"wp:featuredmedia":[{"embeddable":true,"href":"https:\/\/www.almega.se\/api\/wp\/v2\/media\/23600"}],"wp:attachment":[{"href":"https:\/\/www.almega.se\/api\/wp\/v2\/media?parent=23963"}],"wp:term":[{"taxonomy":"category","embeddable":true,"href":"https:\/\/www.almega.se\/api\/wp\/v2\/categories?post=23963"},{"taxonomy":"post_tag","embeddable":true,"href":"https:\/\/www.almega.se\/api\/wp\/v2\/tags?post=23963"},{"taxonomy":"type","embeddable":true,"href":"https:\/\/www.almega.se\/api\/wp\/v2\/article_type?post=23963"},{"taxonomy":"agreement","embeddable":true,"href":"https:\/\/www.almega.se\/api\/wp\/v2\/agreement?post=23963"}],"curies":[{"name":"wp","href":"https:\/\/api.w.org\/{rel}","templated":true}]}}