{"id":23920,"date":"2019-07-01T09:18:08","date_gmt":"2019-07-01T07:18:08","guid":{"rendered":"https:\/\/www.almega.se\/?p=23920"},"modified":"2019-07-01T09:18:08","modified_gmt":"2019-07-01T07:18:08","slug":"nya-lagar-1-juli-2019","status":"publish","type":"post","link":"https:\/\/www.almega.se\/2019\/07\/nya-lagar-1-juli-2019\/","title":{"rendered":"Nya lagar 1 juli 2019"},"content":{"rendered":"<p class=\"intro\">H\u00f6jt tak f\u00f6r RUT-avdrag och f\u00f6r\u00e4ndring i f\u00f6r\u00e4ldraledighetslagen \u00e4r tv\u00e5 av de nya lagarna som tr\u00e4der i kraft i halv\u00e5rsskiftet 2019. L\u00e4s mer om nya lagar f\u00f6r 2019 h\u00e4r.<\/p>\n<a class='Share__link Share__link--url copy-text' href='#' rel='nofollow' data-text='hojt-tak-for-rut-avdrag' title='Dela url' data-confirmation='L\u00e4nken kopierades till urklipp'><svg class='icon icon--link'  width='18' height='18' viewBox='0 0 18 18' fill='none' xmlns='http:\/\/www.w3.org\/2000\/svg'>\n            <path d='M10.4142 0.514721L6.87868 4.05025L8.29289 5.46447L11.1213 2.63604L15.364 6.87868L12.5355 9.70711L13.9497 11.1213L17.4853 7.58579C17.8763 7.19476 17.8763 6.5626 17.4853 6.17158L11.8284 0.514721C11.4374 0.123691 10.8052 0.123691 10.4142 0.514721Z' fill='black'\/>\n            <path d='M9.7071 12.5355L6.87868 15.364L2.63604 11.1213L5.46446 8.2929L4.05025 6.87868L0.514716 10.4142C0.123686 10.8052 0.123686 11.4374 0.514716 11.8284L6.17157 17.4853C6.5626 17.8763 7.19475 17.8763 7.58578 17.4853L11.1213 13.9497L9.7071 12.5355Z' fill='black'\/>\n            <path d='M6.17157 11.8284C6.5626 12.2195 7.19475 12.2195 7.58578 11.8284L11.8284 7.58579C12.2195 7.19476 12.2195 6.56261 11.8284 6.17158C11.4374 5.78055 10.8052 5.78055 10.4142 6.17158L6.17157 10.4142C5.78054 10.8052 5.78054 11.4374 6.17157 11.8284Z' fill='black'\/>\n            <\/svg> <\/a>\n<h2 class=\"wp-block-heading\">H\u00f6jt tak f\u00f6r RUT-avdrag<\/h2>\n\n\n\n<p>Den 1 juli \u00e5terst\u00e4lls taket f\u00f6r rutavdrag till 50&nbsp;000 kronor per person och \u00e5r. Tidigare var avdraget p\u00e5 25&nbsp;000 kronor.<\/p>\n\n\n\n<p>\u0336&nbsp;H\u00f6jningen av rutavdraget inneb\u00e4r att m\u00e5nga fler f\u00e5r m\u00f6jligheten att g\u00e5 till jobbet. Branschen \u00e4r en integrationsmotor med 57 procent utrikes f\u00f6dda. M\u00e5nga \u00e4r kvinnor som har en svag anknytning till arbetsmarknaden, s\u00e4ger Pernilla Enebrink, n\u00e4ringspolitisk expert p\u00e5 Almega Servicef\u00f6retagen.<\/p>\n\n\n<a class='Share__link Share__link--url copy-text' href='#' rel='nofollow' data-text='foraldrapenning-for-fler-familjekonstellationer' title='Dela url' data-confirmation='L\u00e4nken kopierades till urklipp'><svg class='icon icon--link'  width='18' height='18' viewBox='0 0 18 18' fill='none' xmlns='http:\/\/www.w3.org\/2000\/svg'>\n            <path d='M10.4142 0.514721L6.87868 4.05025L8.29289 5.46447L11.1213 2.63604L15.364 6.87868L12.5355 9.70711L13.9497 11.1213L17.4853 7.58579C17.8763 7.19476 17.8763 6.5626 17.4853 6.17158L11.8284 0.514721C11.4374 0.123691 10.8052 0.123691 10.4142 0.514721Z' fill='black'\/>\n            <path d='M9.7071 12.5355L6.87868 15.364L2.63604 11.1213L5.46446 8.2929L4.05025 6.87868L0.514716 10.4142C0.123686 10.8052 0.123686 11.4374 0.514716 11.8284L6.17157 17.4853C6.5626 17.8763 7.19475 17.8763 7.58578 17.4853L11.1213 13.9497L9.7071 12.5355Z' fill='black'\/>\n            <path d='M6.17157 11.8284C6.5626 12.2195 7.19475 12.2195 7.58578 11.8284L11.8284 7.58579C12.2195 7.19476 12.2195 6.56261 11.8284 6.17158C11.4374 5.78055 10.8052 5.78055 10.4142 6.17158L6.17157 10.4142C5.78054 10.8052 5.78054 11.4374 6.17157 11.8284Z' fill='black'\/>\n            <\/svg> <\/a>\n<h2 class=\"wp-block-heading\">F\u00f6r\u00e4ldrapenning f\u00f6r fler familjekonstellationer<\/h2>\n\n\n\n<p>(Prop. 2017\/18:276)<\/p>\n\n\n\n<p>I f\u00f6r\u00e4ldraledighetslagen inf\u00f6rs en r\u00e4tt till f\u00f6r\u00e4ldrapenning \u00e4ven f\u00f6r sambo, det vill s\u00e4ga inget krav p\u00e5 att paret tidigare varit gift eller har gemensamma barn. Det var tidigare ett krav f\u00f6r att sambo skulle likst\u00e4llas med f\u00f6r\u00e4lder. Vad som avses med sambo framg\u00e5r av 1 \u00a7 sambolagen.<\/p>\n\n\n\n<p>\u00c4ndringen av best\u00e4mmelsen om sammanboende inneb\u00e4r att alla som \u00e4r sambo med en f\u00f6r\u00e4lder och som omfattas av f\u00f6r\u00e4ldraledighetslagen kan f\u00e5 r\u00e4tt till ledighet utan krav p\u00e5 tidigare \u00e4ktenskap eller gemensamma barn.<\/p>\n\n\n\n<p>Detta har g\u00e4llt tidigare f\u00f6r tillf\u00e4llig f\u00f6r\u00e4ldrapenning, vilket inneb\u00e4r att denna \u00e4ndring enbart&nbsp; kommer att p\u00e5verka f\u00f6r\u00e4ldrapenningen.<\/p>\n\n\n\n<p>Tr\u00e4der i kraft 1 juli 2019.<\/p>\n\n\n<a class='Share__link Share__link--url copy-text' href='#' rel='nofollow' data-text='sakerhetsskyddslagen' title='Dela url' data-confirmation='L\u00e4nken kopierades till urklipp'><svg class='icon icon--link'  width='18' height='18' viewBox='0 0 18 18' fill='none' xmlns='http:\/\/www.w3.org\/2000\/svg'>\n            <path d='M10.4142 0.514721L6.87868 4.05025L8.29289 5.46447L11.1213 2.63604L15.364 6.87868L12.5355 9.70711L13.9497 11.1213L17.4853 7.58579C17.8763 7.19476 17.8763 6.5626 17.4853 6.17158L11.8284 0.514721C11.4374 0.123691 10.8052 0.123691 10.4142 0.514721Z' fill='black'\/>\n            <path d='M9.7071 12.5355L6.87868 15.364L2.63604 11.1213L5.46446 8.2929L4.05025 6.87868L0.514716 10.4142C0.123686 10.8052 0.123686 11.4374 0.514716 11.8284L6.17157 17.4853C6.5626 17.8763 7.19475 17.8763 7.58578 17.4853L11.1213 13.9497L9.7071 12.5355Z' fill='black'\/>\n            <path d='M6.17157 11.8284C6.5626 12.2195 7.19475 12.2195 7.58578 11.8284L11.8284 7.58579C12.2195 7.19476 12.2195 6.56261 11.8284 6.17158C11.4374 5.78055 10.8052 5.78055 10.4142 6.17158L6.17157 10.4142C5.78054 10.8052 5.78054 11.4374 6.17157 11.8284Z' fill='black'\/>\n            <\/svg> <\/a>\n<h2 class=\"wp-block-heading\">S\u00e4kerhetsskyddslagen<\/h2>\n\n\n\n<p>En ny s\u00e4kerhetsskyddslagen tr\u00e4dde ikraft den 1 april 2019 f\u00f6r att st\u00e4rka och modernisera s\u00e4kerhetsskyddet. Den nya lagen ers\u00e4tter 1996 \u00e5rs s\u00e4kerhetsskyddslag. Lagen inneb\u00e4r f\u00f6rtydligade krav p\u00e5 skydd f\u00f6r s\u00e5dana verksamheter som har betydelse f\u00f6r Sveriges s\u00e4kerhet och d\u00e4rmed \u00f6kar skyddet mot bland annat spioneri, sabotage och terroristbrott.<\/p>\n\n\n\n<p>Lagstiftningen g\u00e4ller f\u00f6r alla som bedriver verksamhet som har betydelse f\u00f6r Sveriges s\u00e4kerhet, oavsett om den bedrivs i offentlig eller privat regi. Dessutom tydligg\u00f6rs kraven p\u00e5 verksamheterna som tr\u00e4ffas av lagen. Verksamhetsut\u00f6varna ska g\u00f6ra en s\u00e4kerhetsskyddsanalys och utifr\u00e5n den vidta de \u00e5tg\u00e4rder som beh\u00f6vs. Detta kan g\u00e4lla informationss\u00e4kerhet, skydd av lokaler och anl\u00e4ggningar samt kontroll av personal.<\/p>\n\n\n\n<p>S\u00e5v\u00e4l offentliga som privata akt\u00f6rer kan s\u00f6ka st\u00f6d och r\u00e5d fr\u00e5n tillsynsmyndigheterna S\u00e4kerhetspolisen och F\u00f6rsvarsmakten.<\/p>\n\n\n<a class='Share__link Share__link--url copy-text' href='#' rel='nofollow' data-text='datainspektionens-nationella-integritetsrapport' title='Dela url' data-confirmation='L\u00e4nken kopierades till urklipp'><svg class='icon icon--link'  width='18' height='18' viewBox='0 0 18 18' fill='none' xmlns='http:\/\/www.w3.org\/2000\/svg'>\n            <path d='M10.4142 0.514721L6.87868 4.05025L8.29289 5.46447L11.1213 2.63604L15.364 6.87868L12.5355 9.70711L13.9497 11.1213L17.4853 7.58579C17.8763 7.19476 17.8763 6.5626 17.4853 6.17158L11.8284 0.514721C11.4374 0.123691 10.8052 0.123691 10.4142 0.514721Z' fill='black'\/>\n            <path d='M9.7071 12.5355L6.87868 15.364L2.63604 11.1213L5.46446 8.2929L4.05025 6.87868L0.514716 10.4142C0.123686 10.8052 0.123686 11.4374 0.514716 11.8284L6.17157 17.4853C6.5626 17.8763 7.19475 17.8763 7.58578 17.4853L11.1213 13.9497L9.7071 12.5355Z' fill='black'\/>\n            <path d='M6.17157 11.8284C6.5626 12.2195 7.19475 12.2195 7.58578 11.8284L11.8284 7.58579C12.2195 7.19476 12.2195 6.56261 11.8284 6.17158C11.4374 5.78055 10.8052 5.78055 10.4142 6.17158L6.17157 10.4142C5.78054 10.8052 5.78054 11.4374 6.17157 11.8284Z' fill='black'\/>\n            <\/svg> <\/a>\n<h2 class=\"wp-block-heading\">Datainspektionens nationella integritetsrapport<\/h2>\n\n\n\n<p>Datainspektionens <a href=\"https:\/\/www.datainspektionen.se\/om-oss\/integritetsrapport\/\" target=\"_blank\" rel=\"noopener noreferrer\">nationella integritetsrapport<\/a> sl\u00e4pptes i maj 2019 och beskriver utvecklingen n\u00e4r det g\u00e4ller fr\u00e5gor som r\u00f6r integritet och dataskydd. Eftersom det har g\u00e5tt ett \u00e5r sedan dataskyddsf\u00f6rordningen (GDPR) b\u00f6rjade g\u00e4lla, fokuserar denna f\u00f6rsta rapport p\u00e5 hur l\u00e5ngt arbetet kommit med att inf\u00f6ra det nya regelverket i f\u00f6retag, myndigheter och andra organisationer m m.<\/p>\n","protected":false},"excerpt":{"rendered":"<p>H\u00f6jt tak f\u00f6r RUT-avdrag Den 1 juli \u00e5terst\u00e4lls taket f\u00f6r rutavdrag till 50&nbsp;000 kronor per person och \u00e5r. Tidigare var avdraget p\u00e5 25&nbsp;000 kronor. \u0336&nbsp;H\u00f6jningen av rutavdraget inneb\u00e4r att m\u00e5nga fler f\u00e5r m\u00f6jligheten att g\u00e5 &hellip;<\/p>\n","protected":false},"author":3,"featured_media":20798,"comment_status":"closed","ping_status":"closed","sticky":false,"template":"","format":"standard","meta":{"_acf_changed":false,"footnotes":""},"categories":[451,57],"tags":[609,61],"article_type":[56],"agreement":[],"class_list":["post-23920","post","type-post","status-publish","format-standard","has-post-thumbnail","hentry","category-arbetsgivarfragor","category-skatter","tag-anstallning","tag-rut-avdrag","type-nyheter"],"acf":[],"yoast_head":"<!-- This site is optimized with the Yoast SEO Premium plugin v26.8 (Yoast SEO v26.8) - https:\/\/yoast.com\/product\/yoast-seo-premium-wordpress\/ -->\n<title>Nya lagar 1 juli 2019 | Almega<\/title>\n<meta name=\"description\" content=\"F\u00f6r\u00e4ndring i f\u00f6r\u00e4ldraledighetslagen och en ny s\u00e4kerhetsskyddslag \u00e4r tv\u00e5 av de nya lagarna som tr\u00e4der i kraft i halv\u00e5rsskiftet 2019.\" \/>\n<meta name=\"robots\" content=\"index, follow, max-snippet:-1, max-image-preview:large, max-video-preview:-1\" \/>\n<link rel=\"canonical\" href=\"https:\/\/www.almega.se\/2019\/07\/nya-lagar-1-juli-2019\/\" \/>\n<meta property=\"og:locale\" content=\"sv_SE\" \/>\n<meta property=\"og:type\" content=\"article\" \/>\n<meta property=\"og:title\" content=\"Nya lagar 1 juli 2019\" \/>\n<meta property=\"og:description\" content=\"F\u00f6r\u00e4ndring i f\u00f6r\u00e4ldraledighetslagen och en ny s\u00e4kerhetsskyddslag \u00e4r tv\u00e5 av de nya lagarna som tr\u00e4der i kraft i halv\u00e5rsskiftet 2019.\" \/>\n<meta property=\"og:url\" content=\"https:\/\/www.almega.se\/2019\/07\/nya-lagar-1-juli-2019\/\" \/>\n<meta property=\"og:site_name\" content=\"Almega\" \/>\n<meta property=\"article:published_time\" content=\"2019-07-01T07:18:08+00:00\" \/>\n<meta property=\"og:image\" content=\"https:\/\/www.almega.se\/app\/uploads\/2018\/12\/nya-lagar-2019.jpg\" \/>\n\t<meta property=\"og:image:width\" content=\"1000\" \/>\n\t<meta property=\"og:image:height\" content=\"600\" \/>\n\t<meta property=\"og:image:type\" content=\"image\/jpeg\" \/>\n<meta name=\"author\" content=\"Julia Schwamberg\" \/>\n<meta name=\"twitter:card\" content=\"summary_large_image\" \/>\n<meta name=\"twitter:label1\" content=\"Skriven av\" \/>\n\t<meta name=\"twitter:data1\" content=\"Julia Schwamberg\" \/>\n\t<meta name=\"twitter:label2\" content=\"Ber\u00e4knad l\u00e4stid\" \/>\n\t<meta name=\"twitter:data2\" content=\"2 minuter\" \/>\n<!-- \/ Yoast SEO Premium plugin. -->","yoast_head_json":{"title":"Nya lagar 1 juli 2019 | Almega","description":"F\u00f6r\u00e4ndring i f\u00f6r\u00e4ldraledighetslagen och en ny s\u00e4kerhetsskyddslag \u00e4r tv\u00e5 av de nya lagarna som tr\u00e4der i kraft i halv\u00e5rsskiftet 2019.","robots":{"index":"index","follow":"follow","max-snippet":"max-snippet:-1","max-image-preview":"max-image-preview:large","max-video-preview":"max-video-preview:-1"},"canonical":"https:\/\/www.almega.se\/2019\/07\/nya-lagar-1-juli-2019\/","og_locale":"sv_SE","og_type":"article","og_title":"Nya lagar 1 juli 2019","og_description":"F\u00f6r\u00e4ndring i f\u00f6r\u00e4ldraledighetslagen och en ny s\u00e4kerhetsskyddslag \u00e4r tv\u00e5 av de nya lagarna som tr\u00e4der i kraft i halv\u00e5rsskiftet 2019.","og_url":"https:\/\/www.almega.se\/2019\/07\/nya-lagar-1-juli-2019\/","og_site_name":"Almega","article_published_time":"2019-07-01T07:18:08+00:00","og_image":[{"width":1000,"height":600,"url":"https:\/\/www.almega.se\/app\/uploads\/2018\/12\/nya-lagar-2019.jpg","type":"image\/jpeg"}],"author":"Julia Schwamberg","twitter_card":"summary_large_image","twitter_misc":{"Skriven av":"Julia Schwamberg","Ber\u00e4knad l\u00e4stid":"2 minuter"},"schema":{"@context":"https:\/\/schema.org","@graph":[{"@type":"NewsArticle","@id":"https:\/\/www.almega.se\/2019\/07\/nya-lagar-1-juli-2019\/#article","isPartOf":{"@id":"https:\/\/www.almega.se\/2019\/07\/nya-lagar-1-juli-2019\/"},"author":{"name":"Julia Schwamberg","@id":"https:\/\/www.almega.se\/#\/schema\/person\/efcc735e9c1ba0f9de79e69dc5be5f8a"},"headline":"Nya lagar 1 juli 2019","datePublished":"2019-07-01T07:18:08+00:00","mainEntityOfPage":{"@id":"https:\/\/www.almega.se\/2019\/07\/nya-lagar-1-juli-2019\/"},"wordCount":442,"image":{"@id":"https:\/\/www.almega.se\/2019\/07\/nya-lagar-1-juli-2019\/#primaryimage"},"thumbnailUrl":"https:\/\/www.almega.se\/app\/uploads\/2018\/12\/nya-lagar-2019.jpg","keywords":["Anst\u00e4llning","RUT-avdrag"],"articleSection":["Arbetsgivarfr\u00e5gor","Skatter"],"inLanguage":"sv-SE"},{"@type":"WebPage","@id":"https:\/\/www.almega.se\/2019\/07\/nya-lagar-1-juli-2019\/","url":"https:\/\/www.almega.se\/2019\/07\/nya-lagar-1-juli-2019\/","name":"Nya lagar 1 juli 2019 | Almega","isPartOf":{"@id":"https:\/\/www.almega.se\/#website"},"primaryImageOfPage":{"@id":"https:\/\/www.almega.se\/2019\/07\/nya-lagar-1-juli-2019\/#primaryimage"},"image":{"@id":"https:\/\/www.almega.se\/2019\/07\/nya-lagar-1-juli-2019\/#primaryimage"},"thumbnailUrl":"https:\/\/www.almega.se\/app\/uploads\/2018\/12\/nya-lagar-2019.jpg","datePublished":"2019-07-01T07:18:08+00:00","author":{"@id":"https:\/\/www.almega.se\/#\/schema\/person\/efcc735e9c1ba0f9de79e69dc5be5f8a"},"description":"F\u00f6r\u00e4ndring i f\u00f6r\u00e4ldraledighetslagen och en ny s\u00e4kerhetsskyddslag \u00e4r tv\u00e5 av de nya lagarna som tr\u00e4der i kraft i halv\u00e5rsskiftet 2019.","breadcrumb":{"@id":"https:\/\/www.almega.se\/2019\/07\/nya-lagar-1-juli-2019\/#breadcrumb"},"inLanguage":"sv-SE","potentialAction":[{"@type":"ReadAction","target":["https:\/\/www.almega.se\/2019\/07\/nya-lagar-1-juli-2019\/"]}]},{"@type":"ImageObject","inLanguage":"sv-SE","@id":"https:\/\/www.almega.se\/2019\/07\/nya-lagar-1-juli-2019\/#primaryimage","url":"https:\/\/www.almega.se\/app\/uploads\/2018\/12\/nya-lagar-2019.jpg","contentUrl":"https:\/\/www.almega.se\/app\/uploads\/2018\/12\/nya-lagar-2019.jpg","width":1000,"height":600,"caption":"nya lagar 2019"},{"@type":"BreadcrumbList","@id":"https:\/\/www.almega.se\/2019\/07\/nya-lagar-1-juli-2019\/#breadcrumb","itemListElement":[{"@type":"ListItem","position":1,"name":"Home","item":"https:\/\/www.almega.se\/"},{"@type":"ListItem","position":2,"name":"Nya lagar 1 juli 2019"}]},{"@type":"WebSite","@id":"https:\/\/www.almega.se\/#website","url":"https:\/\/www.almega.se\/","name":"Almega","description":"","potentialAction":[{"@type":"SearchAction","target":{"@type":"EntryPoint","urlTemplate":"https:\/\/www.almega.se\/?s={search_term_string}"},"query-input":{"@type":"PropertyValueSpecification","valueRequired":true,"valueName":"search_term_string"}}],"inLanguage":"sv-SE"},{"@type":"Person","@id":"https:\/\/www.almega.se\/#\/schema\/person\/efcc735e9c1ba0f9de79e69dc5be5f8a","name":"Julia Schwamberg","image":{"@type":"ImageObject","inLanguage":"sv-SE","@id":"https:\/\/www.almega.se\/#\/schema\/person\/image\/","url":"https:\/\/secure.gravatar.com\/avatar\/60ee7d8b8e9aa9b036f4768c0d2e868d8f080bcf68689c0f64ab3b87b1c2f78b?s=96&d=mm&r=g","contentUrl":"https:\/\/secure.gravatar.com\/avatar\/60ee7d8b8e9aa9b036f4768c0d2e868d8f080bcf68689c0f64ab3b87b1c2f78b?s=96&d=mm&r=g","caption":"Julia Schwamberg"},"url":"https:\/\/www.almega.se\/person\/juliaschwamberg\/"}]}},"_links":{"self":[{"href":"https:\/\/www.almega.se\/api\/wp\/v2\/posts\/23920","targetHints":{"allow":["GET"]}}],"collection":[{"href":"https:\/\/www.almega.se\/api\/wp\/v2\/posts"}],"about":[{"href":"https:\/\/www.almega.se\/api\/wp\/v2\/types\/post"}],"author":[{"embeddable":true,"href":"https:\/\/www.almega.se\/api\/wp\/v2\/users\/3"}],"replies":[{"embeddable":true,"href":"https:\/\/www.almega.se\/api\/wp\/v2\/comments?post=23920"}],"version-history":[{"count":3,"href":"https:\/\/www.almega.se\/api\/wp\/v2\/posts\/23920\/revisions"}],"predecessor-version":[{"id":54347,"href":"https:\/\/www.almega.se\/api\/wp\/v2\/posts\/23920\/revisions\/54347"}],"wp:featuredmedia":[{"embeddable":true,"href":"https:\/\/www.almega.se\/api\/wp\/v2\/media\/20798"}],"wp:attachment":[{"href":"https:\/\/www.almega.se\/api\/wp\/v2\/media?parent=23920"}],"wp:term":[{"taxonomy":"category","embeddable":true,"href":"https:\/\/www.almega.se\/api\/wp\/v2\/categories?post=23920"},{"taxonomy":"post_tag","embeddable":true,"href":"https:\/\/www.almega.se\/api\/wp\/v2\/tags?post=23920"},{"taxonomy":"type","embeddable":true,"href":"https:\/\/www.almega.se\/api\/wp\/v2\/article_type?post=23920"},{"taxonomy":"agreement","embeddable":true,"href":"https:\/\/www.almega.se\/api\/wp\/v2\/agreement?post=23920"}],"curies":[{"name":"wp","href":"https:\/\/api.w.org\/{rel}","templated":true}]}}