{"id":23779,"date":"2019-06-12T15:16:25","date_gmt":"2019-06-12T13:16:25","guid":{"rendered":"https:\/\/www.almega.se\/?p=23779"},"modified":"2019-06-12T15:16:25","modified_gmt":"2019-06-12T13:16:25","slug":"tjanstesektorn-ar-en-integrationsmotor-i-jarvaomradet","status":"publish","type":"post","link":"https:\/\/www.almega.se\/2019\/06\/tjanstesektorn-ar-en-integrationsmotor-i-jarvaomradet\/","title":{"rendered":"Tj\u00e4nstesektorn \u00e4r en integrationsmotor i J\u00e4rvaomr\u00e5det"},"content":{"rendered":"<p class=\"intro\">Under onsdagen p\u00e5 J\u00e4rvaveckan publicerade Almega en ny rapport under ett seminarium. Rapporten \u00e4r en unik yrkeskartl\u00e4ggning som visar vilka yrken som bryter utanf\u00f6rskapet i utsatta omr\u00e5den som Rinkeby, Husby och Hjulsta. Tj\u00e4nstesektorn dominerar och den beh\u00f6ver st\u00e4rkas om vi ska f\u00f6rb\u00e4ttra integrationen. Rapporten \u00e5terfinns l\u00e4ngst ner.<\/p>\n\n<p>&#8211; Den privata tj\u00e4nstesektorn \u00e4r en integrationsmotor i Tensta, Husby och Rinkeby. Det \u00e4r tydligt att tj\u00e4nstef\u00f6retag \u00e4r med och bryter utanf\u00f6rskapet. N\u00e4ra hundra procent av kvinnorna som bor i omr\u00e5det jobbar i tj\u00e4nstesektorn, s\u00e4ger Andreas \u00c5str\u00f6m, chef f\u00f6r n\u00e4ringspolitik och kommunikation p\u00e5 Almega.<\/p>\n\n\n\n<p>&#8211; Men det \u00e4r problematiskt att kompetenskrisen i tj\u00e4nstesektorn breder ut sig, samtidigt som arbetsl\u00f6sheten bland nyanl\u00e4nda \u00e4r h\u00f6g. F\u00f6r att \u00f6ka syssels\u00e4ttningen m\u00e5ste jobben med l\u00e5ga krav p\u00e5 utbildning bli \u00e4nnu fler, s\u00e4ger Andreas \u00c5str\u00f6m.<\/p>\n\n\n\n<p>M\u00e5nga branscher har sv\u00e5rt att tills\u00e4tta personal, och Almegas medlemmar n\u00e4rvarar under veckan f\u00f6r att rekrytera hela 200 nya medarbetare. Problemet \u00e4r&nbsp;samtidigt&nbsp;att&nbsp;f\u00f6r m\u00e5nga utrikes f\u00f6dda stannar i ing\u00e5ngsyrken och inte kommer vidare till bristjobb som fortfarande har relativt l\u00e5ga krav p\u00e5 utbildning.<\/p>\n\n\n\n<p>&#8211; Ing\u00e5ngsyrkena beh\u00f6ver bli fler och att fler beh\u00f6ver g\u00e5 vidare fr\u00e5n ing\u00e5ngsyrke till bristyrke. Det \u00e4r bara s\u00e5 vi kan f\u00f6rb\u00e4ttra integrationen, f\u00e5 fler i arbete och samtidigt stoppa f\u00f6retagens kompetenskris, avslutar Patrick Joyce, chefekonom p\u00e5 Almega.<\/p>\n\n\n<a class='Share__link Share__link--url copy-text' href='#' rel='nofollow' data-text='fakta-fran-rapporten:' title='Dela url' data-confirmation='L\u00e4nken kopierades till urklipp'><svg class='icon icon--link'  width='18' height='18' viewBox='0 0 18 18' fill='none' xmlns='http:\/\/www.w3.org\/2000\/svg'>\n            <path d='M10.4142 0.514721L6.87868 4.05025L8.29289 5.46447L11.1213 2.63604L15.364 6.87868L12.5355 9.70711L13.9497 11.1213L17.4853 7.58579C17.8763 7.19476 17.8763 6.5626 17.4853 6.17158L11.8284 0.514721C11.4374 0.123691 10.8052 0.123691 10.4142 0.514721Z' fill='black'\/>\n            <path d='M9.7071 12.5355L6.87868 15.364L2.63604 11.1213L5.46446 8.2929L4.05025 6.87868L0.514716 10.4142C0.123686 10.8052 0.123686 11.4374 0.514716 11.8284L6.17157 17.4853C6.5626 17.8763 7.19475 17.8763 7.58578 17.4853L11.1213 13.9497L9.7071 12.5355Z' fill='black'\/>\n            <path d='M6.17157 11.8284C6.5626 12.2195 7.19475 12.2195 7.58578 11.8284L11.8284 7.58579C12.2195 7.19476 12.2195 6.56261 11.8284 6.17158C11.4374 5.78055 10.8052 5.78055 10.4142 6.17158L6.17157 10.4142C5.78054 10.8052 5.78054 11.4374 6.17157 11.8284Z' fill='black'\/>\n            <\/svg> <\/a>\n<h2 class=\"wp-block-heading\"><strong>Fakta fr\u00e5n rapporten:<\/strong><\/h2>\n\n\n\n<ul class=\"wp-block-list\">\n<li>54 procent\u00a0av de nyanl\u00e4nda m\u00e4nnen arbetade\u00a02017.\u00a0Av de som arbetade fanns\u00a021 procent i restaurangyrken,\u00a017 procent i st\u00e4dning och reng\u00f6ring,\u00a011 procent i lager och f\u00f6raryrken,\u00a09 procent i bygg och hantverk\u00a0och\u00a08\u00a0procent i v\u00e5rd och omsorg.<br><\/li>\n\n\n\n<li>34 procent\u00a0av de nyanl\u00e4nda kvinnorna\u00a0arbetade 2017. Av de som arbetade fanns\u00a037 procent i st\u00e4dning och hemservice,\u00a027 procent i v\u00e5rd och omsorg,\u00a08 procent i f\u00f6rskola och skola\u00a0samt\u00a06 procent i restaurangyrken.<br><\/li>\n\n\n\n<li>62 procent\u00a0av\u00a0alla m\u00e4n\u00a0arbetade 2017. Av de som arbetade fanns\u00a020 procent inom f\u00f6raryrken och lager,\u00a011 procent inom st\u00e4dning och reng\u00f6ring,\u00a010 procent inom restaurangyrken,\u00a010 procent inom v\u00e5rd och omsorg\u00a0samt\u00a04\u00a0procent inom bygg och hantverk.<br><\/li>\n\n\n\n<li>52 procent\u00a0av alla kvinnor\u00a0arbetade 2017. Av de som arbetade fanns\u00a032 procent i v\u00e5rd och omsorg,\u00a017 procent i skola och f\u00f6rskola,\u00a013 procent inom st\u00e4dning och hemservice,\u00a06\u00a0procent inom restaurang\u00a0och\u00a06\u00a0procent i butiksyrken.<\/li>\n<\/ul>\n\n\n<a class='Share__link Share__link--url copy-text' href='#' rel='nofollow' data-text='almegas-fem-angelagna-reformer-for-att-forbattra-integrationen:' title='Dela url' data-confirmation='L\u00e4nken kopierades till urklipp'><svg class='icon icon--link'  width='18' height='18' viewBox='0 0 18 18' fill='none' xmlns='http:\/\/www.w3.org\/2000\/svg'>\n            <path d='M10.4142 0.514721L6.87868 4.05025L8.29289 5.46447L11.1213 2.63604L15.364 6.87868L12.5355 9.70711L13.9497 11.1213L17.4853 7.58579C17.8763 7.19476 17.8763 6.5626 17.4853 6.17158L11.8284 0.514721C11.4374 0.123691 10.8052 0.123691 10.4142 0.514721Z' fill='black'\/>\n            <path d='M9.7071 12.5355L6.87868 15.364L2.63604 11.1213L5.46446 8.2929L4.05025 6.87868L0.514716 10.4142C0.123686 10.8052 0.123686 11.4374 0.514716 11.8284L6.17157 17.4853C6.5626 17.8763 7.19475 17.8763 7.58578 17.4853L11.1213 13.9497L9.7071 12.5355Z' fill='black'\/>\n            <path d='M6.17157 11.8284C6.5626 12.2195 7.19475 12.2195 7.58578 11.8284L11.8284 7.58579C12.2195 7.19476 12.2195 6.56261 11.8284 6.17158C11.4374 5.78055 10.8052 5.78055 10.4142 6.17158L6.17157 10.4142C5.78054 10.8052 5.78054 11.4374 6.17157 11.8284Z' fill='black'\/>\n            <\/svg> <\/a>\n<h2 class=\"wp-block-heading\"><strong>Almegas fem angel\u00e4gna reformer f\u00f6r att f\u00f6rb\u00e4ttra integrationen:<\/strong><\/h2>\n\n\n\n<ul class=\"wp-block-list\">\n<li><strong>Kompetensavdrag g\u00f6r att fler kan g\u00e5 fr\u00e5n ing\u00e5ngsyrke till jobb i bristyrke.\u00a0<\/strong>Almega f\u00f6resl\u00e5r att ett kompetensavdrag inf\u00f6rs, med syftet att f\u00e5 arbetsgivarna att investera i personalutbildning i bristyrkesutbildningar. Kompetensavdraget kan riktas till arbetsgivare som har behov av personal i bristyrken som bland annat undersk\u00f6terskor, barnsk\u00f6tare, f\u00f6raryrken och i hotell- och restaurangbranschen. Som integrationsverktyg g\u00f6r kompetensavdraget \u00e4ven att f\u00f6retag kan rekrytera arbetsl\u00f6sa, nyanl\u00e4nda och unga som inte har alla kvalifikationer som kr\u00e4vs f\u00f6r jobbet. Nyanst\u00e4llningar kan kombineras med utbildningsinsatser som h\u00f6jer individens produktivitet och yrkeskompetens.<br><\/li>\n\n\n\n<li><strong>B\u00e4ttre villkor f\u00f6r tj\u00e4nstesektorn skapar fler jobb f\u00f6r utrikes f\u00f6dda.\u00a0<\/strong>En varaktig \u00f6kning av syssels\u00e4ttningen f\u00f6r utrikes f\u00f6dda och boende i utsatta omr\u00e5den beror p\u00e5 vilka reformer av f\u00f6retagandets villkor som kommer att genomf\u00f6ras. Tr\u00f6sklarna in p\u00e5 den svenska arbetsmarknaden m\u00e5ste s\u00e4nkas. Almega f\u00f6resl\u00e5r b\u00e5de att \u00f6verenskommelsen om etableringsjobben genomf\u00f6rs snarast och att ett HEM-avdrag inf\u00f6rs f\u00f6r alla tj\u00e4nster som utf\u00f6rs i eller i anslutning till hemmet. Avdraget b\u00f6r vara 100 000 kronor per person och \u00e5r.<br><\/li>\n\n\n\n<li><strong>F\u00f6rdubbla deltagarantalet i aktiva arbetsmarknadsinsatser under 2019.\u00a0<\/strong>De senaste \u00e5ren har antalet arbetsl\u00f6sa i Arbetsf\u00f6rmedlingens mest kostnadseffektiva insatser och nystartsjobben halverats. Detta drabbar de utrikesf\u00f6dda som utg\u00f6r en majoritet av de arbetsl\u00f6sa. Almega kr\u00e4ver att dubbelt s\u00e5 m\u00e5nga arbetsl\u00f6sa aktiveras under 2019 f\u00f6r att fler ska f\u00e5 jobb och f\u00f6r att f\u00f6retagens personalbehov ska tillgodoses.<br><\/li>\n\n\n\n<li><strong>Reformera etableringen av nyanl\u00e4nda.\u00a0<\/strong>F\u00f6r att nyanl\u00e4nda snabbare ska komma in p\u00e5 arbetsmarknaden beh\u00f6ver Arbetsf\u00f6rmedlingens etableringsprogram reformeras. Insatserna ska bli mer intensiva och flexibla. Nyanl\u00e4nda med utbildning eller yrkeserfarenhet b\u00f6r f\u00e5 praktisera direkt och varva det med spr\u00e5kinl\u00e4rning. De som f\u00e5r arbete ska forts\u00e4tta l\u00e4sa svenska p\u00e5 kv\u00e4llar och helger. Nyanl\u00e4nda med s\u00e4mre utg\u00e5ngsl\u00e4ge ska f\u00e5 mer tid i etableringen. Dessutom b\u00f6r asyls\u00f6kande som antagligen kommer att f\u00e5 uppeh\u00e5llstillst\u00e5nd kunna delta i etableringsinsatser.<br><\/li>\n\n\n\n<li><strong>Uppmuntra nyf\u00f6retagande bland invandrare.\u00a0<\/strong>Nyanl\u00e4nda som varit f\u00f6retagare i hemlandet m\u00e5ste i h\u00f6gre utstr\u00e4ckning \u00e4n idag se nyf\u00f6retagande i Sverige som en m\u00f6jlighet. Arbetsf\u00f6rmedlingen har varit d\u00e5lig p\u00e5 att f\u00e5nga upp personer som drivit f\u00f6retag i andra l\u00e4nder. Trots den stora flyktinginvandringen sedan 2015 har inte nyf\u00f6retagandet bland invandrare \u00f6kat i den utr\u00e4ckning som borde ha kunnat ske. Almega kr\u00e4ver att reformeringen av Arbetsf\u00f6rmedlingen leder till att frist\u00e5ende utf\u00f6rare f\u00e5r i uppdrag att f\u00e5 fler f\u00f6retagare fr\u00e5n andra l\u00e4nder att ocks\u00e5 starta f\u00f6retag i Sverige.<\/li>\n<\/ul>\n\n\n\n<p><strong><a href=\"https:\/\/www.almega.se\/app\/uploads\/2019\/06\/almega-sa-far-annu-fler-jarvabor-jobb-190610.pdf\">L\u00e4s hela rapporten: S\u00e5 f\u00e5r \u00e4nnu fler J\u00e4rvabor jobb<\/a><\/strong><\/p>\n","protected":false},"excerpt":{"rendered":"<p>&#8211; Den privata tj\u00e4nstesektorn \u00e4r en integrationsmotor i Tensta, Husby och Rinkeby. Det \u00e4r tydligt att tj\u00e4nstef\u00f6retag \u00e4r med och bryter utanf\u00f6rskapet. N\u00e4ra hundra procent av kvinnorna som bor i omr\u00e5det jobbar i tj\u00e4nstesektorn, s\u00e4ger &hellip;<\/p>\n","protected":false},"author":3381,"featured_media":23784,"comment_status":"closed","ping_status":"closed","sticky":false,"template":"","format":"standard","meta":{"_acf_changed":false,"footnotes":""},"categories":[64,581],"tags":[70],"article_type":[56],"agreement":[],"class_list":["post-23779","post","type-post","status-publish","format-standard","has-post-thumbnail","hentry","category-arbetsmarknad","category-tjanstesektorns-betydelse","tag-integration","type-nyheter"],"acf":[],"yoast_head":"<!-- This site is optimized with the Yoast SEO Premium plugin v26.8 (Yoast SEO v26.8) - https:\/\/yoast.com\/product\/yoast-seo-premium-wordpress\/ -->\n<title>Tj\u00e4nstesektorn \u00e4r en integrationsmotor i J\u00e4rvaomr\u00e5det | Almega<\/title>\n<meta name=\"robots\" content=\"index, follow, max-snippet:-1, max-image-preview:large, max-video-preview:-1\" \/>\n<link rel=\"canonical\" href=\"https:\/\/www.almega.se\/2019\/06\/tjanstesektorn-ar-en-integrationsmotor-i-jarvaomradet\/\" \/>\n<meta property=\"og:locale\" content=\"sv_SE\" \/>\n<meta property=\"og:type\" content=\"article\" \/>\n<meta property=\"og:title\" content=\"Tj\u00e4nstesektorn \u00e4r en integrationsmotor i J\u00e4rvaomr\u00e5det\" \/>\n<meta property=\"og:description\" content=\"&#8211; Den privata tj\u00e4nstesektorn \u00e4r en integrationsmotor i Tensta, Husby och Rinkeby. Det \u00e4r tydligt att tj\u00e4nstef\u00f6retag \u00e4r med och bryter utanf\u00f6rskapet. N\u00e4ra hundra procent av kvinnorna som bor i omr\u00e5det jobbar i tj\u00e4nstesektorn, s\u00e4ger &hellip;\" \/>\n<meta property=\"og:url\" content=\"https:\/\/www.almega.se\/2019\/06\/tjanstesektorn-ar-en-integrationsmotor-i-jarvaomradet\/\" \/>\n<meta property=\"og:site_name\" content=\"Almega\" \/>\n<meta property=\"article:published_time\" content=\"2019-06-12T13:16:25+00:00\" \/>\n<meta property=\"og:image\" content=\"https:\/\/www.almega.se\/app\/uploads\/2019\/06\/jarvaveckan-facebook-mockup-190610-1.jpg\" \/>\n\t<meta property=\"og:image:width\" content=\"2000\" \/>\n\t<meta property=\"og:image:height\" content=\"1200\" \/>\n\t<meta property=\"og:image:type\" content=\"image\/jpeg\" \/>\n<meta name=\"author\" content=\"Andreas Eriksson\" \/>\n<meta name=\"twitter:card\" content=\"summary_large_image\" \/>\n<meta name=\"twitter:label1\" content=\"Skriven av\" \/>\n\t<meta name=\"twitter:data1\" content=\"Andreas Eriksson\" \/>\n\t<meta name=\"twitter:label2\" content=\"Ber\u00e4knad l\u00e4stid\" \/>\n\t<meta name=\"twitter:data2\" content=\"4 minuter\" \/>\n<!-- \/ Yoast SEO Premium plugin. -->","yoast_head_json":{"title":"Tj\u00e4nstesektorn \u00e4r en integrationsmotor i J\u00e4rvaomr\u00e5det | Almega","robots":{"index":"index","follow":"follow","max-snippet":"max-snippet:-1","max-image-preview":"max-image-preview:large","max-video-preview":"max-video-preview:-1"},"canonical":"https:\/\/www.almega.se\/2019\/06\/tjanstesektorn-ar-en-integrationsmotor-i-jarvaomradet\/","og_locale":"sv_SE","og_type":"article","og_title":"Tj\u00e4nstesektorn \u00e4r en integrationsmotor i J\u00e4rvaomr\u00e5det","og_description":"&#8211; Den privata tj\u00e4nstesektorn \u00e4r en integrationsmotor i Tensta, Husby och Rinkeby. Det \u00e4r tydligt att tj\u00e4nstef\u00f6retag \u00e4r med och bryter utanf\u00f6rskapet. N\u00e4ra hundra procent av kvinnorna som bor i omr\u00e5det jobbar i tj\u00e4nstesektorn, s\u00e4ger &hellip;","og_url":"https:\/\/www.almega.se\/2019\/06\/tjanstesektorn-ar-en-integrationsmotor-i-jarvaomradet\/","og_site_name":"Almega","article_published_time":"2019-06-12T13:16:25+00:00","og_image":[{"width":2000,"height":1200,"url":"https:\/\/www.almega.se\/app\/uploads\/2019\/06\/jarvaveckan-facebook-mockup-190610-1.jpg","type":"image\/jpeg"}],"author":"Andreas Eriksson","twitter_card":"summary_large_image","twitter_misc":{"Skriven av":"Andreas Eriksson","Ber\u00e4knad l\u00e4stid":"4 minuter"},"schema":{"@context":"https:\/\/schema.org","@graph":[{"@type":"NewsArticle","@id":"https:\/\/www.almega.se\/2019\/06\/tjanstesektorn-ar-en-integrationsmotor-i-jarvaomradet\/#article","isPartOf":{"@id":"https:\/\/www.almega.se\/2019\/06\/tjanstesektorn-ar-en-integrationsmotor-i-jarvaomradet\/"},"author":{"name":"Andreas Eriksson","@id":"https:\/\/www.almega.se\/#\/schema\/person\/43c6ef5d04a0c99f85f3daec7f6a5851"},"headline":"Tj\u00e4nstesektorn \u00e4r en integrationsmotor i J\u00e4rvaomr\u00e5det","datePublished":"2019-06-12T13:16:25+00:00","mainEntityOfPage":{"@id":"https:\/\/www.almega.se\/2019\/06\/tjanstesektorn-ar-en-integrationsmotor-i-jarvaomradet\/"},"wordCount":857,"image":{"@id":"https:\/\/www.almega.se\/2019\/06\/tjanstesektorn-ar-en-integrationsmotor-i-jarvaomradet\/#primaryimage"},"thumbnailUrl":"https:\/\/www.almega.se\/app\/uploads\/2019\/06\/jarvaveckan-facebook-mockup-190610-1.jpg","keywords":["Integration"],"articleSection":["Arbetsmarknad","Tj\u00e4nstesektorns betydelse"],"inLanguage":"sv-SE"},{"@type":"WebPage","@id":"https:\/\/www.almega.se\/2019\/06\/tjanstesektorn-ar-en-integrationsmotor-i-jarvaomradet\/","url":"https:\/\/www.almega.se\/2019\/06\/tjanstesektorn-ar-en-integrationsmotor-i-jarvaomradet\/","name":"Tj\u00e4nstesektorn \u00e4r en integrationsmotor i J\u00e4rvaomr\u00e5det | Almega","isPartOf":{"@id":"https:\/\/www.almega.se\/#website"},"primaryImageOfPage":{"@id":"https:\/\/www.almega.se\/2019\/06\/tjanstesektorn-ar-en-integrationsmotor-i-jarvaomradet\/#primaryimage"},"image":{"@id":"https:\/\/www.almega.se\/2019\/06\/tjanstesektorn-ar-en-integrationsmotor-i-jarvaomradet\/#primaryimage"},"thumbnailUrl":"https:\/\/www.almega.se\/app\/uploads\/2019\/06\/jarvaveckan-facebook-mockup-190610-1.jpg","datePublished":"2019-06-12T13:16:25+00:00","author":{"@id":"https:\/\/www.almega.se\/#\/schema\/person\/43c6ef5d04a0c99f85f3daec7f6a5851"},"breadcrumb":{"@id":"https:\/\/www.almega.se\/2019\/06\/tjanstesektorn-ar-en-integrationsmotor-i-jarvaomradet\/#breadcrumb"},"inLanguage":"sv-SE","potentialAction":[{"@type":"ReadAction","target":["https:\/\/www.almega.se\/2019\/06\/tjanstesektorn-ar-en-integrationsmotor-i-jarvaomradet\/"]}]},{"@type":"ImageObject","inLanguage":"sv-SE","@id":"https:\/\/www.almega.se\/2019\/06\/tjanstesektorn-ar-en-integrationsmotor-i-jarvaomradet\/#primaryimage","url":"https:\/\/www.almega.se\/app\/uploads\/2019\/06\/jarvaveckan-facebook-mockup-190610-1.jpg","contentUrl":"https:\/\/www.almega.se\/app\/uploads\/2019\/06\/jarvaveckan-facebook-mockup-190610-1.jpg","width":2000,"height":1200},{"@type":"BreadcrumbList","@id":"https:\/\/www.almega.se\/2019\/06\/tjanstesektorn-ar-en-integrationsmotor-i-jarvaomradet\/#breadcrumb","itemListElement":[{"@type":"ListItem","position":1,"name":"Home","item":"https:\/\/www.almega.se\/"},{"@type":"ListItem","position":2,"name":"Tj\u00e4nstesektorn \u00e4r en integrationsmotor i J\u00e4rvaomr\u00e5det"}]},{"@type":"WebSite","@id":"https:\/\/www.almega.se\/#website","url":"https:\/\/www.almega.se\/","name":"Almega","description":"","potentialAction":[{"@type":"SearchAction","target":{"@type":"EntryPoint","urlTemplate":"https:\/\/www.almega.se\/?s={search_term_string}"},"query-input":{"@type":"PropertyValueSpecification","valueRequired":true,"valueName":"search_term_string"}}],"inLanguage":"sv-SE"},{"@type":"Person","@id":"https:\/\/www.almega.se\/#\/schema\/person\/43c6ef5d04a0c99f85f3daec7f6a5851","name":"Andreas Eriksson","image":{"@type":"ImageObject","inLanguage":"sv-SE","@id":"https:\/\/www.almega.se\/#\/schema\/person\/image\/","url":"https:\/\/secure.gravatar.com\/avatar\/e4e99713c1c544f0e4ebfb26b49e13cdf40ce68ebdeaea9410f71c72be9fc983?s=96&d=mm&r=g","contentUrl":"https:\/\/secure.gravatar.com\/avatar\/e4e99713c1c544f0e4ebfb26b49e13cdf40ce68ebdeaea9410f71c72be9fc983?s=96&d=mm&r=g","caption":"Andreas Eriksson"},"url":"https:\/\/www.almega.se\/person\/andreaseriksson\/"}]}},"_links":{"self":[{"href":"https:\/\/www.almega.se\/api\/wp\/v2\/posts\/23779","targetHints":{"allow":["GET"]}}],"collection":[{"href":"https:\/\/www.almega.se\/api\/wp\/v2\/posts"}],"about":[{"href":"https:\/\/www.almega.se\/api\/wp\/v2\/types\/post"}],"author":[{"embeddable":true,"href":"https:\/\/www.almega.se\/api\/wp\/v2\/users\/3381"}],"replies":[{"embeddable":true,"href":"https:\/\/www.almega.se\/api\/wp\/v2\/comments?post=23779"}],"version-history":[{"count":12,"href":"https:\/\/www.almega.se\/api\/wp\/v2\/posts\/23779\/revisions"}],"predecessor-version":[{"id":54368,"href":"https:\/\/www.almega.se\/api\/wp\/v2\/posts\/23779\/revisions\/54368"}],"wp:featuredmedia":[{"embeddable":true,"href":"https:\/\/www.almega.se\/api\/wp\/v2\/media\/23784"}],"wp:attachment":[{"href":"https:\/\/www.almega.se\/api\/wp\/v2\/media?parent=23779"}],"wp:term":[{"taxonomy":"category","embeddable":true,"href":"https:\/\/www.almega.se\/api\/wp\/v2\/categories?post=23779"},{"taxonomy":"post_tag","embeddable":true,"href":"https:\/\/www.almega.se\/api\/wp\/v2\/tags?post=23779"},{"taxonomy":"type","embeddable":true,"href":"https:\/\/www.almega.se\/api\/wp\/v2\/article_type?post=23779"},{"taxonomy":"agreement","embeddable":true,"href":"https:\/\/www.almega.se\/api\/wp\/v2\/agreement?post=23779"}],"curies":[{"name":"wp","href":"https:\/\/api.w.org\/{rel}","templated":true}]}}