{"id":23708,"date":"2019-06-10T09:05:38","date_gmt":"2019-06-10T07:05:38","guid":{"rendered":"https:\/\/www.almega.se\/?p=23708"},"modified":"2019-06-10T09:05:38","modified_gmt":"2019-06-10T07:05:38","slug":"antligen-hojs-rut-avdraget","status":"publish","type":"post","link":"https:\/\/www.almega.se\/2019\/06\/antligen-hojs-rut-avdraget\/","title":{"rendered":"\u00c4ntligen h\u00f6js RUT-avdraget"},"content":{"rendered":"<p class=\"intro\">Den 1 juli h\u00f6js taket f\u00f6r RUT-avdrag fr\u00e5n 25.000 till 50.000 kronor. Det \u00e4r en f\u00f6ljd av \u00f6verenskommelsen mellan regeringen och Centerpartiet och Liberalerna. Almega har l\u00e4nge arbetat f\u00f6r att bredda RUT-avdraget och vi v\u00e4lkomnar takh\u00f6jningen.<\/p>\n\n<p>De nuvarande reglerna inneb\u00e4r ett tak p\u00e5 RUT-avdraget f\u00f6r personer upp till 65 \u00e5r p\u00e5 h\u00f6gst 25.000 kronor. Fr\u00e5n och med 1 juli h\u00f6js taket till 50.000 kronor, men de nya reglerna g\u00e4ller retroaktivt f\u00f6r hela 2019.<\/p>\n\n\n\n<p><strong><a href=\"https:\/\/www.almega.se\/hem-avdraget\/\">L\u00e4s mer om hur Almega vill ut\u00f6ka RUT-avdraget<\/a><\/strong><\/p>\n\n\n\n<p>Att taket blir detsamma f\u00f6r alla skattskyldiga oavsett \u00e5lder inneb\u00e4r i praktiken att det s\u00e5 kallade \u00e4ldre-RUT, som innebar ett tak p\u00e5 50.000 kr f\u00f6r personer \u00f6ver 65 \u00e5r, avskaffas. Ist\u00e4llet kommer regeringen att tills\u00e4tta en utredning f\u00f6r hur ett nytt \u00e4ldre-RUT skulle kunna se ut.<\/p>\n\n\n\n<p>&#8211; En h\u00f6jning av taket \u00e4r v\u00e4ldigt v\u00e4lkommet ifr\u00e5n branschen. Framf\u00f6rallt vet vi sedan tidigare att signalerna fr\u00e5n politiken spelar stor roll f\u00f6r hur mycket kunderna v\u00e5gar konsumera. N\u00e4r politiken h\u00f6jer taket f\u00f6r RUT-avdraget v\u00e5gar branschen anst\u00e4lla och rusta f\u00f6r tillv\u00e4xt, s\u00e4ger Andreas \u00c5str\u00f6m, chef f\u00f6r p\u00e5verkan och kommunikation p\u00e5 Almega.<\/p>\n\n\n\n<p>RUT-avdraget inf\u00f6rdes till en b\u00f6rjan f\u00f6r att g\u00f6ra jobb som tidigare var svarta till vita. Idag \u00e4r anledningarna till att beh\u00e5lla och utvidga RUT-avdraget flera. Framf\u00f6rallt kvinnor har kunnat arbeta mer n\u00e4r de f\u00e5r avlastning med annars obetalt hemarbete. Det fr\u00e4msta argumentet idag f\u00f6r att RUT-avdraget b\u00f6r beh\u00e5llas och utvecklas \u00e4r dock att de jobb som skapas till f\u00f6ljd av RUT-avdraget g\u00e5r till personer som annars st\u00e5r l\u00e5ngt ifr\u00e5n arbetsmarknaden.<\/p>\n\n\n\n<p>&#8211; En unders\u00f6kning bland Almegas medlemsf\u00f6retag visade att drygt 75 procent av de som f\u00e5tt jobb i RUT-f\u00f6retag varit arbetsl\u00f6sa eller uppsagda vid anst\u00e4llningstillf\u00e4llet. Vi vet ocks\u00e5 att RUT-branschen har fler utrikesf\u00f6dda \u00e4n andra branscher, s\u00e4ger Andreas \u00c5str\u00f6m.<\/p>\n","protected":false},"excerpt":{"rendered":"<p>De nuvarande reglerna inneb\u00e4r ett tak p\u00e5 RUT-avdraget f\u00f6r personer upp till 65 \u00e5r p\u00e5 h\u00f6gst 25.000 kronor. Fr\u00e5n och med 1 juli h\u00f6js taket till 50.000 kronor, men de nya reglerna g\u00e4ller retroaktivt f\u00f6r &hellip;<\/p>\n","protected":false},"author":3,"featured_media":23712,"comment_status":"closed","ping_status":"closed","sticky":false,"template":"","format":"standard","meta":{"_acf_changed":false,"footnotes":""},"categories":[57],"tags":[61],"article_type":[56],"agreement":[],"class_list":["post-23708","post","type-post","status-publish","format-standard","has-post-thumbnail","hentry","category-skatter","tag-rut-avdrag","type-nyheter"],"acf":[],"yoast_head":"<!-- This site is optimized with the Yoast SEO Premium plugin v26.8 (Yoast SEO v26.8) - https:\/\/yoast.com\/product\/yoast-seo-premium-wordpress\/ -->\n<title>\u00c4ntligen h\u00f6js RUT-avdraget | Almega<\/title>\n<meta name=\"description\" content=\"Den 1 juli h\u00f6js taket f\u00f6r RUT-avdraget fr\u00e5n 25.000 till 50.000 kronor. De nya reglerna g\u00e4ller retroaktivt f\u00f6r hela 2019.\" \/>\n<meta name=\"robots\" content=\"index, follow, max-snippet:-1, max-image-preview:large, max-video-preview:-1\" \/>\n<link rel=\"canonical\" href=\"https:\/\/www.almega.se\/2019\/06\/antligen-hojs-rut-avdraget\/\" \/>\n<meta property=\"og:locale\" content=\"sv_SE\" \/>\n<meta property=\"og:type\" content=\"article\" \/>\n<meta property=\"og:title\" content=\"\u00c4ntligen h\u00f6js RUT-avdraget\" \/>\n<meta property=\"og:description\" content=\"Den 1 juli h\u00f6js taket f\u00f6r RUT-avdraget fr\u00e5n 25.000 till 50.000 kronor. De nya reglerna g\u00e4ller retroaktivt f\u00f6r hela 2019.\" \/>\n<meta property=\"og:url\" content=\"https:\/\/www.almega.se\/2019\/06\/antligen-hojs-rut-avdraget\/\" \/>\n<meta property=\"og:site_name\" content=\"Almega\" \/>\n<meta property=\"article:published_time\" content=\"2019-06-10T07:05:38+00:00\" \/>\n<meta property=\"og:image\" content=\"https:\/\/www.almega.se\/app\/uploads\/2019\/06\/rut-avdraget.jpg\" \/>\n\t<meta property=\"og:image:width\" content=\"1000\" \/>\n\t<meta property=\"og:image:height\" content=\"600\" \/>\n\t<meta property=\"og:image:type\" content=\"image\/jpeg\" \/>\n<meta name=\"author\" content=\"Julia Schwamberg\" \/>\n<meta name=\"twitter:card\" content=\"summary_large_image\" \/>\n<meta name=\"twitter:label1\" content=\"Skriven av\" \/>\n\t<meta name=\"twitter:data1\" content=\"Julia Schwamberg\" \/>\n\t<meta name=\"twitter:label2\" content=\"Ber\u00e4knad l\u00e4stid\" \/>\n\t<meta name=\"twitter:data2\" content=\"2 minuter\" \/>\n<!-- \/ Yoast SEO Premium plugin. -->","yoast_head_json":{"title":"\u00c4ntligen h\u00f6js RUT-avdraget | Almega","description":"Den 1 juli h\u00f6js taket f\u00f6r RUT-avdraget fr\u00e5n 25.000 till 50.000 kronor. De nya reglerna g\u00e4ller retroaktivt f\u00f6r hela 2019.","robots":{"index":"index","follow":"follow","max-snippet":"max-snippet:-1","max-image-preview":"max-image-preview:large","max-video-preview":"max-video-preview:-1"},"canonical":"https:\/\/www.almega.se\/2019\/06\/antligen-hojs-rut-avdraget\/","og_locale":"sv_SE","og_type":"article","og_title":"\u00c4ntligen h\u00f6js RUT-avdraget","og_description":"Den 1 juli h\u00f6js taket f\u00f6r RUT-avdraget fr\u00e5n 25.000 till 50.000 kronor. De nya reglerna g\u00e4ller retroaktivt f\u00f6r hela 2019.","og_url":"https:\/\/www.almega.se\/2019\/06\/antligen-hojs-rut-avdraget\/","og_site_name":"Almega","article_published_time":"2019-06-10T07:05:38+00:00","og_image":[{"width":1000,"height":600,"url":"https:\/\/www.almega.se\/app\/uploads\/2019\/06\/rut-avdraget.jpg","type":"image\/jpeg"}],"author":"Julia Schwamberg","twitter_card":"summary_large_image","twitter_misc":{"Skriven av":"Julia Schwamberg","Ber\u00e4knad l\u00e4stid":"2 minuter"},"schema":{"@context":"https:\/\/schema.org","@graph":[{"@type":"NewsArticle","@id":"https:\/\/www.almega.se\/2019\/06\/antligen-hojs-rut-avdraget\/#article","isPartOf":{"@id":"https:\/\/www.almega.se\/2019\/06\/antligen-hojs-rut-avdraget\/"},"author":{"name":"Julia Schwamberg","@id":"https:\/\/www.almega.se\/#\/schema\/person\/efcc735e9c1ba0f9de79e69dc5be5f8a"},"headline":"\u00c4ntligen h\u00f6js RUT-avdraget","datePublished":"2019-06-10T07:05:38+00:00","mainEntityOfPage":{"@id":"https:\/\/www.almega.se\/2019\/06\/antligen-hojs-rut-avdraget\/"},"wordCount":307,"image":{"@id":"https:\/\/www.almega.se\/2019\/06\/antligen-hojs-rut-avdraget\/#primaryimage"},"thumbnailUrl":"https:\/\/www.almega.se\/app\/uploads\/2019\/06\/rut-avdraget.jpg","keywords":["RUT-avdrag"],"articleSection":["Skatter"],"inLanguage":"sv-SE"},{"@type":"WebPage","@id":"https:\/\/www.almega.se\/2019\/06\/antligen-hojs-rut-avdraget\/","url":"https:\/\/www.almega.se\/2019\/06\/antligen-hojs-rut-avdraget\/","name":"\u00c4ntligen h\u00f6js RUT-avdraget | Almega","isPartOf":{"@id":"https:\/\/www.almega.se\/#website"},"primaryImageOfPage":{"@id":"https:\/\/www.almega.se\/2019\/06\/antligen-hojs-rut-avdraget\/#primaryimage"},"image":{"@id":"https:\/\/www.almega.se\/2019\/06\/antligen-hojs-rut-avdraget\/#primaryimage"},"thumbnailUrl":"https:\/\/www.almega.se\/app\/uploads\/2019\/06\/rut-avdraget.jpg","datePublished":"2019-06-10T07:05:38+00:00","author":{"@id":"https:\/\/www.almega.se\/#\/schema\/person\/efcc735e9c1ba0f9de79e69dc5be5f8a"},"description":"Den 1 juli h\u00f6js taket f\u00f6r RUT-avdraget fr\u00e5n 25.000 till 50.000 kronor. De nya reglerna g\u00e4ller retroaktivt f\u00f6r hela 2019.","breadcrumb":{"@id":"https:\/\/www.almega.se\/2019\/06\/antligen-hojs-rut-avdraget\/#breadcrumb"},"inLanguage":"sv-SE","potentialAction":[{"@type":"ReadAction","target":["https:\/\/www.almega.se\/2019\/06\/antligen-hojs-rut-avdraget\/"]}]},{"@type":"ImageObject","inLanguage":"sv-SE","@id":"https:\/\/www.almega.se\/2019\/06\/antligen-hojs-rut-avdraget\/#primaryimage","url":"https:\/\/www.almega.se\/app\/uploads\/2019\/06\/rut-avdraget.jpg","contentUrl":"https:\/\/www.almega.se\/app\/uploads\/2019\/06\/rut-avdraget.jpg","width":1000,"height":600},{"@type":"BreadcrumbList","@id":"https:\/\/www.almega.se\/2019\/06\/antligen-hojs-rut-avdraget\/#breadcrumb","itemListElement":[{"@type":"ListItem","position":1,"name":"Home","item":"https:\/\/www.almega.se\/"},{"@type":"ListItem","position":2,"name":"\u00c4ntligen h\u00f6js RUT-avdraget"}]},{"@type":"WebSite","@id":"https:\/\/www.almega.se\/#website","url":"https:\/\/www.almega.se\/","name":"Almega","description":"","potentialAction":[{"@type":"SearchAction","target":{"@type":"EntryPoint","urlTemplate":"https:\/\/www.almega.se\/?s={search_term_string}"},"query-input":{"@type":"PropertyValueSpecification","valueRequired":true,"valueName":"search_term_string"}}],"inLanguage":"sv-SE"},{"@type":"Person","@id":"https:\/\/www.almega.se\/#\/schema\/person\/efcc735e9c1ba0f9de79e69dc5be5f8a","name":"Julia Schwamberg","image":{"@type":"ImageObject","inLanguage":"sv-SE","@id":"https:\/\/www.almega.se\/#\/schema\/person\/image\/","url":"https:\/\/secure.gravatar.com\/avatar\/60ee7d8b8e9aa9b036f4768c0d2e868d8f080bcf68689c0f64ab3b87b1c2f78b?s=96&d=mm&r=g","contentUrl":"https:\/\/secure.gravatar.com\/avatar\/60ee7d8b8e9aa9b036f4768c0d2e868d8f080bcf68689c0f64ab3b87b1c2f78b?s=96&d=mm&r=g","caption":"Julia Schwamberg"},"url":"https:\/\/www.almega.se\/person\/juliaschwamberg\/"}]}},"_links":{"self":[{"href":"https:\/\/www.almega.se\/api\/wp\/v2\/posts\/23708","targetHints":{"allow":["GET"]}}],"collection":[{"href":"https:\/\/www.almega.se\/api\/wp\/v2\/posts"}],"about":[{"href":"https:\/\/www.almega.se\/api\/wp\/v2\/types\/post"}],"author":[{"embeddable":true,"href":"https:\/\/www.almega.se\/api\/wp\/v2\/users\/3"}],"replies":[{"embeddable":true,"href":"https:\/\/www.almega.se\/api\/wp\/v2\/comments?post=23708"}],"version-history":[{"count":3,"href":"https:\/\/www.almega.se\/api\/wp\/v2\/posts\/23708\/revisions"}],"predecessor-version":[{"id":51933,"href":"https:\/\/www.almega.se\/api\/wp\/v2\/posts\/23708\/revisions\/51933"}],"wp:featuredmedia":[{"embeddable":true,"href":"https:\/\/www.almega.se\/api\/wp\/v2\/media\/23712"}],"wp:attachment":[{"href":"https:\/\/www.almega.se\/api\/wp\/v2\/media?parent=23708"}],"wp:term":[{"taxonomy":"category","embeddable":true,"href":"https:\/\/www.almega.se\/api\/wp\/v2\/categories?post=23708"},{"taxonomy":"post_tag","embeddable":true,"href":"https:\/\/www.almega.se\/api\/wp\/v2\/tags?post=23708"},{"taxonomy":"type","embeddable":true,"href":"https:\/\/www.almega.se\/api\/wp\/v2\/article_type?post=23708"},{"taxonomy":"agreement","embeddable":true,"href":"https:\/\/www.almega.se\/api\/wp\/v2\/agreement?post=23708"}],"curies":[{"name":"wp","href":"https:\/\/api.w.org\/{rel}","templated":true}]}}