{"id":23671,"date":"2024-05-14T05:00:00","date_gmt":"2024-05-14T03:00:00","guid":{"rendered":"https:\/\/www.almega.se\/?p=23671"},"modified":"2024-05-15T10:30:38","modified_gmt":"2024-05-15T08:30:38","slug":"skolavslutningar-nar-har-anstallda-ratt-till-ledighet","status":"publish","type":"post","link":"https:\/\/www.almega.se\/2024\/05\/skolavslutningar-nar-har-anstallda-ratt-till-ledighet\/","title":{"rendered":"Skolavslutningar \u2013 n\u00e4r har anst\u00e4llda r\u00e4tt till ledighet?"},"content":{"rendered":"<p class=\"intro\">S\u00e5 h\u00e4r \u00e5rs f\u00e5r arbetsgivare in m\u00e5nga \u00f6nskem\u00e5l kring ledigheter, inte minst kopplat till skolavslutningar. Vad g\u00e4ller d\u00e4r? Och vad \u00e4r skillnaden mellan permission, tj\u00e4nstledighet och semester?<\/p>\n\n<p>Till att b\u00f6rja med finns det flera olika s\u00e4tt att vara ledig. Medarbetaren kan ha permission, tj\u00e4nstledighet eller semester. De inneb\u00e4r olika saker s\u00e5 det g\u00e4ller att h\u00e5lla reda p\u00e5 vilken slags ledighet som g\u00e4ller.<\/p>\n\n\n\n<p>M\u00e5nga ledigheter har medarbetaren r\u00e4tt att f\u00e5 enligt lag eller kollektivavtal. Andra f\u00f6ruts\u00e4tter att arbetsgivaren g\u00e5r med p\u00e5 ledigheten. Oavsett vad ledigheten avser ska ans\u00f6kan alltid g\u00f6ras s\u00e5 tidigt som m\u00f6jligt \u2013 det ger arbetsgivare m\u00f6jlighet att planera verksamheten och chansen att f\u00e5 ans\u00f6kan beviljad \u00f6kar.<\/p>\n\n\n<a class='Share__link Share__link--url copy-text' href='#' rel='nofollow' data-text='skillnad-mellan-permission,-tjanstledighet-och-semester' title='Dela url' data-confirmation='L\u00e4nken kopierades till urklipp'><svg class='icon icon--link'  width='18' height='18' viewBox='0 0 18 18' fill='none' xmlns='http:\/\/www.w3.org\/2000\/svg'>\n            <path d='M10.4142 0.514721L6.87868 4.05025L8.29289 5.46447L11.1213 2.63604L15.364 6.87868L12.5355 9.70711L13.9497 11.1213L17.4853 7.58579C17.8763 7.19476 17.8763 6.5626 17.4853 6.17158L11.8284 0.514721C11.4374 0.123691 10.8052 0.123691 10.4142 0.514721Z' fill='black'\/>\n            <path d='M9.7071 12.5355L6.87868 15.364L2.63604 11.1213L5.46446 8.2929L4.05025 6.87868L0.514716 10.4142C0.123686 10.8052 0.123686 11.4374 0.514716 11.8284L6.17157 17.4853C6.5626 17.8763 7.19475 17.8763 7.58578 17.4853L11.1213 13.9497L9.7071 12.5355Z' fill='black'\/>\n            <path d='M6.17157 11.8284C6.5626 12.2195 7.19475 12.2195 7.58578 11.8284L11.8284 7.58579C12.2195 7.19476 12.2195 6.56261 11.8284 6.17158C11.4374 5.78055 10.8052 5.78055 10.4142 6.17158L6.17157 10.4142C5.78054 10.8052 5.78054 11.4374 6.17157 11.8284Z' fill='black'\/>\n            <\/svg> <\/a>\n<h2 class=\"wp-block-heading\">Skillnad mellan permission, tj\u00e4nstledighet och semester<\/h2>\n\n\n\n<p>Permission \u00e4r kortare ledighet med bibeh\u00e5llen l\u00f6n. Kollektivavtalen och f\u00f6retagens personalpolicy inneh\u00e5ller ofta regler om n\u00e4r permission beviljas. Kollektivavtal f\u00f6r den offentliga sektorn inneh\u00e5ller ofta regler om r\u00e4tt till permission f\u00f6r att flytta. Flyttledighet finns s\u00e4llan i kollektivavtal som g\u00e4ller den privata sektorn.<\/p>\n\n\n\n<p>Tj\u00e4nstledighet \u00e4r ledighet utan l\u00f6n. M\u00e5nga tj\u00e4nsteledigheter \u00e4r lagreglerade, till exempel f\u00f6r\u00e4ldraledighet, sjukledighet och studieledighet. Andra kan man inte r\u00e4kna med utan det \u00e4r helt upp till arbetsgivaren om ans\u00f6kan beviljas.<\/p>\n\n\n\n<p>Semester \u00e4r ledighet med l\u00f6n och semestertill\u00e4gg. Semester tj\u00e4nas in, antingen i f\u00f6rv\u00e4g eller i efterhand. Det finns regler i lag och kollektivavtal om hur semester ers\u00e4tts och f\u00f6rl\u00e4ggs.<\/p>\n\n\n<a class='Share__link Share__link--url copy-text' href='#' rel='nofollow' data-text='ledigt-for-skolavslutning' title='Dela url' data-confirmation='L\u00e4nken kopierades till urklipp'><svg class='icon icon--link'  width='18' height='18' viewBox='0 0 18 18' fill='none' xmlns='http:\/\/www.w3.org\/2000\/svg'>\n            <path d='M10.4142 0.514721L6.87868 4.05025L8.29289 5.46447L11.1213 2.63604L15.364 6.87868L12.5355 9.70711L13.9497 11.1213L17.4853 7.58579C17.8763 7.19476 17.8763 6.5626 17.4853 6.17158L11.8284 0.514721C11.4374 0.123691 10.8052 0.123691 10.4142 0.514721Z' fill='black'\/>\n            <path d='M9.7071 12.5355L6.87868 15.364L2.63604 11.1213L5.46446 8.2929L4.05025 6.87868L0.514716 10.4142C0.123686 10.8052 0.123686 11.4374 0.514716 11.8284L6.17157 17.4853C6.5626 17.8763 7.19475 17.8763 7.58578 17.4853L11.1213 13.9497L9.7071 12.5355Z' fill='black'\/>\n            <path d='M6.17157 11.8284C6.5626 12.2195 7.19475 12.2195 7.58578 11.8284L11.8284 7.58579C12.2195 7.19476 12.2195 6.56261 11.8284 6.17158C11.4374 5.78055 10.8052 5.78055 10.4142 6.17158L6.17157 10.4142C5.78054 10.8052 5.78054 11.4374 6.17157 11.8284Z' fill='black'\/>\n            <\/svg> <\/a>\n<h2 class=\"wp-block-heading\">Ledigt f\u00f6r skolavslutning<\/h2>\n\n\n\n<p>Avslutningsvis \u2013 det finns ingen s\u00e4rskild r\u00e4tt f\u00f6r medarbetarna att f\u00e5 ledigt fr\u00e5n arbetet f\u00f6r att g\u00e5 p\u00e5 barnens skolavslutning.&nbsp; Men det brukar l\u00f6sa sig \u00e4nd\u00e5, bara ans\u00f6kan l\u00e4mnas in tidigt. <\/p>\n\n\n<a class='Share__link Share__link--url copy-text' href='#' rel='nofollow' data-text='las-mer-om-lagar-och-regler-pa-arbetsgivarguiden' title='Dela url' data-confirmation='L\u00e4nken kopierades till urklipp'><svg class='icon icon--link'  width='18' height='18' viewBox='0 0 18 18' fill='none' xmlns='http:\/\/www.w3.org\/2000\/svg'>\n            <path d='M10.4142 0.514721L6.87868 4.05025L8.29289 5.46447L11.1213 2.63604L15.364 6.87868L12.5355 9.70711L13.9497 11.1213L17.4853 7.58579C17.8763 7.19476 17.8763 6.5626 17.4853 6.17158L11.8284 0.514721C11.4374 0.123691 10.8052 0.123691 10.4142 0.514721Z' fill='black'\/>\n            <path d='M9.7071 12.5355L6.87868 15.364L2.63604 11.1213L5.46446 8.2929L4.05025 6.87868L0.514716 10.4142C0.123686 10.8052 0.123686 11.4374 0.514716 11.8284L6.17157 17.4853C6.5626 17.8763 7.19475 17.8763 7.58578 17.4853L11.1213 13.9497L9.7071 12.5355Z' fill='black'\/>\n            <path d='M6.17157 11.8284C6.5626 12.2195 7.19475 12.2195 7.58578 11.8284L11.8284 7.58579C12.2195 7.19476 12.2195 6.56261 11.8284 6.17158C11.4374 5.78055 10.8052 5.78055 10.4142 6.17158L6.17157 10.4142C5.78054 10.8052 5.78054 11.4374 6.17157 11.8284Z' fill='black'\/>\n            <\/svg> <\/a>\n<h2 class=\"wp-block-heading\">L\u00e4s mer om lagar och regler p\u00e5 Arbetsgivarguiden<\/h2>\n\n\n\n<p><a href=\"https:\/\/www.arbetsgivarguiden.se\/\">Arbetsgivarguiden&nbsp;<\/a>\u00e4r Almegas kunskapsbank p\u00e5 webben, som ing\u00e5r i medlemskapet f\u00f6r medlemmar. D\u00e4r f\u00e5r du juridisk r\u00e5dgivning och snabb och aktuell information om ditt eller dina kollektivavtal \u2013 dygnet runt.<\/p>\n\n\n\n      <a href=\"https:\/\/medlem.arbetsgivarguiden.se\/a-till-o\/84\" target=\"\" class=\"Button is-text Button--arrow-tip\">\n      \n        Logga in och l\u00e4s mer om tj\u00e4nstledighet och permission\n      \n      \n                \n                <svg class='icon icon--arrow-tip'  width=\"11\" height=\"16\" viewBox=\"0 0 11 16\" fill=\"none\" xmlns=\"http:\/\/www.w3.org\/2000\/svg\">\n<path d=\"M0.858398 15L9.2304 7.99664L0.967732 1.00001\" stroke=\"black\" stroke-width=\"2\" stroke-miterlimit=\"10\"\/>\n<\/svg>\n\n        \n    <\/a>\n  \n","protected":false},"excerpt":{"rendered":"<p>Till att b\u00f6rja med finns det flera olika s\u00e4tt att vara ledig. Medarbetaren kan ha permission, tj\u00e4nstledighet eller semester. De inneb\u00e4r olika saker s\u00e5 det g\u00e4ller att h\u00e5lla reda p\u00e5 vilken slags ledighet som g\u00e4ller. &hellip;<\/p>\n","protected":false},"author":3,"featured_media":23672,"comment_status":"closed","ping_status":"closed","sticky":false,"template":"","format":"standard","meta":{"_acf_changed":false,"footnotes":""},"categories":[451],"tags":[609,606],"article_type":[56],"agreement":[],"class_list":["post-23671","post","type-post","status-publish","format-standard","has-post-thumbnail","hentry","category-arbetsgivarfragor","tag-anstallning","tag-semester","type-nyheter"],"acf":[],"yoast_head":"<!-- This site is optimized with the Yoast SEO Premium plugin v26.8 (Yoast SEO v26.8) - https:\/\/yoast.com\/product\/yoast-seo-premium-wordpress\/ -->\n<title>Skolavslutningar \u2013 n\u00e4r har anst\u00e4llda r\u00e4tt till ledighet? | Almega<\/title>\n<meta name=\"robots\" content=\"index, follow, max-snippet:-1, max-image-preview:large, max-video-preview:-1\" \/>\n<link rel=\"canonical\" href=\"https:\/\/www.almega.se\/2024\/05\/skolavslutningar-nar-har-anstallda-ratt-till-ledighet\/\" \/>\n<meta property=\"og:locale\" content=\"sv_SE\" \/>\n<meta property=\"og:type\" content=\"article\" \/>\n<meta property=\"og:title\" content=\"Skolavslutningar \u2013 n\u00e4r har anst\u00e4llda r\u00e4tt till ledighet?\" \/>\n<meta property=\"og:description\" content=\"Till att b\u00f6rja med finns det flera olika s\u00e4tt att vara ledig. Medarbetaren kan ha permission, tj\u00e4nstledighet eller semester. De inneb\u00e4r olika saker s\u00e5 det g\u00e4ller att h\u00e5lla reda p\u00e5 vilken slags ledighet som g\u00e4ller. &hellip;\" \/>\n<meta property=\"og:url\" content=\"https:\/\/www.almega.se\/2024\/05\/skolavslutningar-nar-har-anstallda-ratt-till-ledighet\/\" \/>\n<meta property=\"og:site_name\" content=\"Almega\" \/>\n<meta property=\"article:published_time\" content=\"2024-05-14T03:00:00+00:00\" \/>\n<meta property=\"article:modified_time\" content=\"2024-05-15T08:30:38+00:00\" \/>\n<meta property=\"og:image\" content=\"https:\/\/www.almega.se\/app\/uploads\/2019\/06\/ledighet-sommaravslutning.jpg\" \/>\n\t<meta property=\"og:image:width\" content=\"1000\" \/>\n\t<meta property=\"og:image:height\" content=\"600\" \/>\n\t<meta property=\"og:image:type\" content=\"image\/jpeg\" \/>\n<meta name=\"author\" content=\"Julia Schwamberg\" \/>\n<meta name=\"twitter:card\" content=\"summary_large_image\" \/>\n<meta name=\"twitter:label1\" content=\"Skriven av\" \/>\n\t<meta name=\"twitter:data1\" content=\"Julia Schwamberg\" \/>\n\t<meta name=\"twitter:label2\" content=\"Ber\u00e4knad l\u00e4stid\" \/>\n\t<meta name=\"twitter:data2\" content=\"2 minuter\" \/>\n<!-- \/ Yoast SEO Premium plugin. -->","yoast_head_json":{"title":"Skolavslutningar \u2013 n\u00e4r har anst\u00e4llda r\u00e4tt till ledighet? | Almega","robots":{"index":"index","follow":"follow","max-snippet":"max-snippet:-1","max-image-preview":"max-image-preview:large","max-video-preview":"max-video-preview:-1"},"canonical":"https:\/\/www.almega.se\/2024\/05\/skolavslutningar-nar-har-anstallda-ratt-till-ledighet\/","og_locale":"sv_SE","og_type":"article","og_title":"Skolavslutningar \u2013 n\u00e4r har anst\u00e4llda r\u00e4tt till ledighet?","og_description":"Till att b\u00f6rja med finns det flera olika s\u00e4tt att vara ledig. Medarbetaren kan ha permission, tj\u00e4nstledighet eller semester. De inneb\u00e4r olika saker s\u00e5 det g\u00e4ller att h\u00e5lla reda p\u00e5 vilken slags ledighet som g\u00e4ller. &hellip;","og_url":"https:\/\/www.almega.se\/2024\/05\/skolavslutningar-nar-har-anstallda-ratt-till-ledighet\/","og_site_name":"Almega","article_published_time":"2024-05-14T03:00:00+00:00","article_modified_time":"2024-05-15T08:30:38+00:00","og_image":[{"width":1000,"height":600,"url":"https:\/\/www.almega.se\/app\/uploads\/2019\/06\/ledighet-sommaravslutning.jpg","type":"image\/jpeg"}],"author":"Julia Schwamberg","twitter_card":"summary_large_image","twitter_misc":{"Skriven av":"Julia Schwamberg","Ber\u00e4knad l\u00e4stid":"2 minuter"},"schema":{"@context":"https:\/\/schema.org","@graph":[{"@type":"NewsArticle","@id":"https:\/\/www.almega.se\/2024\/05\/skolavslutningar-nar-har-anstallda-ratt-till-ledighet\/#article","isPartOf":{"@id":"https:\/\/www.almega.se\/2024\/05\/skolavslutningar-nar-har-anstallda-ratt-till-ledighet\/"},"author":{"name":"Julia Schwamberg","@id":"https:\/\/www.almega.se\/#\/schema\/person\/efcc735e9c1ba0f9de79e69dc5be5f8a"},"headline":"Skolavslutningar \u2013 n\u00e4r har anst\u00e4llda r\u00e4tt till ledighet?","datePublished":"2024-05-14T03:00:00+00:00","dateModified":"2024-05-15T08:30:38+00:00","mainEntityOfPage":{"@id":"https:\/\/www.almega.se\/2024\/05\/skolavslutningar-nar-har-anstallda-ratt-till-ledighet\/"},"wordCount":331,"image":{"@id":"https:\/\/www.almega.se\/2024\/05\/skolavslutningar-nar-har-anstallda-ratt-till-ledighet\/#primaryimage"},"thumbnailUrl":"https:\/\/www.almega.se\/app\/uploads\/2019\/06\/ledighet-sommaravslutning.jpg","keywords":["Anst\u00e4llning","Semester"],"articleSection":["Arbetsgivarfr\u00e5gor"],"inLanguage":"sv-SE"},{"@type":"WebPage","@id":"https:\/\/www.almega.se\/2024\/05\/skolavslutningar-nar-har-anstallda-ratt-till-ledighet\/","url":"https:\/\/www.almega.se\/2024\/05\/skolavslutningar-nar-har-anstallda-ratt-till-ledighet\/","name":"Skolavslutningar \u2013 n\u00e4r har anst\u00e4llda r\u00e4tt till ledighet? | Almega","isPartOf":{"@id":"https:\/\/www.almega.se\/#website"},"primaryImageOfPage":{"@id":"https:\/\/www.almega.se\/2024\/05\/skolavslutningar-nar-har-anstallda-ratt-till-ledighet\/#primaryimage"},"image":{"@id":"https:\/\/www.almega.se\/2024\/05\/skolavslutningar-nar-har-anstallda-ratt-till-ledighet\/#primaryimage"},"thumbnailUrl":"https:\/\/www.almega.se\/app\/uploads\/2019\/06\/ledighet-sommaravslutning.jpg","datePublished":"2024-05-14T03:00:00+00:00","dateModified":"2024-05-15T08:30:38+00:00","author":{"@id":"https:\/\/www.almega.se\/#\/schema\/person\/efcc735e9c1ba0f9de79e69dc5be5f8a"},"breadcrumb":{"@id":"https:\/\/www.almega.se\/2024\/05\/skolavslutningar-nar-har-anstallda-ratt-till-ledighet\/#breadcrumb"},"inLanguage":"sv-SE","potentialAction":[{"@type":"ReadAction","target":["https:\/\/www.almega.se\/2024\/05\/skolavslutningar-nar-har-anstallda-ratt-till-ledighet\/"]}]},{"@type":"ImageObject","inLanguage":"sv-SE","@id":"https:\/\/www.almega.se\/2024\/05\/skolavslutningar-nar-har-anstallda-ratt-till-ledighet\/#primaryimage","url":"https:\/\/www.almega.se\/app\/uploads\/2019\/06\/ledighet-sommaravslutning.jpg","contentUrl":"https:\/\/www.almega.se\/app\/uploads\/2019\/06\/ledighet-sommaravslutning.jpg","width":1000,"height":600,"caption":"Skolavslutning ledighet"},{"@type":"BreadcrumbList","@id":"https:\/\/www.almega.se\/2024\/05\/skolavslutningar-nar-har-anstallda-ratt-till-ledighet\/#breadcrumb","itemListElement":[{"@type":"ListItem","position":1,"name":"Home","item":"https:\/\/www.almega.se\/"},{"@type":"ListItem","position":2,"name":"Skolavslutningar \u2013 n\u00e4r har anst\u00e4llda r\u00e4tt till ledighet?"}]},{"@type":"WebSite","@id":"https:\/\/www.almega.se\/#website","url":"https:\/\/www.almega.se\/","name":"Almega","description":"","potentialAction":[{"@type":"SearchAction","target":{"@type":"EntryPoint","urlTemplate":"https:\/\/www.almega.se\/?s={search_term_string}"},"query-input":{"@type":"PropertyValueSpecification","valueRequired":true,"valueName":"search_term_string"}}],"inLanguage":"sv-SE"},{"@type":"Person","@id":"https:\/\/www.almega.se\/#\/schema\/person\/efcc735e9c1ba0f9de79e69dc5be5f8a","name":"Julia Schwamberg","image":{"@type":"ImageObject","inLanguage":"sv-SE","@id":"https:\/\/www.almega.se\/#\/schema\/person\/image\/","url":"https:\/\/secure.gravatar.com\/avatar\/60ee7d8b8e9aa9b036f4768c0d2e868d8f080bcf68689c0f64ab3b87b1c2f78b?s=96&d=mm&r=g","contentUrl":"https:\/\/secure.gravatar.com\/avatar\/60ee7d8b8e9aa9b036f4768c0d2e868d8f080bcf68689c0f64ab3b87b1c2f78b?s=96&d=mm&r=g","caption":"Julia Schwamberg"},"url":"https:\/\/www.almega.se\/person\/juliaschwamberg\/"}]}},"_links":{"self":[{"href":"https:\/\/www.almega.se\/api\/wp\/v2\/posts\/23671","targetHints":{"allow":["GET"]}}],"collection":[{"href":"https:\/\/www.almega.se\/api\/wp\/v2\/posts"}],"about":[{"href":"https:\/\/www.almega.se\/api\/wp\/v2\/types\/post"}],"author":[{"embeddable":true,"href":"https:\/\/www.almega.se\/api\/wp\/v2\/users\/3"}],"replies":[{"embeddable":true,"href":"https:\/\/www.almega.se\/api\/wp\/v2\/comments?post=23671"}],"version-history":[{"count":8,"href":"https:\/\/www.almega.se\/api\/wp\/v2\/posts\/23671\/revisions"}],"predecessor-version":[{"id":73651,"href":"https:\/\/www.almega.se\/api\/wp\/v2\/posts\/23671\/revisions\/73651"}],"wp:featuredmedia":[{"embeddable":true,"href":"https:\/\/www.almega.se\/api\/wp\/v2\/media\/23672"}],"wp:attachment":[{"href":"https:\/\/www.almega.se\/api\/wp\/v2\/media?parent=23671"}],"wp:term":[{"taxonomy":"category","embeddable":true,"href":"https:\/\/www.almega.se\/api\/wp\/v2\/categories?post=23671"},{"taxonomy":"post_tag","embeddable":true,"href":"https:\/\/www.almega.se\/api\/wp\/v2\/tags?post=23671"},{"taxonomy":"type","embeddable":true,"href":"https:\/\/www.almega.se\/api\/wp\/v2\/article_type?post=23671"},{"taxonomy":"agreement","embeddable":true,"href":"https:\/\/www.almega.se\/api\/wp\/v2\/agreement?post=23671"}],"curies":[{"name":"wp","href":"https:\/\/api.w.org\/{rel}","templated":true}]}}