{"id":22903,"date":"2019-04-09T16:31:05","date_gmt":"2019-04-09T14:31:05","guid":{"rendered":"https:\/\/www.almega.se\/?p=22903"},"modified":"2023-06-07T14:08:09","modified_gmt":"2023-06-07T12:08:09","slug":"almegas-executive-summit","status":"publish","type":"post","link":"https:\/\/www.almega.se\/2019\/04\/almegas-executive-summit\/","title":{"rendered":"Almegas executive summit"},"content":{"rendered":"<p class=\"intro\">Under tisdagsmorgonen samlades flera av Almegas medlemsf\u00f6retags VD:ar tillsammans med Anna-Karin Hatt och Jan-Olof Jacke, VD f\u00f6r Svenskt N\u00e4ringsliv, p\u00e5 Almegas executive summit &#8211; Almegas nyinr\u00e4ttade VD-n\u00e4tverk. H\u00e4r diskuterades allt mellan kompetensf\u00f6rs\u00f6rjning till klimatutmaningarna.<\/p>\n\n<p>Anna-Karin Hatt inledde frukosten med att tala om n\u00e5gra just nu aktuella fr\u00e5gor. Bland de punkter som ber\u00f6rdes var Almegas strategiska p\u00e5verkansarbete som i och med regeringsbildningen f\u00e5tt ny aktualitet. Det g\u00e5r att se sp\u00e5r i 73-punkts\u00f6verenskommelsen, det vill s\u00e4ga \u00f6verenskommelsen mellan regeringen, Centerpartiet och Liberalerna, av Almegas l\u00e5ngsiktiga och t\u00e5lmodiga opinionsbildande arbete.<\/p>\n\n\n\n<p>&#8211; I \u00f6verenskommelsen hittar vi ett breddat RUT-avdrag, f\u00f6rslag som kan f\u00f6renkla kompetensf\u00f6rs\u00f6rjning, en reformerad Arbetsf\u00f6rmedling och en utredning av LAS, lagen om anst\u00e4llningsskydd, som s\u00e4tter ett v\u00e4lkommet tryck p\u00e5 arbetsmarknadens parter f\u00f6r att skapa en mer modern arbetsr\u00e4tt. Det h\u00e4r \u00e4r prioriterade fr\u00e5gor f\u00f6r Almega och som vi l\u00e4nge arbetat med att p\u00e5verka och f\u00f6r\u00e4ndra, s\u00e4ger Anna Karin Hatt.<\/p>\n\n\n\n<p>Till dagens exekutive summit var Jan-Olof Jacke inbjuden som talare. \u00c4ven han p\u00e5talade vilken utmaning kompetensf\u00f6rs\u00f6rjningen har f\u00f6r tj\u00e4nstef\u00f6retagen.<\/p>\n\n\n\n<p>&#8211; Sedan jag tilltr\u00e4dde som VD f\u00f6r Svenskt N\u00e4ringsliv har jag gjort runt 200 f\u00f6retagsbes\u00f6k runt om i landet \u2013 fr\u00e5n Kalix till Malm\u00f6. Det \u00e4r p\u00e5fallande ofta samma fr\u00e5gor som kommer upp under bes\u00f6ken. Av de h\u00e4r runt 200 f\u00f6retagarna har det hittills bara varit ett enda som inte haft kompetensf\u00f6rs\u00f6rjningen h\u00f6gst upp p\u00e5 listan \u00f6ver utmaningar, sa Jan-Olof Jacke.<\/p>\n\n\n\n<p>Kompetensbristen \u00e4r en prioriterad fr\u00e5ga f\u00f6r b\u00e5de Almega och Svenskt N\u00e4ringsliv och b\u00e5da organisationer arbetar aktivt med att hitta l\u00f6sningar. En av de f\u00f6rslag p\u00e5 l\u00f6sningar Almega har lanserat \u00e4r ett kompetensavdrag som skulle g\u00f6ra det mer attraktivt f\u00f6r arbetsgivare att investera i medarbetares kompetensutveckling.<\/p>\n\n\n\n<p>-Vi m\u00e5ste forts\u00e4tta f\u00f6ra upp den h\u00e4r fr\u00e5gan p\u00e5 dagordningen. Fyra av tio f\u00f6retag uppger att kompetensbristen h\u00e4mmar deras tillv\u00e4xt \u2013 ett s\u00e5dant problem m\u00e5ste tas p\u00e5 allvar, sade Anna Karin Hatt.<\/p>\n","protected":false},"excerpt":{"rendered":"<p>Anna-Karin Hatt inledde frukosten med att tala om n\u00e5gra just nu aktuella fr\u00e5gor. Bland de punkter som ber\u00f6rdes var Almegas strategiska p\u00e5verkansarbete som i och med regeringsbildningen f\u00e5tt ny aktualitet. Det g\u00e5r att se sp\u00e5r &hellip;<\/p>\n","protected":false},"author":3,"featured_media":22904,"comment_status":"closed","ping_status":"closed","sticky":false,"template":"","format":"standard","meta":{"_acf_changed":false,"footnotes":""},"categories":[603,419],"tags":[610],"article_type":[56],"agreement":[],"class_list":["post-22903","post","type-post","status-publish","format-standard","has-post-thumbnail","hentry","category-almega","category-kompetensforsorjning","tag-kompetensforsorjning","type-nyheter"],"acf":[],"yoast_head":"<!-- This site is optimized with the Yoast SEO Premium plugin v26.8 (Yoast SEO v26.8) - https:\/\/yoast.com\/product\/yoast-seo-premium-wordpress\/ -->\n<title>Almegas executive summit | Almega<\/title>\n<meta name=\"robots\" content=\"index, follow, max-snippet:-1, max-image-preview:large, max-video-preview:-1\" \/>\n<link rel=\"canonical\" href=\"https:\/\/www.almega.se\/2019\/04\/almegas-executive-summit\/\" \/>\n<meta property=\"og:locale\" content=\"sv_SE\" \/>\n<meta property=\"og:type\" content=\"article\" \/>\n<meta property=\"og:title\" content=\"Almegas executive summit\" \/>\n<meta property=\"og:description\" content=\"Anna-Karin Hatt inledde frukosten med att tala om n\u00e5gra just nu aktuella fr\u00e5gor. Bland de punkter som ber\u00f6rdes var Almegas strategiska p\u00e5verkansarbete som i och med regeringsbildningen f\u00e5tt ny aktualitet. Det g\u00e5r att se sp\u00e5r &hellip;\" \/>\n<meta property=\"og:url\" content=\"https:\/\/www.almega.se\/2019\/04\/almegas-executive-summit\/\" \/>\n<meta property=\"og:site_name\" content=\"Almega\" \/>\n<meta property=\"article:published_time\" content=\"2019-04-09T14:31:05+00:00\" \/>\n<meta property=\"article:modified_time\" content=\"2023-06-07T12:08:09+00:00\" \/>\n<meta property=\"og:image\" content=\"https:\/\/www.almega.se\/app\/uploads\/2019\/04\/almega-exekutive-summit.jpg\" \/>\n\t<meta property=\"og:image:width\" content=\"1000\" \/>\n\t<meta property=\"og:image:height\" content=\"600\" \/>\n\t<meta property=\"og:image:type\" content=\"image\/jpeg\" \/>\n<meta name=\"author\" content=\"Julia Schwamberg\" \/>\n<meta name=\"twitter:card\" content=\"summary_large_image\" \/>\n<meta name=\"twitter:label1\" content=\"Skriven av\" \/>\n\t<meta name=\"twitter:data1\" content=\"Julia Schwamberg\" \/>\n\t<meta name=\"twitter:label2\" content=\"Ber\u00e4knad l\u00e4stid\" \/>\n\t<meta name=\"twitter:data2\" content=\"2 minuter\" \/>\n<!-- \/ Yoast SEO Premium plugin. -->","yoast_head_json":{"title":"Almegas executive summit | Almega","robots":{"index":"index","follow":"follow","max-snippet":"max-snippet:-1","max-image-preview":"max-image-preview:large","max-video-preview":"max-video-preview:-1"},"canonical":"https:\/\/www.almega.se\/2019\/04\/almegas-executive-summit\/","og_locale":"sv_SE","og_type":"article","og_title":"Almegas executive summit","og_description":"Anna-Karin Hatt inledde frukosten med att tala om n\u00e5gra just nu aktuella fr\u00e5gor. Bland de punkter som ber\u00f6rdes var Almegas strategiska p\u00e5verkansarbete som i och med regeringsbildningen f\u00e5tt ny aktualitet. Det g\u00e5r att se sp\u00e5r &hellip;","og_url":"https:\/\/www.almega.se\/2019\/04\/almegas-executive-summit\/","og_site_name":"Almega","article_published_time":"2019-04-09T14:31:05+00:00","article_modified_time":"2023-06-07T12:08:09+00:00","og_image":[{"width":1000,"height":600,"url":"https:\/\/www.almega.se\/app\/uploads\/2019\/04\/almega-exekutive-summit.jpg","type":"image\/jpeg"}],"author":"Julia Schwamberg","twitter_card":"summary_large_image","twitter_misc":{"Skriven av":"Julia Schwamberg","Ber\u00e4knad l\u00e4stid":"2 minuter"},"schema":{"@context":"https:\/\/schema.org","@graph":[{"@type":"NewsArticle","@id":"https:\/\/www.almega.se\/2019\/04\/almegas-executive-summit\/#article","isPartOf":{"@id":"https:\/\/www.almega.se\/2019\/04\/almegas-executive-summit\/"},"author":{"name":"Julia Schwamberg","@id":"https:\/\/www.almega.se\/#\/schema\/person\/efcc735e9c1ba0f9de79e69dc5be5f8a"},"headline":"Almegas executive summit","datePublished":"2019-04-09T14:31:05+00:00","dateModified":"2023-06-07T12:08:09+00:00","mainEntityOfPage":{"@id":"https:\/\/www.almega.se\/2019\/04\/almegas-executive-summit\/"},"wordCount":338,"image":{"@id":"https:\/\/www.almega.se\/2019\/04\/almegas-executive-summit\/#primaryimage"},"thumbnailUrl":"https:\/\/www.almega.se\/app\/uploads\/2019\/04\/almega-exekutive-summit.jpg","keywords":["Kompetensf\u00f6rs\u00f6rjning"],"articleSection":["Almega","Kompetensf\u00f6rs\u00f6rjning"],"inLanguage":"sv-SE"},{"@type":"WebPage","@id":"https:\/\/www.almega.se\/2019\/04\/almegas-executive-summit\/","url":"https:\/\/www.almega.se\/2019\/04\/almegas-executive-summit\/","name":"Almegas executive summit | Almega","isPartOf":{"@id":"https:\/\/www.almega.se\/#website"},"primaryImageOfPage":{"@id":"https:\/\/www.almega.se\/2019\/04\/almegas-executive-summit\/#primaryimage"},"image":{"@id":"https:\/\/www.almega.se\/2019\/04\/almegas-executive-summit\/#primaryimage"},"thumbnailUrl":"https:\/\/www.almega.se\/app\/uploads\/2019\/04\/almega-exekutive-summit.jpg","datePublished":"2019-04-09T14:31:05+00:00","dateModified":"2023-06-07T12:08:09+00:00","author":{"@id":"https:\/\/www.almega.se\/#\/schema\/person\/efcc735e9c1ba0f9de79e69dc5be5f8a"},"breadcrumb":{"@id":"https:\/\/www.almega.se\/2019\/04\/almegas-executive-summit\/#breadcrumb"},"inLanguage":"sv-SE","potentialAction":[{"@type":"ReadAction","target":["https:\/\/www.almega.se\/2019\/04\/almegas-executive-summit\/"]}]},{"@type":"ImageObject","inLanguage":"sv-SE","@id":"https:\/\/www.almega.se\/2019\/04\/almegas-executive-summit\/#primaryimage","url":"https:\/\/www.almega.se\/app\/uploads\/2019\/04\/almega-exekutive-summit.jpg","contentUrl":"https:\/\/www.almega.se\/app\/uploads\/2019\/04\/almega-exekutive-summit.jpg","width":1000,"height":600},{"@type":"BreadcrumbList","@id":"https:\/\/www.almega.se\/2019\/04\/almegas-executive-summit\/#breadcrumb","itemListElement":[{"@type":"ListItem","position":1,"name":"Home","item":"https:\/\/www.almega.se\/"},{"@type":"ListItem","position":2,"name":"Almegas executive summit"}]},{"@type":"WebSite","@id":"https:\/\/www.almega.se\/#website","url":"https:\/\/www.almega.se\/","name":"Almega","description":"","potentialAction":[{"@type":"SearchAction","target":{"@type":"EntryPoint","urlTemplate":"https:\/\/www.almega.se\/?s={search_term_string}"},"query-input":{"@type":"PropertyValueSpecification","valueRequired":true,"valueName":"search_term_string"}}],"inLanguage":"sv-SE"},{"@type":"Person","@id":"https:\/\/www.almega.se\/#\/schema\/person\/efcc735e9c1ba0f9de79e69dc5be5f8a","name":"Julia Schwamberg","image":{"@type":"ImageObject","inLanguage":"sv-SE","@id":"https:\/\/www.almega.se\/#\/schema\/person\/image\/","url":"https:\/\/secure.gravatar.com\/avatar\/60ee7d8b8e9aa9b036f4768c0d2e868d8f080bcf68689c0f64ab3b87b1c2f78b?s=96&d=mm&r=g","contentUrl":"https:\/\/secure.gravatar.com\/avatar\/60ee7d8b8e9aa9b036f4768c0d2e868d8f080bcf68689c0f64ab3b87b1c2f78b?s=96&d=mm&r=g","caption":"Julia Schwamberg"},"url":"https:\/\/www.almega.se\/person\/juliaschwamberg\/"}]}},"_links":{"self":[{"href":"https:\/\/www.almega.se\/api\/wp\/v2\/posts\/22903","targetHints":{"allow":["GET"]}}],"collection":[{"href":"https:\/\/www.almega.se\/api\/wp\/v2\/posts"}],"about":[{"href":"https:\/\/www.almega.se\/api\/wp\/v2\/types\/post"}],"author":[{"embeddable":true,"href":"https:\/\/www.almega.se\/api\/wp\/v2\/users\/3"}],"replies":[{"embeddable":true,"href":"https:\/\/www.almega.se\/api\/wp\/v2\/comments?post=22903"}],"version-history":[{"count":4,"href":"https:\/\/www.almega.se\/api\/wp\/v2\/posts\/22903\/revisions"}],"predecessor-version":[{"id":64305,"href":"https:\/\/www.almega.se\/api\/wp\/v2\/posts\/22903\/revisions\/64305"}],"wp:featuredmedia":[{"embeddable":true,"href":"https:\/\/www.almega.se\/api\/wp\/v2\/media\/22904"}],"wp:attachment":[{"href":"https:\/\/www.almega.se\/api\/wp\/v2\/media?parent=22903"}],"wp:term":[{"taxonomy":"category","embeddable":true,"href":"https:\/\/www.almega.se\/api\/wp\/v2\/categories?post=22903"},{"taxonomy":"post_tag","embeddable":true,"href":"https:\/\/www.almega.se\/api\/wp\/v2\/tags?post=22903"},{"taxonomy":"type","embeddable":true,"href":"https:\/\/www.almega.se\/api\/wp\/v2\/article_type?post=22903"},{"taxonomy":"agreement","embeddable":true,"href":"https:\/\/www.almega.se\/api\/wp\/v2\/agreement?post=22903"}],"curies":[{"name":"wp","href":"https:\/\/api.w.org\/{rel}","templated":true}]}}