{"id":22827,"date":"2024-04-11T14:20:19","date_gmt":"2024-04-11T12:20:19","guid":{"rendered":"https:\/\/www.almega.se\/?p=22827"},"modified":"2024-04-12T14:15:39","modified_gmt":"2024-04-12T12:15:39","slug":"att-anstalla-minderarig-vad-bor-du-tanka-pa","status":"publish","type":"post","link":"https:\/\/www.almega.se\/2024\/04\/att-anstalla-minderarig-vad-bor-du-tanka-pa\/","title":{"rendered":"Att anst\u00e4lla minder\u00e5rig \u2013 vad b\u00f6r du t\u00e4nka p\u00e5?"},"content":{"rendered":"<p class=\"intro\">Att f\u00e5 jobba under lov eller vid sidan av skolan ger gyllene m\u00f6jligheter f\u00f6r \u00e4ldre barn och ungdomar. Som arbetsgivare inneb\u00e4r detta att ett s\u00e4rskilt ansvar att skydda deras h\u00e4lsa och utveckling. H\u00e4r har vi samlat viktiga punkter som \u00e4r bra att t\u00e4nka p\u00e5.<\/p>\n<a class='Share__link Share__link--url copy-text' href='#' rel='nofollow' data-text='infor-anstallningen' title='Dela url' data-confirmation='L\u00e4nken kopierades till urklipp'><svg class='icon icon--link'  width='18' height='18' viewBox='0 0 18 18' fill='none' xmlns='http:\/\/www.w3.org\/2000\/svg'>\n            <path d='M10.4142 0.514721L6.87868 4.05025L8.29289 5.46447L11.1213 2.63604L15.364 6.87868L12.5355 9.70711L13.9497 11.1213L17.4853 7.58579C17.8763 7.19476 17.8763 6.5626 17.4853 6.17158L11.8284 0.514721C11.4374 0.123691 10.8052 0.123691 10.4142 0.514721Z' fill='black'\/>\n            <path d='M9.7071 12.5355L6.87868 15.364L2.63604 11.1213L5.46446 8.2929L4.05025 6.87868L0.514716 10.4142C0.123686 10.8052 0.123686 11.4374 0.514716 11.8284L6.17157 17.4853C6.5626 17.8763 7.19475 17.8763 7.58578 17.4853L11.1213 13.9497L9.7071 12.5355Z' fill='black'\/>\n            <path d='M6.17157 11.8284C6.5626 12.2195 7.19475 12.2195 7.58578 11.8284L11.8284 7.58579C12.2195 7.19476 12.2195 6.56261 11.8284 6.17158C11.4374 5.78055 10.8052 5.78055 10.4142 6.17158L6.17157 10.4142C5.78054 10.8052 5.78054 11.4374 6.17157 11.8284Z' fill='black'\/>\n            <\/svg> <\/a>\n<h2 class=\"wp-block-heading\">Inf\u00f6r anst\u00e4llningen<\/h2>\n\n\n\n<p>Det \u00e4r alltid viktigt att riskbed\u00f6ma arbetsuppgifter och detta \u00e4r s\u00e4rskilt viktigt n\u00e4r du anst\u00e4ller en minder\u00e5rig person. Beroende p\u00e5 \u00e5lder p\u00e5 den du anst\u00e4ller kan det finnas arbetsuppgifter som inte \u00e4r till\u00e5tna samt en del undantag. Det \u00e4r s\u00e4rskilt viktigt att undvika fysiskt och psykiskt p\u00e5frestande arbetsuppgifter. I vissa fall kan det \u00e4ven kr\u00e4vas samtycke fr\u00e5n f\u00f6r\u00e4ldrar.<\/p>\n\n\n\n<p>Det finns ocks\u00e5 regler f\u00f6r anst\u00e4llning av minder\u00e5riga vad g\u00e4ller vila och ledighet \u2013 hur l\u00e4nge de f\u00e5r arbeta och mellan vilka tider.<\/p>\n\n\n\n<h3 class=\"wp-block-heading\">Att g\u00f6ra-lista <\/h3>\n\n\n\n<ul class=\"wp-block-list\">\n<li>Lista de arbetsuppgifter som finns i arbetet<\/li>\n\n\n\n<li>Unders\u00f6k vilka risker som kan uppst\u00e5 n\u00e4r uppgiften utf\u00f6rs<\/li>\n\n\n\n<li>Bed\u00f6m om personen \u00e4r mogen att ha en viss uppgift<\/li>\n\n\n\n<li>Bed\u00f6m hur allvarliga riskerna \u00e4r<\/li>\n\n\n\n<li>Vidta \u00e5tg\u00e4rder<\/li>\n\n\n\n<li>F\u00f6lj upp<\/li>\n<\/ul>\n\n\n<a class='Share__link Share__link--url copy-text' href='#' rel='nofollow' data-text='introduktion-vid-anstallning' title='Dela url' data-confirmation='L\u00e4nken kopierades till urklipp'><svg class='icon icon--link'  width='18' height='18' viewBox='0 0 18 18' fill='none' xmlns='http:\/\/www.w3.org\/2000\/svg'>\n            <path d='M10.4142 0.514721L6.87868 4.05025L8.29289 5.46447L11.1213 2.63604L15.364 6.87868L12.5355 9.70711L13.9497 11.1213L17.4853 7.58579C17.8763 7.19476 17.8763 6.5626 17.4853 6.17158L11.8284 0.514721C11.4374 0.123691 10.8052 0.123691 10.4142 0.514721Z' fill='black'\/>\n            <path d='M9.7071 12.5355L6.87868 15.364L2.63604 11.1213L5.46446 8.2929L4.05025 6.87868L0.514716 10.4142C0.123686 10.8052 0.123686 11.4374 0.514716 11.8284L6.17157 17.4853C6.5626 17.8763 7.19475 17.8763 7.58578 17.4853L11.1213 13.9497L9.7071 12.5355Z' fill='black'\/>\n            <path d='M6.17157 11.8284C6.5626 12.2195 7.19475 12.2195 7.58578 11.8284L11.8284 7.58579C12.2195 7.19476 12.2195 6.56261 11.8284 6.17158C11.4374 5.78055 10.8052 5.78055 10.4142 6.17158L6.17157 10.4142C5.78054 10.8052 5.78054 11.4374 6.17157 11.8284Z' fill='black'\/>\n            <\/svg> <\/a>\n<h2 class=\"wp-block-heading\"><strong>Introduktion vid anst\u00e4llning<\/strong><\/h2>\n\n\n\n<p>N\u00e4r den minder\u00e5riga b\u00f6rjar jobbet \u00e4r det viktigt att se till att hen f\u00e5r en ordentlig introduktion om arbetsuppgifterna och vilka potentiella risker som finns. Den minder\u00e5riga ska ocks\u00e5 ha en erfaren handledare som alltid ska finnas tillg\u00e4nglig f\u00f6r fr\u00e5gor och som st\u00f6d till den minder\u00e5riga.<\/p>\n\n\n\n<h3 class=\"wp-block-heading\"><strong>Lista p\u00e5 vad introduktionen ska inneh\u00e5lla<\/strong><\/h3>\n\n\n\n<ul class=\"wp-block-list\">\n<li>Vilka arbetsuppgifterna \u00e4r<\/li>\n\n\n\n<li>Vilka arbetsuppgifter som \u00e4r f\u00f6rbjudna<\/li>\n\n\n\n<li>Hur eventuella verktyg och maskiner fungerar<\/li>\n\n\n\n<li>Vilka arbetsmilj\u00f6regler som g\u00e4ller<\/li>\n\n\n\n<li>Vilka risker som finns och hur man ska skydda sig mot dem<\/li>\n\n\n\n<li>Hur och varf\u00f6r tillbud (en \u201dn\u00e4stanolycka\u201d) och olycksfall ska rapporteras<\/li>\n<\/ul>\n\n\n\n      <a href=\"https:\/\/www.av.se\/arbetsmiljoarbete-och-inspektioner\/arbetsgivarens-ansvar-for-arbetsmiljon\/for-arbetsgivare-till-unga-i-arbetslivet\/\" target=\"_blank\" class=\"Button is-button is-style-fill has-primary-background-color has-primary-border-color Button--external-link\">\n      \n        L\u00e4s mer p\u00e5 Arbetsmilj\u00f6verkets webbsida \n      \n      \n                <svg class='icon icon--external-link'  width=\"16\" height=\"16\" viewBox=\"0 0 16 16\" fill=\"none\" xmlns=\"http:\/\/www.w3.org\/2000\/svg\">\n<path d=\"M9 1H15V7\" stroke=\"black\" stroke-width=\"2\" stroke-miterlimit=\"10\"\/>\n<path d=\"M5 2H1V15H14V11\" stroke=\"black\" stroke-width=\"2\" stroke-miterlimit=\"10\"\/>\n<path d=\"M15 1L6 10\" stroke=\"black\" stroke-width=\"2\" stroke-miterlimit=\"10\"\/>\n<\/svg>\n\n        \n    <\/a>\n  \n","protected":false},"excerpt":{"rendered":"<p>Inf\u00f6r anst\u00e4llningen Det \u00e4r alltid viktigt att riskbed\u00f6ma arbetsuppgifter och detta \u00e4r s\u00e4rskilt viktigt n\u00e4r du anst\u00e4ller en minder\u00e5rig person. Beroende p\u00e5 \u00e5lder p\u00e5 den du anst\u00e4ller kan det finnas arbetsuppgifter som inte \u00e4r till\u00e5tna &hellip;<\/p>\n","protected":false},"author":3,"featured_media":72739,"comment_status":"closed","ping_status":"closed","sticky":false,"template":"","format":"standard","meta":{"_acf_changed":false,"footnotes":""},"categories":[451],"tags":[609],"article_type":[55],"agreement":[],"class_list":["post-22827","post","type-post","status-publish","format-standard","has-post-thumbnail","hentry","category-arbetsgivarfragor","tag-anstallning","type-artiklar"],"acf":[],"yoast_head":"<!-- This site is optimized with the Yoast SEO Premium plugin v26.8 (Yoast SEO v26.8) - https:\/\/yoast.com\/product\/yoast-seo-premium-wordpress\/ -->\n<title>Att anst\u00e4lla minder\u00e5rig \u2013 vad b\u00f6r du t\u00e4nka p\u00e5? | Almega<\/title>\n<meta name=\"description\" content=\"Anst\u00e4lla minder\u00e5rig inneb\u00e4r att du har ett s\u00e4rskilt ansvar f\u00f6r att skydda deras h\u00e4lsa och utveckling och det finns n\u00e5gra viktiga saker du beh\u00f6ver t\u00e4nka p\u00e5.\" \/>\n<meta name=\"robots\" content=\"index, follow, max-snippet:-1, max-image-preview:large, max-video-preview:-1\" \/>\n<link rel=\"canonical\" href=\"https:\/\/www.almega.se\/2024\/04\/att-anstalla-minderarig-vad-bor-du-tanka-pa\/\" \/>\n<meta property=\"og:locale\" content=\"sv_SE\" \/>\n<meta property=\"og:type\" content=\"article\" \/>\n<meta property=\"og:title\" content=\"Att anst\u00e4lla minder\u00e5rig \u2013 vad b\u00f6r du t\u00e4nka p\u00e5?\" \/>\n<meta property=\"og:description\" content=\"Anst\u00e4lla minder\u00e5rig inneb\u00e4r att du har ett s\u00e4rskilt ansvar f\u00f6r att skydda deras h\u00e4lsa och utveckling och det finns n\u00e5gra viktiga saker du beh\u00f6ver t\u00e4nka p\u00e5.\" \/>\n<meta property=\"og:url\" content=\"https:\/\/www.almega.se\/2024\/04\/att-anstalla-minderarig-vad-bor-du-tanka-pa\/\" \/>\n<meta property=\"og:site_name\" content=\"Almega\" \/>\n<meta property=\"article:published_time\" content=\"2024-04-11T12:20:19+00:00\" \/>\n<meta property=\"article:modified_time\" content=\"2024-04-12T12:15:39+00:00\" \/>\n<meta property=\"og:image\" content=\"https:\/\/www.almega.se\/app\/uploads\/2024\/04\/masma104193-1180x860.jpg\" \/>\n\t<meta property=\"og:image:width\" content=\"1180\" \/>\n\t<meta property=\"og:image:height\" content=\"860\" \/>\n\t<meta property=\"og:image:type\" content=\"image\/jpeg\" \/>\n<meta name=\"author\" content=\"Julia Schwamberg\" \/>\n<meta name=\"twitter:card\" content=\"summary_large_image\" \/>\n<meta name=\"twitter:label1\" content=\"Skriven av\" \/>\n\t<meta name=\"twitter:data1\" content=\"Julia Schwamberg\" \/>\n\t<meta name=\"twitter:label2\" content=\"Ber\u00e4knad l\u00e4stid\" \/>\n\t<meta name=\"twitter:data2\" content=\"2 minuter\" \/>\n<!-- \/ Yoast SEO Premium plugin. -->","yoast_head_json":{"title":"Att anst\u00e4lla minder\u00e5rig \u2013 vad b\u00f6r du t\u00e4nka p\u00e5? | Almega","description":"Anst\u00e4lla minder\u00e5rig inneb\u00e4r att du har ett s\u00e4rskilt ansvar f\u00f6r att skydda deras h\u00e4lsa och utveckling och det finns n\u00e5gra viktiga saker du beh\u00f6ver t\u00e4nka p\u00e5.","robots":{"index":"index","follow":"follow","max-snippet":"max-snippet:-1","max-image-preview":"max-image-preview:large","max-video-preview":"max-video-preview:-1"},"canonical":"https:\/\/www.almega.se\/2024\/04\/att-anstalla-minderarig-vad-bor-du-tanka-pa\/","og_locale":"sv_SE","og_type":"article","og_title":"Att anst\u00e4lla minder\u00e5rig \u2013 vad b\u00f6r du t\u00e4nka p\u00e5?","og_description":"Anst\u00e4lla minder\u00e5rig inneb\u00e4r att du har ett s\u00e4rskilt ansvar f\u00f6r att skydda deras h\u00e4lsa och utveckling och det finns n\u00e5gra viktiga saker du beh\u00f6ver t\u00e4nka p\u00e5.","og_url":"https:\/\/www.almega.se\/2024\/04\/att-anstalla-minderarig-vad-bor-du-tanka-pa\/","og_site_name":"Almega","article_published_time":"2024-04-11T12:20:19+00:00","article_modified_time":"2024-04-12T12:15:39+00:00","og_image":[{"width":1180,"height":860,"url":"https:\/\/www.almega.se\/app\/uploads\/2024\/04\/masma104193-1180x860.jpg","type":"image\/jpeg"}],"author":"Julia Schwamberg","twitter_card":"summary_large_image","twitter_misc":{"Skriven av":"Julia Schwamberg","Ber\u00e4knad l\u00e4stid":"2 minuter"},"schema":{"@context":"https:\/\/schema.org","@graph":[{"@type":"NewsArticle","@id":"https:\/\/www.almega.se\/2024\/04\/att-anstalla-minderarig-vad-bor-du-tanka-pa\/#article","isPartOf":{"@id":"https:\/\/www.almega.se\/2024\/04\/att-anstalla-minderarig-vad-bor-du-tanka-pa\/"},"author":{"name":"Julia Schwamberg","@id":"https:\/\/www.almega.se\/#\/schema\/person\/efcc735e9c1ba0f9de79e69dc5be5f8a"},"headline":"Att anst\u00e4lla minder\u00e5rig \u2013 vad b\u00f6r du t\u00e4nka p\u00e5?","datePublished":"2024-04-11T12:20:19+00:00","dateModified":"2024-04-12T12:15:39+00:00","mainEntityOfPage":{"@id":"https:\/\/www.almega.se\/2024\/04\/att-anstalla-minderarig-vad-bor-du-tanka-pa\/"},"wordCount":272,"image":{"@id":"https:\/\/www.almega.se\/2024\/04\/att-anstalla-minderarig-vad-bor-du-tanka-pa\/#primaryimage"},"thumbnailUrl":"https:\/\/www.almega.se\/app\/uploads\/2024\/04\/masma104193.jpg","keywords":["Anst\u00e4llning"],"articleSection":["Arbetsgivarfr\u00e5gor"],"inLanguage":"sv-SE"},{"@type":"WebPage","@id":"https:\/\/www.almega.se\/2024\/04\/att-anstalla-minderarig-vad-bor-du-tanka-pa\/","url":"https:\/\/www.almega.se\/2024\/04\/att-anstalla-minderarig-vad-bor-du-tanka-pa\/","name":"Att anst\u00e4lla minder\u00e5rig \u2013 vad b\u00f6r du t\u00e4nka p\u00e5? | Almega","isPartOf":{"@id":"https:\/\/www.almega.se\/#website"},"primaryImageOfPage":{"@id":"https:\/\/www.almega.se\/2024\/04\/att-anstalla-minderarig-vad-bor-du-tanka-pa\/#primaryimage"},"image":{"@id":"https:\/\/www.almega.se\/2024\/04\/att-anstalla-minderarig-vad-bor-du-tanka-pa\/#primaryimage"},"thumbnailUrl":"https:\/\/www.almega.se\/app\/uploads\/2024\/04\/masma104193.jpg","datePublished":"2024-04-11T12:20:19+00:00","dateModified":"2024-04-12T12:15:39+00:00","author":{"@id":"https:\/\/www.almega.se\/#\/schema\/person\/efcc735e9c1ba0f9de79e69dc5be5f8a"},"description":"Anst\u00e4lla minder\u00e5rig inneb\u00e4r att du har ett s\u00e4rskilt ansvar f\u00f6r att skydda deras h\u00e4lsa och utveckling och det finns n\u00e5gra viktiga saker du beh\u00f6ver t\u00e4nka p\u00e5.","breadcrumb":{"@id":"https:\/\/www.almega.se\/2024\/04\/att-anstalla-minderarig-vad-bor-du-tanka-pa\/#breadcrumb"},"inLanguage":"sv-SE","potentialAction":[{"@type":"ReadAction","target":["https:\/\/www.almega.se\/2024\/04\/att-anstalla-minderarig-vad-bor-du-tanka-pa\/"]}]},{"@type":"ImageObject","inLanguage":"sv-SE","@id":"https:\/\/www.almega.se\/2024\/04\/att-anstalla-minderarig-vad-bor-du-tanka-pa\/#primaryimage","url":"https:\/\/www.almega.se\/app\/uploads\/2024\/04\/masma104193.jpg","contentUrl":"https:\/\/www.almega.se\/app\/uploads\/2024\/04\/masma104193.jpg","width":2500,"height":1823,"caption":"Glad student och l\u00e4rare pratar st\u00e5ende i skola"},{"@type":"BreadcrumbList","@id":"https:\/\/www.almega.se\/2024\/04\/att-anstalla-minderarig-vad-bor-du-tanka-pa\/#breadcrumb","itemListElement":[{"@type":"ListItem","position":1,"name":"Home","item":"https:\/\/www.almega.se\/"},{"@type":"ListItem","position":2,"name":"Att anst\u00e4lla minder\u00e5rig \u2013 vad b\u00f6r du t\u00e4nka p\u00e5?"}]},{"@type":"WebSite","@id":"https:\/\/www.almega.se\/#website","url":"https:\/\/www.almega.se\/","name":"Almega","description":"","potentialAction":[{"@type":"SearchAction","target":{"@type":"EntryPoint","urlTemplate":"https:\/\/www.almega.se\/?s={search_term_string}"},"query-input":{"@type":"PropertyValueSpecification","valueRequired":true,"valueName":"search_term_string"}}],"inLanguage":"sv-SE"},{"@type":"Person","@id":"https:\/\/www.almega.se\/#\/schema\/person\/efcc735e9c1ba0f9de79e69dc5be5f8a","name":"Julia Schwamberg","image":{"@type":"ImageObject","inLanguage":"sv-SE","@id":"https:\/\/www.almega.se\/#\/schema\/person\/image\/","url":"https:\/\/secure.gravatar.com\/avatar\/60ee7d8b8e9aa9b036f4768c0d2e868d8f080bcf68689c0f64ab3b87b1c2f78b?s=96&d=mm&r=g","contentUrl":"https:\/\/secure.gravatar.com\/avatar\/60ee7d8b8e9aa9b036f4768c0d2e868d8f080bcf68689c0f64ab3b87b1c2f78b?s=96&d=mm&r=g","caption":"Julia Schwamberg"},"url":"https:\/\/www.almega.se\/person\/juliaschwamberg\/"}]}},"_links":{"self":[{"href":"https:\/\/www.almega.se\/api\/wp\/v2\/posts\/22827","targetHints":{"allow":["GET"]}}],"collection":[{"href":"https:\/\/www.almega.se\/api\/wp\/v2\/posts"}],"about":[{"href":"https:\/\/www.almega.se\/api\/wp\/v2\/types\/post"}],"author":[{"embeddable":true,"href":"https:\/\/www.almega.se\/api\/wp\/v2\/users\/3"}],"replies":[{"embeddable":true,"href":"https:\/\/www.almega.se\/api\/wp\/v2\/comments?post=22827"}],"version-history":[{"count":9,"href":"https:\/\/www.almega.se\/api\/wp\/v2\/posts\/22827\/revisions"}],"predecessor-version":[{"id":72778,"href":"https:\/\/www.almega.se\/api\/wp\/v2\/posts\/22827\/revisions\/72778"}],"wp:featuredmedia":[{"embeddable":true,"href":"https:\/\/www.almega.se\/api\/wp\/v2\/media\/72739"}],"wp:attachment":[{"href":"https:\/\/www.almega.se\/api\/wp\/v2\/media?parent=22827"}],"wp:term":[{"taxonomy":"category","embeddable":true,"href":"https:\/\/www.almega.se\/api\/wp\/v2\/categories?post=22827"},{"taxonomy":"post_tag","embeddable":true,"href":"https:\/\/www.almega.se\/api\/wp\/v2\/tags?post=22827"},{"taxonomy":"type","embeddable":true,"href":"https:\/\/www.almega.se\/api\/wp\/v2\/article_type?post=22827"},{"taxonomy":"agreement","embeddable":true,"href":"https:\/\/www.almega.se\/api\/wp\/v2\/agreement?post=22827"}],"curies":[{"name":"wp","href":"https:\/\/api.w.org\/{rel}","templated":true}]}}