{"id":22696,"date":"2019-03-27T09:12:15","date_gmt":"2019-03-27T08:12:15","guid":{"rendered":"https:\/\/www.almega.se\/?p=22696"},"modified":"2019-03-27T09:12:15","modified_gmt":"2019-03-27T08:12:15","slug":"almegas-nya-chefekonom-avmattningen-har-borjat","status":"publish","type":"post","link":"https:\/\/www.almega.se\/2019\/03\/almegas-nya-chefekonom-avmattningen-har-borjat\/","title":{"rendered":"Almegas nya chefekonom: Avmattningen har b\u00f6rjat"},"content":{"rendered":"<p class=\"intro\">Idag sl\u00e4pper Almega 2019 \u00e5rs f\u00f6rsta tj\u00e4nsteindikator. Almegas tj\u00e4nsteindikator \u00e4r en kvartalsbaserad konjunkturindikator som tar pulsen p\u00e5 tj\u00e4nstesektorn. Nu visar indikatorn p\u00e5 att vi nu g\u00e5r mot en svalare konjunktur, menar Almegas nya chefekonom Patrick Joyce.<\/p>\n\n<p>&#8211; Det senaste kvartalet har vi sett att tillv\u00e4xttakten bland tj\u00e4nstef\u00f6retag har bromsat in. Tillv\u00e4xten var fortfarande positiv men h\u00f6lls uppe av en stark utveckling inom vissa branscher framf\u00f6r allt IT och Telekom. Tj\u00e4nstef\u00f6retag som s\u00e4ljer direkt till hush\u00e5llen samt f\u00f6retag som \u00e4r n\u00e4ra kopplade till byggsektorn utvecklas betydligt svagare. Vi ser helt enkelt en avmattning av konjunkturen,&nbsp;s\u00e4ger Patrick Joyce, chefekonom p\u00e5 Almega.<\/p>\n\n\n\n<p>&#8211; V\u00e5r bed\u00f6mning \u00e4r att konjunkturen i den privata tj\u00e4nstesektorn har toppat f\u00f6r den h\u00e4r g\u00e5ngen. Vi ser att antalet lediga jobb minskar och f\u00e4rre tj\u00e4nstef\u00f6retag r\u00e4knar med att nyanst\u00e4lla den n\u00e4rmaste tiden,&nbsp;avslutar Patrick Joyce.<\/p>\n\n\n\n<p>Joyce menar ocks\u00e5 att om tj\u00e4nstesektorn., som driver p\u00e5 den svenska ekonomin, ska klara tuffare tider beh\u00f6ver vissa strukturreformer genomf\u00f6ras.<\/p>\n\n\n\n<p>&#8211; Det \u00e4r n\u00f6dv\u00e4ndigt att vi genomf\u00f6r viktiga strukturreformer redan nu. Det handlar om att reformera arbetsr\u00e4tten, inf\u00f6ra ett kompetensavdrag och att rusta svenskarna och ekonomin inf\u00f6r en svalare konjunktur,&nbsp;s\u00e4ger Patrick Joyce.<\/p>\n\n\n\n<p><strong>Tj\u00e4nsteindikatorn finns att tillg\u00e5 nedan.<\/strong><\/p>\n\n\n\n<p><a class=\"button\" href=\"https:\/\/www.almega.se\/app\/uploads\/2019\/03\/almega-tjansteindikatorn-q1-2019.pdf\" target=\"_blank\" rel=\"noopener\">Tj\u00e4nsteindikatorn Q1 2019 <\/a><\/p>\n","protected":false},"excerpt":{"rendered":"<p>&#8211; Det senaste kvartalet har vi sett att tillv\u00e4xttakten bland tj\u00e4nstef\u00f6retag har bromsat in. Tillv\u00e4xten var fortfarande positiv men h\u00f6lls uppe av en stark utveckling inom vissa branscher framf\u00f6r allt IT och Telekom. Tj\u00e4nstef\u00f6retag som &hellip;<\/p>\n","protected":false},"author":3381,"featured_media":22697,"comment_status":"closed","ping_status":"closed","sticky":false,"template":"","format":"standard","meta":{"_acf_changed":false,"footnotes":""},"categories":[581],"tags":[50],"article_type":[56,42],"agreement":[],"class_list":["post-22696","post","type-post","status-publish","format-standard","has-post-thumbnail","hentry","category-tjanstesektorns-betydelse","tag-tjanstesektorns-utveckling","type-nyheter","type-rapporter"],"acf":[],"yoast_head":"<!-- This site is optimized with the Yoast SEO Premium plugin v26.8 (Yoast SEO v26.8) - https:\/\/yoast.com\/product\/yoast-seo-premium-wordpress\/ -->\n<title>Almegas nya chefekonom: Avmattningen har b\u00f6rjat | Almega<\/title>\n<meta name=\"robots\" content=\"index, follow, max-snippet:-1, max-image-preview:large, max-video-preview:-1\" \/>\n<link rel=\"canonical\" href=\"https:\/\/www.almega.se\/2019\/03\/almegas-nya-chefekonom-avmattningen-har-borjat\/\" \/>\n<meta property=\"og:locale\" content=\"sv_SE\" \/>\n<meta property=\"og:type\" content=\"article\" \/>\n<meta property=\"og:title\" content=\"Almegas nya chefekonom: Avmattningen har b\u00f6rjat\" \/>\n<meta property=\"og:description\" content=\"&#8211; Det senaste kvartalet har vi sett att tillv\u00e4xttakten bland tj\u00e4nstef\u00f6retag har bromsat in. Tillv\u00e4xten var fortfarande positiv men h\u00f6lls uppe av en stark utveckling inom vissa branscher framf\u00f6r allt IT och Telekom. Tj\u00e4nstef\u00f6retag som &hellip;\" \/>\n<meta property=\"og:url\" content=\"https:\/\/www.almega.se\/2019\/03\/almegas-nya-chefekonom-avmattningen-har-borjat\/\" \/>\n<meta property=\"og:site_name\" content=\"Almega\" \/>\n<meta property=\"article:published_time\" content=\"2019-03-27T08:12:15+00:00\" \/>\n<meta property=\"og:image\" content=\"https:\/\/www.almega.se\/app\/uploads\/2019\/03\/joyce-1180x885.jpg\" \/>\n\t<meta property=\"og:image:width\" content=\"1180\" \/>\n\t<meta property=\"og:image:height\" content=\"885\" \/>\n\t<meta property=\"og:image:type\" content=\"image\/jpeg\" \/>\n<meta name=\"author\" content=\"Andreas Eriksson\" \/>\n<meta name=\"twitter:card\" content=\"summary_large_image\" \/>\n<meta name=\"twitter:label1\" content=\"Skriven av\" \/>\n\t<meta name=\"twitter:data1\" content=\"Andreas Eriksson\" \/>\n\t<meta name=\"twitter:label2\" content=\"Ber\u00e4knad l\u00e4stid\" \/>\n\t<meta name=\"twitter:data2\" content=\"1 minut\" \/>\n<!-- \/ Yoast SEO Premium plugin. -->","yoast_head_json":{"title":"Almegas nya chefekonom: Avmattningen har b\u00f6rjat | Almega","robots":{"index":"index","follow":"follow","max-snippet":"max-snippet:-1","max-image-preview":"max-image-preview:large","max-video-preview":"max-video-preview:-1"},"canonical":"https:\/\/www.almega.se\/2019\/03\/almegas-nya-chefekonom-avmattningen-har-borjat\/","og_locale":"sv_SE","og_type":"article","og_title":"Almegas nya chefekonom: Avmattningen har b\u00f6rjat","og_description":"&#8211; Det senaste kvartalet har vi sett att tillv\u00e4xttakten bland tj\u00e4nstef\u00f6retag har bromsat in. Tillv\u00e4xten var fortfarande positiv men h\u00f6lls uppe av en stark utveckling inom vissa branscher framf\u00f6r allt IT och Telekom. Tj\u00e4nstef\u00f6retag som &hellip;","og_url":"https:\/\/www.almega.se\/2019\/03\/almegas-nya-chefekonom-avmattningen-har-borjat\/","og_site_name":"Almega","article_published_time":"2019-03-27T08:12:15+00:00","og_image":[{"width":1180,"height":885,"url":"https:\/\/www.almega.se\/app\/uploads\/2019\/03\/joyce-1180x885.jpg","type":"image\/jpeg"}],"author":"Andreas Eriksson","twitter_card":"summary_large_image","twitter_misc":{"Skriven av":"Andreas Eriksson","Ber\u00e4knad l\u00e4stid":"1 minut"},"schema":{"@context":"https:\/\/schema.org","@graph":[{"@type":"NewsArticle","@id":"https:\/\/www.almega.se\/2019\/03\/almegas-nya-chefekonom-avmattningen-har-borjat\/#article","isPartOf":{"@id":"https:\/\/www.almega.se\/2019\/03\/almegas-nya-chefekonom-avmattningen-har-borjat\/"},"author":{"name":"Andreas Eriksson","@id":"https:\/\/www.almega.se\/#\/schema\/person\/43c6ef5d04a0c99f85f3daec7f6a5851"},"headline":"Almegas nya chefekonom: Avmattningen har b\u00f6rjat","datePublished":"2019-03-27T08:12:15+00:00","mainEntityOfPage":{"@id":"https:\/\/www.almega.se\/2019\/03\/almegas-nya-chefekonom-avmattningen-har-borjat\/"},"wordCount":207,"image":{"@id":"https:\/\/www.almega.se\/2019\/03\/almegas-nya-chefekonom-avmattningen-har-borjat\/#primaryimage"},"thumbnailUrl":"https:\/\/www.almega.se\/app\/uploads\/2019\/03\/joyce.jpg","keywords":["Tj\u00e4nstesektorns utveckling"],"articleSection":["Tj\u00e4nstesektorns betydelse"],"inLanguage":"sv-SE"},{"@type":"WebPage","@id":"https:\/\/www.almega.se\/2019\/03\/almegas-nya-chefekonom-avmattningen-har-borjat\/","url":"https:\/\/www.almega.se\/2019\/03\/almegas-nya-chefekonom-avmattningen-har-borjat\/","name":"Almegas nya chefekonom: Avmattningen har b\u00f6rjat | Almega","isPartOf":{"@id":"https:\/\/www.almega.se\/#website"},"primaryImageOfPage":{"@id":"https:\/\/www.almega.se\/2019\/03\/almegas-nya-chefekonom-avmattningen-har-borjat\/#primaryimage"},"image":{"@id":"https:\/\/www.almega.se\/2019\/03\/almegas-nya-chefekonom-avmattningen-har-borjat\/#primaryimage"},"thumbnailUrl":"https:\/\/www.almega.se\/app\/uploads\/2019\/03\/joyce.jpg","datePublished":"2019-03-27T08:12:15+00:00","author":{"@id":"https:\/\/www.almega.se\/#\/schema\/person\/43c6ef5d04a0c99f85f3daec7f6a5851"},"breadcrumb":{"@id":"https:\/\/www.almega.se\/2019\/03\/almegas-nya-chefekonom-avmattningen-har-borjat\/#breadcrumb"},"inLanguage":"sv-SE","potentialAction":[{"@type":"ReadAction","target":["https:\/\/www.almega.se\/2019\/03\/almegas-nya-chefekonom-avmattningen-har-borjat\/"]}]},{"@type":"ImageObject","inLanguage":"sv-SE","@id":"https:\/\/www.almega.se\/2019\/03\/almegas-nya-chefekonom-avmattningen-har-borjat\/#primaryimage","url":"https:\/\/www.almega.se\/app\/uploads\/2019\/03\/joyce.jpg","contentUrl":"https:\/\/www.almega.se\/app\/uploads\/2019\/03\/joyce.jpg","width":4271,"height":3203},{"@type":"BreadcrumbList","@id":"https:\/\/www.almega.se\/2019\/03\/almegas-nya-chefekonom-avmattningen-har-borjat\/#breadcrumb","itemListElement":[{"@type":"ListItem","position":1,"name":"Home","item":"https:\/\/www.almega.se\/"},{"@type":"ListItem","position":2,"name":"Almegas nya chefekonom: Avmattningen har b\u00f6rjat"}]},{"@type":"WebSite","@id":"https:\/\/www.almega.se\/#website","url":"https:\/\/www.almega.se\/","name":"Almega","description":"","potentialAction":[{"@type":"SearchAction","target":{"@type":"EntryPoint","urlTemplate":"https:\/\/www.almega.se\/?s={search_term_string}"},"query-input":{"@type":"PropertyValueSpecification","valueRequired":true,"valueName":"search_term_string"}}],"inLanguage":"sv-SE"},{"@type":"Person","@id":"https:\/\/www.almega.se\/#\/schema\/person\/43c6ef5d04a0c99f85f3daec7f6a5851","name":"Andreas Eriksson","image":{"@type":"ImageObject","inLanguage":"sv-SE","@id":"https:\/\/www.almega.se\/#\/schema\/person\/image\/","url":"https:\/\/secure.gravatar.com\/avatar\/e4e99713c1c544f0e4ebfb26b49e13cdf40ce68ebdeaea9410f71c72be9fc983?s=96&d=mm&r=g","contentUrl":"https:\/\/secure.gravatar.com\/avatar\/e4e99713c1c544f0e4ebfb26b49e13cdf40ce68ebdeaea9410f71c72be9fc983?s=96&d=mm&r=g","caption":"Andreas Eriksson"},"url":"https:\/\/www.almega.se\/person\/andreaseriksson\/"}]}},"_links":{"self":[{"href":"https:\/\/www.almega.se\/api\/wp\/v2\/posts\/22696","targetHints":{"allow":["GET"]}}],"collection":[{"href":"https:\/\/www.almega.se\/api\/wp\/v2\/posts"}],"about":[{"href":"https:\/\/www.almega.se\/api\/wp\/v2\/types\/post"}],"author":[{"embeddable":true,"href":"https:\/\/www.almega.se\/api\/wp\/v2\/users\/3381"}],"replies":[{"embeddable":true,"href":"https:\/\/www.almega.se\/api\/wp\/v2\/comments?post=22696"}],"version-history":[{"count":5,"href":"https:\/\/www.almega.se\/api\/wp\/v2\/posts\/22696\/revisions"}],"predecessor-version":[{"id":54300,"href":"https:\/\/www.almega.se\/api\/wp\/v2\/posts\/22696\/revisions\/54300"}],"wp:featuredmedia":[{"embeddable":true,"href":"https:\/\/www.almega.se\/api\/wp\/v2\/media\/22697"}],"wp:attachment":[{"href":"https:\/\/www.almega.se\/api\/wp\/v2\/media?parent=22696"}],"wp:term":[{"taxonomy":"category","embeddable":true,"href":"https:\/\/www.almega.se\/api\/wp\/v2\/categories?post=22696"},{"taxonomy":"post_tag","embeddable":true,"href":"https:\/\/www.almega.se\/api\/wp\/v2\/tags?post=22696"},{"taxonomy":"type","embeddable":true,"href":"https:\/\/www.almega.se\/api\/wp\/v2\/article_type?post=22696"},{"taxonomy":"agreement","embeddable":true,"href":"https:\/\/www.almega.se\/api\/wp\/v2\/agreement?post=22696"}],"curies":[{"name":"wp","href":"https:\/\/api.w.org\/{rel}","templated":true}]}}