{"id":22546,"date":"2019-03-12T11:22:40","date_gmt":"2019-03-12T10:22:40","guid":{"rendered":"https:\/\/www.almega.se\/?p=22546"},"modified":"2019-03-12T11:22:40","modified_gmt":"2019-03-12T10:22:40","slug":"karensregler-och-kollektivavtalet-med-lo-forbunden","status":"publish","type":"post","link":"https:\/\/www.almega.se\/2019\/03\/karensregler-och-kollektivavtalet-med-lo-forbunden\/","title":{"rendered":"Karensregler och kollektiv&shy;avtalet med LO-f\u00f6rbunden"},"content":{"rendered":"<p class=\"intro\">Den 1 januari 2019 \u00e4ndrades reglerna om karens i sjukl\u00f6nelagen som Kompetensf\u00f6retagens tidigare informerat om. Med anledning av det \u00e4ndras ocks\u00e5 sjukl\u00f6nereglerna i kollektivavtalen.<\/p>\n\n<p>LO-f\u00f6rbundens beslutsprocess om kollektivavtalsf\u00f6r\u00e4ndringarna p\u00e5g\u00e5r fortfarande. Kompetensf\u00f6retagen \u00e5terkommer med information om det nya kollektivavtalsinneh\u00e5llet s\u00e5 fort vi f\u00e5tt bekr\u00e4ftat att f\u00f6r\u00e4ndringarna godk\u00e4nts.<\/p>\n\n\n\n<p><a href=\"https:\/\/www.almega.se\/2018\/12\/viktig-information-om-nya-karensregler-kollektivavtalet-med-lo-forbunden\/?key=20981\"><strong>Tidigare uts\u00e4nd information om karens<\/strong><\/a><\/p>\n","protected":false},"excerpt":{"rendered":"<p>LO-f\u00f6rbundens beslutsprocess om kollektivavtalsf\u00f6r\u00e4ndringarna p\u00e5g\u00e5r fortfarande. Kompetensf\u00f6retagen \u00e5terkommer med information om det nya kollektivavtalsinneh\u00e5llet s\u00e5 fort vi f\u00e5tt bekr\u00e4ftat att f\u00f6r\u00e4ndringarna godk\u00e4nts. Tidigare uts\u00e4nd information om karens<\/p>\n","protected":false},"author":89,"featured_media":0,"comment_status":"closed","ping_status":"closed","sticky":false,"template":"","format":"standard","meta":{"_acf_changed":false,"footnotes":""},"categories":[451],"tags":[76],"article_type":[56],"agreement":[],"class_list":["post-22546","post","type-post","status-publish","format-standard","hentry","category-arbetsgivarfragor","tag-kollektivavtal","type-nyheter"],"acf":[],"yoast_head":"<!-- This site is optimized with the Yoast SEO Premium plugin v26.8 (Yoast SEO v26.8) - https:\/\/yoast.com\/product\/yoast-seo-premium-wordpress\/ -->\n<title>Karensregler och kollektivavtalet med LO-f\u00f6rbunden | Almega<\/title>\n<meta name=\"robots\" content=\"index, follow, max-snippet:-1, max-image-preview:large, max-video-preview:-1\" \/>\n<link rel=\"canonical\" href=\"https:\/\/www.almega.se\/2019\/03\/karensregler-och-kollektivavtalet-med-lo-forbunden\/\" \/>\n<meta property=\"og:locale\" content=\"sv_SE\" \/>\n<meta property=\"og:type\" content=\"article\" \/>\n<meta property=\"og:title\" content=\"Karensregler och kollektivavtalet med LO-f\u00f6rbunden\" \/>\n<meta property=\"og:description\" content=\"LO-f\u00f6rbundens beslutsprocess om kollektivavtalsf\u00f6r\u00e4ndringarna p\u00e5g\u00e5r fortfarande. Kompetensf\u00f6retagen \u00e5terkommer med information om det nya kollektivavtalsinneh\u00e5llet s\u00e5 fort vi f\u00e5tt bekr\u00e4ftat att f\u00f6r\u00e4ndringarna godk\u00e4nts. Tidigare uts\u00e4nd information om karens\" \/>\n<meta property=\"og:url\" content=\"https:\/\/www.almega.se\/2019\/03\/karensregler-och-kollektivavtalet-med-lo-forbunden\/\" \/>\n<meta property=\"og:site_name\" content=\"Almega\" \/>\n<meta property=\"article:published_time\" content=\"2019-03-12T10:22:40+00:00\" \/>\n<meta property=\"og:image\" content=\"https:\/\/www.almega.se\/app\/uploads\/2020\/12\/almega-share-logo.png\" \/>\n\t<meta property=\"og:image:width\" content=\"1200\" \/>\n\t<meta property=\"og:image:height\" content=\"630\" \/>\n\t<meta property=\"og:image:type\" content=\"image\/png\" \/>\n<meta name=\"author\" content=\"Lena Martinell \u00c5kerblom\" \/>\n<meta name=\"twitter:card\" content=\"summary_large_image\" \/>\n<meta name=\"twitter:label1\" content=\"Skriven av\" \/>\n\t<meta name=\"twitter:data1\" content=\"Lena Martinell \u00c5kerblom\" \/>\n\t<meta name=\"twitter:label2\" content=\"Ber\u00e4knad l\u00e4stid\" \/>\n\t<meta name=\"twitter:data2\" content=\"1 minut\" \/>\n<!-- \/ Yoast SEO Premium plugin. -->","yoast_head_json":{"title":"Karensregler och kollektivavtalet med LO-f\u00f6rbunden | Almega","robots":{"index":"index","follow":"follow","max-snippet":"max-snippet:-1","max-image-preview":"max-image-preview:large","max-video-preview":"max-video-preview:-1"},"canonical":"https:\/\/www.almega.se\/2019\/03\/karensregler-och-kollektivavtalet-med-lo-forbunden\/","og_locale":"sv_SE","og_type":"article","og_title":"Karensregler och kollektivavtalet med LO-f\u00f6rbunden","og_description":"LO-f\u00f6rbundens beslutsprocess om kollektivavtalsf\u00f6r\u00e4ndringarna p\u00e5g\u00e5r fortfarande. Kompetensf\u00f6retagen \u00e5terkommer med information om det nya kollektivavtalsinneh\u00e5llet s\u00e5 fort vi f\u00e5tt bekr\u00e4ftat att f\u00f6r\u00e4ndringarna godk\u00e4nts. Tidigare uts\u00e4nd information om karens","og_url":"https:\/\/www.almega.se\/2019\/03\/karensregler-och-kollektivavtalet-med-lo-forbunden\/","og_site_name":"Almega","article_published_time":"2019-03-12T10:22:40+00:00","og_image":[{"width":1200,"height":630,"url":"https:\/\/www.almega.se\/app\/uploads\/2020\/12\/almega-share-logo.png","type":"image\/png"}],"author":"Lena Martinell \u00c5kerblom","twitter_card":"summary_large_image","twitter_misc":{"Skriven av":"Lena Martinell \u00c5kerblom","Ber\u00e4knad l\u00e4stid":"1 minut"},"schema":{"@context":"https:\/\/schema.org","@graph":[{"@type":"NewsArticle","@id":"https:\/\/www.almega.se\/2019\/03\/karensregler-och-kollektivavtalet-med-lo-forbunden\/#article","isPartOf":{"@id":"https:\/\/www.almega.se\/2019\/03\/karensregler-och-kollektivavtalet-med-lo-forbunden\/"},"author":{"name":"Lena Martinell \u00c5kerblom","@id":"https:\/\/www.almega.se\/#\/schema\/person\/be1f5c450f9fd79fd3ce7cee9c56d246"},"headline":"Karensregler och kollektiv&shy;avtalet med LO-f\u00f6rbunden","datePublished":"2019-03-12T10:22:40+00:00","mainEntityOfPage":{"@id":"https:\/\/www.almega.se\/2019\/03\/karensregler-och-kollektivavtalet-med-lo-forbunden\/"},"wordCount":46,"keywords":["Kollektivavtal"],"articleSection":["Arbetsgivarfr\u00e5gor"],"inLanguage":"sv-SE"},{"@type":"WebPage","@id":"https:\/\/www.almega.se\/2019\/03\/karensregler-och-kollektivavtalet-med-lo-forbunden\/","url":"https:\/\/www.almega.se\/2019\/03\/karensregler-och-kollektivavtalet-med-lo-forbunden\/","name":"Karensregler och kollektivavtalet med LO-f\u00f6rbunden | Almega","isPartOf":{"@id":"https:\/\/www.almega.se\/#website"},"datePublished":"2019-03-12T10:22:40+00:00","author":{"@id":"https:\/\/www.almega.se\/#\/schema\/person\/be1f5c450f9fd79fd3ce7cee9c56d246"},"breadcrumb":{"@id":"https:\/\/www.almega.se\/2019\/03\/karensregler-och-kollektivavtalet-med-lo-forbunden\/#breadcrumb"},"inLanguage":"sv-SE","potentialAction":[{"@type":"ReadAction","target":["https:\/\/www.almega.se\/2019\/03\/karensregler-och-kollektivavtalet-med-lo-forbunden\/"]}]},{"@type":"BreadcrumbList","@id":"https:\/\/www.almega.se\/2019\/03\/karensregler-och-kollektivavtalet-med-lo-forbunden\/#breadcrumb","itemListElement":[{"@type":"ListItem","position":1,"name":"Home","item":"https:\/\/www.almega.se\/"},{"@type":"ListItem","position":2,"name":"Karensregler och kollektiv&shy;avtalet med LO-f\u00f6rbunden"}]},{"@type":"WebSite","@id":"https:\/\/www.almega.se\/#website","url":"https:\/\/www.almega.se\/","name":"Almega","description":"","potentialAction":[{"@type":"SearchAction","target":{"@type":"EntryPoint","urlTemplate":"https:\/\/www.almega.se\/?s={search_term_string}"},"query-input":{"@type":"PropertyValueSpecification","valueRequired":true,"valueName":"search_term_string"}}],"inLanguage":"sv-SE"},{"@type":"Person","@id":"https:\/\/www.almega.se\/#\/schema\/person\/be1f5c450f9fd79fd3ce7cee9c56d246","name":"Lena Martinell \u00c5kerblom","image":{"@type":"ImageObject","inLanguage":"sv-SE","@id":"https:\/\/www.almega.se\/#\/schema\/person\/image\/","url":"https:\/\/secure.gravatar.com\/avatar\/6b96f0f959d0411120737c5f1f1bb551e7f38fe13ddbaab86a1108e9f0051c53?s=96&d=mm&r=g","contentUrl":"https:\/\/secure.gravatar.com\/avatar\/6b96f0f959d0411120737c5f1f1bb551e7f38fe13ddbaab86a1108e9f0051c53?s=96&d=mm&r=g","caption":"Lena Martinell \u00c5kerblom"},"description":"Lena \u00e4r team leader f\u00f6r administrat\u00f6rerna inom Arbetsgivarservice p\u00e5 Almega i Stockholm.","url":"https:\/\/www.almega.se\/person\/lenamartinellakerblom\/"}]}},"_links":{"self":[{"href":"https:\/\/www.almega.se\/api\/wp\/v2\/posts\/22546","targetHints":{"allow":["GET"]}}],"collection":[{"href":"https:\/\/www.almega.se\/api\/wp\/v2\/posts"}],"about":[{"href":"https:\/\/www.almega.se\/api\/wp\/v2\/types\/post"}],"author":[{"embeddable":true,"href":"https:\/\/www.almega.se\/api\/wp\/v2\/users\/89"}],"replies":[{"embeddable":true,"href":"https:\/\/www.almega.se\/api\/wp\/v2\/comments?post=22546"}],"version-history":[{"count":4,"href":"https:\/\/www.almega.se\/api\/wp\/v2\/posts\/22546\/revisions"}],"predecessor-version":[{"id":54303,"href":"https:\/\/www.almega.se\/api\/wp\/v2\/posts\/22546\/revisions\/54303"}],"wp:attachment":[{"href":"https:\/\/www.almega.se\/api\/wp\/v2\/media?parent=22546"}],"wp:term":[{"taxonomy":"category","embeddable":true,"href":"https:\/\/www.almega.se\/api\/wp\/v2\/categories?post=22546"},{"taxonomy":"post_tag","embeddable":true,"href":"https:\/\/www.almega.se\/api\/wp\/v2\/tags?post=22546"},{"taxonomy":"type","embeddable":true,"href":"https:\/\/www.almega.se\/api\/wp\/v2\/article_type?post=22546"},{"taxonomy":"agreement","embeddable":true,"href":"https:\/\/www.almega.se\/api\/wp\/v2\/agreement?post=22546"}],"curies":[{"name":"wp","href":"https:\/\/api.w.org\/{rel}","templated":true}]}}