{"id":22500,"date":"2019-03-07T16:16:14","date_gmt":"2019-03-07T15:16:14","guid":{"rendered":"https:\/\/www.almega.se\/?p=22500"},"modified":"2019-03-07T16:16:14","modified_gmt":"2019-03-07T15:16:14","slug":"randstad-arbetar-for-en-inkluderande-arbetsmarknad","status":"publish","type":"post","link":"https:\/\/www.almega.se\/2019\/03\/randstad-arbetar-for-en-inkluderande-arbetsmarknad\/","title":{"rendered":"Randstad arbetar f\u00f6r en inkluderande arbetsmarknad"},"content":{"rendered":"<p class=\"intro\"><span data-contrast=\"auto\"><span class=\"TextRun BCX5 SCXW115930164\" lang=\"SV-SE\" xml:lang=\"SV-SE\" data-contrast=\"auto\"><span class=\"NormalTextRun BCX5 SCXW115930164\">J\u00e4mst\u00e4lldhet \u00e4r en del av bemannings- och rekryteringsf\u00f6retaget Randstad<\/span><\/span><span class=\"TextRun BCX5 SCXW115930164\" lang=\"SV-SE\" xml:lang=\"SV-SE\" data-contrast=\"auto\"><span class=\"NormalTextRun BCX5 SCXW115930164\">s<\/span><\/span><span class=\"TextRun BCX5 SCXW115930164\" lang=\"SV-SE\" xml:lang=\"SV-SE\" data-contrast=\"auto\"><span class=\"NormalTextRun BCX5 SCXW115930164\">\u00a0dna. Som en aktiv samh\u00e4llsakt\u00f6r utmanar man r\u00e5dande normer, s\u00e4tter kompetensen i fokus och v\u00e5gar lyfta diskrimineringsproblematiken. Och de utmanar \u00e4ven sina kunder och samarbetspartners att g\u00e5 samma v\u00e4g.<\/span><\/span><\/span><\/p>\n\n<p><span data-ccp-props=\"{&quot;201341983&quot;:0,&quot;335559739&quot;:200,&quot;335559740&quot;:240}\" style=\"background-color: transparent;font-size: 1rem\">&nbsp;<\/span><span data-contrast=\"auto\">J\u00e4mst\u00e4lldhetsinitiativen avl\u00f6ser varandra p\u00e5 Randstad i Sverige. H\u00e5llbarhetschef Anki&nbsp;Elken&nbsp;driver fr\u00e5gorna med gl\u00f6d och stort engagemang.<\/span><\/p>\n\n\n\n<p><span data-contrast=\"auto\">&#8211;&nbsp;<\/span>Vi arbetar dagligen med j\u00e4mst\u00e4lldhets- och inkluderingsfr\u00e5gor och vi f\u00f6rs\u00f6ker st\u00e4ndigt utmana s\u00e5v\u00e4l kunder, samarbetspartners som kandidater. Det \u00e4r ett arbete som alla, oavsett avdelning eller position, bidrar till.&nbsp;P\u00e5 Randstad \u00e4r alla h\u00e5llbarhetschefer<span data-contrast=\"auto\">, s\u00e4ger Anki&nbsp;Elken.&nbsp;&nbsp;<\/span><\/p>\n\n\n\n<p><span data-contrast=\"auto\">Ett av m\u00e5nga j\u00e4mst\u00e4lldhetsinitiativ som f\u00f6retaget \u00e4r stolt \u00f6ver \u00e4r \u201dEnklare v\u00e4gar till jobb\u201d d\u00e4r dotterbolaget Antenn Consulting med st\u00f6d fr\u00e5n Tillv\u00e4xtverket har fokuserat p\u00e5 nyanl\u00e4nda kvinnor och m\u00e4n. Med ett tydligt j\u00e4mst\u00e4lldhetsperspektiv matchade man drygt hundra kandidater till arbete.&nbsp;<\/span><span data-contrast=\"auto\">Vidare \u00e4r man drivande i initiativet UUA, Universellt Utformade Arbetsplatser. Tillsammans med bland andra Vasakronan,&nbsp;<\/span><span data-contrast=\"auto\">Funktionsr\u00e4tt<\/span><span data-contrast=\"auto\">&nbsp;Sverige str\u00e4var man efter att skapa ett h\u00e5llbart arbetsliv d\u00e4r olikheter v\u00e4rdes\u00e4tts. En ambition \u00e4r att flytta fokus fr\u00e5n stigmatiserade anpassningsl\u00f6sningar och ist\u00e4llet skapa inkluderande arbetsplatser d\u00e4r man gjort r\u00e4tt fr\u00e5n b\u00f6rjan.&nbsp;<\/span><span data-ccp-props=\"{&quot;201341983&quot;:0,&quot;335559739&quot;:200,&quot;335559740&quot;:240}\">&nbsp;<\/span><\/p>\n\n\n\n<p><span data-contrast=\"auto\">&#8211;&nbsp;<\/span>F\u00f6r oss \u00e4r det viktigt att s\u00e4tta kompetensen i centrum och att v\u00e5ga prata om diskriminering. Som bemannings- och rekryteringsf\u00f6retag med ett tydligt fokus p\u00e5 m\u00e4nniskan utmanar vi v\u00e5ra kunders invanda tankem\u00f6nster och hj\u00e4lper dem att hitta en bredd av kompetenta medarbetare. Men vi kan inte allt och l\u00e4r oss st\u00e4ndigt av v\u00e5ra kunder. Och det \u00e4r ju tillsammans som vi kan g\u00f6ra n\u00e5got riktigt bra, som bidrar till en b\u00e4ttre fungerande och mer inkluderande arbetsmarknad, vilket&nbsp;gynnar samh\u00e4llet i stort<span data-contrast=\"auto\">, avslutar Anki.&nbsp;&nbsp;<\/span><\/p>\n\n\n\n<p><span data-ccp-props=\"{&quot;201341983&quot;:0,&quot;335559739&quot;:200,&quot;335559740&quot;:240}\">&nbsp;<\/span><span data-contrast=\"auto\">Vill du l\u00e4sa mer om j\u00e4mst\u00e4lld rekrytering och hur du som arbetsgivare kan arbeta<\/span><span data-contrast=\"auto\">&nbsp;proaktivt f\u00f6r en j\u00e4mst\u00e4lld arbetsplats? L\u00e4s mer i den praktiska guiden <a href=\"https:\/\/www.almega.se\/app\/uploads\/2019\/03\/ett-jamstallt-arbetsliv-e.pdf\">Ett j\u00e4mst\u00e4llt arbetsliv<\/a>, som \u00e4r framtagen av Almega, Unionen och Akademikerna.<\/span><\/p>\n","protected":false},"excerpt":{"rendered":"<p>&nbsp;J\u00e4mst\u00e4lldhetsinitiativen avl\u00f6ser varandra p\u00e5 Randstad i Sverige. H\u00e5llbarhetschef Anki&nbsp;Elken&nbsp;driver fr\u00e5gorna med gl\u00f6d och stort engagemang. &#8211;&nbsp;Vi arbetar dagligen med j\u00e4mst\u00e4lldhets- och inkluderingsfr\u00e5gor och vi f\u00f6rs\u00f6ker st\u00e4ndigt utmana s\u00e5v\u00e4l kunder, samarbetspartners som kandidater. Det \u00e4r ett &hellip;<\/p>\n","protected":false},"author":4371,"featured_media":22502,"comment_status":"closed","ping_status":"closed","sticky":false,"template":"","format":"standard","meta":{"_acf_changed":false,"footnotes":""},"categories":[603,451],"tags":[527,86,548],"article_type":[55],"agreement":[],"class_list":["post-22500","post","type-post","status-publish","format-standard","has-post-thumbnail","hentry","category-almega","category-arbetsgivarfragor","tag-framtidens-arbetsliv","tag-jamstalldhet","tag-medlemsroster","type-artiklar"],"acf":[],"yoast_head":"<!-- This site is optimized with the Yoast SEO Premium plugin v26.8 (Yoast SEO v26.8) - https:\/\/yoast.com\/product\/yoast-seo-premium-wordpress\/ -->\n<title>Randstad arbetar f\u00f6r en inkluderande arbetsmarknad | Almega<\/title>\n<meta name=\"robots\" content=\"index, follow, max-snippet:-1, max-image-preview:large, max-video-preview:-1\" \/>\n<link rel=\"canonical\" href=\"https:\/\/www.almega.se\/2019\/03\/randstad-arbetar-for-en-inkluderande-arbetsmarknad\/\" \/>\n<meta property=\"og:locale\" content=\"sv_SE\" \/>\n<meta property=\"og:type\" content=\"article\" \/>\n<meta property=\"og:title\" content=\"Randstad arbetar f\u00f6r en inkluderande arbetsmarknad\" \/>\n<meta property=\"og:description\" content=\"&nbsp;J\u00e4mst\u00e4lldhetsinitiativen avl\u00f6ser varandra p\u00e5 Randstad i Sverige. H\u00e5llbarhetschef Anki&nbsp;Elken&nbsp;driver fr\u00e5gorna med gl\u00f6d och stort engagemang. &#8211;&nbsp;Vi arbetar dagligen med j\u00e4mst\u00e4lldhets- och inkluderingsfr\u00e5gor och vi f\u00f6rs\u00f6ker st\u00e4ndigt utmana s\u00e5v\u00e4l kunder, samarbetspartners som kandidater. Det \u00e4r ett &hellip;\" \/>\n<meta property=\"og:url\" content=\"https:\/\/www.almega.se\/2019\/03\/randstad-arbetar-for-en-inkluderande-arbetsmarknad\/\" \/>\n<meta property=\"og:site_name\" content=\"Almega\" \/>\n<meta property=\"article:published_time\" content=\"2019-03-07T15:16:14+00:00\" \/>\n<meta property=\"og:image\" content=\"https:\/\/www.almega.se\/app\/uploads\/2019\/03\/almega-anki-elken-randstad-1903.jpg\" \/>\n\t<meta property=\"og:image:width\" content=\"2632\" \/>\n\t<meta property=\"og:image:height\" content=\"1529\" \/>\n\t<meta property=\"og:image:type\" content=\"image\/jpeg\" \/>\n<meta name=\"author\" content=\"Katarina Ahlsen\" \/>\n<meta name=\"twitter:card\" content=\"summary_large_image\" \/>\n<meta name=\"twitter:label1\" content=\"Skriven av\" \/>\n\t<meta name=\"twitter:data1\" content=\"Katarina Ahlsen\" \/>\n\t<meta name=\"twitter:label2\" content=\"Ber\u00e4knad l\u00e4stid\" \/>\n\t<meta name=\"twitter:data2\" content=\"2 minuter\" \/>\n<!-- \/ Yoast SEO Premium plugin. -->","yoast_head_json":{"title":"Randstad arbetar f\u00f6r en inkluderande arbetsmarknad | Almega","robots":{"index":"index","follow":"follow","max-snippet":"max-snippet:-1","max-image-preview":"max-image-preview:large","max-video-preview":"max-video-preview:-1"},"canonical":"https:\/\/www.almega.se\/2019\/03\/randstad-arbetar-for-en-inkluderande-arbetsmarknad\/","og_locale":"sv_SE","og_type":"article","og_title":"Randstad arbetar f\u00f6r en inkluderande arbetsmarknad","og_description":"&nbsp;J\u00e4mst\u00e4lldhetsinitiativen avl\u00f6ser varandra p\u00e5 Randstad i Sverige. H\u00e5llbarhetschef Anki&nbsp;Elken&nbsp;driver fr\u00e5gorna med gl\u00f6d och stort engagemang. &#8211;&nbsp;Vi arbetar dagligen med j\u00e4mst\u00e4lldhets- och inkluderingsfr\u00e5gor och vi f\u00f6rs\u00f6ker st\u00e4ndigt utmana s\u00e5v\u00e4l kunder, samarbetspartners som kandidater. Det \u00e4r ett &hellip;","og_url":"https:\/\/www.almega.se\/2019\/03\/randstad-arbetar-for-en-inkluderande-arbetsmarknad\/","og_site_name":"Almega","article_published_time":"2019-03-07T15:16:14+00:00","og_image":[{"width":2632,"height":1529,"url":"https:\/\/www.almega.se\/app\/uploads\/2019\/03\/almega-anki-elken-randstad-1903.jpg","type":"image\/jpeg"}],"author":"Katarina Ahlsen","twitter_card":"summary_large_image","twitter_misc":{"Skriven av":"Katarina Ahlsen","Ber\u00e4knad l\u00e4stid":"2 minuter"},"schema":{"@context":"https:\/\/schema.org","@graph":[{"@type":"NewsArticle","@id":"https:\/\/www.almega.se\/2019\/03\/randstad-arbetar-for-en-inkluderande-arbetsmarknad\/#article","isPartOf":{"@id":"https:\/\/www.almega.se\/2019\/03\/randstad-arbetar-for-en-inkluderande-arbetsmarknad\/"},"author":{"name":"Katarina Ahlsen","@id":"https:\/\/www.almega.se\/#\/schema\/person\/21bb090beed442a47a2cf1e64374f091"},"headline":"Randstad arbetar f\u00f6r en inkluderande arbetsmarknad","datePublished":"2019-03-07T15:16:14+00:00","mainEntityOfPage":{"@id":"https:\/\/www.almega.se\/2019\/03\/randstad-arbetar-for-en-inkluderande-arbetsmarknad\/"},"wordCount":355,"image":{"@id":"https:\/\/www.almega.se\/2019\/03\/randstad-arbetar-for-en-inkluderande-arbetsmarknad\/#primaryimage"},"thumbnailUrl":"https:\/\/www.almega.se\/app\/uploads\/2019\/03\/almega-anki-elken-randstad-1903.jpg","keywords":["Framtidens arbetsliv","J\u00e4mst\u00e4lldhet","Medlemsr\u00f6ster"],"articleSection":["Almega","Arbetsgivarfr\u00e5gor"],"inLanguage":"sv-SE"},{"@type":"WebPage","@id":"https:\/\/www.almega.se\/2019\/03\/randstad-arbetar-for-en-inkluderande-arbetsmarknad\/","url":"https:\/\/www.almega.se\/2019\/03\/randstad-arbetar-for-en-inkluderande-arbetsmarknad\/","name":"Randstad arbetar f\u00f6r en inkluderande arbetsmarknad | Almega","isPartOf":{"@id":"https:\/\/www.almega.se\/#website"},"primaryImageOfPage":{"@id":"https:\/\/www.almega.se\/2019\/03\/randstad-arbetar-for-en-inkluderande-arbetsmarknad\/#primaryimage"},"image":{"@id":"https:\/\/www.almega.se\/2019\/03\/randstad-arbetar-for-en-inkluderande-arbetsmarknad\/#primaryimage"},"thumbnailUrl":"https:\/\/www.almega.se\/app\/uploads\/2019\/03\/almega-anki-elken-randstad-1903.jpg","datePublished":"2019-03-07T15:16:14+00:00","author":{"@id":"https:\/\/www.almega.se\/#\/schema\/person\/21bb090beed442a47a2cf1e64374f091"},"breadcrumb":{"@id":"https:\/\/www.almega.se\/2019\/03\/randstad-arbetar-for-en-inkluderande-arbetsmarknad\/#breadcrumb"},"inLanguage":"sv-SE","potentialAction":[{"@type":"ReadAction","target":["https:\/\/www.almega.se\/2019\/03\/randstad-arbetar-for-en-inkluderande-arbetsmarknad\/"]}]},{"@type":"ImageObject","inLanguage":"sv-SE","@id":"https:\/\/www.almega.se\/2019\/03\/randstad-arbetar-for-en-inkluderande-arbetsmarknad\/#primaryimage","url":"https:\/\/www.almega.se\/app\/uploads\/2019\/03\/almega-anki-elken-randstad-1903.jpg","contentUrl":"https:\/\/www.almega.se\/app\/uploads\/2019\/03\/almega-anki-elken-randstad-1903.jpg","width":2632,"height":1529,"caption":"anki elken randstad"},{"@type":"BreadcrumbList","@id":"https:\/\/www.almega.se\/2019\/03\/randstad-arbetar-for-en-inkluderande-arbetsmarknad\/#breadcrumb","itemListElement":[{"@type":"ListItem","position":1,"name":"Home","item":"https:\/\/www.almega.se\/"},{"@type":"ListItem","position":2,"name":"Randstad arbetar f\u00f6r en inkluderande arbetsmarknad"}]},{"@type":"WebSite","@id":"https:\/\/www.almega.se\/#website","url":"https:\/\/www.almega.se\/","name":"Almega","description":"","potentialAction":[{"@type":"SearchAction","target":{"@type":"EntryPoint","urlTemplate":"https:\/\/www.almega.se\/?s={search_term_string}"},"query-input":{"@type":"PropertyValueSpecification","valueRequired":true,"valueName":"search_term_string"}}],"inLanguage":"sv-SE"},{"@type":"Person","@id":"https:\/\/www.almega.se\/#\/schema\/person\/21bb090beed442a47a2cf1e64374f091","name":"Katarina Ahlsen","image":{"@type":"ImageObject","inLanguage":"sv-SE","@id":"https:\/\/www.almega.se\/#\/schema\/person\/image\/","url":"https:\/\/secure.gravatar.com\/avatar\/08acb5974fe161bc44fe8e62ec32e85c446ac625c171f9a7eb9f4941b883d3d9?s=96&d=mm&r=g","contentUrl":"https:\/\/secure.gravatar.com\/avatar\/08acb5974fe161bc44fe8e62ec32e85c446ac625c171f9a7eb9f4941b883d3d9?s=96&d=mm&r=g","caption":"Katarina Ahlsen"},"url":"https:\/\/www.almega.se\/person\/katarinaahlsen\/"}]}},"_links":{"self":[{"href":"https:\/\/www.almega.se\/api\/wp\/v2\/posts\/22500","targetHints":{"allow":["GET"]}}],"collection":[{"href":"https:\/\/www.almega.se\/api\/wp\/v2\/posts"}],"about":[{"href":"https:\/\/www.almega.se\/api\/wp\/v2\/types\/post"}],"author":[{"embeddable":true,"href":"https:\/\/www.almega.se\/api\/wp\/v2\/users\/4371"}],"replies":[{"embeddable":true,"href":"https:\/\/www.almega.se\/api\/wp\/v2\/comments?post=22500"}],"version-history":[{"count":7,"href":"https:\/\/www.almega.se\/api\/wp\/v2\/posts\/22500\/revisions"}],"predecessor-version":[{"id":51788,"href":"https:\/\/www.almega.se\/api\/wp\/v2\/posts\/22500\/revisions\/51788"}],"wp:featuredmedia":[{"embeddable":true,"href":"https:\/\/www.almega.se\/api\/wp\/v2\/media\/22502"}],"wp:attachment":[{"href":"https:\/\/www.almega.se\/api\/wp\/v2\/media?parent=22500"}],"wp:term":[{"taxonomy":"category","embeddable":true,"href":"https:\/\/www.almega.se\/api\/wp\/v2\/categories?post=22500"},{"taxonomy":"post_tag","embeddable":true,"href":"https:\/\/www.almega.se\/api\/wp\/v2\/tags?post=22500"},{"taxonomy":"type","embeddable":true,"href":"https:\/\/www.almega.se\/api\/wp\/v2\/article_type?post=22500"},{"taxonomy":"agreement","embeddable":true,"href":"https:\/\/www.almega.se\/api\/wp\/v2\/agreement?post=22500"}],"curies":[{"name":"wp","href":"https:\/\/api.w.org\/{rel}","templated":true}]}}