{"id":22493,"date":"2019-03-07T16:06:08","date_gmt":"2019-03-07T15:06:08","guid":{"rendered":"https:\/\/www.almega.se\/?p=22493"},"modified":"2019-03-07T16:06:08","modified_gmt":"2019-03-07T15:06:08","slug":"jamstalld-rekrytering-sa-har-gor-du","status":"publish","type":"post","link":"https:\/\/www.almega.se\/2019\/03\/jamstalld-rekrytering-sa-har-gor-du\/","title":{"rendered":"J\u00e4mst\u00e4lld rekrytering &#8211; s\u00e5 h\u00e4r g\u00f6r du"},"content":{"rendered":"<p class=\"intro\">\u00c5r 2020 borde j\u00e4mst\u00e4lld rekrytering vara en sj\u00e4lvklarhet i Sverige. Alla, oavsett bakgrund och f\u00f6ruts\u00e4ttningar, ska ha likv\u00e4rdiga m\u00f6jligheter att s\u00f6ka lediga jobb. Men riktigt s\u00e5 enkelt \u00e4r det inte. Arbetsgivare beh\u00f6ver arbeta aktivt och f\u00f6rebyggande med att ha en inkluderande rekryteringsprocess.<\/p>\n\n<p><strong><a href=\"https:\/\/www.almega.se\/2019\/04\/en-jamlik-loneutveckling-sa-gor-du\/\">En j\u00e4mst\u00e4lld l\u00f6ne\u00adutveckling \u2013 s\u00e5 g\u00f6r du<\/a><\/strong><\/p>\n\n\n\n<p><span data-contrast=\"auto\">V<\/span><span data-contrast=\"auto\">i har listat sju steg f\u00f6r en j\u00e4mst\u00e4lld rekrytering:&nbsp;<\/span><span data-ccp-props=\"{&quot;201341983&quot;:0,&quot;335559739&quot;:200,&quot;335559740&quot;:240}\">&nbsp;<\/span><\/p>\n\n\n\n<ol class=\"wp-block-list\">\n<li><b><span data-contrast=\"auto\"> Genomt\u00e4nkt kravprofil<\/span><\/b><b><\/b><br><span data-contrast=\"auto\">En tydlig k<\/span><span data-contrast=\"auto\">ravprofil \u00e4r en f\u00f6ruts\u00e4ttning f\u00f6r framg\u00e5ngsrik rekrytering. H\u00e4r ska de kriterier som ligger<\/span><span data-contrast=\"auto\">&nbsp;<\/span><span data-contrast=\"auto\">till grund f\u00f6r urvalet framg\u00e5, exempelvis krav p\u00e5 utbildning, erfarenhet och personliga<\/span><span data-ccp-props=\"{&quot;201341983&quot;:0,&quot;335559739&quot;:200,&quot;335559740&quot;:240}\">&nbsp;<\/span>egenskaper.&nbsp;<span style=\"background-color: transparent;font-size: 1rem\"><br><\/span>Tips:&nbsp;<span style=\"background-color: transparent;font-size: 1rem\" data-contrast=\"auto\">Analysera<\/span><span style=\"background-color: transparent;font-size: 1rem\" data-contrast=\"auto\">&nbsp;<\/span><span style=\"background-color: transparent;font-size: 1rem\" data-contrast=\"auto\">om uppst\u00e4llda krav \u00e4r&nbsp;<\/span><span style=\"background-color: transparent;font-size: 1rem\" data-contrast=\"auto\">relevanta f\u00f6r arbetet.<\/span><span style=\"background-color: transparent;font-size: 1rem\">&nbsp;<\/span><\/li>\n\n\n\n<li><b><span data-contrast=\"auto\"> V\u00e4lkomnande annons<\/span><\/b><br><span data-contrast=\"auto\">Utformningen av en annons \u00e4r viktig och&nbsp;<\/span><span data-contrast=\"auto\">beh\u00f6ver rimma v\u00e4l med f\u00f6retagets kultur och klimat<\/span><span data-contrast=\"auto\">.&nbsp;<\/span><br><span data-contrast=\"auto\">Tips: S\u00e4kerst\u00e4ll att text och bild i annonsen attraherar r\u00e4tt typ av kompetens. Alla ska k\u00e4nna sig v\u00e4lkomna att s\u00f6ka tj\u00e4nsten.<\/span><\/li>\n\n\n\n<li><b><span data-contrast=\"auto\">Ov\u00e4ntade r<\/span><\/b><b><span data-contrast=\"auto\">ekryteringskanaler<\/span><\/b><br><span data-contrast=\"auto\">Rekrytering kan ske p\u00e5 m\u00e5nga olika s\u00e4tt, via rekommendationer, spontanans\u00f6kningar,<\/span><span data-ccp-props=\"{&quot;201341983&quot;:0,&quot;335559739&quot;:200,&quot;335559740&quot;:240}\">&nbsp;<\/span>i sociala medier och s\u00e5 vidare.&nbsp;<span style=\"background-color: transparent;font-size: 1rem\"><br><\/span>Tips:&nbsp;<span style=\"background-color: transparent;font-size: 1rem\" data-contrast=\"auto\">T\u00e4nk utanf\u00f6r boxen, a<\/span><span style=\"background-color: transparent;font-size: 1rem\" data-contrast=\"auto\">nnonsera i&nbsp;<\/span><span style=\"background-color: transparent;font-size: 1rem\" data-contrast=\"auto\">fler<\/span><span style=\"background-color: transparent;font-size: 1rem\" data-contrast=\"auto\">&nbsp;kanaler \u00e4n de \u201dvanliga\u201d, f\u00f6r att p\u00e5 s\u00e5 s\u00e4tt bredda rekryteringsbasen.<\/span><span style=\"background-color: transparent;font-size: 1rem\" data-ccp-props=\"{&quot;201341983&quot;:0,&quot;335559739&quot;:200,&quot;335559740&quot;:240}\">&nbsp;<\/span><\/li>\n\n\n\n<li><b><span data-contrast=\"auto\">Anonymiserade ans\u00f6kningar<\/span><\/b><br><span data-contrast=\"auto\">Viktiga fr\u00e5gor att st\u00e4lla sig, som rekryterande chef, \u00e4r: Har personer som faktiskt uppfyller kravprofilen valts bort? Hur ser urvalsrutinerna ser ut?<br><\/span>Tips: B\u00f6rja arbeta med anonymiserade ans\u00f6kningshandlingar avseende \u00e5lder, k\u00f6n, namn eller&nbsp;<span style=\"background-color: transparent;font-size: 1rem\" data-contrast=\"auto\">liknande.<\/span><span style=\"background-color: transparent;font-size: 1rem\" data-contrast=\"auto\">&nbsp;<\/span><span style=\"background-color: transparent;font-size: 1rem\" data-contrast=\"auto\">Eller<\/span><span style=\"background-color: transparent;font-size: 1rem\" data-contrast=\"auto\">&nbsp;varf\u00f6r inte anlita en rekryteringsrobot.&nbsp;<\/span><\/li>\n\n\n\n<li><b><span data-contrast=\"auto\"> Kalla fler till intervju<\/span><\/b><br><span data-contrast=\"auto\">Intervjun blir ett utm\u00e4rkt tillf\u00e4lle f\u00f6r dig som arbetsgivare att&nbsp;<\/span><span data-contrast=\"auto\">l\u00e4ra<\/span><span data-contrast=\"auto\">&nbsp;k\u00e4nna dina kandidater och vice versa.&nbsp;&nbsp;<\/span><br><span data-contrast=\"auto\">Tips: Kalla fler kandidater \u00e4n vanligt till intervju, f\u00f6r att bredda urvalet och tr\u00e4ffa personer med olika typer av bakgrunder. Kanske hittar du stj\u00e4rnan bland de du vanligtvis inte hade kallat.&nbsp;<\/span><span data-ccp-props=\"{&quot;201341983&quot;:0,&quot;335559739&quot;:200,&quot;335559740&quot;:240}\">&nbsp;<\/span><\/li>\n\n\n\n<li><b><span data-contrast=\"auto\">Objektiva urvalsmetoder<\/span><\/b><br><span data-contrast=\"auto\">Tester, s\u00e5 som kunskaps-, f\u00e4rdighets-, och personlighetstester, kan anv\u00e4ndas<\/span><span data-contrast=\"auto\">f\u00f6r att skapa<\/span><span data-contrast=\"auto\">&nbsp;en mer helt\u00e4ckande bild av din kandidat.&nbsp;<\/span><br><span data-contrast=\"auto\">Tips: S\u00e4kerst\u00e4ll att testerna \u00e4r objektivt utformade, f\u00f6r att ge alla s\u00f6kanden samma m\u00f6jligheter vid genomf\u00f6randet.<\/span>&nbsp;<span data-ccp-props=\"{&quot;201341983&quot;:0,&quot;335559739&quot;:200,&quot;335559740&quot;:240}\">&nbsp;<\/span><\/li>\n\n\n\n<li><b><span data-contrast=\"auto\">Rutiner f\u00f6r referenstagning<\/span><\/b><br><span data-contrast=\"auto\">Referenst<\/span><span data-contrast=\"auto\">agningen&nbsp;<\/span><span data-contrast=\"auto\">tas i slutet av urvalsprocessen<\/span><span data-contrast=\"auto\">.&nbsp;<\/span><span data-contrast=\"auto\">Detta blir det slutgiltiga och viktiga kvittot p\u00e5 att du har valt r\u00e4tt kandidat f\u00f6r jobbet<\/span><span data-contrast=\"auto\">.&nbsp;<\/span><span data-ccp-props=\"{&quot;201341983&quot;:0,&quot;335559739&quot;:200,&quot;335559740&quot;:240}\"><br><\/span>T<span style=\"background-color: transparent;font-size: 1rem\" data-contrast=\"auto\">ips: Se<\/span><span style=\"background-color: transparent;font-size: 1rem\" data-contrast=\"auto\">&nbsp;\u00f6ver rutinerna&nbsp;<\/span><span style=\"background-color: transparent;font-size: 1rem\" data-contrast=\"auto\">f\u00f6r referenstagning<\/span><span style=\"background-color: transparent;font-size: 1rem\" data-contrast=\"auto\">&nbsp;och var konsekvent<\/span><span style=\"background-color: transparent;font-size: 1rem\" data-contrast=\"auto\">. Vilka fr\u00e5gor st\u00e4lls?&nbsp;<\/span><span style=\"background-color: transparent;font-size: 1rem\" data-contrast=\"auto\">Vem ringer p\u00e5 referenser?&nbsp;<\/span><span style=\"background-color: transparent;font-size: 1rem\" data-contrast=\"auto\">Vilka personer kontaktas, chef och eller kollegor?&nbsp;<\/span><span style=\"background-color: transparent;font-size: 1rem\" data-ccp-props=\"{&quot;201341983&quot;:0,&quot;335559739&quot;:200,&quot;335559740&quot;:240}\">&nbsp;<\/span><\/li>\n<\/ol>\n\n\n\n<p><span data-ccp-props=\"{&quot;201341983&quot;:0,&quot;335559739&quot;:200,&quot;335559740&quot;:240}\">&nbsp;<\/span><span data-contrast=\"auto\">Vill du l\u00e4sa mer om j\u00e4mst\u00e4lld rekrytering och hur du som arbetsgivare kan arbeta<\/span><span data-contrast=\"auto\">&nbsp;proaktivt f\u00f6r en j\u00e4mst\u00e4lld arbetsplats? L\u00e4s mer i den praktiska guiden <a href=\"https:\/\/www.almega.se\/app\/uploads\/2019\/03\/ett-jamstallt-arbetsliv-e.pdf\">Ett j\u00e4mst\u00e4llt arbetsliv<\/a>, som \u00e4r framtagen av Almega, Unionen och Akademikerna.<\/span><\/p>\n","protected":false},"excerpt":{"rendered":"<p>En j\u00e4mst\u00e4lld l\u00f6ne\u00adutveckling \u2013 s\u00e5 g\u00f6r du Vi har listat sju steg f\u00f6r en j\u00e4mst\u00e4lld rekrytering:&nbsp;&nbsp; &nbsp;Vill du l\u00e4sa mer om j\u00e4mst\u00e4lld rekrytering och hur du som arbetsgivare kan arbeta&nbsp;proaktivt f\u00f6r en j\u00e4mst\u00e4lld arbetsplats? L\u00e4s &hellip;<\/p>\n","protected":false},"author":4371,"featured_media":28126,"comment_status":"closed","ping_status":"closed","sticky":false,"template":"","format":"standard","meta":{"_acf_changed":false,"footnotes":""},"categories":[451,57],"tags":[422,86],"article_type":[56],"agreement":[],"class_list":["post-22493","post","type-post","status-publish","format-standard","has-post-thumbnail","hentry","category-arbetsgivarfragor","category-skatter","tag-arbetsgivaravgift","tag-jamstalldhet","type-nyheter"],"acf":[],"yoast_head":"<!-- This site is optimized with the Yoast SEO Premium plugin v26.8 (Yoast SEO v26.8) - https:\/\/yoast.com\/product\/yoast-seo-premium-wordpress\/ -->\n<title>J\u00e4mst\u00e4lld rekrytering - s\u00e5 h\u00e4r g\u00f6r du | Almega<\/title>\n<meta name=\"robots\" content=\"index, follow, max-snippet:-1, max-image-preview:large, max-video-preview:-1\" \/>\n<link rel=\"canonical\" href=\"https:\/\/www.almega.se\/2019\/03\/jamstalld-rekrytering-sa-har-gor-du\/\" \/>\n<meta property=\"og:locale\" content=\"sv_SE\" \/>\n<meta property=\"og:type\" content=\"article\" \/>\n<meta property=\"og:title\" content=\"J\u00e4mst\u00e4lld rekrytering - s\u00e5 h\u00e4r g\u00f6r du\" \/>\n<meta property=\"og:description\" content=\"En j\u00e4mst\u00e4lld l\u00f6ne\u00adutveckling \u2013 s\u00e5 g\u00f6r du Vi har listat sju steg f\u00f6r en j\u00e4mst\u00e4lld rekrytering:&nbsp;&nbsp; &nbsp;Vill du l\u00e4sa mer om j\u00e4mst\u00e4lld rekrytering och hur du som arbetsgivare kan arbeta&nbsp;proaktivt f\u00f6r en j\u00e4mst\u00e4lld arbetsplats? L\u00e4s &hellip;\" \/>\n<meta property=\"og:url\" content=\"https:\/\/www.almega.se\/2019\/03\/jamstalld-rekrytering-sa-har-gor-du\/\" \/>\n<meta property=\"og:site_name\" content=\"Almega\" \/>\n<meta property=\"article:published_time\" content=\"2019-03-07T15:06:08+00:00\" \/>\n<meta property=\"og:image\" content=\"https:\/\/www.almega.se\/app\/uploads\/2019\/03\/jamstalld-1180x772-1.jpg\" \/>\n\t<meta property=\"og:image:width\" content=\"1180\" \/>\n\t<meta property=\"og:image:height\" content=\"772\" \/>\n\t<meta property=\"og:image:type\" content=\"image\/jpeg\" \/>\n<meta name=\"author\" content=\"Katarina Ahlsen\" \/>\n<meta name=\"twitter:card\" content=\"summary_large_image\" \/>\n<meta name=\"twitter:label1\" content=\"Skriven av\" \/>\n\t<meta name=\"twitter:data1\" content=\"Katarina Ahlsen\" \/>\n\t<meta name=\"twitter:label2\" content=\"Ber\u00e4knad l\u00e4stid\" \/>\n\t<meta name=\"twitter:data2\" content=\"2 minuter\" \/>\n<!-- \/ Yoast SEO Premium plugin. -->","yoast_head_json":{"title":"J\u00e4mst\u00e4lld rekrytering - s\u00e5 h\u00e4r g\u00f6r du | Almega","robots":{"index":"index","follow":"follow","max-snippet":"max-snippet:-1","max-image-preview":"max-image-preview:large","max-video-preview":"max-video-preview:-1"},"canonical":"https:\/\/www.almega.se\/2019\/03\/jamstalld-rekrytering-sa-har-gor-du\/","og_locale":"sv_SE","og_type":"article","og_title":"J\u00e4mst\u00e4lld rekrytering - s\u00e5 h\u00e4r g\u00f6r du","og_description":"En j\u00e4mst\u00e4lld l\u00f6ne\u00adutveckling \u2013 s\u00e5 g\u00f6r du Vi har listat sju steg f\u00f6r en j\u00e4mst\u00e4lld rekrytering:&nbsp;&nbsp; &nbsp;Vill du l\u00e4sa mer om j\u00e4mst\u00e4lld rekrytering och hur du som arbetsgivare kan arbeta&nbsp;proaktivt f\u00f6r en j\u00e4mst\u00e4lld arbetsplats? L\u00e4s &hellip;","og_url":"https:\/\/www.almega.se\/2019\/03\/jamstalld-rekrytering-sa-har-gor-du\/","og_site_name":"Almega","article_published_time":"2019-03-07T15:06:08+00:00","og_image":[{"width":1180,"height":772,"url":"https:\/\/www.almega.se\/app\/uploads\/2019\/03\/jamstalld-1180x772-1.jpg","type":"image\/jpeg"}],"author":"Katarina Ahlsen","twitter_card":"summary_large_image","twitter_misc":{"Skriven av":"Katarina Ahlsen","Ber\u00e4knad l\u00e4stid":"2 minuter"},"schema":{"@context":"https:\/\/schema.org","@graph":[{"@type":"NewsArticle","@id":"https:\/\/www.almega.se\/2019\/03\/jamstalld-rekrytering-sa-har-gor-du\/#article","isPartOf":{"@id":"https:\/\/www.almega.se\/2019\/03\/jamstalld-rekrytering-sa-har-gor-du\/"},"author":{"name":"Katarina Ahlsen","@id":"https:\/\/www.almega.se\/#\/schema\/person\/21bb090beed442a47a2cf1e64374f091"},"headline":"J\u00e4mst\u00e4lld rekrytering &#8211; s\u00e5 h\u00e4r g\u00f6r du","datePublished":"2019-03-07T15:06:08+00:00","mainEntityOfPage":{"@id":"https:\/\/www.almega.se\/2019\/03\/jamstalld-rekrytering-sa-har-gor-du\/"},"wordCount":478,"image":{"@id":"https:\/\/www.almega.se\/2019\/03\/jamstalld-rekrytering-sa-har-gor-du\/#primaryimage"},"thumbnailUrl":"https:\/\/www.almega.se\/app\/uploads\/2019\/03\/jamstalld-1180x772-1.jpg","keywords":["Arbetsgivaravgift","J\u00e4mst\u00e4lldhet"],"articleSection":["Arbetsgivarfr\u00e5gor","Skatter"],"inLanguage":"sv-SE"},{"@type":"WebPage","@id":"https:\/\/www.almega.se\/2019\/03\/jamstalld-rekrytering-sa-har-gor-du\/","url":"https:\/\/www.almega.se\/2019\/03\/jamstalld-rekrytering-sa-har-gor-du\/","name":"J\u00e4mst\u00e4lld rekrytering - s\u00e5 h\u00e4r g\u00f6r du | Almega","isPartOf":{"@id":"https:\/\/www.almega.se\/#website"},"primaryImageOfPage":{"@id":"https:\/\/www.almega.se\/2019\/03\/jamstalld-rekrytering-sa-har-gor-du\/#primaryimage"},"image":{"@id":"https:\/\/www.almega.se\/2019\/03\/jamstalld-rekrytering-sa-har-gor-du\/#primaryimage"},"thumbnailUrl":"https:\/\/www.almega.se\/app\/uploads\/2019\/03\/jamstalld-1180x772-1.jpg","datePublished":"2019-03-07T15:06:08+00:00","author":{"@id":"https:\/\/www.almega.se\/#\/schema\/person\/21bb090beed442a47a2cf1e64374f091"},"breadcrumb":{"@id":"https:\/\/www.almega.se\/2019\/03\/jamstalld-rekrytering-sa-har-gor-du\/#breadcrumb"},"inLanguage":"sv-SE","potentialAction":[{"@type":"ReadAction","target":["https:\/\/www.almega.se\/2019\/03\/jamstalld-rekrytering-sa-har-gor-du\/"]}]},{"@type":"ImageObject","inLanguage":"sv-SE","@id":"https:\/\/www.almega.se\/2019\/03\/jamstalld-rekrytering-sa-har-gor-du\/#primaryimage","url":"https:\/\/www.almega.se\/app\/uploads\/2019\/03\/jamstalld-1180x772-1.jpg","contentUrl":"https:\/\/www.almega.se\/app\/uploads\/2019\/03\/jamstalld-1180x772-1.jpg","width":1180,"height":772},{"@type":"BreadcrumbList","@id":"https:\/\/www.almega.se\/2019\/03\/jamstalld-rekrytering-sa-har-gor-du\/#breadcrumb","itemListElement":[{"@type":"ListItem","position":1,"name":"Home","item":"https:\/\/www.almega.se\/"},{"@type":"ListItem","position":2,"name":"J\u00e4mst\u00e4lld rekrytering &#8211; s\u00e5 h\u00e4r g\u00f6r du"}]},{"@type":"WebSite","@id":"https:\/\/www.almega.se\/#website","url":"https:\/\/www.almega.se\/","name":"Almega","description":"","potentialAction":[{"@type":"SearchAction","target":{"@type":"EntryPoint","urlTemplate":"https:\/\/www.almega.se\/?s={search_term_string}"},"query-input":{"@type":"PropertyValueSpecification","valueRequired":true,"valueName":"search_term_string"}}],"inLanguage":"sv-SE"},{"@type":"Person","@id":"https:\/\/www.almega.se\/#\/schema\/person\/21bb090beed442a47a2cf1e64374f091","name":"Katarina Ahlsen","image":{"@type":"ImageObject","inLanguage":"sv-SE","@id":"https:\/\/www.almega.se\/#\/schema\/person\/image\/","url":"https:\/\/secure.gravatar.com\/avatar\/08acb5974fe161bc44fe8e62ec32e85c446ac625c171f9a7eb9f4941b883d3d9?s=96&d=mm&r=g","contentUrl":"https:\/\/secure.gravatar.com\/avatar\/08acb5974fe161bc44fe8e62ec32e85c446ac625c171f9a7eb9f4941b883d3d9?s=96&d=mm&r=g","caption":"Katarina Ahlsen"},"url":"https:\/\/www.almega.se\/person\/katarinaahlsen\/"}]}},"_links":{"self":[{"href":"https:\/\/www.almega.se\/api\/wp\/v2\/posts\/22493","targetHints":{"allow":["GET"]}}],"collection":[{"href":"https:\/\/www.almega.se\/api\/wp\/v2\/posts"}],"about":[{"href":"https:\/\/www.almega.se\/api\/wp\/v2\/types\/post"}],"author":[{"embeddable":true,"href":"https:\/\/www.almega.se\/api\/wp\/v2\/users\/4371"}],"replies":[{"embeddable":true,"href":"https:\/\/www.almega.se\/api\/wp\/v2\/comments?post=22493"}],"version-history":[{"count":4,"href":"https:\/\/www.almega.se\/api\/wp\/v2\/posts\/22493\/revisions"}],"predecessor-version":[{"id":51754,"href":"https:\/\/www.almega.se\/api\/wp\/v2\/posts\/22493\/revisions\/51754"}],"wp:featuredmedia":[{"embeddable":true,"href":"https:\/\/www.almega.se\/api\/wp\/v2\/media\/28126"}],"wp:attachment":[{"href":"https:\/\/www.almega.se\/api\/wp\/v2\/media?parent=22493"}],"wp:term":[{"taxonomy":"category","embeddable":true,"href":"https:\/\/www.almega.se\/api\/wp\/v2\/categories?post=22493"},{"taxonomy":"post_tag","embeddable":true,"href":"https:\/\/www.almega.se\/api\/wp\/v2\/tags?post=22493"},{"taxonomy":"type","embeddable":true,"href":"https:\/\/www.almega.se\/api\/wp\/v2\/article_type?post=22493"},{"taxonomy":"agreement","embeddable":true,"href":"https:\/\/www.almega.se\/api\/wp\/v2\/agreement?post=22493"}],"curies":[{"name":"wp","href":"https:\/\/api.w.org\/{rel}","templated":true}]}}