{"id":22385,"date":"2019-02-26T13:46:18","date_gmt":"2019-02-26T12:46:18","guid":{"rendered":"https:\/\/www.almega.se\/?p=22385"},"modified":"2019-02-26T13:46:18","modified_gmt":"2019-02-26T12:46:18","slug":"sankta-arbetsgivaravgifter-valkommet-beslut","status":"publish","type":"post","link":"https:\/\/www.almega.se\/2019\/02\/sankta-arbetsgivaravgifter-valkommet-beslut\/","title":{"rendered":"S\u00e4nkta arbetsgivaravgifter v\u00e4lkommet beslut"},"content":{"rendered":"<p class=\"intro\">Ig\u00e5r kom beskedet att arbetsgivaravgifterna f\u00f6r unga och enmansf\u00f6retagare s\u00e4nks med en halv miljard i v\u00e5rbudgeten.<\/p>\n\n<p>F\u00f6r unga under 18 \u00e5r slopas den helt, och f\u00f6r enmansf\u00f6retag som anst\u00e4ller sin f\u00f6rsta medarbetare s\u00e4nks den. Det \u00e4r en stor vinst f\u00f6r Sveriges unga men ocks\u00e5 f\u00f6r Almegas medlemmar som l\u00e4nge k\u00e4mpat f\u00f6r att det ska bli billigare att anst\u00e4lla i ett land med h\u00f6ga skatter p\u00e5 arbete.<\/p>\n\n\n\n<p>&#8211; Nu n\u00e4r arbetsgivaravgifterna s\u00e4nks kommer v\u00e5ra medlemmar kunna skapa fler jobb \u2013 s\u00e4rskilt f\u00f6r ungdomar, s\u00e4ger Andreas \u00c5str\u00f6m, chef f\u00f6r P\u00e5verkan och kommunikation p\u00e5 Almega.<\/p>\n\n\n\n<p>I Sverige, som j\u00e4mf\u00f6rt med EU-genomsnittet har h\u00f6ga skatter p\u00e5 arbete, kommer en tredjedel av skatteint\u00e4kterna fr\u00e5n skatt p\u00e5 arbete. Detta \u00e4r ett viktigt steg f\u00f6r att s\u00e4nka kostnaden f\u00f6r att anst\u00e4lla.<\/p>\n\n\n\n<p>&#8211; Kompetenskrisen breder ut sig och det \u00e4r viktigt att det blir billigare att anst\u00e4lla. I ett land som internationellt sett har h\u00f6ga skatter p\u00e5 jobb \u00e4r detta en v\u00e4lkommen reform, s\u00e4ger Andreas \u00c5str\u00f6m.<\/p>\n","protected":false},"excerpt":{"rendered":"<p>F\u00f6r unga under 18 \u00e5r slopas den helt, och f\u00f6r enmansf\u00f6retag som anst\u00e4ller sin f\u00f6rsta medarbetare s\u00e4nks den. Det \u00e4r en stor vinst f\u00f6r Sveriges unga men ocks\u00e5 f\u00f6r Almegas medlemmar som l\u00e4nge k\u00e4mpat f\u00f6r &hellip;<\/p>\n","protected":false},"author":3,"featured_media":16970,"comment_status":"closed","ping_status":"closed","sticky":false,"template":"","format":"standard","meta":{"_acf_changed":false,"footnotes":""},"categories":[57],"tags":[422],"article_type":[56],"agreement":[],"class_list":["post-22385","post","type-post","status-publish","format-standard","has-post-thumbnail","hentry","category-skatter","tag-arbetsgivaravgift","type-nyheter"],"acf":[],"yoast_head":"<!-- This site is optimized with the Yoast SEO Premium plugin v26.8 (Yoast SEO v26.8) - https:\/\/yoast.com\/product\/yoast-seo-premium-wordpress\/ -->\n<title>S\u00e4nkta arbetsgivaravgifter v\u00e4lkommet beslut | Almega<\/title>\n<meta name=\"description\" content=\"Ig\u00e5r kom beskedet att arbetsgivaravgifterna f\u00f6r unga och enmansf\u00f6retagare s\u00e4nks med en halv miljard i v\u00e5rbudgeten.\" \/>\n<meta name=\"robots\" content=\"index, follow, max-snippet:-1, max-image-preview:large, max-video-preview:-1\" \/>\n<link rel=\"canonical\" href=\"https:\/\/www.almega.se\/2019\/02\/sankta-arbetsgivaravgifter-valkommet-beslut\/\" \/>\n<meta property=\"og:locale\" content=\"sv_SE\" \/>\n<meta property=\"og:type\" content=\"article\" \/>\n<meta property=\"og:title\" content=\"S\u00e4nkta arbetsgivaravgifter v\u00e4lkommet beslut\" \/>\n<meta property=\"og:description\" content=\"Ig\u00e5r kom beskedet att arbetsgivaravgifterna f\u00f6r unga och enmansf\u00f6retagare s\u00e4nks med en halv miljard i v\u00e5rbudgeten.\" \/>\n<meta property=\"og:url\" content=\"https:\/\/www.almega.se\/2019\/02\/sankta-arbetsgivaravgifter-valkommet-beslut\/\" \/>\n<meta property=\"og:site_name\" content=\"Almega\" \/>\n<meta property=\"article:published_time\" content=\"2019-02-26T12:46:18+00:00\" \/>\n<meta property=\"og:image\" content=\"https:\/\/www.almega.se\/app\/uploads\/2018\/04\/andreas-astrom-webb.jpg\" \/>\n\t<meta property=\"og:image:width\" content=\"1879\" \/>\n\t<meta property=\"og:image:height\" content=\"1357\" \/>\n\t<meta property=\"og:image:type\" content=\"image\/jpeg\" \/>\n<meta name=\"author\" content=\"Julia Schwamberg\" \/>\n<meta name=\"twitter:card\" content=\"summary_large_image\" \/>\n<meta name=\"twitter:label1\" content=\"Skriven av\" \/>\n\t<meta name=\"twitter:data1\" content=\"Julia Schwamberg\" \/>\n\t<meta name=\"twitter:label2\" content=\"Ber\u00e4knad l\u00e4stid\" \/>\n\t<meta name=\"twitter:data2\" content=\"1 minut\" \/>\n<!-- \/ Yoast SEO Premium plugin. -->","yoast_head_json":{"title":"S\u00e4nkta arbetsgivaravgifter v\u00e4lkommet beslut | Almega","description":"Ig\u00e5r kom beskedet att arbetsgivaravgifterna f\u00f6r unga och enmansf\u00f6retagare s\u00e4nks med en halv miljard i v\u00e5rbudgeten.","robots":{"index":"index","follow":"follow","max-snippet":"max-snippet:-1","max-image-preview":"max-image-preview:large","max-video-preview":"max-video-preview:-1"},"canonical":"https:\/\/www.almega.se\/2019\/02\/sankta-arbetsgivaravgifter-valkommet-beslut\/","og_locale":"sv_SE","og_type":"article","og_title":"S\u00e4nkta arbetsgivaravgifter v\u00e4lkommet beslut","og_description":"Ig\u00e5r kom beskedet att arbetsgivaravgifterna f\u00f6r unga och enmansf\u00f6retagare s\u00e4nks med en halv miljard i v\u00e5rbudgeten.","og_url":"https:\/\/www.almega.se\/2019\/02\/sankta-arbetsgivaravgifter-valkommet-beslut\/","og_site_name":"Almega","article_published_time":"2019-02-26T12:46:18+00:00","og_image":[{"width":1879,"height":1357,"url":"https:\/\/www.almega.se\/app\/uploads\/2018\/04\/andreas-astrom-webb.jpg","type":"image\/jpeg"}],"author":"Julia Schwamberg","twitter_card":"summary_large_image","twitter_misc":{"Skriven av":"Julia Schwamberg","Ber\u00e4knad l\u00e4stid":"1 minut"},"schema":{"@context":"https:\/\/schema.org","@graph":[{"@type":"NewsArticle","@id":"https:\/\/www.almega.se\/2019\/02\/sankta-arbetsgivaravgifter-valkommet-beslut\/#article","isPartOf":{"@id":"https:\/\/www.almega.se\/2019\/02\/sankta-arbetsgivaravgifter-valkommet-beslut\/"},"author":{"name":"Julia Schwamberg","@id":"https:\/\/www.almega.se\/#\/schema\/person\/efcc735e9c1ba0f9de79e69dc5be5f8a"},"headline":"S\u00e4nkta arbetsgivaravgifter v\u00e4lkommet beslut","datePublished":"2019-02-26T12:46:18+00:00","mainEntityOfPage":{"@id":"https:\/\/www.almega.se\/2019\/02\/sankta-arbetsgivaravgifter-valkommet-beslut\/"},"wordCount":182,"image":{"@id":"https:\/\/www.almega.se\/2019\/02\/sankta-arbetsgivaravgifter-valkommet-beslut\/#primaryimage"},"thumbnailUrl":"https:\/\/www.almega.se\/app\/uploads\/2018\/04\/andreas-astrom-webb.jpg","keywords":["Arbetsgivaravgift"],"articleSection":["Skatter"],"inLanguage":"sv-SE"},{"@type":"WebPage","@id":"https:\/\/www.almega.se\/2019\/02\/sankta-arbetsgivaravgifter-valkommet-beslut\/","url":"https:\/\/www.almega.se\/2019\/02\/sankta-arbetsgivaravgifter-valkommet-beslut\/","name":"S\u00e4nkta arbetsgivaravgifter v\u00e4lkommet beslut | Almega","isPartOf":{"@id":"https:\/\/www.almega.se\/#website"},"primaryImageOfPage":{"@id":"https:\/\/www.almega.se\/2019\/02\/sankta-arbetsgivaravgifter-valkommet-beslut\/#primaryimage"},"image":{"@id":"https:\/\/www.almega.se\/2019\/02\/sankta-arbetsgivaravgifter-valkommet-beslut\/#primaryimage"},"thumbnailUrl":"https:\/\/www.almega.se\/app\/uploads\/2018\/04\/andreas-astrom-webb.jpg","datePublished":"2019-02-26T12:46:18+00:00","author":{"@id":"https:\/\/www.almega.se\/#\/schema\/person\/efcc735e9c1ba0f9de79e69dc5be5f8a"},"description":"Ig\u00e5r kom beskedet att arbetsgivaravgifterna f\u00f6r unga och enmansf\u00f6retagare s\u00e4nks med en halv miljard i v\u00e5rbudgeten.","breadcrumb":{"@id":"https:\/\/www.almega.se\/2019\/02\/sankta-arbetsgivaravgifter-valkommet-beslut\/#breadcrumb"},"inLanguage":"sv-SE","potentialAction":[{"@type":"ReadAction","target":["https:\/\/www.almega.se\/2019\/02\/sankta-arbetsgivaravgifter-valkommet-beslut\/"]}]},{"@type":"ImageObject","inLanguage":"sv-SE","@id":"https:\/\/www.almega.se\/2019\/02\/sankta-arbetsgivaravgifter-valkommet-beslut\/#primaryimage","url":"https:\/\/www.almega.se\/app\/uploads\/2018\/04\/andreas-astrom-webb.jpg","contentUrl":"https:\/\/www.almega.se\/app\/uploads\/2018\/04\/andreas-astrom-webb.jpg","width":1879,"height":1357,"caption":"Andreas \u00c5str\u00f6m, n\u00e4ringspolitisk chef Almega. Foto: Johan Jeppsson"},{"@type":"BreadcrumbList","@id":"https:\/\/www.almega.se\/2019\/02\/sankta-arbetsgivaravgifter-valkommet-beslut\/#breadcrumb","itemListElement":[{"@type":"ListItem","position":1,"name":"Home","item":"https:\/\/www.almega.se\/"},{"@type":"ListItem","position":2,"name":"S\u00e4nkta arbetsgivaravgifter v\u00e4lkommet beslut"}]},{"@type":"WebSite","@id":"https:\/\/www.almega.se\/#website","url":"https:\/\/www.almega.se\/","name":"Almega","description":"","potentialAction":[{"@type":"SearchAction","target":{"@type":"EntryPoint","urlTemplate":"https:\/\/www.almega.se\/?s={search_term_string}"},"query-input":{"@type":"PropertyValueSpecification","valueRequired":true,"valueName":"search_term_string"}}],"inLanguage":"sv-SE"},{"@type":"Person","@id":"https:\/\/www.almega.se\/#\/schema\/person\/efcc735e9c1ba0f9de79e69dc5be5f8a","name":"Julia Schwamberg","image":{"@type":"ImageObject","inLanguage":"sv-SE","@id":"https:\/\/www.almega.se\/#\/schema\/person\/image\/","url":"https:\/\/secure.gravatar.com\/avatar\/60ee7d8b8e9aa9b036f4768c0d2e868d8f080bcf68689c0f64ab3b87b1c2f78b?s=96&d=mm&r=g","contentUrl":"https:\/\/secure.gravatar.com\/avatar\/60ee7d8b8e9aa9b036f4768c0d2e868d8f080bcf68689c0f64ab3b87b1c2f78b?s=96&d=mm&r=g","caption":"Julia Schwamberg"},"url":"https:\/\/www.almega.se\/person\/juliaschwamberg\/"}]}},"_links":{"self":[{"href":"https:\/\/www.almega.se\/api\/wp\/v2\/posts\/22385","targetHints":{"allow":["GET"]}}],"collection":[{"href":"https:\/\/www.almega.se\/api\/wp\/v2\/posts"}],"about":[{"href":"https:\/\/www.almega.se\/api\/wp\/v2\/types\/post"}],"author":[{"embeddable":true,"href":"https:\/\/www.almega.se\/api\/wp\/v2\/users\/3"}],"replies":[{"embeddable":true,"href":"https:\/\/www.almega.se\/api\/wp\/v2\/comments?post=22385"}],"version-history":[{"count":5,"href":"https:\/\/www.almega.se\/api\/wp\/v2\/posts\/22385\/revisions"}],"predecessor-version":[{"id":51726,"href":"https:\/\/www.almega.se\/api\/wp\/v2\/posts\/22385\/revisions\/51726"}],"wp:featuredmedia":[{"embeddable":true,"href":"https:\/\/www.almega.se\/api\/wp\/v2\/media\/16970"}],"wp:attachment":[{"href":"https:\/\/www.almega.se\/api\/wp\/v2\/media?parent=22385"}],"wp:term":[{"taxonomy":"category","embeddable":true,"href":"https:\/\/www.almega.se\/api\/wp\/v2\/categories?post=22385"},{"taxonomy":"post_tag","embeddable":true,"href":"https:\/\/www.almega.se\/api\/wp\/v2\/tags?post=22385"},{"taxonomy":"type","embeddable":true,"href":"https:\/\/www.almega.se\/api\/wp\/v2\/article_type?post=22385"},{"taxonomy":"agreement","embeddable":true,"href":"https:\/\/www.almega.se\/api\/wp\/v2\/agreement?post=22385"}],"curies":[{"name":"wp","href":"https:\/\/api.w.org\/{rel}","templated":true}]}}