{"id":21642,"date":"2019-01-23T13:38:26","date_gmt":"2019-01-23T12:38:26","guid":{"rendered":"https:\/\/www.almega.se\/?p=21642"},"modified":"2023-10-12T13:35:26","modified_gmt":"2023-10-12T11:35:26","slug":"nu-sanks-avgiften-till-trr","status":"publish","type":"post","link":"https:\/\/www.almega.se\/2019\/01\/nu-sanks-avgiften-till-trr\/","title":{"rendered":"Nu s\u00e4nks avgiften till TRR"},"content":{"rendered":"<p class=\"intro\">Fr\u00e5n och med \u00e5rsskiftet beh\u00f6ver inte Almegas medlemsf\u00f6retag som \u00e4r bundna av kollektivavtal betala n\u00e5gon premie till Trygghetsr\u00e5det (TRR).<\/p>\n\n<p>Tack vare f\u00e5 upps\u00e4gningar har kapitalet i TRR de senaste \u00e5ren \u00f6kat och uppg\u00e5r idag till 9,5 miljarder. En bed\u00f6mning av kapitalbehovet kommer att g\u00f6ras \u00e5rligen f\u00f6r att ta st\u00e4llning till huruvida avgiftsreduceringen ska beh\u00e5llas. Den ordinarie premien \u00e4r 0,3 %.<\/p>\n\n\n\n<p>\u00c4ven avgiften till arbetarnas motsvarande omst\u00e4llningsst\u00f6d TSL rabatteras kraftigt.<\/p>\n\n\n\n<p>F\u00f6rutom att avgiften reduceras ut\u00f6kas m\u00f6jligheten att f\u00e5 omst\u00e4llningsst\u00f6d. Omst\u00e4llningsst\u00f6d kan bl.a. ges d\u00e5 arbetstagare s\u00e4gs upp p.g.a. sjukdom. F\u00f6ruts\u00e4ttningen \u00e4r att arbetstagaren accepterar upps\u00e4gningen och inte tvistar mot arbetsgivaren.<\/p>\n\n\n\n<p><a class=\"button\" href=\"https:\/\/www.arbetsgivarguiden.se\/\">Vill du veta mer? L\u00e4s mer i Arbetsgivarguiden!<\/a><\/p>\n","protected":false},"excerpt":{"rendered":"<p>Tack vare f\u00e5 upps\u00e4gningar har kapitalet i TRR de senaste \u00e5ren \u00f6kat och uppg\u00e5r idag till 9,5 miljarder. En bed\u00f6mning av kapitalbehovet kommer att g\u00f6ras \u00e5rligen f\u00f6r att ta st\u00e4llning till huruvida avgiftsreduceringen ska beh\u00e5llas. &hellip;<\/p>\n","protected":false},"author":3,"featured_media":21643,"comment_status":"closed","ping_status":"closed","sticky":false,"template":"","format":"standard","meta":{"_acf_changed":false,"footnotes":""},"categories":[451,57],"tags":[422],"article_type":[56],"agreement":[],"class_list":["post-21642","post","type-post","status-publish","format-standard","has-post-thumbnail","hentry","category-arbetsgivarfragor","category-skatter","tag-arbetsgivaravgift","type-nyheter"],"acf":[],"yoast_head":"<!-- This site is optimized with the Yoast SEO Premium plugin v26.8 (Yoast SEO v26.8) - https:\/\/yoast.com\/product\/yoast-seo-premium-wordpress\/ -->\n<title>Nu s\u00e4nks avgiften till TRR | Almega<\/title>\n<meta name=\"description\" content=\"Fr\u00e5n och med \u00e5rsskiftet beh\u00f6ver inte Almegas medlemsf\u00f6retag som \u00e4r bundna av kollektivavtal betala n\u00e5gon premie till Trygghetsr\u00e5det (TRR).\" \/>\n<meta name=\"robots\" content=\"index, follow, max-snippet:-1, max-image-preview:large, max-video-preview:-1\" \/>\n<link rel=\"canonical\" href=\"https:\/\/www.almega.se\/2019\/01\/nu-sanks-avgiften-till-trr\/\" \/>\n<meta property=\"og:locale\" content=\"sv_SE\" \/>\n<meta property=\"og:type\" content=\"article\" \/>\n<meta property=\"og:title\" content=\"Nu s\u00e4nks avgiften till TRR\" \/>\n<meta property=\"og:description\" content=\"Fr\u00e5n och med \u00e5rsskiftet beh\u00f6ver inte Almegas medlemsf\u00f6retag som \u00e4r bundna av kollektivavtal betala n\u00e5gon premie till Trygghetsr\u00e5det (TRR).\" \/>\n<meta property=\"og:url\" content=\"https:\/\/www.almega.se\/2019\/01\/nu-sanks-avgiften-till-trr\/\" \/>\n<meta property=\"og:site_name\" content=\"Almega\" \/>\n<meta property=\"article:published_time\" content=\"2019-01-23T12:38:26+00:00\" \/>\n<meta property=\"article:modified_time\" content=\"2023-10-12T11:35:26+00:00\" \/>\n<meta property=\"og:image\" content=\"https:\/\/www.almega.se\/app\/uploads\/2019\/01\/premie-trygghetsradet.jpg\" \/>\n\t<meta property=\"og:image:width\" content=\"1000\" \/>\n\t<meta property=\"og:image:height\" content=\"600\" \/>\n\t<meta property=\"og:image:type\" content=\"image\/jpeg\" \/>\n<meta name=\"author\" content=\"Julia Schwamberg\" \/>\n<meta name=\"twitter:card\" content=\"summary_large_image\" \/>\n<meta name=\"twitter:label1\" content=\"Skriven av\" \/>\n\t<meta name=\"twitter:data1\" content=\"Julia Schwamberg\" \/>\n\t<meta name=\"twitter:label2\" content=\"Ber\u00e4knad l\u00e4stid\" \/>\n\t<meta name=\"twitter:data2\" content=\"1 minut\" \/>\n<!-- \/ Yoast SEO Premium plugin. -->","yoast_head_json":{"title":"Nu s\u00e4nks avgiften till TRR | Almega","description":"Fr\u00e5n och med \u00e5rsskiftet beh\u00f6ver inte Almegas medlemsf\u00f6retag som \u00e4r bundna av kollektivavtal betala n\u00e5gon premie till Trygghetsr\u00e5det (TRR).","robots":{"index":"index","follow":"follow","max-snippet":"max-snippet:-1","max-image-preview":"max-image-preview:large","max-video-preview":"max-video-preview:-1"},"canonical":"https:\/\/www.almega.se\/2019\/01\/nu-sanks-avgiften-till-trr\/","og_locale":"sv_SE","og_type":"article","og_title":"Nu s\u00e4nks avgiften till TRR","og_description":"Fr\u00e5n och med \u00e5rsskiftet beh\u00f6ver inte Almegas medlemsf\u00f6retag som \u00e4r bundna av kollektivavtal betala n\u00e5gon premie till Trygghetsr\u00e5det (TRR).","og_url":"https:\/\/www.almega.se\/2019\/01\/nu-sanks-avgiften-till-trr\/","og_site_name":"Almega","article_published_time":"2019-01-23T12:38:26+00:00","article_modified_time":"2023-10-12T11:35:26+00:00","og_image":[{"width":1000,"height":600,"url":"https:\/\/www.almega.se\/app\/uploads\/2019\/01\/premie-trygghetsradet.jpg","type":"image\/jpeg"}],"author":"Julia Schwamberg","twitter_card":"summary_large_image","twitter_misc":{"Skriven av":"Julia Schwamberg","Ber\u00e4knad l\u00e4stid":"1 minut"},"schema":{"@context":"https:\/\/schema.org","@graph":[{"@type":"NewsArticle","@id":"https:\/\/www.almega.se\/2019\/01\/nu-sanks-avgiften-till-trr\/#article","isPartOf":{"@id":"https:\/\/www.almega.se\/2019\/01\/nu-sanks-avgiften-till-trr\/"},"author":{"name":"Julia Schwamberg","@id":"https:\/\/www.almega.se\/#\/schema\/person\/efcc735e9c1ba0f9de79e69dc5be5f8a"},"headline":"Nu s\u00e4nks avgiften till TRR","datePublished":"2019-01-23T12:38:26+00:00","dateModified":"2023-10-12T11:35:26+00:00","mainEntityOfPage":{"@id":"https:\/\/www.almega.se\/2019\/01\/nu-sanks-avgiften-till-trr\/"},"wordCount":115,"image":{"@id":"https:\/\/www.almega.se\/2019\/01\/nu-sanks-avgiften-till-trr\/#primaryimage"},"thumbnailUrl":"https:\/\/www.almega.se\/app\/uploads\/2019\/01\/premie-trygghetsradet.jpg","keywords":["Arbetsgivaravgift"],"articleSection":["Arbetsgivarfr\u00e5gor","Skatter"],"inLanguage":"sv-SE"},{"@type":"WebPage","@id":"https:\/\/www.almega.se\/2019\/01\/nu-sanks-avgiften-till-trr\/","url":"https:\/\/www.almega.se\/2019\/01\/nu-sanks-avgiften-till-trr\/","name":"Nu s\u00e4nks avgiften till TRR | Almega","isPartOf":{"@id":"https:\/\/www.almega.se\/#website"},"primaryImageOfPage":{"@id":"https:\/\/www.almega.se\/2019\/01\/nu-sanks-avgiften-till-trr\/#primaryimage"},"image":{"@id":"https:\/\/www.almega.se\/2019\/01\/nu-sanks-avgiften-till-trr\/#primaryimage"},"thumbnailUrl":"https:\/\/www.almega.se\/app\/uploads\/2019\/01\/premie-trygghetsradet.jpg","datePublished":"2019-01-23T12:38:26+00:00","dateModified":"2023-10-12T11:35:26+00:00","author":{"@id":"https:\/\/www.almega.se\/#\/schema\/person\/efcc735e9c1ba0f9de79e69dc5be5f8a"},"description":"Fr\u00e5n och med \u00e5rsskiftet beh\u00f6ver inte Almegas medlemsf\u00f6retag som \u00e4r bundna av kollektivavtal betala n\u00e5gon premie till Trygghetsr\u00e5det (TRR).","breadcrumb":{"@id":"https:\/\/www.almega.se\/2019\/01\/nu-sanks-avgiften-till-trr\/#breadcrumb"},"inLanguage":"sv-SE","potentialAction":[{"@type":"ReadAction","target":["https:\/\/www.almega.se\/2019\/01\/nu-sanks-avgiften-till-trr\/"]}]},{"@type":"ImageObject","inLanguage":"sv-SE","@id":"https:\/\/www.almega.se\/2019\/01\/nu-sanks-avgiften-till-trr\/#primaryimage","url":"https:\/\/www.almega.se\/app\/uploads\/2019\/01\/premie-trygghetsradet.jpg","contentUrl":"https:\/\/www.almega.se\/app\/uploads\/2019\/01\/premie-trygghetsradet.jpg","width":1000,"height":600,"caption":"TRR"},{"@type":"BreadcrumbList","@id":"https:\/\/www.almega.se\/2019\/01\/nu-sanks-avgiften-till-trr\/#breadcrumb","itemListElement":[{"@type":"ListItem","position":1,"name":"Home","item":"https:\/\/www.almega.se\/"},{"@type":"ListItem","position":2,"name":"Nu s\u00e4nks avgiften till TRR"}]},{"@type":"WebSite","@id":"https:\/\/www.almega.se\/#website","url":"https:\/\/www.almega.se\/","name":"Almega","description":"","potentialAction":[{"@type":"SearchAction","target":{"@type":"EntryPoint","urlTemplate":"https:\/\/www.almega.se\/?s={search_term_string}"},"query-input":{"@type":"PropertyValueSpecification","valueRequired":true,"valueName":"search_term_string"}}],"inLanguage":"sv-SE"},{"@type":"Person","@id":"https:\/\/www.almega.se\/#\/schema\/person\/efcc735e9c1ba0f9de79e69dc5be5f8a","name":"Julia Schwamberg","image":{"@type":"ImageObject","inLanguage":"sv-SE","@id":"https:\/\/www.almega.se\/#\/schema\/person\/image\/","url":"https:\/\/secure.gravatar.com\/avatar\/60ee7d8b8e9aa9b036f4768c0d2e868d8f080bcf68689c0f64ab3b87b1c2f78b?s=96&d=mm&r=g","contentUrl":"https:\/\/secure.gravatar.com\/avatar\/60ee7d8b8e9aa9b036f4768c0d2e868d8f080bcf68689c0f64ab3b87b1c2f78b?s=96&d=mm&r=g","caption":"Julia Schwamberg"},"url":"https:\/\/www.almega.se\/person\/juliaschwamberg\/"}]}},"_links":{"self":[{"href":"https:\/\/www.almega.se\/api\/wp\/v2\/posts\/21642","targetHints":{"allow":["GET"]}}],"collection":[{"href":"https:\/\/www.almega.se\/api\/wp\/v2\/posts"}],"about":[{"href":"https:\/\/www.almega.se\/api\/wp\/v2\/types\/post"}],"author":[{"embeddable":true,"href":"https:\/\/www.almega.se\/api\/wp\/v2\/users\/3"}],"replies":[{"embeddable":true,"href":"https:\/\/www.almega.se\/api\/wp\/v2\/comments?post=21642"}],"version-history":[{"count":5,"href":"https:\/\/www.almega.se\/api\/wp\/v2\/posts\/21642\/revisions"}],"predecessor-version":[{"id":67525,"href":"https:\/\/www.almega.se\/api\/wp\/v2\/posts\/21642\/revisions\/67525"}],"wp:featuredmedia":[{"embeddable":true,"href":"https:\/\/www.almega.se\/api\/wp\/v2\/media\/21643"}],"wp:attachment":[{"href":"https:\/\/www.almega.se\/api\/wp\/v2\/media?parent=21642"}],"wp:term":[{"taxonomy":"category","embeddable":true,"href":"https:\/\/www.almega.se\/api\/wp\/v2\/categories?post=21642"},{"taxonomy":"post_tag","embeddable":true,"href":"https:\/\/www.almega.se\/api\/wp\/v2\/tags?post=21642"},{"taxonomy":"type","embeddable":true,"href":"https:\/\/www.almega.se\/api\/wp\/v2\/article_type?post=21642"},{"taxonomy":"agreement","embeddable":true,"href":"https:\/\/www.almega.se\/api\/wp\/v2\/agreement?post=21642"}],"curies":[{"name":"wp","href":"https:\/\/api.w.org\/{rel}","templated":true}]}}