{"id":21554,"date":"2019-01-18T15:43:50","date_gmt":"2019-01-18T14:43:50","guid":{"rendered":"https:\/\/www.almega.se\/?p=21554"},"modified":"2023-08-22T09:00:11","modified_gmt":"2023-08-22T07:00:11","slug":"las-behover-moderniseras","status":"publish","type":"post","link":"https:\/\/www.almega.se\/2019\/01\/las-behover-moderniseras\/","title":{"rendered":"LAS beh\u00f6ver moderniseras"},"content":{"rendered":"<p class=\"intro\">Arbetsmarknaden f\u00f6r\u00e4ndras och d\u00e5 beh\u00f6ver b\u00e5de kollektivavtal och lagstiftning g\u00e5 i takt med utvecklingen. Lagen om anst\u00e4llningsvillkor, LAS, \u00e4r fr\u00e5n 1974 och beh\u00f6ver moderniseras f\u00f6r att inte hindra och h\u00e4mma svenska f\u00f6retag. Stefan Koskinen, arbetsmarknadspolitisk chef p\u00e5 Almega, ber\u00e4ttar om varf\u00f6r <a href=\"https:\/\/sverigesradio.se\/sida\/avsnitt\/1217984?programid=1637\" target=\"_blank\" rel=\"noopener\">i Studio Ett<\/a>.<\/p>\n\n<p>&#8211; Turordningsreglerna \u00e4r bara en del av bekymret, Almega vill se en bredare \u00f6verenskommelse med v\u00e5ra motparter som omfattar fler delar av LAS, s\u00e4ger Stefan Koskinen.<\/p>\n\n\n\n<p>Arbetsmarknadens parter har l\u00e4nge f\u00f6rt diskussioner om hur arbetsr\u00e4tten kan moderniseras och hur LAS b\u00e4ttre kan anpassas till n\u00e4ringslivets r\u00e5dande f\u00f6ruts\u00e4ttningar. I samband med regeringsf\u00f6rhandlingarna har fr\u00e5gan \u00e5ter blivit aktuell och allt tyder p\u00e5 att det finns en \u00f6verenskommelse mellan Socialdemokraterna, Milj\u00f6partiet, Centerpartiet och Liberalerna om att modernisera lagstiftningen.<\/p>\n\n\n\n<p>&#8211; Det blir inga f\u00f6r\u00e4ndringar utan politiskt tryck. Och en s\u00e5dan \u00f6verenskommelse, mellan parterna och med politiskt tryck, blir en helhets\u00f6verenskommelse \u2013 det kommer allts\u00e5 \u00e4ven finnas delar som vi fr\u00e5n arbetsgivarsidan kommer tycka \u00e4r mindre bra. Men s\u00e5 \u00e4r det alltid n\u00e4r vi parter f\u00f6rhandlar och s\u00f6ker en kompromiss, forts\u00e4tter Stefan Koskinen.<\/p>\n\n\n\n<p>En del av r\u00e5dande lagstiftningen som skapar problem f\u00f6r f\u00f6retagen \u00e4r skrivningen om begreppet \u201dtillr\u00e4ckliga kvalifikationer\u201d. Det r\u00e4cker att en medarbetare anses ha tillr\u00e4ckliga kvalifikationer f\u00f6r att f\u00f6retaget ska beh\u00f6va till\u00e4mpa turordning vid upps\u00e4gning \u2013 allts\u00e5 det som kallas sist-in-f\u00f6rst-ut.<\/p>\n\n\n\n<p>&#8211; Man kan j\u00e4mf\u00f6ra \u201dtillr\u00e4ckliga kvalifikationer\u201d med en tv\u00e5a p\u00e5 den femgradiga betygsskalan. Det s\u00e4ger sig sj\u00e4lvt att f\u00f6retag riskerar att bli av med viktig kompetens n\u00e4r de tvingas g\u00f6ra sig av med sina b\u00e4sta medarbetare till f\u00f6rm\u00e5n f\u00f6r de som anses ha \u201dtillr\u00e4cklig kompetens\u201d. Det g\u00f6r, f\u00f6rutom att hota f\u00f6retagets \u00f6verlevnad, ocks\u00e5 att f\u00f6retag drar sig f\u00f6r att investera i medarbetares kompetens \u2013 eftersom de inte vet om de kan beh\u00e5lla kompetensen vid en neddragning, s\u00e4ger Stefan Koskinen.<\/p>\n","protected":false},"excerpt":{"rendered":"<p>&#8211; Turordningsreglerna \u00e4r bara en del av bekymret, Almega vill se en bredare \u00f6verenskommelse med v\u00e5ra motparter som omfattar fler delar av LAS, s\u00e4ger Stefan Koskinen. Arbetsmarknadens parter har l\u00e4nge f\u00f6rt diskussioner om hur arbetsr\u00e4tten &hellip;<\/p>\n","protected":false},"author":3,"featured_media":21555,"comment_status":"closed","ping_status":"closed","sticky":false,"template":"","format":"standard","meta":{"_acf_changed":false,"footnotes":""},"categories":[451],"tags":[425],"article_type":[56],"agreement":[],"class_list":["post-21554","post","type-post","status-publish","format-standard","has-post-thumbnail","hentry","category-arbetsgivarfragor","tag-lagen-om-anstallningsskydd-las","type-nyheter"],"acf":[],"yoast_head":"<!-- This site is optimized with the Yoast SEO Premium plugin v26.8 (Yoast SEO v26.8) - https:\/\/yoast.com\/product\/yoast-seo-premium-wordpress\/ -->\n<title>LAS beh\u00f6ver moderniseras | Almega<\/title>\n<meta name=\"robots\" content=\"index, follow, max-snippet:-1, max-image-preview:large, max-video-preview:-1\" \/>\n<link rel=\"canonical\" href=\"https:\/\/www.almega.se\/2019\/01\/las-behover-moderniseras\/\" \/>\n<meta property=\"og:locale\" content=\"sv_SE\" \/>\n<meta property=\"og:type\" content=\"article\" \/>\n<meta property=\"og:title\" content=\"LAS beh\u00f6ver moderniseras\" \/>\n<meta property=\"og:description\" content=\"&#8211; Turordningsreglerna \u00e4r bara en del av bekymret, Almega vill se en bredare \u00f6verenskommelse med v\u00e5ra motparter som omfattar fler delar av LAS, s\u00e4ger Stefan Koskinen. Arbetsmarknadens parter har l\u00e4nge f\u00f6rt diskussioner om hur arbetsr\u00e4tten &hellip;\" \/>\n<meta property=\"og:url\" content=\"https:\/\/www.almega.se\/2019\/01\/las-behover-moderniseras\/\" \/>\n<meta property=\"og:site_name\" content=\"Almega\" \/>\n<meta property=\"article:published_time\" content=\"2019-01-18T14:43:50+00:00\" \/>\n<meta property=\"article:modified_time\" content=\"2023-08-22T07:00:11+00:00\" \/>\n<meta property=\"og:image\" content=\"https:\/\/www.almega.se\/app\/uploads\/2019\/01\/stefan-koskinen1.jpg\" \/>\n\t<meta property=\"og:image:width\" content=\"1000\" \/>\n\t<meta property=\"og:image:height\" content=\"600\" \/>\n\t<meta property=\"og:image:type\" content=\"image\/jpeg\" \/>\n<meta name=\"author\" content=\"Julia Schwamberg\" \/>\n<meta name=\"twitter:card\" content=\"summary_large_image\" \/>\n<meta name=\"twitter:label1\" content=\"Skriven av\" \/>\n\t<meta name=\"twitter:data1\" content=\"Julia Schwamberg\" \/>\n\t<meta name=\"twitter:label2\" content=\"Ber\u00e4knad l\u00e4stid\" \/>\n\t<meta name=\"twitter:data2\" content=\"2 minuter\" \/>\n<!-- \/ Yoast SEO Premium plugin. -->","yoast_head_json":{"title":"LAS beh\u00f6ver moderniseras | Almega","robots":{"index":"index","follow":"follow","max-snippet":"max-snippet:-1","max-image-preview":"max-image-preview:large","max-video-preview":"max-video-preview:-1"},"canonical":"https:\/\/www.almega.se\/2019\/01\/las-behover-moderniseras\/","og_locale":"sv_SE","og_type":"article","og_title":"LAS beh\u00f6ver moderniseras","og_description":"&#8211; Turordningsreglerna \u00e4r bara en del av bekymret, Almega vill se en bredare \u00f6verenskommelse med v\u00e5ra motparter som omfattar fler delar av LAS, s\u00e4ger Stefan Koskinen. Arbetsmarknadens parter har l\u00e4nge f\u00f6rt diskussioner om hur arbetsr\u00e4tten &hellip;","og_url":"https:\/\/www.almega.se\/2019\/01\/las-behover-moderniseras\/","og_site_name":"Almega","article_published_time":"2019-01-18T14:43:50+00:00","article_modified_time":"2023-08-22T07:00:11+00:00","og_image":[{"width":1000,"height":600,"url":"https:\/\/www.almega.se\/app\/uploads\/2019\/01\/stefan-koskinen1.jpg","type":"image\/jpeg"}],"author":"Julia Schwamberg","twitter_card":"summary_large_image","twitter_misc":{"Skriven av":"Julia Schwamberg","Ber\u00e4knad l\u00e4stid":"2 minuter"},"schema":{"@context":"https:\/\/schema.org","@graph":[{"@type":"NewsArticle","@id":"https:\/\/www.almega.se\/2019\/01\/las-behover-moderniseras\/#article","isPartOf":{"@id":"https:\/\/www.almega.se\/2019\/01\/las-behover-moderniseras\/"},"author":{"name":"Julia Schwamberg","@id":"https:\/\/www.almega.se\/#\/schema\/person\/efcc735e9c1ba0f9de79e69dc5be5f8a"},"headline":"LAS beh\u00f6ver moderniseras","datePublished":"2019-01-18T14:43:50+00:00","dateModified":"2023-08-22T07:00:11+00:00","mainEntityOfPage":{"@id":"https:\/\/www.almega.se\/2019\/01\/las-behover-moderniseras\/"},"wordCount":303,"image":{"@id":"https:\/\/www.almega.se\/2019\/01\/las-behover-moderniseras\/#primaryimage"},"thumbnailUrl":"https:\/\/www.almega.se\/app\/uploads\/2019\/01\/stefan-koskinen1.jpg","keywords":["Lagen om anst\u00e4llningsskydd (LAS)"],"articleSection":["Arbetsgivarfr\u00e5gor"],"inLanguage":"sv-SE"},{"@type":"WebPage","@id":"https:\/\/www.almega.se\/2019\/01\/las-behover-moderniseras\/","url":"https:\/\/www.almega.se\/2019\/01\/las-behover-moderniseras\/","name":"LAS beh\u00f6ver moderniseras | Almega","isPartOf":{"@id":"https:\/\/www.almega.se\/#website"},"primaryImageOfPage":{"@id":"https:\/\/www.almega.se\/2019\/01\/las-behover-moderniseras\/#primaryimage"},"image":{"@id":"https:\/\/www.almega.se\/2019\/01\/las-behover-moderniseras\/#primaryimage"},"thumbnailUrl":"https:\/\/www.almega.se\/app\/uploads\/2019\/01\/stefan-koskinen1.jpg","datePublished":"2019-01-18T14:43:50+00:00","dateModified":"2023-08-22T07:00:11+00:00","author":{"@id":"https:\/\/www.almega.se\/#\/schema\/person\/efcc735e9c1ba0f9de79e69dc5be5f8a"},"breadcrumb":{"@id":"https:\/\/www.almega.se\/2019\/01\/las-behover-moderniseras\/#breadcrumb"},"inLanguage":"sv-SE","potentialAction":[{"@type":"ReadAction","target":["https:\/\/www.almega.se\/2019\/01\/las-behover-moderniseras\/"]}]},{"@type":"ImageObject","inLanguage":"sv-SE","@id":"https:\/\/www.almega.se\/2019\/01\/las-behover-moderniseras\/#primaryimage","url":"https:\/\/www.almega.se\/app\/uploads\/2019\/01\/stefan-koskinen1.jpg","contentUrl":"https:\/\/www.almega.se\/app\/uploads\/2019\/01\/stefan-koskinen1.jpg","width":1000,"height":600,"caption":"Stefan koskinen om anst\u00e4llningsskydd"},{"@type":"BreadcrumbList","@id":"https:\/\/www.almega.se\/2019\/01\/las-behover-moderniseras\/#breadcrumb","itemListElement":[{"@type":"ListItem","position":1,"name":"Home","item":"https:\/\/www.almega.se\/"},{"@type":"ListItem","position":2,"name":"LAS beh\u00f6ver moderniseras"}]},{"@type":"WebSite","@id":"https:\/\/www.almega.se\/#website","url":"https:\/\/www.almega.se\/","name":"Almega","description":"","potentialAction":[{"@type":"SearchAction","target":{"@type":"EntryPoint","urlTemplate":"https:\/\/www.almega.se\/?s={search_term_string}"},"query-input":{"@type":"PropertyValueSpecification","valueRequired":true,"valueName":"search_term_string"}}],"inLanguage":"sv-SE"},{"@type":"Person","@id":"https:\/\/www.almega.se\/#\/schema\/person\/efcc735e9c1ba0f9de79e69dc5be5f8a","name":"Julia Schwamberg","image":{"@type":"ImageObject","inLanguage":"sv-SE","@id":"https:\/\/www.almega.se\/#\/schema\/person\/image\/","url":"https:\/\/secure.gravatar.com\/avatar\/60ee7d8b8e9aa9b036f4768c0d2e868d8f080bcf68689c0f64ab3b87b1c2f78b?s=96&d=mm&r=g","contentUrl":"https:\/\/secure.gravatar.com\/avatar\/60ee7d8b8e9aa9b036f4768c0d2e868d8f080bcf68689c0f64ab3b87b1c2f78b?s=96&d=mm&r=g","caption":"Julia Schwamberg"},"url":"https:\/\/www.almega.se\/person\/juliaschwamberg\/"}]}},"_links":{"self":[{"href":"https:\/\/www.almega.se\/api\/wp\/v2\/posts\/21554","targetHints":{"allow":["GET"]}}],"collection":[{"href":"https:\/\/www.almega.se\/api\/wp\/v2\/posts"}],"about":[{"href":"https:\/\/www.almega.se\/api\/wp\/v2\/types\/post"}],"author":[{"embeddable":true,"href":"https:\/\/www.almega.se\/api\/wp\/v2\/users\/3"}],"replies":[{"embeddable":true,"href":"https:\/\/www.almega.se\/api\/wp\/v2\/comments?post=21554"}],"version-history":[{"count":4,"href":"https:\/\/www.almega.se\/api\/wp\/v2\/posts\/21554\/revisions"}],"predecessor-version":[{"id":65918,"href":"https:\/\/www.almega.se\/api\/wp\/v2\/posts\/21554\/revisions\/65918"}],"wp:featuredmedia":[{"embeddable":true,"href":"https:\/\/www.almega.se\/api\/wp\/v2\/media\/21555"}],"wp:attachment":[{"href":"https:\/\/www.almega.se\/api\/wp\/v2\/media?parent=21554"}],"wp:term":[{"taxonomy":"category","embeddable":true,"href":"https:\/\/www.almega.se\/api\/wp\/v2\/categories?post=21554"},{"taxonomy":"post_tag","embeddable":true,"href":"https:\/\/www.almega.se\/api\/wp\/v2\/tags?post=21554"},{"taxonomy":"type","embeddable":true,"href":"https:\/\/www.almega.se\/api\/wp\/v2\/article_type?post=21554"},{"taxonomy":"agreement","embeddable":true,"href":"https:\/\/www.almega.se\/api\/wp\/v2\/agreement?post=21554"}],"curies":[{"name":"wp","href":"https:\/\/api.w.org\/{rel}","templated":true}]}}