{"id":21403,"date":"2019-01-11T17:55:04","date_gmt":"2019-01-11T16:55:04","guid":{"rendered":"https:\/\/www.almega.se\/?p=21403"},"modified":"2019-01-11T17:55:04","modified_gmt":"2019-01-11T16:55:04","slug":"almega-kommenterar-overenskommelsen-mellan-s-c-l-mp","status":"publish","type":"post","link":"https:\/\/www.almega.se\/2019\/01\/almega-kommenterar-overenskommelsen-mellan-s-c-l-mp\/","title":{"rendered":"Almega kommenterar \u00f6verens&shy;kommelsen mellan S, C, L &amp; Mp"},"content":{"rendered":"<p class=\"intro\">Almega kommenterar \u00f6verenskommelse mellan Socialdemokraterna, Centerpartiet, Liberalerna och Milj\u00f6partiet som idag presenterats. &#8221;\u00d6verenskommelsen inneh\u00e5ller m\u00e5nga omr\u00e5den som vi v\u00e4lkomnar som till exempel en breddning av Rut, att kompetensf\u00f6retag \u00e4ven ska ing\u00e5 i etableringsanst\u00e4llningar, att man ser \u00f6ver ett antal skatter samt att slopa f\u00f6rslag som vinstf\u00f6rbud f\u00f6r privata akt\u00f6rer inom v\u00e4lf\u00e4rden&#8221;, s\u00e4ger Stefan Koskinen, arbetsgivarpolitisk chef, Almega.<\/p>\n\n<p>Almega v\u00e4lkomnar \u00f6verenskommelsen om Arbetsf\u00f6rmedlingen. Det \u00e4r en gl\u00e4djande nyhet att det oavsett regeringsbildning just nu finns en enad syn g\u00e4llande att reformera Arbetsf\u00f6rmedlingen.<\/p>\n\n\n\n<p>&#8211; Med en reformerad Arbetsf\u00f6rmedling kommer matchningen att f\u00f6rb\u00e4ttras och tiotusentals nya jobb att kunna tills\u00e4ttas. Almega har en l\u00f6sning p\u00e5 genomf\u00f6randet som kommer att presenteras redan p\u00e5 torsdag den 17 januari, s\u00e4ger Stefan Koskinen.<\/p>\n\n\n\n<p>&#8211; Det \u00e4r bra att politiken nu tar tag i LAS-fr\u00e5gan och f\u00f6resl\u00e5r f\u00f6r\u00e4ndringar. \u00c4ven om vi hade \u00f6nskat mer omfattande f\u00f6rslag med en kortare tidplan. Men vi konstaterar att man nu aviserar att det blir ett tydligt ut\u00f6kade undantag fr\u00e5n turordningsreglerna och dessutom l\u00e4gre kostnader vid upps\u00e4gningar, s\u00e4rskilt f\u00f6r mindre f\u00f6retag. \u00c4ven om detta inte l\u00f6ser f\u00f6retagens alla problem med LAS s\u00e5 \u00e4r det ett viktigt steg i r\u00e4tt riktning. Vi tror att det kommer att f\u00f6rb\u00e4ttra arbetsmarknadens funktionalitet och att det kommer att leda till fler anst\u00e4llningar d\u00e4r fler kan komma i jobb, s\u00e4ger Stefan Koskinen.<\/p>\n\n\n\n<p>Almega tror ocks\u00e5 att de f\u00f6reslagna f\u00f6r\u00e4ndringarna kommer att vara det n\u00f6dv\u00e4ndiga tryck som beh\u00f6vs f\u00f6r att arbetsmarknadens parter ska kunna tr\u00e4ffa en \u00f6verenskommelse om modernisering av LAS.<\/p>\n\n\n\n<p>&#8211; Jag \u00e4r \u00f6vertygad om att detta kommer att leda till att parterna tar ett samlat grepp \u00f6ver LAS-fr\u00e5gan och fr\u00e5gorna kring omst\u00e4llning och kompetensutveckling. D\u00e4rf\u00f6r \u00e4r vi ocks\u00e5 beredda att s\u00e5 snart som m\u00f6jligt medverka i s\u00e5dana partsf\u00f6rhandlingar, s\u00e4ger Stefan Koskinen.<\/p>\n","protected":false},"excerpt":{"rendered":"<p>Almega v\u00e4lkomnar \u00f6verenskommelsen om Arbetsf\u00f6rmedlingen. Det \u00e4r en gl\u00e4djande nyhet att det oavsett regeringsbildning just nu finns en enad syn g\u00e4llande att reformera Arbetsf\u00f6rmedlingen. &#8211; Med en reformerad Arbetsf\u00f6rmedling kommer matchningen att f\u00f6rb\u00e4ttras och tiotusentals &hellip;<\/p>\n","protected":false},"author":3,"featured_media":0,"comment_status":"closed","ping_status":"closed","sticky":false,"template":"","format":"standard","meta":{"_acf_changed":false,"footnotes":""},"categories":[451,64,57],"tags":[423,425,61],"article_type":[56],"agreement":[],"class_list":["post-21403","post","type-post","status-publish","format-standard","hentry","category-arbetsgivarfragor","category-arbetsmarknad","category-skatter","tag-arbetsformedling","tag-lagen-om-anstallningsskydd-las","tag-rut-avdrag","type-nyheter"],"acf":[],"yoast_head":"<!-- This site is optimized with the Yoast SEO Premium plugin v26.8 (Yoast SEO v26.8) - https:\/\/yoast.com\/product\/yoast-seo-premium-wordpress\/ -->\n<title>Almega kommenterar \u00f6verenskommelsen mellan S, C, L &amp; Mp | Almega<\/title>\n<meta name=\"robots\" content=\"index, follow, max-snippet:-1, max-image-preview:large, max-video-preview:-1\" \/>\n<link rel=\"canonical\" href=\"https:\/\/www.almega.se\/2019\/01\/almega-kommenterar-overenskommelsen-mellan-s-c-l-mp\/\" \/>\n<meta property=\"og:locale\" content=\"sv_SE\" \/>\n<meta property=\"og:type\" content=\"article\" \/>\n<meta property=\"og:title\" content=\"Almega kommenterar \u00f6verenskommelsen mellan S, C, L &amp; Mp\" \/>\n<meta property=\"og:description\" content=\"Almega v\u00e4lkomnar \u00f6verenskommelsen om Arbetsf\u00f6rmedlingen. Det \u00e4r en gl\u00e4djande nyhet att det oavsett regeringsbildning just nu finns en enad syn g\u00e4llande att reformera Arbetsf\u00f6rmedlingen. &#8211; Med en reformerad Arbetsf\u00f6rmedling kommer matchningen att f\u00f6rb\u00e4ttras och tiotusentals &hellip;\" \/>\n<meta property=\"og:url\" content=\"https:\/\/www.almega.se\/2019\/01\/almega-kommenterar-overenskommelsen-mellan-s-c-l-mp\/\" \/>\n<meta property=\"og:site_name\" content=\"Almega\" \/>\n<meta property=\"article:published_time\" content=\"2019-01-11T16:55:04+00:00\" \/>\n<meta property=\"og:image\" content=\"https:\/\/www.almega.se\/app\/uploads\/2017\/11\/dsc_0873-1180x785.jpg\" \/>\n\t<meta property=\"og:image:width\" content=\"1180\" \/>\n\t<meta property=\"og:image:height\" content=\"785\" \/>\n\t<meta property=\"og:image:type\" content=\"image\/jpeg\" \/>\n<meta name=\"author\" content=\"Julia Schwamberg\" \/>\n<meta name=\"twitter:card\" content=\"summary_large_image\" \/>\n<meta name=\"twitter:label1\" content=\"Skriven av\" \/>\n\t<meta name=\"twitter:data1\" content=\"Julia Schwamberg\" \/>\n\t<meta name=\"twitter:label2\" content=\"Ber\u00e4knad l\u00e4stid\" \/>\n\t<meta name=\"twitter:data2\" content=\"2 minuter\" \/>\n<!-- \/ Yoast SEO Premium plugin. -->","yoast_head_json":{"title":"Almega kommenterar \u00f6verenskommelsen mellan S, C, L &amp; Mp | Almega","robots":{"index":"index","follow":"follow","max-snippet":"max-snippet:-1","max-image-preview":"max-image-preview:large","max-video-preview":"max-video-preview:-1"},"canonical":"https:\/\/www.almega.se\/2019\/01\/almega-kommenterar-overenskommelsen-mellan-s-c-l-mp\/","og_locale":"sv_SE","og_type":"article","og_title":"Almega kommenterar \u00f6verenskommelsen mellan S, C, L &amp; Mp","og_description":"Almega v\u00e4lkomnar \u00f6verenskommelsen om Arbetsf\u00f6rmedlingen. Det \u00e4r en gl\u00e4djande nyhet att det oavsett regeringsbildning just nu finns en enad syn g\u00e4llande att reformera Arbetsf\u00f6rmedlingen. &#8211; Med en reformerad Arbetsf\u00f6rmedling kommer matchningen att f\u00f6rb\u00e4ttras och tiotusentals &hellip;","og_url":"https:\/\/www.almega.se\/2019\/01\/almega-kommenterar-overenskommelsen-mellan-s-c-l-mp\/","og_site_name":"Almega","article_published_time":"2019-01-11T16:55:04+00:00","og_image":[{"width":1180,"height":785,"url":"https:\/\/www.almega.se\/app\/uploads\/2017\/11\/dsc_0873-1180x785.jpg","type":"image\/jpeg"}],"author":"Julia Schwamberg","twitter_card":"summary_large_image","twitter_misc":{"Skriven av":"Julia Schwamberg","Ber\u00e4knad l\u00e4stid":"2 minuter"},"schema":{"@context":"https:\/\/schema.org","@graph":[{"@type":"NewsArticle","@id":"https:\/\/www.almega.se\/2019\/01\/almega-kommenterar-overenskommelsen-mellan-s-c-l-mp\/#article","isPartOf":{"@id":"https:\/\/www.almega.se\/2019\/01\/almega-kommenterar-overenskommelsen-mellan-s-c-l-mp\/"},"author":{"name":"Julia Schwamberg","@id":"https:\/\/www.almega.se\/#\/schema\/person\/efcc735e9c1ba0f9de79e69dc5be5f8a"},"headline":"Almega kommenterar \u00f6verens&shy;kommelsen mellan S, C, L &amp; Mp","datePublished":"2019-01-11T16:55:04+00:00","mainEntityOfPage":{"@id":"https:\/\/www.almega.se\/2019\/01\/almega-kommenterar-overenskommelsen-mellan-s-c-l-mp\/"},"wordCount":285,"keywords":["Arbetsf\u00f6rmedling","Lagen om anst\u00e4llningsskydd (LAS)","RUT-avdrag"],"articleSection":["Arbetsgivarfr\u00e5gor","Arbetsmarknad","Skatter"],"inLanguage":"sv-SE"},{"@type":"WebPage","@id":"https:\/\/www.almega.se\/2019\/01\/almega-kommenterar-overenskommelsen-mellan-s-c-l-mp\/","url":"https:\/\/www.almega.se\/2019\/01\/almega-kommenterar-overenskommelsen-mellan-s-c-l-mp\/","name":"Almega kommenterar \u00f6verenskommelsen mellan S, C, L &amp; Mp | Almega","isPartOf":{"@id":"https:\/\/www.almega.se\/#website"},"datePublished":"2019-01-11T16:55:04+00:00","author":{"@id":"https:\/\/www.almega.se\/#\/schema\/person\/efcc735e9c1ba0f9de79e69dc5be5f8a"},"breadcrumb":{"@id":"https:\/\/www.almega.se\/2019\/01\/almega-kommenterar-overenskommelsen-mellan-s-c-l-mp\/#breadcrumb"},"inLanguage":"sv-SE","potentialAction":[{"@type":"ReadAction","target":["https:\/\/www.almega.se\/2019\/01\/almega-kommenterar-overenskommelsen-mellan-s-c-l-mp\/"]}]},{"@type":"BreadcrumbList","@id":"https:\/\/www.almega.se\/2019\/01\/almega-kommenterar-overenskommelsen-mellan-s-c-l-mp\/#breadcrumb","itemListElement":[{"@type":"ListItem","position":1,"name":"Home","item":"https:\/\/www.almega.se\/"},{"@type":"ListItem","position":2,"name":"Almega kommenterar \u00f6verens&shy;kommelsen mellan S, C, L &amp; Mp"}]},{"@type":"WebSite","@id":"https:\/\/www.almega.se\/#website","url":"https:\/\/www.almega.se\/","name":"Almega","description":"","potentialAction":[{"@type":"SearchAction","target":{"@type":"EntryPoint","urlTemplate":"https:\/\/www.almega.se\/?s={search_term_string}"},"query-input":{"@type":"PropertyValueSpecification","valueRequired":true,"valueName":"search_term_string"}}],"inLanguage":"sv-SE"},{"@type":"Person","@id":"https:\/\/www.almega.se\/#\/schema\/person\/efcc735e9c1ba0f9de79e69dc5be5f8a","name":"Julia Schwamberg","image":{"@type":"ImageObject","inLanguage":"sv-SE","@id":"https:\/\/www.almega.se\/#\/schema\/person\/image\/","url":"https:\/\/secure.gravatar.com\/avatar\/60ee7d8b8e9aa9b036f4768c0d2e868d8f080bcf68689c0f64ab3b87b1c2f78b?s=96&d=mm&r=g","contentUrl":"https:\/\/secure.gravatar.com\/avatar\/60ee7d8b8e9aa9b036f4768c0d2e868d8f080bcf68689c0f64ab3b87b1c2f78b?s=96&d=mm&r=g","caption":"Julia Schwamberg"},"url":"https:\/\/www.almega.se\/person\/juliaschwamberg\/"}]}},"_links":{"self":[{"href":"https:\/\/www.almega.se\/api\/wp\/v2\/posts\/21403","targetHints":{"allow":["GET"]}}],"collection":[{"href":"https:\/\/www.almega.se\/api\/wp\/v2\/posts"}],"about":[{"href":"https:\/\/www.almega.se\/api\/wp\/v2\/types\/post"}],"author":[{"embeddable":true,"href":"https:\/\/www.almega.se\/api\/wp\/v2\/users\/3"}],"replies":[{"embeddable":true,"href":"https:\/\/www.almega.se\/api\/wp\/v2\/comments?post=21403"}],"version-history":[{"count":4,"href":"https:\/\/www.almega.se\/api\/wp\/v2\/posts\/21403\/revisions"}],"predecessor-version":[{"id":54265,"href":"https:\/\/www.almega.se\/api\/wp\/v2\/posts\/21403\/revisions\/54265"}],"wp:attachment":[{"href":"https:\/\/www.almega.se\/api\/wp\/v2\/media?parent=21403"}],"wp:term":[{"taxonomy":"category","embeddable":true,"href":"https:\/\/www.almega.se\/api\/wp\/v2\/categories?post=21403"},{"taxonomy":"post_tag","embeddable":true,"href":"https:\/\/www.almega.se\/api\/wp\/v2\/tags?post=21403"},{"taxonomy":"type","embeddable":true,"href":"https:\/\/www.almega.se\/api\/wp\/v2\/article_type?post=21403"},{"taxonomy":"agreement","embeddable":true,"href":"https:\/\/www.almega.se\/api\/wp\/v2\/agreement?post=21403"}],"curies":[{"name":"wp","href":"https:\/\/api.w.org\/{rel}","templated":true}]}}