{"id":21058,"date":"2018-12-27T14:34:32","date_gmt":"2018-12-27T13:34:32","guid":{"rendered":"https:\/\/www.almega.se\/?p=21058"},"modified":"2022-03-28T11:25:21","modified_gmt":"2022-03-28T09:25:21","slug":"nya-karensregler-kollektivavtalet-bingohallar-den-1-januari-2019","status":"publish","type":"post","link":"https:\/\/www.almega.se\/2018\/12\/nya-karensregler-kollektivavtalet-bingohallar-den-1-januari-2019\/","title":{"rendered":"Nya karensregler i kollektiv&shy;avtalet Bingohallar den 1 januari 2019"},"content":{"rendered":"Den 1 januari 2019 \u00e4ndras reglerna om karens i sjukl\u00f6nelagen. Med anledning av det \u00e4ndras ocks\u00e5 sjukl\u00f6nereglerna i kollektivavtalet. \u00c4ndringarna inneb\u00e4r att karens inte l\u00e4ngre r\u00e4knas per dag utan p\u00e5 en period som \u00e4r 20 procent av en normal arbetsvecka. Karensavdrag kan d\u00e4rmed beh\u00f6va g\u00f6ras p\u00e5 mer eller mindre \u00e4n en dag men inte med mer \u00e4n vad som svarar mot 20 procent av en normal arbetsvecka, beroende p\u00e5 n\u00e4r den anst\u00e4llde blir sjuk. F\u00f6r sjukfall som intr\u00e4ffar f\u00f6re den 1 januari 2019 g\u00e4ller fortfarande de nuvarande best\u00e4mmelserna.<\/p>\n<h3>Bakgrund<\/h3>\n<p>Riksdagen har beslutat att den nuvarande karensdagen fr\u00e5n och med den 1 januari 2019 ers\u00e4tts med ett karensavdrag. Syftet \u00e4r att uppn\u00e5 en mer r\u00e4ttvis sj\u00e4lvrisk i samband med sjukfr\u00e5nvaro. Bakgrunden \u00e4r att nuvarande best\u00e4mmelser om karensdag sl\u00e5r olika f\u00f6r olika grupper p\u00e5 arbetsmarknaden. Arbetstagare f\u00e5r ett relativt litet avdrag f\u00f6r karens om denne sjukanm\u00e4ler sig sent p\u00e5 dagen med nuvarande regler. B\u00e5de hel- och deltidsanst\u00e4llda med koncentrerad arbetstid kan med nuvarande regler f\u00f6rlora en relativt stor del av inkomsten om karensdagen infaller under en dag med ett l\u00e5ngt arbetspass. De nya reglerna ska leda till att karensen blir densamma f\u00f6r den anst\u00e4llde oavsett n\u00e4r sjukfr\u00e5nvaron intr\u00e4ffar.<\/p>\n<h3>De nya karensreglerna<\/h3>\n<p>Den 1 januari 2019 \u00e4ndras reglerna om karens i lag (1991:1047) om sjukl\u00f6n. Med anledning av det \u00e4ndras ocks\u00e5 sjukl\u00f6nereglerna i kollektivavtalet. \u00c4ndringarna inneb\u00e4r att karens inte l\u00e4ngre r\u00e4knas per dag utan p\u00e5 en period som \u00e4r 20 procent av en normal arbetsvecka. Karensavdrag kan d\u00e4rmed beh\u00f6va g\u00f6ras p\u00e5 mer eller mindre \u00e4n en dag men inte med mer \u00e4n vad som svarar mot 20 procent av en normal arbetsvecka, beroende p\u00e5 n\u00e4r den anst\u00e4llde blir sjuk. F\u00f6r sjukfall som intr\u00e4ffar f\u00f6re den 1 januari 2019 g\u00e4ller fortfarande de nuvarande best\u00e4mmelserna. F\u00f6r sjukl\u00f6n efter dag 15 \u00e4r det ingen f\u00f6r\u00e4ndring.<\/p>\n<h3>\u00c5terinsjuknande inom fem kalenderdagar<\/h3>\n<p>Att den anst\u00e4llde blir sjuk igen (\u00e5terinsjuknar) inom fem kalenderdagar fr\u00e5n att den f\u00f6rra sjukperioden avslutades inneb\u00e4r att sjukl\u00f6neperioden forts\u00e4tter. Regeln finns idag men den f\u00e5r med det \u00e4ndrade karensavdraget en ny inneb\u00f6rd. Om fullt karensavdrag inte gjorts vid f\u00f6rsta sjukperioden ska ytterligare karensavdrag g\u00f6ras i den fortsatta sjukperioden, <a href=\"https:\/\/www.almega.se\/app\/uploads\/2018\/12\/exempel-nya-karensregler-bingo-181227-pdf-bilaga-agnytt.pdf\" target=\"_blank\" rel=\"noopener noreferrer\">se exempel 4<\/a>.<\/p>\n<h3>Allm\u00e4nt h\u00f6griskskydd \u2013 h\u00f6gst tio karenstillf\u00e4llen<\/h3>\n<p>Det allm\u00e4nna h\u00f6griskskyddet inneb\u00e4r idag att den anst\u00e4llde inte ska beh\u00f6va f\u00e5 mer \u00e4n tio karensdagsavdrag under en tolvm\u00e5nadersperiod (se \u00a7 8, mom 4:1 i kollektivavtalet). Det \u00e4ndras nu till tio karenstillf\u00e4llen. En sjukperiod som b\u00f6rjar inom fem kalenderdagar fr\u00e5n att en tidigare sjukperiod upph\u00f6rt ska betraktas som en forts\u00e4ttning p\u00e5 tidigare sjukperiod. Alla karensavdrag som g\u00f6rs med sammanlagt h\u00f6gst 20 procent av genomsnittlig veckoarbetstid inom samma sjukperiod betraktas som <strong>ett tillf\u00e4lle<\/strong> \u00e4ven om avdragen sker p\u00e5 olika dagar, <a href=\"https:\/\/www.almega.se\/app\/uploads\/2018\/12\/exempel-nya-karensregler-bingo-181227-pdf-bilaga-agnytt.pdf\" target=\"_blank\" rel=\"noopener noreferrer\">se exempel 7<\/a>.<\/p>\n<h3>S\u00e4rskilt h\u00f6griskskydd<\/h3>\n<p>F\u00f6r en arbetstagare som enligt F\u00f6rs\u00e4kringskassans beslut \u00e4r ber\u00e4ttigad till sjukl\u00f6n utan beaktande av karens (se \u00a7 8, mom 4.3 i kollektivavtalet), g\u00f6rs sjukavdrag enligt vad som g\u00e4ller f\u00f6r sjukfr\u00e5nvaro \u00f6verstigande 20 procent av genomsnittlig veckoarbetstid till och med dag 14 i sjukperioden.<\/p>\n<h3>\u00d6verg\u00e5ngsbest\u00e4mmelser<\/h3>\n<p>De nya karensreglerna g\u00e4ller f\u00f6r sjukfall som intr\u00e4ffar fr\u00e5n och med den 1 januari 2019. F\u00f6r sjukfall som intr\u00e4ffar f\u00f6re detta datum g\u00e4ller nuvarande regler.<\/p>\n<p>Vid ber\u00e4kning av antal tillf\u00e4llen med avdrag p\u00e5 sjukl\u00f6nen enligt i kollektivavtalet \u00a7 8, mom 4:1 <strong>allm\u00e4nt h\u00f6griskskydd<\/strong> ska ett avdrag f\u00f6r karensdag som har gjorts enligt nuvarande lydelse likst\u00e4llas med ett tillf\u00e4lle med karensavdrag. Alla karensavdrag som g\u00f6rs med sammanlagt h\u00f6gst 20 procent av genomsnittlig veckoarbetstid inom samma sjukperiod betraktas som <strong>ett tillf\u00e4lle<\/strong> \u00e4ven om avdragen sker p\u00e5 olika dagar. <a href=\"https:\/\/www.almega.se\/app\/uploads\/2018\/12\/exempel-nya-karensregler-bingo-181227-pdf-bilaga-agnytt.pdf\" target=\"_blank\" rel=\"noopener noreferrer\">Se exempel 7<\/a>.<\/p>\n<p>Vidare ska karensdag likst\u00e4llas med karensavdrag dels vid \u00e5terinsjuknande enligt kollektivavtalet \u00a7 8, mom 4:1, dels f\u00f6r den som f\u00f6re ikrafttr\u00e4dandet har f\u00e5tt ett beslut om s\u00e4rskilt h\u00f6griskskydd enligt kollektivavtalet mom 4:1.<\/p>\n<h4>De \u00e4ndrade best\u00e4mmelserna i kollektivavtalet f\u00e5r fr\u00e5n den 1 januari 2019 f\u00f6ljande lydelse:<\/h4>\n<h3><a name=\"_Toc480457436\"><\/a>\u00a7 8\u00a0 \u00a0 \u00a0 \u00a0 \u00a0 \u00a0 \u00a0 \u00a0 \u00a0 \u00a0 \u00a0SJUKL\u00d6N<\/h3>\n<p>R\u00e4tt till sjukl\u00f6n utg\u00e5r enligt lagen om sjukl\u00f6n med iakttagande av f\u00f6ljande.<\/p>\n<h3><strong><a name=\"_Toc491258264\"><\/a><\/strong>Mom 1\u00a0\u00a0\u00a0\u00a0\u00a0\u00a0\u00a0\u00a0\u00a0\u00a0\u00a0\u00a0\u00a0 R\u00e4tt till sjukl\u00f6n<\/h3>\n<p>Sjukl\u00f6neperioden omfattar de f\u00f6rsta 14 kalenderdagarna d\u00e5 arbetstagaren varit fr\u00e5nvarande p\u00e5 grund av sjukdom. F\u00f6r sjukfr\u00e5nvaro upp till 20 procent av genomsnittlig veckoarbetstid (karens) i sjukperioden utges ingen sjukl\u00f6n.<\/p>\n<p>Om en sjukperiod b\u00f6rjar inom fem kalenderdagar fr\u00e5n det tidigare sjukperiod upph\u00f6rde ska de b\u00e5da perioderna i sjukl\u00f6nesammanhang r\u00e4knas som en period. De mellanliggande kalenderdagarna ska ej r\u00e4knas in i sjukperioden. Det inneb\u00e4r att karens ska forts\u00e4tta upp till 20 procent av genomsnittlig veckoarbetstid i den fortsatta sjukperioden.<\/p>\n<p>F\u00f6r den som visstidsanst\u00e4llts f\u00f6r kortare tid \u00e4n en m\u00e5nad intr\u00e4der dock r\u00e4tten till sjukl\u00f6n f\u00f6rst sedan den anst\u00e4llde tilltr\u00e4tt anst\u00e4llningen och d\u00e4refter varit anst\u00e4lld 14 kalenderdagar innan sjukdomsfallet intr\u00e4ffar.<\/p>\n<h3><a name=\"_Toc491258267\"><\/a>Mom 4\u00a0\u00a0\u00a0\u00a0\u00a0\u00a0\u00a0\u00a0\u00a0\u00a0\u00a0\u00a0\u00a0 Ber\u00e4kning av sjukl\u00f6n<\/h3>\n<p><strong>Mom 4:1\u00a0 \u00a0 \u00a0 \u00a0 \u00a0 \u00a0 \u00a0 \u00a0<\/strong>Sjukl\u00f6n utg\u00e5r ej f\u00f6r sjukdom som infaller under sjukfr\u00e5nvaro upp till 20 procent av genomsnittlig veckoarbetstid i sjukperioden (karens). F\u00f6r sjukfr\u00e5nvaro \u00f6verstigande 20 procent av genomsnittlig veckoarbetstid till och med dag 14 i sjukperioden utg\u00e5r sjukl\u00f6n f\u00f6r s\u00e5dan tid som arbetstagare skulle ha utf\u00f6rt arbete under \u00f6verenskommen arbetstid om arbetstagaren ej varit sjuk.<\/p>\n<p>Om arbetstagaren \u00e5terinsjuknar inom fem kalenderdagar fr\u00e5n det att tidigare sjukperiod upph\u00f6rde, utg\u00f6r den nya sjukperioden forts\u00e4ttning p\u00e5 den tidigare i fr\u00e5ga om karenstid, ers\u00e4ttningens storlek och sjukl\u00f6neperiodens l\u00e4ngd.<\/p>\n<p>Alla karensavdrag som g\u00f6rs med sammanlagt h\u00f6gst 20 procent inom samma sjukperiod betraktas som ett tillf\u00e4lle \u00e4ven om avdragen sker p\u00e5 olika dagar. Sjukperiod som b\u00f6rjar inom fem kalenderdagar fr\u00e5n att en tidigare sjukperiod upph\u00f6rt ska betraktas som en forts\u00e4ttning p\u00e5 tidigare sjukperiod. Antalet karenstillf\u00e4llen per 12-m\u00e5nadersperiod f\u00e5r ej \u00f6verstiga 10.<\/p>\n<p><strong>Mom 4:2\u00a0 \u00a0 \u00a0 \u00a0 \u00a0 \u00a0 \u00a0\u00a0<\/strong>Fr\u00e5nvaro upp till 20 procent av genomsnittlig veckoarbetstid \u00e4r karens. L\u00f6neavdrag sker enligt regler i \u00a7 10 mom 2.<\/p>\n<p>F\u00f6r sjukfr\u00e5nvaro \u00f6verstigande 20 procent av genomsnittlig veckoarbetstid till och med dag 14 i sjukperioden \u00e4r sjukl\u00f6nen 80\u00a0procent av den l\u00f6n som skulle ha utg\u00e5tt.<\/p>\n<p>Med arbetstagarens <strong>genomsnittliga veckoarbetstid<\/strong> avses veckoarbetstiden i timmar f\u00f6r en normalvecka utan helgdag. F\u00f6r arbetstagare med oregelbunden tj\u00e4nstg\u00f6ring ber\u00e4knas ett snitt \u00f6ver en representativ period.<\/p>\n<p>Till arbetstagare som under sjukperioden, dock ej karensperioden, skulle ha varit ber\u00e4ttigad till kontant ers\u00e4ttning f\u00f6r f\u00f6rskjuten ordinarie arbetstid och \u00f6vriga till\u00e4gg (dock ej \u00f6vertidsers\u00e4ttning) utges dessutom 80\u00a0procent av ifr\u00e5gavarande till\u00e4gg. Till arbetstagare som omfattas av ackords-, prestations- eller liknande l\u00f6nesystem och ej tillgodor\u00e4knas utfall under sjukfr\u00e5nvaro utges h\u00e4rut\u00f6ver 80 procent av det genomsnittliga utfallet per timme under den ber\u00e4kningsperiod d\u00e5 sjukdomsfallet intr\u00e4ffade, dock ej f\u00f6r karensperioden.<\/p>\n<p><strong>Mom 4:3<\/strong>\u00a0 \u00a0 \u00a0 \u00a0 \u00a0 \u00a0 \u00a0Arbetstagare, som enligt beslut av f\u00f6rs\u00e4kringskassan av medicinska sk\u00e4l har r\u00e4tt till sjukl\u00f6n om 80 procent utan beaktande av karens, erh\u00e5ller sjukl\u00f6n ber\u00e4knad p\u00e5 samma s\u00e4tt som f\u00f6r sjukfr\u00e5nvaro \u00f6verstigande 20 procent av genomsnittlig veckoarbetstid till och med dag 14 i sjukperioden.<\/p>\n<p><em>Anm\u00e4rkning 2:<br \/>\nF\u00f6r medarbetare som \u00e4r ber\u00e4ttigad till sjukl\u00f6n (enligt 3 \u00a7 Sjukl\u00f6nelagen) och arbetar varierande utan schema eller fast arbetstidsm\u00e5tt ber\u00e4knas den genomsnittliga veckoarbetstiden \u00f6ver en representativ period s\u00e5 att genomsnittet p\u00e5 ett r\u00e4ttvisande s\u00e4tt speglar medarbetarens arbetstidsf\u00f6rh\u00e5llande. <\/em>\n","protected":false},"excerpt":{"rendered":"<p>Den 1 januari 2019 \u00e4ndras reglerna om karens i sjukl\u00f6nelagen. Med anledning av det \u00e4ndras ocks\u00e5 sjukl\u00f6nereglerna i kollektivavtalet. \u00c4ndringarna inneb\u00e4r att karens inte l\u00e4ngre r\u00e4knas per dag utan p\u00e5 en period som \u00e4r 20 &hellip;<\/p>\n","protected":false},"author":89,"featured_media":0,"comment_status":"closed","ping_status":"closed","sticky":false,"template":"","format":"standard","meta":{"_acf_changed":false,"footnotes":""},"categories":[1],"tags":[],"article_type":[313],"agreement":[131],"class_list":["post-21058","post","type-post","status-publish","format-standard","hentry","category-okategoriserade","type-arbetsgivarnytt","agreement-5bd980a8-f612-de11-b4e1-02bf9e69ca65"],"acf":[],"yoast_head":"<!-- This site is optimized with the Yoast SEO Premium plugin v26.8 (Yoast SEO v26.8) - https:\/\/yoast.com\/product\/yoast-seo-premium-wordpress\/ -->\n<title>Nya karensregler i kollektivavtalet Bingohallar den 1 januari 2019 | Almega<\/title>\n<meta name=\"robots\" content=\"index, follow, max-snippet:-1, max-image-preview:large, max-video-preview:-1\" \/>\n<link rel=\"canonical\" href=\"https:\/\/www.almega.se\/2018\/12\/nya-karensregler-kollektivavtalet-bingohallar-den-1-januari-2019\/\" \/>\n<meta property=\"og:locale\" content=\"sv_SE\" \/>\n<meta property=\"og:type\" content=\"article\" \/>\n<meta property=\"og:title\" content=\"Nya karensregler i kollektivavtalet Bingohallar den 1 januari 2019\" \/>\n<meta property=\"og:description\" content=\"Den 1 januari 2019 \u00e4ndras reglerna om karens i sjukl\u00f6nelagen. Med anledning av det \u00e4ndras ocks\u00e5 sjukl\u00f6nereglerna i kollektivavtalet. \u00c4ndringarna inneb\u00e4r att karens inte l\u00e4ngre r\u00e4knas per dag utan p\u00e5 en period som \u00e4r 20 &hellip;\" \/>\n<meta property=\"og:url\" content=\"https:\/\/www.almega.se\/2018\/12\/nya-karensregler-kollektivavtalet-bingohallar-den-1-januari-2019\/\" \/>\n<meta property=\"og:site_name\" content=\"Almega\" \/>\n<meta property=\"article:published_time\" content=\"2018-12-27T13:34:32+00:00\" \/>\n<meta property=\"article:modified_time\" content=\"2022-03-28T09:25:21+00:00\" \/>\n<meta property=\"og:image\" content=\"https:\/\/www.almega.se\/app\/uploads\/2020\/12\/almega-share-logo.png\" \/>\n\t<meta property=\"og:image:width\" content=\"1200\" \/>\n\t<meta property=\"og:image:height\" content=\"630\" \/>\n\t<meta property=\"og:image:type\" content=\"image\/png\" \/>\n<meta name=\"author\" content=\"Lena Martinell \u00c5kerblom\" \/>\n<meta name=\"twitter:card\" content=\"summary_large_image\" \/>\n<meta name=\"twitter:label1\" content=\"Skriven av\" \/>\n\t<meta name=\"twitter:data1\" content=\"Lena Martinell \u00c5kerblom\" \/>\n\t<meta name=\"twitter:label2\" content=\"Ber\u00e4knad l\u00e4stid\" \/>\n\t<meta name=\"twitter:data2\" content=\"6 minuter\" \/>\n<!-- \/ Yoast SEO Premium plugin. -->","yoast_head_json":{"title":"Nya karensregler i kollektivavtalet Bingohallar den 1 januari 2019 | Almega","robots":{"index":"index","follow":"follow","max-snippet":"max-snippet:-1","max-image-preview":"max-image-preview:large","max-video-preview":"max-video-preview:-1"},"canonical":"https:\/\/www.almega.se\/2018\/12\/nya-karensregler-kollektivavtalet-bingohallar-den-1-januari-2019\/","og_locale":"sv_SE","og_type":"article","og_title":"Nya karensregler i kollektivavtalet Bingohallar den 1 januari 2019","og_description":"Den 1 januari 2019 \u00e4ndras reglerna om karens i sjukl\u00f6nelagen. Med anledning av det \u00e4ndras ocks\u00e5 sjukl\u00f6nereglerna i kollektivavtalet. \u00c4ndringarna inneb\u00e4r att karens inte l\u00e4ngre r\u00e4knas per dag utan p\u00e5 en period som \u00e4r 20 &hellip;","og_url":"https:\/\/www.almega.se\/2018\/12\/nya-karensregler-kollektivavtalet-bingohallar-den-1-januari-2019\/","og_site_name":"Almega","article_published_time":"2018-12-27T13:34:32+00:00","article_modified_time":"2022-03-28T09:25:21+00:00","og_image":[{"width":1200,"height":630,"url":"https:\/\/www.almega.se\/app\/uploads\/2020\/12\/almega-share-logo.png","type":"image\/png"}],"author":"Lena Martinell \u00c5kerblom","twitter_card":"summary_large_image","twitter_misc":{"Skriven av":"Lena Martinell \u00c5kerblom","Ber\u00e4knad l\u00e4stid":"6 minuter"},"schema":{"@context":"https:\/\/schema.org","@graph":[{"@type":"NewsArticle","@id":"https:\/\/www.almega.se\/2018\/12\/nya-karensregler-kollektivavtalet-bingohallar-den-1-januari-2019\/#article","isPartOf":{"@id":"https:\/\/www.almega.se\/2018\/12\/nya-karensregler-kollektivavtalet-bingohallar-den-1-januari-2019\/"},"author":{"name":"Lena Martinell \u00c5kerblom","@id":"https:\/\/www.almega.se\/#\/schema\/person\/be1f5c450f9fd79fd3ce7cee9c56d246"},"headline":"Nya karensregler i kollektiv&shy;avtalet Bingohallar den 1 januari 2019","datePublished":"2018-12-27T13:34:32+00:00","dateModified":"2022-03-28T09:25:21+00:00","mainEntityOfPage":{"@id":"https:\/\/www.almega.se\/2018\/12\/nya-karensregler-kollektivavtalet-bingohallar-den-1-januari-2019\/"},"wordCount":1291,"inLanguage":"sv-SE"},{"@type":"WebPage","@id":"https:\/\/www.almega.se\/2018\/12\/nya-karensregler-kollektivavtalet-bingohallar-den-1-januari-2019\/","url":"https:\/\/www.almega.se\/2018\/12\/nya-karensregler-kollektivavtalet-bingohallar-den-1-januari-2019\/","name":"Nya karensregler i kollektivavtalet Bingohallar den 1 januari 2019 | Almega","isPartOf":{"@id":"https:\/\/www.almega.se\/#website"},"datePublished":"2018-12-27T13:34:32+00:00","dateModified":"2022-03-28T09:25:21+00:00","author":{"@id":"https:\/\/www.almega.se\/#\/schema\/person\/be1f5c450f9fd79fd3ce7cee9c56d246"},"breadcrumb":{"@id":"https:\/\/www.almega.se\/2018\/12\/nya-karensregler-kollektivavtalet-bingohallar-den-1-januari-2019\/#breadcrumb"},"inLanguage":"sv-SE","potentialAction":[{"@type":"ReadAction","target":["https:\/\/www.almega.se\/2018\/12\/nya-karensregler-kollektivavtalet-bingohallar-den-1-januari-2019\/"]}]},{"@type":"BreadcrumbList","@id":"https:\/\/www.almega.se\/2018\/12\/nya-karensregler-kollektivavtalet-bingohallar-den-1-januari-2019\/#breadcrumb","itemListElement":[{"@type":"ListItem","position":1,"name":"Home","item":"https:\/\/www.almega.se\/"},{"@type":"ListItem","position":2,"name":"Nya karensregler i kollektiv&shy;avtalet Bingohallar den 1 januari 2019"}]},{"@type":"WebSite","@id":"https:\/\/www.almega.se\/#website","url":"https:\/\/www.almega.se\/","name":"Almega","description":"","potentialAction":[{"@type":"SearchAction","target":{"@type":"EntryPoint","urlTemplate":"https:\/\/www.almega.se\/?s={search_term_string}"},"query-input":{"@type":"PropertyValueSpecification","valueRequired":true,"valueName":"search_term_string"}}],"inLanguage":"sv-SE"},{"@type":"Person","@id":"https:\/\/www.almega.se\/#\/schema\/person\/be1f5c450f9fd79fd3ce7cee9c56d246","name":"Lena Martinell \u00c5kerblom","image":{"@type":"ImageObject","inLanguage":"sv-SE","@id":"https:\/\/www.almega.se\/#\/schema\/person\/image\/","url":"https:\/\/secure.gravatar.com\/avatar\/6b96f0f959d0411120737c5f1f1bb551e7f38fe13ddbaab86a1108e9f0051c53?s=96&d=mm&r=g","contentUrl":"https:\/\/secure.gravatar.com\/avatar\/6b96f0f959d0411120737c5f1f1bb551e7f38fe13ddbaab86a1108e9f0051c53?s=96&d=mm&r=g","caption":"Lena Martinell \u00c5kerblom"},"description":"Lena \u00e4r team leader f\u00f6r administrat\u00f6rerna inom Arbetsgivarservice p\u00e5 Almega i Stockholm.","url":"https:\/\/www.almega.se\/person\/lenamartinellakerblom\/"}]}},"_links":{"self":[{"href":"https:\/\/www.almega.se\/api\/wp\/v2\/posts\/21058","targetHints":{"allow":["GET"]}}],"collection":[{"href":"https:\/\/www.almega.se\/api\/wp\/v2\/posts"}],"about":[{"href":"https:\/\/www.almega.se\/api\/wp\/v2\/types\/post"}],"author":[{"embeddable":true,"href":"https:\/\/www.almega.se\/api\/wp\/v2\/users\/89"}],"replies":[{"embeddable":true,"href":"https:\/\/www.almega.se\/api\/wp\/v2\/comments?post=21058"}],"version-history":[{"count":0,"href":"https:\/\/www.almega.se\/api\/wp\/v2\/posts\/21058\/revisions"}],"wp:attachment":[{"href":"https:\/\/www.almega.se\/api\/wp\/v2\/media?parent=21058"}],"wp:term":[{"taxonomy":"category","embeddable":true,"href":"https:\/\/www.almega.se\/api\/wp\/v2\/categories?post=21058"},{"taxonomy":"post_tag","embeddable":true,"href":"https:\/\/www.almega.se\/api\/wp\/v2\/tags?post=21058"},{"taxonomy":"type","embeddable":true,"href":"https:\/\/www.almega.se\/api\/wp\/v2\/article_type?post=21058"},{"taxonomy":"agreement","embeddable":true,"href":"https:\/\/www.almega.se\/api\/wp\/v2\/agreement?post=21058"}],"curies":[{"name":"wp","href":"https:\/\/api.w.org\/{rel}","templated":true}]}}