{"id":20981,"date":"2018-12-21T11:10:49","date_gmt":"2018-12-21T10:10:49","guid":{"rendered":"https:\/\/www.almega.se\/?p=20981"},"modified":"2022-03-28T11:18:14","modified_gmt":"2022-03-28T09:18:14","slug":"viktig-information-om-nya-karensregler-kollektivavtalet-med-lo-forbunden","status":"publish","type":"post","link":"https:\/\/www.almega.se\/2018\/12\/viktig-information-om-nya-karensregler-kollektivavtalet-med-lo-forbunden\/","title":{"rendered":"Viktig information om nya karensregler i kollektiv&shy;avtalet med LO-f\u00f6rbunden"},"content":{"rendered":"Den 1 januari 2019 \u00e4ndras reglerna om karens i Sjukl\u00f6nelagen. Med anledning av lag\u00e4ndringen m\u00e5ste ocks\u00e5 sjukl\u00f6nereglerna i kollektivavtalen \u00e4ndras. F\u00f6rhandlingarna med LO-f\u00f6rbunden p\u00e5g\u00e5r. N\u00e4r avtal \u00e4r undertecknat \u00e5terkommer vi med information. Eftersom lagen \u00e4ndras innan kollektivavtalet med LO-f\u00f6rbunden anpassas till den nya regleringen \u00e4r det viktigt att samtliga f\u00f6retag som betalar ut sjukl\u00f6n utifr\u00e5n arbetaravtalet f\u00f6r sjukfall som intr\u00e4ffar fr\u00e5n om med den 1 januari 2019 tydligt anger i l\u00f6nebeskedet att l\u00f6neber\u00e4kningen avseende sjukl\u00f6n och karens \u00e4r prelimin\u00e4r. F\u00f6r sjukfall som intr\u00e4ffar innan \u00e5rsskiftet g\u00e4ller nuvarande regler.<\/p>\n<p>En tydlighet kring att l\u00f6neber\u00e4kningen \u00e4r prelimin\u00e4r \u00e4r viktig f\u00f6r att efter\u00e5t, n\u00e4r kollektivavtalsanpassningen \u00e4r klar, korrigera l\u00f6neber\u00e4kningen.<\/p>\n<p>Observera att kollektivavtalet f\u00f6r tj\u00e4nstem\u00e4n \u00e4r klart avseende den nya karensen som Kompetensf\u00f6retagen tidigare informerat om.<\/p>\n<p><a href=\"https:\/\/www.almega.se\/2018\/11\/nya-karensregler-kollektivavtalet-tjansteman-den-1-januari-2019\/#.XBy8A3oh2nw.email\">L\u00e4nk till information om karens i tj\u00e4nstemannaavtalet<\/a>\n","protected":false},"excerpt":{"rendered":"<p>Den 1 januari 2019 \u00e4ndras reglerna om karens i Sjukl\u00f6nelagen. Med anledning av lag\u00e4ndringen m\u00e5ste ocks\u00e5 sjukl\u00f6nereglerna i kollektivavtalen \u00e4ndras. F\u00f6rhandlingarna med LO-f\u00f6rbunden p\u00e5g\u00e5r. N\u00e4r avtal \u00e4r undertecknat \u00e5terkommer vi med information. Eftersom lagen \u00e4ndras &hellip;<\/p>\n","protected":false},"author":89,"featured_media":0,"comment_status":"closed","ping_status":"closed","sticky":false,"template":"","format":"standard","meta":{"_acf_changed":false,"footnotes":""},"categories":[1],"tags":[],"article_type":[313],"agreement":[109,114,110,111,112,113,115,116,117,118,119,120,121,122,123,124],"class_list":["post-20981","post","type-post","status-publish","format-standard","hentry","category-okategoriserade","type-arbetsgivarnytt","agreement-9cce80f7-ff07-de11-b4e1-02bf9e69ca65","agreement-a8ce80f7-ff07-de11-b4e1-02bf9e69ca65","agreement-a2ce80f7-ff07-de11-b4e1-02bf9e69ca65","agreement-a1ce80f7-ff07-de11-b4e1-02bf9e69ca65","agreement-9dce80f7-ff07-de11-b4e1-02bf9e69ca65","agreement-a3ce80f7-ff07-de11-b4e1-02bf9e69ca65","agreement-9ece80f7-ff07-de11-b4e1-02bf9e69ca65","agreement-a4ce80f7-ff07-de11-b4e1-02bf9e69ca65","agreement-20c6e08e-fe12-de11-b4e1-02bf9e69ca65","agreement-a7ce80f7-ff07-de11-b4e1-02bf9e69ca65","agreement-a5ce80f7-ff07-de11-b4e1-02bf9e69ca65","agreement-a6ce80f7-ff07-de11-b4e1-02bf9e69ca65","agreement-a0ce80f7-ff07-de11-b4e1-02bf9e69ca65","agreement-9fce80f7-ff07-de11-b4e1-02bf9e69ca65","agreement-aace80f7-ff07-de11-b4e1-02bf9e69ca65","agreement-a9ce80f7-ff07-de11-b4e1-02bf9e69ca65"],"acf":[],"yoast_head":"<!-- This site is optimized with the Yoast SEO Premium plugin v26.8 (Yoast SEO v26.8) - https:\/\/yoast.com\/product\/yoast-seo-premium-wordpress\/ -->\n<title>Viktig information om nya karensregler i kollektivavtalet med LO-f\u00f6rbunden | Almega<\/title>\n<meta name=\"robots\" content=\"index, follow, max-snippet:-1, max-image-preview:large, max-video-preview:-1\" \/>\n<link rel=\"canonical\" href=\"https:\/\/www.almega.se\/2018\/12\/viktig-information-om-nya-karensregler-kollektivavtalet-med-lo-forbunden\/\" \/>\n<meta property=\"og:locale\" content=\"sv_SE\" \/>\n<meta property=\"og:type\" content=\"article\" \/>\n<meta property=\"og:title\" content=\"Viktig information om nya karensregler i kollektivavtalet med LO-f\u00f6rbunden\" \/>\n<meta property=\"og:description\" content=\"Den 1 januari 2019 \u00e4ndras reglerna om karens i Sjukl\u00f6nelagen. Med anledning av lag\u00e4ndringen m\u00e5ste ocks\u00e5 sjukl\u00f6nereglerna i kollektivavtalen \u00e4ndras. F\u00f6rhandlingarna med LO-f\u00f6rbunden p\u00e5g\u00e5r. N\u00e4r avtal \u00e4r undertecknat \u00e5terkommer vi med information. Eftersom lagen \u00e4ndras &hellip;\" \/>\n<meta property=\"og:url\" content=\"https:\/\/www.almega.se\/2018\/12\/viktig-information-om-nya-karensregler-kollektivavtalet-med-lo-forbunden\/\" \/>\n<meta property=\"og:site_name\" content=\"Almega\" \/>\n<meta property=\"article:published_time\" content=\"2018-12-21T10:10:49+00:00\" \/>\n<meta property=\"article:modified_time\" content=\"2022-03-28T09:18:14+00:00\" \/>\n<meta property=\"og:image\" content=\"https:\/\/www.almega.se\/app\/uploads\/2020\/12\/almega-share-logo.png\" \/>\n\t<meta property=\"og:image:width\" content=\"1200\" \/>\n\t<meta property=\"og:image:height\" content=\"630\" \/>\n\t<meta property=\"og:image:type\" content=\"image\/png\" \/>\n<meta name=\"author\" content=\"Lena Martinell \u00c5kerblom\" \/>\n<meta name=\"twitter:card\" content=\"summary_large_image\" \/>\n<meta name=\"twitter:label1\" content=\"Skriven av\" \/>\n\t<meta name=\"twitter:data1\" content=\"Lena Martinell \u00c5kerblom\" \/>\n\t<meta name=\"twitter:label2\" content=\"Ber\u00e4knad l\u00e4stid\" \/>\n\t<meta name=\"twitter:data2\" content=\"1 minut\" \/>\n<!-- \/ Yoast SEO Premium plugin. -->","yoast_head_json":{"title":"Viktig information om nya karensregler i kollektivavtalet med LO-f\u00f6rbunden | Almega","robots":{"index":"index","follow":"follow","max-snippet":"max-snippet:-1","max-image-preview":"max-image-preview:large","max-video-preview":"max-video-preview:-1"},"canonical":"https:\/\/www.almega.se\/2018\/12\/viktig-information-om-nya-karensregler-kollektivavtalet-med-lo-forbunden\/","og_locale":"sv_SE","og_type":"article","og_title":"Viktig information om nya karensregler i kollektivavtalet med LO-f\u00f6rbunden","og_description":"Den 1 januari 2019 \u00e4ndras reglerna om karens i Sjukl\u00f6nelagen. Med anledning av lag\u00e4ndringen m\u00e5ste ocks\u00e5 sjukl\u00f6nereglerna i kollektivavtalen \u00e4ndras. F\u00f6rhandlingarna med LO-f\u00f6rbunden p\u00e5g\u00e5r. N\u00e4r avtal \u00e4r undertecknat \u00e5terkommer vi med information. Eftersom lagen \u00e4ndras &hellip;","og_url":"https:\/\/www.almega.se\/2018\/12\/viktig-information-om-nya-karensregler-kollektivavtalet-med-lo-forbunden\/","og_site_name":"Almega","article_published_time":"2018-12-21T10:10:49+00:00","article_modified_time":"2022-03-28T09:18:14+00:00","og_image":[{"width":1200,"height":630,"url":"https:\/\/www.almega.se\/app\/uploads\/2020\/12\/almega-share-logo.png","type":"image\/png"}],"author":"Lena Martinell \u00c5kerblom","twitter_card":"summary_large_image","twitter_misc":{"Skriven av":"Lena Martinell \u00c5kerblom","Ber\u00e4knad l\u00e4stid":"1 minut"},"schema":{"@context":"https:\/\/schema.org","@graph":[{"@type":"NewsArticle","@id":"https:\/\/www.almega.se\/2018\/12\/viktig-information-om-nya-karensregler-kollektivavtalet-med-lo-forbunden\/#article","isPartOf":{"@id":"https:\/\/www.almega.se\/2018\/12\/viktig-information-om-nya-karensregler-kollektivavtalet-med-lo-forbunden\/"},"author":{"name":"Lena Martinell \u00c5kerblom","@id":"https:\/\/www.almega.se\/#\/schema\/person\/be1f5c450f9fd79fd3ce7cee9c56d246"},"headline":"Viktig information om nya karensregler i kollektiv&shy;avtalet med LO-f\u00f6rbunden","datePublished":"2018-12-21T10:10:49+00:00","dateModified":"2022-03-28T09:18:14+00:00","mainEntityOfPage":{"@id":"https:\/\/www.almega.se\/2018\/12\/viktig-information-om-nya-karensregler-kollektivavtalet-med-lo-forbunden\/"},"wordCount":173,"inLanguage":"sv-SE"},{"@type":"WebPage","@id":"https:\/\/www.almega.se\/2018\/12\/viktig-information-om-nya-karensregler-kollektivavtalet-med-lo-forbunden\/","url":"https:\/\/www.almega.se\/2018\/12\/viktig-information-om-nya-karensregler-kollektivavtalet-med-lo-forbunden\/","name":"Viktig information om nya karensregler i kollektivavtalet med LO-f\u00f6rbunden | Almega","isPartOf":{"@id":"https:\/\/www.almega.se\/#website"},"datePublished":"2018-12-21T10:10:49+00:00","dateModified":"2022-03-28T09:18:14+00:00","author":{"@id":"https:\/\/www.almega.se\/#\/schema\/person\/be1f5c450f9fd79fd3ce7cee9c56d246"},"breadcrumb":{"@id":"https:\/\/www.almega.se\/2018\/12\/viktig-information-om-nya-karensregler-kollektivavtalet-med-lo-forbunden\/#breadcrumb"},"inLanguage":"sv-SE","potentialAction":[{"@type":"ReadAction","target":["https:\/\/www.almega.se\/2018\/12\/viktig-information-om-nya-karensregler-kollektivavtalet-med-lo-forbunden\/"]}]},{"@type":"BreadcrumbList","@id":"https:\/\/www.almega.se\/2018\/12\/viktig-information-om-nya-karensregler-kollektivavtalet-med-lo-forbunden\/#breadcrumb","itemListElement":[{"@type":"ListItem","position":1,"name":"Home","item":"https:\/\/www.almega.se\/"},{"@type":"ListItem","position":2,"name":"Viktig information om nya karensregler i kollektiv&shy;avtalet med LO-f\u00f6rbunden"}]},{"@type":"WebSite","@id":"https:\/\/www.almega.se\/#website","url":"https:\/\/www.almega.se\/","name":"Almega","description":"","potentialAction":[{"@type":"SearchAction","target":{"@type":"EntryPoint","urlTemplate":"https:\/\/www.almega.se\/?s={search_term_string}"},"query-input":{"@type":"PropertyValueSpecification","valueRequired":true,"valueName":"search_term_string"}}],"inLanguage":"sv-SE"},{"@type":"Person","@id":"https:\/\/www.almega.se\/#\/schema\/person\/be1f5c450f9fd79fd3ce7cee9c56d246","name":"Lena Martinell \u00c5kerblom","image":{"@type":"ImageObject","inLanguage":"sv-SE","@id":"https:\/\/www.almega.se\/#\/schema\/person\/image\/","url":"https:\/\/secure.gravatar.com\/avatar\/6b96f0f959d0411120737c5f1f1bb551e7f38fe13ddbaab86a1108e9f0051c53?s=96&d=mm&r=g","contentUrl":"https:\/\/secure.gravatar.com\/avatar\/6b96f0f959d0411120737c5f1f1bb551e7f38fe13ddbaab86a1108e9f0051c53?s=96&d=mm&r=g","caption":"Lena Martinell \u00c5kerblom"},"description":"Lena \u00e4r team leader f\u00f6r administrat\u00f6rerna inom Arbetsgivarservice p\u00e5 Almega i Stockholm.","url":"https:\/\/www.almega.se\/person\/lenamartinellakerblom\/"}]}},"_links":{"self":[{"href":"https:\/\/www.almega.se\/api\/wp\/v2\/posts\/20981","targetHints":{"allow":["GET"]}}],"collection":[{"href":"https:\/\/www.almega.se\/api\/wp\/v2\/posts"}],"about":[{"href":"https:\/\/www.almega.se\/api\/wp\/v2\/types\/post"}],"author":[{"embeddable":true,"href":"https:\/\/www.almega.se\/api\/wp\/v2\/users\/89"}],"replies":[{"embeddable":true,"href":"https:\/\/www.almega.se\/api\/wp\/v2\/comments?post=20981"}],"version-history":[{"count":0,"href":"https:\/\/www.almega.se\/api\/wp\/v2\/posts\/20981\/revisions"}],"wp:attachment":[{"href":"https:\/\/www.almega.se\/api\/wp\/v2\/media?parent=20981"}],"wp:term":[{"taxonomy":"category","embeddable":true,"href":"https:\/\/www.almega.se\/api\/wp\/v2\/categories?post=20981"},{"taxonomy":"post_tag","embeddable":true,"href":"https:\/\/www.almega.se\/api\/wp\/v2\/tags?post=20981"},{"taxonomy":"type","embeddable":true,"href":"https:\/\/www.almega.se\/api\/wp\/v2\/article_type?post=20981"},{"taxonomy":"agreement","embeddable":true,"href":"https:\/\/www.almega.se\/api\/wp\/v2\/agreement?post=20981"}],"curies":[{"name":"wp","href":"https:\/\/api.w.org\/{rel}","templated":true}]}}