{"id":20883,"date":"2018-12-19T10:51:25","date_gmt":"2018-12-19T09:51:25","guid":{"rendered":"https:\/\/www.almega.se\/?p=20883"},"modified":"2022-03-28T11:19:48","modified_gmt":"2022-03-28T09:19:48","slug":"overenskommelser-om-andringar-loneavtalen-med-akademiker%c2%acforbunden-och-vision-bransch-foretagshalsovard-d","status":"publish","type":"post","link":"https:\/\/www.almega.se\/2018\/12\/overenskommelser-om-andringar-loneavtalen-med-akademiker%c2%acforbunden-och-vision-bransch-foretagshalsovard-d\/","title":{"rendered":"\u00d6verenskommelser om \u00e4ndringar i l\u00f6ne&shy;avtalen med Akademiker&shy;f\u00f6rbunden och Vision f\u00f6r bransch F\u00f6retagsh\u00e4lsov\u00e5rd (D)"},"content":{"rendered":"V\u00e5rdf\u00f6retagarna har under h\u00f6sten haft \u00e5rliga avst\u00e4mningar med Akademikerf\u00f6rbunden (tidigare Fysioterapeuterna m fl) respektive Vision och tr\u00e4ffat \u00f6verenskommelser om \u00e4ndringar i l\u00f6neavtalen som g\u00e4ller fr\u00e5n den 1 januari 2019.<\/p>\n<p>Notera att \u00e4ndringarna inte g\u00e4ller avtalet med V\u00e5rdf\u00f6rbundet. Som vi informerade om i Arbetsgivarnytt daterat 2018-09-28 har V\u00e5rdf\u00f6rbundet valt att s\u00e4ga upp avtalet. D\u00e4rf\u00f6r \u00e4r det i dagsl\u00e4get oklart n\u00e4r vi har ett nytt avtal p\u00e5 plats. F\u00f6rhandlingarna med V\u00e5rdf\u00f6rbundet forts\u00e4tter och f\u00f6rhandlingstider \u00e4r inbokade till den 21 december. Vi \u00e5terkommer med ytterligare information s\u00e5 snart s\u00e5dan finns.<\/p>\n<p><strong>L\u00f6neavtalen<\/strong><br \/>\nI punkt 4 har parterna lagt till ett nytt andra stycke f\u00f6r att f\u00f6rtydliga att avtalen inte inneh\u00e5ller n\u00e5gon centralt angiven niv\u00e5 f\u00f6r \u00e5rlig l\u00f6ne\u00f6kning, dvs de \u00e4r sifferl\u00f6sa. L\u00f6ne\u00f6kningen beror p\u00e5 medarbetarens prestation och uppn\u00e5dda m\u00e5l samt hur f\u00f6retaget g\u00e5r. N\u00e5got s\u00e5 kallat m\u00e4rke finns allts\u00e5 inte att relatera till. Parterna \u00e4r dock \u00f6verens om att l\u00f6ne\u00f6kningstakten \u00f6ver tid inte ska skilja sig fr\u00e5n arbetsmarknaden i \u00f6vrigt. I samma punkt under Steg 2 har parterna lagt till ett andra stycke d\u00e4r det rekommenderas att chefen vid l\u00f6nesamtalet informerar medarbetaren om vad den individuella l\u00f6ne\u00f6kningen grundas p\u00e5 och hur den har fastst\u00e4llts.<\/p>\n<p><strong>Protokoll\u00a0med\u00a0bilagor<\/strong><br \/>\nFullst\u00e4ndiga protokoll med bilagor inneh\u00e5llande \u00e4ndringar av l\u00f6neavtalen:<\/p>\n<p><a href=\"https:\/\/www.almega.se\/app\/uploads\/2018\/12\/protokoll-bransh-foretagshalsovard-akademikerforbunden.pdf\" target=\"_blank\" rel=\"noopener noreferrer\">Protokoll F\u00f6retagsh\u00e4lsov\u00e5rd &#8211; Akademikerf\u00f6rbunden<\/a><br \/>\n<a href=\"https:\/\/www.almega.se\/app\/uploads\/2018\/12\/protokoll-foretagshalsovard-vision.pdf\" target=\"_blank\" rel=\"noopener noreferrer\">Protokoll F\u00f6retagsh\u00e4lsov\u00e5rd &#8211; Vision<\/a><\/p>\n<p><strong>Fr\u00e5gor<\/strong><br \/>\nVid fr\u00e5gor v\u00e4nligen kontakta n\u00e5gon p\u00e5 V\u00e5rdf\u00f6retagarna.\n","protected":false},"excerpt":{"rendered":"<p>V\u00e5rdf\u00f6retagarna har under h\u00f6sten haft \u00e5rliga avst\u00e4mningar med Akademikerf\u00f6rbunden (tidigare Fysioterapeuterna m fl) respektive Vision och tr\u00e4ffat \u00f6verenskommelser om \u00e4ndringar i l\u00f6neavtalen som g\u00e4ller fr\u00e5n den 1 januari 2019. Notera att \u00e4ndringarna inte g\u00e4ller avtalet &hellip;<\/p>\n","protected":false},"author":21100,"featured_media":0,"comment_status":"closed","ping_status":"closed","sticky":false,"template":"","format":"standard","meta":{"_acf_changed":false,"footnotes":""},"categories":[1],"tags":[],"article_type":[313],"agreement":[158],"class_list":["post-20883","post","type-post","status-publish","format-standard","hentry","category-okategoriserade","type-arbetsgivarnytt","agreement-c1cd80f7-ff07-de11-b4e1-02bf9e69ca65"],"acf":[],"yoast_head":"<!-- This site is optimized with the Yoast SEO Premium plugin v26.8 (Yoast SEO v26.8) - https:\/\/yoast.com\/product\/yoast-seo-premium-wordpress\/ -->\n<title>\u00d6verenskommelser om \u00e4ndringar i l\u00f6neavtalen med Akademikerf\u00f6rbunden och Vision f\u00f6r bransch F\u00f6retagsh\u00e4lsov\u00e5rd (D) | Almega<\/title>\n<meta name=\"robots\" content=\"index, follow, max-snippet:-1, max-image-preview:large, max-video-preview:-1\" \/>\n<link rel=\"canonical\" href=\"https:\/\/www.almega.se\/2018\/12\/overenskommelser-om-andringar-loneavtalen-med-akademiker\u00acforbunden-och-vision-bransch-foretagshalsovard-d\/\" \/>\n<meta property=\"og:locale\" content=\"sv_SE\" \/>\n<meta property=\"og:type\" content=\"article\" \/>\n<meta property=\"og:title\" content=\"\u00d6verenskommelser om \u00e4ndringar i l\u00f6neavtalen med Akademikerf\u00f6rbunden och Vision f\u00f6r bransch F\u00f6retagsh\u00e4lsov\u00e5rd (D)\" \/>\n<meta property=\"og:description\" content=\"V\u00e5rdf\u00f6retagarna har under h\u00f6sten haft \u00e5rliga avst\u00e4mningar med Akademikerf\u00f6rbunden (tidigare Fysioterapeuterna m fl) respektive Vision och tr\u00e4ffat \u00f6verenskommelser om \u00e4ndringar i l\u00f6neavtalen som g\u00e4ller fr\u00e5n den 1 januari 2019. Notera att \u00e4ndringarna inte g\u00e4ller avtalet &hellip;\" \/>\n<meta property=\"og:url\" content=\"https:\/\/www.almega.se\/2018\/12\/overenskommelser-om-andringar-loneavtalen-med-akademiker\u00acforbunden-och-vision-bransch-foretagshalsovard-d\/\" \/>\n<meta property=\"og:site_name\" content=\"Almega\" \/>\n<meta property=\"article:published_time\" content=\"2018-12-19T09:51:25+00:00\" \/>\n<meta property=\"article:modified_time\" content=\"2022-03-28T09:19:48+00:00\" \/>\n<meta property=\"og:image\" content=\"https:\/\/www.almega.se\/app\/uploads\/2020\/12\/almega-share-logo.png\" \/>\n\t<meta property=\"og:image:width\" content=\"1200\" \/>\n\t<meta property=\"og:image:height\" content=\"630\" \/>\n\t<meta property=\"og:image:type\" content=\"image\/png\" \/>\n<meta name=\"author\" content=\"Christoffer Bj\u00f6rkwall\" \/>\n<meta name=\"twitter:card\" content=\"summary_large_image\" \/>\n<meta name=\"twitter:label1\" content=\"Skriven av\" \/>\n\t<meta name=\"twitter:data1\" content=\"Christoffer Bj\u00f6rkwall\" \/>\n\t<meta name=\"twitter:label2\" content=\"Ber\u00e4knad l\u00e4stid\" \/>\n\t<meta name=\"twitter:data2\" content=\"1 minut\" \/>\n<!-- \/ Yoast SEO Premium plugin. -->","yoast_head_json":{"title":"\u00d6verenskommelser om \u00e4ndringar i l\u00f6neavtalen med Akademikerf\u00f6rbunden och Vision f\u00f6r bransch F\u00f6retagsh\u00e4lsov\u00e5rd (D) | Almega","robots":{"index":"index","follow":"follow","max-snippet":"max-snippet:-1","max-image-preview":"max-image-preview:large","max-video-preview":"max-video-preview:-1"},"canonical":"https:\/\/www.almega.se\/2018\/12\/overenskommelser-om-andringar-loneavtalen-med-akademiker\u00acforbunden-och-vision-bransch-foretagshalsovard-d\/","og_locale":"sv_SE","og_type":"article","og_title":"\u00d6verenskommelser om \u00e4ndringar i l\u00f6neavtalen med Akademikerf\u00f6rbunden och Vision f\u00f6r bransch F\u00f6retagsh\u00e4lsov\u00e5rd (D)","og_description":"V\u00e5rdf\u00f6retagarna har under h\u00f6sten haft \u00e5rliga avst\u00e4mningar med Akademikerf\u00f6rbunden (tidigare Fysioterapeuterna m fl) respektive Vision och tr\u00e4ffat \u00f6verenskommelser om \u00e4ndringar i l\u00f6neavtalen som g\u00e4ller fr\u00e5n den 1 januari 2019. Notera att \u00e4ndringarna inte g\u00e4ller avtalet &hellip;","og_url":"https:\/\/www.almega.se\/2018\/12\/overenskommelser-om-andringar-loneavtalen-med-akademiker\u00acforbunden-och-vision-bransch-foretagshalsovard-d\/","og_site_name":"Almega","article_published_time":"2018-12-19T09:51:25+00:00","article_modified_time":"2022-03-28T09:19:48+00:00","og_image":[{"width":1200,"height":630,"url":"https:\/\/www.almega.se\/app\/uploads\/2020\/12\/almega-share-logo.png","type":"image\/png"}],"author":"Christoffer Bj\u00f6rkwall","twitter_card":"summary_large_image","twitter_misc":{"Skriven av":"Christoffer Bj\u00f6rkwall","Ber\u00e4knad l\u00e4stid":"1 minut"},"schema":{"@context":"https:\/\/schema.org","@graph":[{"@type":"NewsArticle","@id":"https:\/\/www.almega.se\/2018\/12\/overenskommelser-om-andringar-loneavtalen-med-akademiker%c2%acforbunden-och-vision-bransch-foretagshalsovard-d\/#article","isPartOf":{"@id":"https:\/\/www.almega.se\/2018\/12\/overenskommelser-om-andringar-loneavtalen-med-akademiker%c2%acforbunden-och-vision-bransch-foretagshalsovard-d\/"},"author":{"name":"Christoffer Bj\u00f6rkwall","@id":"https:\/\/www.almega.se\/#\/schema\/person\/85455dd30dc7dd48496950cee22dd217"},"headline":"\u00d6verenskommelser om \u00e4ndringar i l\u00f6ne&shy;avtalen med Akademiker&shy;f\u00f6rbunden och Vision f\u00f6r bransch F\u00f6retagsh\u00e4lsov\u00e5rd (D)","datePublished":"2018-12-19T09:51:25+00:00","dateModified":"2022-03-28T09:19:48+00:00","mainEntityOfPage":{"@id":"https:\/\/www.almega.se\/2018\/12\/overenskommelser-om-andringar-loneavtalen-med-akademiker%c2%acforbunden-och-vision-bransch-foretagshalsovard-d\/"},"wordCount":298,"inLanguage":"sv-SE"},{"@type":"WebPage","@id":"https:\/\/www.almega.se\/2018\/12\/overenskommelser-om-andringar-loneavtalen-med-akademiker%c2%acforbunden-och-vision-bransch-foretagshalsovard-d\/","url":"https:\/\/www.almega.se\/2018\/12\/overenskommelser-om-andringar-loneavtalen-med-akademiker%c2%acforbunden-och-vision-bransch-foretagshalsovard-d\/","name":"\u00d6verenskommelser om \u00e4ndringar i l\u00f6neavtalen med Akademikerf\u00f6rbunden och Vision f\u00f6r bransch F\u00f6retagsh\u00e4lsov\u00e5rd (D) | Almega","isPartOf":{"@id":"https:\/\/www.almega.se\/#website"},"datePublished":"2018-12-19T09:51:25+00:00","dateModified":"2022-03-28T09:19:48+00:00","author":{"@id":"https:\/\/www.almega.se\/#\/schema\/person\/85455dd30dc7dd48496950cee22dd217"},"breadcrumb":{"@id":"https:\/\/www.almega.se\/2018\/12\/overenskommelser-om-andringar-loneavtalen-med-akademiker%c2%acforbunden-och-vision-bransch-foretagshalsovard-d\/#breadcrumb"},"inLanguage":"sv-SE","potentialAction":[{"@type":"ReadAction","target":["https:\/\/www.almega.se\/2018\/12\/overenskommelser-om-andringar-loneavtalen-med-akademiker%c2%acforbunden-och-vision-bransch-foretagshalsovard-d\/"]}]},{"@type":"BreadcrumbList","@id":"https:\/\/www.almega.se\/2018\/12\/overenskommelser-om-andringar-loneavtalen-med-akademiker%c2%acforbunden-och-vision-bransch-foretagshalsovard-d\/#breadcrumb","itemListElement":[{"@type":"ListItem","position":1,"name":"Home","item":"https:\/\/www.almega.se\/"},{"@type":"ListItem","position":2,"name":"\u00d6verenskommelser om \u00e4ndringar i l\u00f6ne&shy;avtalen med Akademiker&shy;f\u00f6rbunden och Vision f\u00f6r bransch F\u00f6retagsh\u00e4lsov\u00e5rd (D)"}]},{"@type":"WebSite","@id":"https:\/\/www.almega.se\/#website","url":"https:\/\/www.almega.se\/","name":"Almega","description":"","potentialAction":[{"@type":"SearchAction","target":{"@type":"EntryPoint","urlTemplate":"https:\/\/www.almega.se\/?s={search_term_string}"},"query-input":{"@type":"PropertyValueSpecification","valueRequired":true,"valueName":"search_term_string"}}],"inLanguage":"sv-SE"},{"@type":"Person","@id":"https:\/\/www.almega.se\/#\/schema\/person\/85455dd30dc7dd48496950cee22dd217","name":"Christoffer Bj\u00f6rkwall","image":{"@type":"ImageObject","inLanguage":"sv-SE","@id":"https:\/\/www.almega.se\/#\/schema\/person\/image\/","url":"https:\/\/secure.gravatar.com\/avatar\/956880dd99ad7977c1311ac56674963f4336935dd0a0213718b2293a4929de54?s=96&d=mm&r=g","contentUrl":"https:\/\/secure.gravatar.com\/avatar\/956880dd99ad7977c1311ac56674963f4336935dd0a0213718b2293a4929de54?s=96&d=mm&r=g","caption":"Christoffer Bj\u00f6rkwall"},"url":"https:\/\/www.almega.se\/person\/_j9ud6qydtb7peyh5q9truisdz8givruub40jznsy\/"}]}},"_links":{"self":[{"href":"https:\/\/www.almega.se\/api\/wp\/v2\/posts\/20883","targetHints":{"allow":["GET"]}}],"collection":[{"href":"https:\/\/www.almega.se\/api\/wp\/v2\/posts"}],"about":[{"href":"https:\/\/www.almega.se\/api\/wp\/v2\/types\/post"}],"author":[{"embeddable":true,"href":"https:\/\/www.almega.se\/api\/wp\/v2\/users\/21100"}],"replies":[{"embeddable":true,"href":"https:\/\/www.almega.se\/api\/wp\/v2\/comments?post=20883"}],"version-history":[{"count":0,"href":"https:\/\/www.almega.se\/api\/wp\/v2\/posts\/20883\/revisions"}],"wp:attachment":[{"href":"https:\/\/www.almega.se\/api\/wp\/v2\/media?parent=20883"}],"wp:term":[{"taxonomy":"category","embeddable":true,"href":"https:\/\/www.almega.se\/api\/wp\/v2\/categories?post=20883"},{"taxonomy":"post_tag","embeddable":true,"href":"https:\/\/www.almega.se\/api\/wp\/v2\/tags?post=20883"},{"taxonomy":"type","embeddable":true,"href":"https:\/\/www.almega.se\/api\/wp\/v2\/article_type?post=20883"},{"taxonomy":"agreement","embeddable":true,"href":"https:\/\/www.almega.se\/api\/wp\/v2\/agreement?post=20883"}],"curies":[{"name":"wp","href":"https:\/\/api.w.org\/{rel}","templated":true}]}}