{"id":20867,"date":"2023-11-01T10:52:45","date_gmt":"2023-11-01T09:52:45","guid":{"rendered":"https:\/\/www.almega.se\/?p=20867"},"modified":"2023-11-15T12:49:02","modified_gmt":"2023-11-15T11:49:02","slug":"sa-minskar-du-julstressen-pa-jobbet","status":"publish","type":"post","link":"https:\/\/www.almega.se\/2023\/11\/sa-minskar-du-julstressen-pa-jobbet\/","title":{"rendered":"S\u00e5 minskar du julstressen p\u00e5 jobbet"},"content":{"rendered":"<p class=\"intro\">Inf\u00f6r jul \u00e4r det fullt upp b\u00e5de hemma och p\u00e5 jobbet f\u00f6r m\u00e5nga. S\u00e5 h\u00e4r kan du som arbetsgivare minska decemberstressen p\u00e5 arbetsplatsen!<\/p>\n\n<p>Julen kan vara b\u00e5de en h\u00e4rlig och fridfull h\u00f6gtid. Men det kan ocks\u00e5 vara en tid full av stress och h\u00f6ga f\u00f6rv\u00e4ntningar. Julmaten ska lagas, klappar inhandlas och julgranen justeras s\u00e5 att den st\u00e5r alldeles rakt d\u00e4r i sin fot.<\/p>\n\n\n\n<p>Oftast sker alla julf\u00f6rberedelser parallellt med att det ocks\u00e5 blir intensivare p\u00e5 v\u00e5ra jobb. Inte s\u00e4llan kryper arbetsuppgifter fram i slutet av december som vi m\u00e5ste klara av innan \u00e5ret \u00e4r slut.<\/p>\n\n\n\n<p>Men finns det d\u00e5 n\u00e5got du som arbetsgivare kan g\u00f6ra f\u00f6r att minska julstressen p\u00e5 arbetsplatsen? H\u00e4r \u00e4r n\u00e5gra tips vi p\u00e5 Almega tycker \u00e4r v\u00e4rda att p\u00e5minna om oss s\u00e5 h\u00e4r inf\u00f6r juletider! <\/p>\n\n\n<a class='Share__link Share__link--url copy-text' href='#' rel='nofollow' data-text='1.-alla-firar-inte-jul-pa-samma-satt' title='Dela url' data-confirmation='L\u00e4nken kopierades till urklipp'><svg class='icon icon--link'  width='18' height='18' viewBox='0 0 18 18' fill='none' xmlns='http:\/\/www.w3.org\/2000\/svg'>\n            <path d='M10.4142 0.514721L6.87868 4.05025L8.29289 5.46447L11.1213 2.63604L15.364 6.87868L12.5355 9.70711L13.9497 11.1213L17.4853 7.58579C17.8763 7.19476 17.8763 6.5626 17.4853 6.17158L11.8284 0.514721C11.4374 0.123691 10.8052 0.123691 10.4142 0.514721Z' fill='black'\/>\n            <path d='M9.7071 12.5355L6.87868 15.364L2.63604 11.1213L5.46446 8.2929L4.05025 6.87868L0.514716 10.4142C0.123686 10.8052 0.123686 11.4374 0.514716 11.8284L6.17157 17.4853C6.5626 17.8763 7.19475 17.8763 7.58578 17.4853L11.1213 13.9497L9.7071 12.5355Z' fill='black'\/>\n            <path d='M6.17157 11.8284C6.5626 12.2195 7.19475 12.2195 7.58578 11.8284L11.8284 7.58579C12.2195 7.19476 12.2195 6.56261 11.8284 6.17158C11.4374 5.78055 10.8052 5.78055 10.4142 6.17158L6.17157 10.4142C5.78054 10.8052 5.78054 11.4374 6.17157 11.8284Z' fill='black'\/>\n            <\/svg> <\/a>\n<h2 class=\"wp-block-heading\">1. Alla firar inte jul p\u00e5 samma s\u00e4tt<\/h2>\n\n\n\n<p>Likav\u00e4l som julen \u00e4r en h\u00e4rlig och mysig tid kan den f\u00f6r m\u00e5nga vara n\u00e5got helt annat. F\u00f6r en del pr\u00e4glas julen ist\u00e4llet av ensamhet. Kanske beror det p\u00e5 att man saknar egen familj eller riktigt n\u00e4ra v\u00e4nner. Men att fira julen i ensamhet, eller att inte fira den alls, kan ocks\u00e5 vara sj\u00e4lvvalt. <\/p>\n\n\n\n<p>Orsakerna kan vara m\u00e5nga och d\u00e4rf\u00f6r \u00e4r det s\u00e4rskilt viktigt att er arbetsplats pr\u00e4glas av en ink\u00e4nnande och lyssnande atmosf\u00e4r. Att du som chef inte f\u00f6ruts\u00e4tter att alla firar julen lika mycket eller att de firar den \u00f6verhuvudtaget. Eller att n\u00e5gra av dina kollegor rent av \u00e4r riktigt ensamma p\u00e5 julen.<\/p>\n\n\n<a class='Share__link Share__link--url copy-text' href='#' rel='nofollow' data-text='2.-kann-in-och-var-noga-med-vem-du-belastar-med-nya-arbetsuppgifter-infor-julen' title='Dela url' data-confirmation='L\u00e4nken kopierades till urklipp'><svg class='icon icon--link'  width='18' height='18' viewBox='0 0 18 18' fill='none' xmlns='http:\/\/www.w3.org\/2000\/svg'>\n            <path d='M10.4142 0.514721L6.87868 4.05025L8.29289 5.46447L11.1213 2.63604L15.364 6.87868L12.5355 9.70711L13.9497 11.1213L17.4853 7.58579C17.8763 7.19476 17.8763 6.5626 17.4853 6.17158L11.8284 0.514721C11.4374 0.123691 10.8052 0.123691 10.4142 0.514721Z' fill='black'\/>\n            <path d='M9.7071 12.5355L6.87868 15.364L2.63604 11.1213L5.46446 8.2929L4.05025 6.87868L0.514716 10.4142C0.123686 10.8052 0.123686 11.4374 0.514716 11.8284L6.17157 17.4853C6.5626 17.8763 7.19475 17.8763 7.58578 17.4853L11.1213 13.9497L9.7071 12.5355Z' fill='black'\/>\n            <path d='M6.17157 11.8284C6.5626 12.2195 7.19475 12.2195 7.58578 11.8284L11.8284 7.58579C12.2195 7.19476 12.2195 6.56261 11.8284 6.17158C11.4374 5.78055 10.8052 5.78055 10.4142 6.17158L6.17157 10.4142C5.78054 10.8052 5.78054 11.4374 6.17157 11.8284Z' fill='black'\/>\n            <\/svg> <\/a>\n<h2 class=\"wp-block-heading\">2. K\u00e4nn in och var noga med vem du belastar med nya arbetsuppgifter inf\u00f6r julen<\/h2>\n\n\n\n<p>Det \u00e4r alltid viktigt att k\u00e4nna av arbetsbelastningen innan en medarbetare tilldelas ytterligare arbetsuppgifter. Runt jul \u00e4r det s\u00e4rskilt viktigt. Slutet av december \u00e4r en tid d\u00e5 vi slutf\u00f6r m\u00e5nga projekt och en del medarbetare passar p\u00e5 att ta n\u00e5gon dag ledigt. <\/p>\n\n\n\n<p>Eftersom vi arbetar mer oregelbundet kr\u00e4vs det ocks\u00e5 att vi f\u00f6ljer upp och arbetsleder p\u00e5 ett s\u00e5dant s\u00e4tt att det inte belastar n\u00e5gon medarbetare p\u00e5 ett orimligt s\u00e4tt.<\/p>\n\n\n<a class='Share__link Share__link--url copy-text' href='#' rel='nofollow' data-text='3.-tank-igenom-vilka-nyheter-ni-kan-formedla-till-medarbetare-innan-julen-tar-vid' title='Dela url' data-confirmation='L\u00e4nken kopierades till urklipp'><svg class='icon icon--link'  width='18' height='18' viewBox='0 0 18 18' fill='none' xmlns='http:\/\/www.w3.org\/2000\/svg'>\n            <path d='M10.4142 0.514721L6.87868 4.05025L8.29289 5.46447L11.1213 2.63604L15.364 6.87868L12.5355 9.70711L13.9497 11.1213L17.4853 7.58579C17.8763 7.19476 17.8763 6.5626 17.4853 6.17158L11.8284 0.514721C11.4374 0.123691 10.8052 0.123691 10.4142 0.514721Z' fill='black'\/>\n            <path d='M9.7071 12.5355L6.87868 15.364L2.63604 11.1213L5.46446 8.2929L4.05025 6.87868L0.514716 10.4142C0.123686 10.8052 0.123686 11.4374 0.514716 11.8284L6.17157 17.4853C6.5626 17.8763 7.19475 17.8763 7.58578 17.4853L11.1213 13.9497L9.7071 12.5355Z' fill='black'\/>\n            <path d='M6.17157 11.8284C6.5626 12.2195 7.19475 12.2195 7.58578 11.8284L11.8284 7.58579C12.2195 7.19476 12.2195 6.56261 11.8284 6.17158C11.4374 5.78055 10.8052 5.78055 10.4142 6.17158L6.17157 10.4142C5.78054 10.8052 5.78054 11.4374 6.17157 11.8284Z' fill='black'\/>\n            <\/svg> <\/a>\n<h2 class=\"wp-block-heading\">3. T\u00e4nk igenom vilka nyheter ni kan f\u00f6rmedla till medarbetare innan julen tar vid<\/h2>\n\n\n\n<p>Det finns goda sk\u00e4l till att inte dr\u00f6ja med ett besked som \u00e4r beslutat, utan att ber\u00e4tta om det s\u00e5 fort det g\u00e5r. Ingen uppskattar att nyheter som ber\u00f6r dem h\u00e5lls hemliga \u00e4ven om ledigheter stundar.<\/p>\n\n\n\n<p>Med det \u00f6nskar vi riktigt fina helger och en god jul!<\/p>\n\n\n\n<h3 class=\"wp-block-heading\">Vill du som arbetsgivare h\u00e5lla dig informerad?<\/h3>\n\n\n\n<p><a href=\"https:\/\/www.arbetsgivarguiden.se\/\" target=\"_blank\" rel=\"noopener\">Arbetsgivarguiden<\/a>&nbsp;\u00e4r Almegas kunskapsbank p\u00e5 webben, som ing\u00e5r i medlemskapet f\u00f6r medlemmar. D\u00e4r f\u00e5r du juridisk r\u00e5dgivning och snabb och aktuell information om aktuella arbetsgivarfr\u00e5gor samt relevant information r\u00f6rande&nbsp;ditt eller dina kollektivavtal \u2013 dygnet runt.<\/p>\n\n\n\n<h3 class=\"wp-block-heading\">Inte medlem?&nbsp;<\/h3>\n\n\n\n<p><a href=\"https:\/\/www.arbetsgivarguiden.se\/\" target=\"_blank\" rel=\"noopener\">H\u00e4r kan du l\u00e4sa mer om medlemskap<\/a>&nbsp;i n\u00e5got av Almegas f\u00f6rbund.<\/p>\n","protected":false},"excerpt":{"rendered":"<p>Julen kan vara b\u00e5de en h\u00e4rlig och fridfull h\u00f6gtid. Men det kan ocks\u00e5 vara en tid full av stress och h\u00f6ga f\u00f6rv\u00e4ntningar. Julmaten ska lagas, klappar inhandlas och julgranen justeras s\u00e5 att den st\u00e5r alldeles &hellip;<\/p>\n","protected":false},"author":3,"featured_media":20877,"comment_status":"closed","ping_status":"closed","sticky":false,"template":"","format":"standard","meta":{"_acf_changed":false,"footnotes":""},"categories":[451],"tags":[],"article_type":[],"agreement":[],"class_list":["post-20867","post","type-post","status-publish","format-standard","has-post-thumbnail","hentry","category-arbetsgivarfragor"],"acf":[],"yoast_head":"<!-- This site is optimized with the Yoast SEO Premium plugin v26.8 (Yoast SEO v26.8) - https:\/\/yoast.com\/product\/yoast-seo-premium-wordpress\/ -->\n<title>S\u00e5 minskar du julstressen p\u00e5 jobbet | Almega<\/title>\n<meta name=\"robots\" content=\"index, follow, max-snippet:-1, max-image-preview:large, max-video-preview:-1\" \/>\n<link rel=\"canonical\" href=\"https:\/\/www.almega.se\/2023\/11\/sa-minskar-du-julstressen-pa-jobbet\/\" \/>\n<meta property=\"og:locale\" content=\"sv_SE\" \/>\n<meta property=\"og:type\" content=\"article\" \/>\n<meta property=\"og:title\" content=\"S\u00e5 minskar du julstressen p\u00e5 jobbet\" \/>\n<meta property=\"og:description\" content=\"Julen kan vara b\u00e5de en h\u00e4rlig och fridfull h\u00f6gtid. Men det kan ocks\u00e5 vara en tid full av stress och h\u00f6ga f\u00f6rv\u00e4ntningar. Julmaten ska lagas, klappar inhandlas och julgranen justeras s\u00e5 att den st\u00e5r alldeles &hellip;\" \/>\n<meta property=\"og:url\" content=\"https:\/\/www.almega.se\/2023\/11\/sa-minskar-du-julstressen-pa-jobbet\/\" \/>\n<meta property=\"og:site_name\" content=\"Almega\" \/>\n<meta property=\"article:published_time\" content=\"2023-11-01T09:52:45+00:00\" \/>\n<meta property=\"article:modified_time\" content=\"2023-11-15T11:49:02+00:00\" \/>\n<meta property=\"og:image\" content=\"https:\/\/www.almega.se\/app\/uploads\/2018\/12\/julstress-pa-jobbet.jpg\" \/>\n\t<meta property=\"og:image:width\" content=\"1000\" \/>\n\t<meta property=\"og:image:height\" content=\"600\" \/>\n\t<meta property=\"og:image:type\" content=\"image\/jpeg\" \/>\n<meta name=\"author\" content=\"Julia Schwamberg\" \/>\n<meta name=\"twitter:card\" content=\"summary_large_image\" \/>\n<meta name=\"twitter:label1\" content=\"Skriven av\" \/>\n\t<meta name=\"twitter:data1\" content=\"Julia Schwamberg\" \/>\n\t<meta name=\"twitter:label2\" content=\"Ber\u00e4knad l\u00e4stid\" \/>\n\t<meta name=\"twitter:data2\" content=\"3 minuter\" \/>\n<!-- \/ Yoast SEO Premium plugin. -->","yoast_head_json":{"title":"S\u00e5 minskar du julstressen p\u00e5 jobbet | Almega","robots":{"index":"index","follow":"follow","max-snippet":"max-snippet:-1","max-image-preview":"max-image-preview:large","max-video-preview":"max-video-preview:-1"},"canonical":"https:\/\/www.almega.se\/2023\/11\/sa-minskar-du-julstressen-pa-jobbet\/","og_locale":"sv_SE","og_type":"article","og_title":"S\u00e5 minskar du julstressen p\u00e5 jobbet","og_description":"Julen kan vara b\u00e5de en h\u00e4rlig och fridfull h\u00f6gtid. Men det kan ocks\u00e5 vara en tid full av stress och h\u00f6ga f\u00f6rv\u00e4ntningar. Julmaten ska lagas, klappar inhandlas och julgranen justeras s\u00e5 att den st\u00e5r alldeles &hellip;","og_url":"https:\/\/www.almega.se\/2023\/11\/sa-minskar-du-julstressen-pa-jobbet\/","og_site_name":"Almega","article_published_time":"2023-11-01T09:52:45+00:00","article_modified_time":"2023-11-15T11:49:02+00:00","og_image":[{"width":1000,"height":600,"url":"https:\/\/www.almega.se\/app\/uploads\/2018\/12\/julstress-pa-jobbet.jpg","type":"image\/jpeg"}],"author":"Julia Schwamberg","twitter_card":"summary_large_image","twitter_misc":{"Skriven av":"Julia Schwamberg","Ber\u00e4knad l\u00e4stid":"3 minuter"},"schema":{"@context":"https:\/\/schema.org","@graph":[{"@type":"NewsArticle","@id":"https:\/\/www.almega.se\/2023\/11\/sa-minskar-du-julstressen-pa-jobbet\/#article","isPartOf":{"@id":"https:\/\/www.almega.se\/2023\/11\/sa-minskar-du-julstressen-pa-jobbet\/"},"author":{"name":"Julia Schwamberg","@id":"https:\/\/www.almega.se\/#\/schema\/person\/efcc735e9c1ba0f9de79e69dc5be5f8a"},"headline":"S\u00e5 minskar du julstressen p\u00e5 jobbet","datePublished":"2023-11-01T09:52:45+00:00","dateModified":"2023-11-15T11:49:02+00:00","mainEntityOfPage":{"@id":"https:\/\/www.almega.se\/2023\/11\/sa-minskar-du-julstressen-pa-jobbet\/"},"wordCount":504,"image":{"@id":"https:\/\/www.almega.se\/2023\/11\/sa-minskar-du-julstressen-pa-jobbet\/#primaryimage"},"thumbnailUrl":"https:\/\/www.almega.se\/app\/uploads\/2018\/12\/julstress-pa-jobbet.jpg","articleSection":["Arbetsgivarfr\u00e5gor"],"inLanguage":"sv-SE"},{"@type":"WebPage","@id":"https:\/\/www.almega.se\/2023\/11\/sa-minskar-du-julstressen-pa-jobbet\/","url":"https:\/\/www.almega.se\/2023\/11\/sa-minskar-du-julstressen-pa-jobbet\/","name":"S\u00e5 minskar du julstressen p\u00e5 jobbet | Almega","isPartOf":{"@id":"https:\/\/www.almega.se\/#website"},"primaryImageOfPage":{"@id":"https:\/\/www.almega.se\/2023\/11\/sa-minskar-du-julstressen-pa-jobbet\/#primaryimage"},"image":{"@id":"https:\/\/www.almega.se\/2023\/11\/sa-minskar-du-julstressen-pa-jobbet\/#primaryimage"},"thumbnailUrl":"https:\/\/www.almega.se\/app\/uploads\/2018\/12\/julstress-pa-jobbet.jpg","datePublished":"2023-11-01T09:52:45+00:00","dateModified":"2023-11-15T11:49:02+00:00","author":{"@id":"https:\/\/www.almega.se\/#\/schema\/person\/efcc735e9c1ba0f9de79e69dc5be5f8a"},"breadcrumb":{"@id":"https:\/\/www.almega.se\/2023\/11\/sa-minskar-du-julstressen-pa-jobbet\/#breadcrumb"},"inLanguage":"sv-SE","potentialAction":[{"@type":"ReadAction","target":["https:\/\/www.almega.se\/2023\/11\/sa-minskar-du-julstressen-pa-jobbet\/"]}]},{"@type":"ImageObject","inLanguage":"sv-SE","@id":"https:\/\/www.almega.se\/2023\/11\/sa-minskar-du-julstressen-pa-jobbet\/#primaryimage","url":"https:\/\/www.almega.se\/app\/uploads\/2018\/12\/julstress-pa-jobbet.jpg","contentUrl":"https:\/\/www.almega.se\/app\/uploads\/2018\/12\/julstress-pa-jobbet.jpg","width":1000,"height":600,"caption":"julstress"},{"@type":"BreadcrumbList","@id":"https:\/\/www.almega.se\/2023\/11\/sa-minskar-du-julstressen-pa-jobbet\/#breadcrumb","itemListElement":[{"@type":"ListItem","position":1,"name":"Home","item":"https:\/\/www.almega.se\/"},{"@type":"ListItem","position":2,"name":"S\u00e5 minskar du julstressen p\u00e5 jobbet"}]},{"@type":"WebSite","@id":"https:\/\/www.almega.se\/#website","url":"https:\/\/www.almega.se\/","name":"Almega","description":"","potentialAction":[{"@type":"SearchAction","target":{"@type":"EntryPoint","urlTemplate":"https:\/\/www.almega.se\/?s={search_term_string}"},"query-input":{"@type":"PropertyValueSpecification","valueRequired":true,"valueName":"search_term_string"}}],"inLanguage":"sv-SE"},{"@type":"Person","@id":"https:\/\/www.almega.se\/#\/schema\/person\/efcc735e9c1ba0f9de79e69dc5be5f8a","name":"Julia Schwamberg","image":{"@type":"ImageObject","inLanguage":"sv-SE","@id":"https:\/\/www.almega.se\/#\/schema\/person\/image\/","url":"https:\/\/secure.gravatar.com\/avatar\/60ee7d8b8e9aa9b036f4768c0d2e868d8f080bcf68689c0f64ab3b87b1c2f78b?s=96&d=mm&r=g","contentUrl":"https:\/\/secure.gravatar.com\/avatar\/60ee7d8b8e9aa9b036f4768c0d2e868d8f080bcf68689c0f64ab3b87b1c2f78b?s=96&d=mm&r=g","caption":"Julia Schwamberg"},"url":"https:\/\/www.almega.se\/person\/juliaschwamberg\/"}]}},"_links":{"self":[{"href":"https:\/\/www.almega.se\/api\/wp\/v2\/posts\/20867","targetHints":{"allow":["GET"]}}],"collection":[{"href":"https:\/\/www.almega.se\/api\/wp\/v2\/posts"}],"about":[{"href":"https:\/\/www.almega.se\/api\/wp\/v2\/types\/post"}],"author":[{"embeddable":true,"href":"https:\/\/www.almega.se\/api\/wp\/v2\/users\/3"}],"replies":[{"embeddable":true,"href":"https:\/\/www.almega.se\/api\/wp\/v2\/comments?post=20867"}],"version-history":[{"count":7,"href":"https:\/\/www.almega.se\/api\/wp\/v2\/posts\/20867\/revisions"}],"predecessor-version":[{"id":68850,"href":"https:\/\/www.almega.se\/api\/wp\/v2\/posts\/20867\/revisions\/68850"}],"wp:featuredmedia":[{"embeddable":true,"href":"https:\/\/www.almega.se\/api\/wp\/v2\/media\/20877"}],"wp:attachment":[{"href":"https:\/\/www.almega.se\/api\/wp\/v2\/media?parent=20867"}],"wp:term":[{"taxonomy":"category","embeddable":true,"href":"https:\/\/www.almega.se\/api\/wp\/v2\/categories?post=20867"},{"taxonomy":"post_tag","embeddable":true,"href":"https:\/\/www.almega.se\/api\/wp\/v2\/tags?post=20867"},{"taxonomy":"type","embeddable":true,"href":"https:\/\/www.almega.se\/api\/wp\/v2\/article_type?post=20867"},{"taxonomy":"agreement","embeddable":true,"href":"https:\/\/www.almega.se\/api\/wp\/v2\/agreement?post=20867"}],"curies":[{"name":"wp","href":"https:\/\/api.w.org\/{rel}","templated":true}]}}