{"id":20384,"date":"2018-11-30T12:31:53","date_gmt":"2018-11-30T11:31:53","guid":{"rendered":"https:\/\/www.almega.se\/?p=20384"},"modified":"2022-03-28T11:16:02","modified_gmt":"2022-03-28T09:16:02","slug":"webbutbildning-arbetsmiljon-inom-privat-vard","status":"publish","type":"post","link":"https:\/\/www.almega.se\/2018\/11\/webbutbildning-arbetsmiljon-inom-privat-vard\/","title":{"rendered":"Webb&shy;utbildning f\u00f6r arbetsmilj\u00f6n inom privat v\u00e5rd"},"content":{"rendered":"V\u00e5rdf\u00f6retagarna har tillsammans med Prevent, Kommunal, Akademikerf\u00f6rbunden och V\u00e5rdf\u00f6rbundet tagit fram en ny webbaserad utbildning inom arbetsmilj\u00f6 som riktar sig till den privata v\u00e5rden.<\/p>\n<p>Med Prevents nya utbildningsmaterial kan arbetsgivare, skyddsombud och medarbetare tillsammans f\u00e5 kunskap och skapa de f\u00f6ruts\u00e4ttningar som beh\u00f6vs f\u00f6r att medvetet hantera arbetsmilj\u00f6fr\u00e5gor.<\/p>\n<p>Utbildningen \u00e4r kostnadsfri och best\u00e5r av tio lektioner som inneh\u00e5ller introduktionsfilm, filmade reportage, tips och konkreta exempel fr\u00e5n verkligheten.<\/p>\n<p><a href=\"https:\/\/www.prevent.se\/om-prevent\/pressmeddelanden\/Pressmeddelanden\/2018\/privata-varden-far-ny-webbutbildning-for-arbetsmiljon\/\" target=\"_blank\" rel=\"noopener noreferrer\">Klicka h\u00e4r f\u00f6r att komma till utbildningen.<\/a>\n","protected":false},"excerpt":{"rendered":"<p>V\u00e5rdf\u00f6retagarna har tillsammans med Prevent, Kommunal, Akademikerf\u00f6rbunden och V\u00e5rdf\u00f6rbundet tagit fram en ny webbaserad utbildning inom arbetsmilj\u00f6 som riktar sig till den privata v\u00e5rden. Med Prevents nya utbildningsmaterial kan arbetsgivare, skyddsombud och medarbetare tillsammans f\u00e5 &hellip;<\/p>\n","protected":false},"author":21100,"featured_media":0,"comment_status":"closed","ping_status":"closed","sticky":false,"template":"","format":"standard","meta":{"_acf_changed":false,"footnotes":""},"categories":[1],"tags":[],"article_type":[313],"agreement":[104,105,137,158,159,191,217,410,238,411,239,245,243,244],"class_list":["post-20384","post","type-post","status-publish","format-standard","hentry","category-okategoriserade","type-arbetsgivarnytt","agreement-cacd80f7-ff07-de11-b4e1-02bf9e69ca65","agreement-cbcd80f7-ff07-de11-b4e1-02bf9e69ca65","agreement-bccd80f7-ff07-de11-b4e1-02bf9e69ca65","agreement-c1cd80f7-ff07-de11-b4e1-02bf9e69ca65","agreement-c4cd80f7-ff07-de11-b4e1-02bf9e69ca65","agreement-c5cd80f7-ff07-de11-b4e1-02bf9e69ca65","agreement-bbcd80f7-ff07-de11-b4e1-02bf9e69ca65","agreement-becd80f7-ff07-de11-b4e1-02bf9e69ca65","agreement-bfcd80f7-ff07-de11-b4e1-02bf9e69ca65","agreement-a438d278-7ccb-e711-810f-003dd8b71e49","agreement-c0cd80f7-ff07-de11-b4e1-02bf9e69ca65","agreement-d8372015-3f44-e211-be83-005056b20fd8","agreement-1ac6e1f5-3f44-e211-be83-005056b20fd8","agreement-70ee1081-3f44-e211-be83-005056b20fd8"],"acf":[],"yoast_head":"<!-- This site is optimized with the Yoast SEO Premium plugin v26.8 (Yoast SEO v26.8) - https:\/\/yoast.com\/product\/yoast-seo-premium-wordpress\/ -->\n<title>Webbutbildning f\u00f6r arbetsmilj\u00f6n inom privat v\u00e5rd | Almega<\/title>\n<meta name=\"robots\" content=\"index, follow, max-snippet:-1, max-image-preview:large, max-video-preview:-1\" \/>\n<link rel=\"canonical\" href=\"https:\/\/www.almega.se\/2018\/11\/webbutbildning-arbetsmiljon-inom-privat-vard\/\" \/>\n<meta property=\"og:locale\" content=\"sv_SE\" \/>\n<meta property=\"og:type\" content=\"article\" \/>\n<meta property=\"og:title\" content=\"Webbutbildning f\u00f6r arbetsmilj\u00f6n inom privat v\u00e5rd\" \/>\n<meta property=\"og:description\" content=\"V\u00e5rdf\u00f6retagarna har tillsammans med Prevent, Kommunal, Akademikerf\u00f6rbunden och V\u00e5rdf\u00f6rbundet tagit fram en ny webbaserad utbildning inom arbetsmilj\u00f6 som riktar sig till den privata v\u00e5rden. Med Prevents nya utbildningsmaterial kan arbetsgivare, skyddsombud och medarbetare tillsammans f\u00e5 &hellip;\" \/>\n<meta property=\"og:url\" content=\"https:\/\/www.almega.se\/2018\/11\/webbutbildning-arbetsmiljon-inom-privat-vard\/\" \/>\n<meta property=\"og:site_name\" content=\"Almega\" \/>\n<meta property=\"article:published_time\" content=\"2018-11-30T11:31:53+00:00\" \/>\n<meta property=\"article:modified_time\" content=\"2022-03-28T09:16:02+00:00\" \/>\n<meta property=\"og:image\" content=\"https:\/\/www.almega.se\/app\/uploads\/2020\/12\/almega-share-logo.png\" \/>\n\t<meta property=\"og:image:width\" content=\"1200\" \/>\n\t<meta property=\"og:image:height\" content=\"630\" \/>\n\t<meta property=\"og:image:type\" content=\"image\/png\" \/>\n<meta name=\"author\" content=\"Christoffer Bj\u00f6rkwall\" \/>\n<meta name=\"twitter:card\" content=\"summary_large_image\" \/>\n<meta name=\"twitter:label1\" content=\"Skriven av\" \/>\n\t<meta name=\"twitter:data1\" content=\"Christoffer Bj\u00f6rkwall\" \/>\n<!-- \/ Yoast SEO Premium plugin. -->","yoast_head_json":{"title":"Webbutbildning f\u00f6r arbetsmilj\u00f6n inom privat v\u00e5rd | Almega","robots":{"index":"index","follow":"follow","max-snippet":"max-snippet:-1","max-image-preview":"max-image-preview:large","max-video-preview":"max-video-preview:-1"},"canonical":"https:\/\/www.almega.se\/2018\/11\/webbutbildning-arbetsmiljon-inom-privat-vard\/","og_locale":"sv_SE","og_type":"article","og_title":"Webbutbildning f\u00f6r arbetsmilj\u00f6n inom privat v\u00e5rd","og_description":"V\u00e5rdf\u00f6retagarna har tillsammans med Prevent, Kommunal, Akademikerf\u00f6rbunden och V\u00e5rdf\u00f6rbundet tagit fram en ny webbaserad utbildning inom arbetsmilj\u00f6 som riktar sig till den privata v\u00e5rden. Med Prevents nya utbildningsmaterial kan arbetsgivare, skyddsombud och medarbetare tillsammans f\u00e5 &hellip;","og_url":"https:\/\/www.almega.se\/2018\/11\/webbutbildning-arbetsmiljon-inom-privat-vard\/","og_site_name":"Almega","article_published_time":"2018-11-30T11:31:53+00:00","article_modified_time":"2022-03-28T09:16:02+00:00","og_image":[{"width":1200,"height":630,"url":"https:\/\/www.almega.se\/app\/uploads\/2020\/12\/almega-share-logo.png","type":"image\/png"}],"author":"Christoffer Bj\u00f6rkwall","twitter_card":"summary_large_image","twitter_misc":{"Skriven av":"Christoffer Bj\u00f6rkwall"},"schema":{"@context":"https:\/\/schema.org","@graph":[{"@type":"NewsArticle","@id":"https:\/\/www.almega.se\/2018\/11\/webbutbildning-arbetsmiljon-inom-privat-vard\/#article","isPartOf":{"@id":"https:\/\/www.almega.se\/2018\/11\/webbutbildning-arbetsmiljon-inom-privat-vard\/"},"author":{"name":"Christoffer Bj\u00f6rkwall","@id":"https:\/\/www.almega.se\/#\/schema\/person\/85455dd30dc7dd48496950cee22dd217"},"headline":"Webb&shy;utbildning f\u00f6r arbetsmilj\u00f6n inom privat v\u00e5rd","datePublished":"2018-11-30T11:31:53+00:00","dateModified":"2022-03-28T09:16:02+00:00","mainEntityOfPage":{"@id":"https:\/\/www.almega.se\/2018\/11\/webbutbildning-arbetsmiljon-inom-privat-vard\/"},"wordCount":99,"inLanguage":"sv-SE"},{"@type":"WebPage","@id":"https:\/\/www.almega.se\/2018\/11\/webbutbildning-arbetsmiljon-inom-privat-vard\/","url":"https:\/\/www.almega.se\/2018\/11\/webbutbildning-arbetsmiljon-inom-privat-vard\/","name":"Webbutbildning f\u00f6r arbetsmilj\u00f6n inom privat v\u00e5rd | Almega","isPartOf":{"@id":"https:\/\/www.almega.se\/#website"},"datePublished":"2018-11-30T11:31:53+00:00","dateModified":"2022-03-28T09:16:02+00:00","author":{"@id":"https:\/\/www.almega.se\/#\/schema\/person\/85455dd30dc7dd48496950cee22dd217"},"breadcrumb":{"@id":"https:\/\/www.almega.se\/2018\/11\/webbutbildning-arbetsmiljon-inom-privat-vard\/#breadcrumb"},"inLanguage":"sv-SE","potentialAction":[{"@type":"ReadAction","target":["https:\/\/www.almega.se\/2018\/11\/webbutbildning-arbetsmiljon-inom-privat-vard\/"]}]},{"@type":"BreadcrumbList","@id":"https:\/\/www.almega.se\/2018\/11\/webbutbildning-arbetsmiljon-inom-privat-vard\/#breadcrumb","itemListElement":[{"@type":"ListItem","position":1,"name":"Home","item":"https:\/\/www.almega.se\/"},{"@type":"ListItem","position":2,"name":"Webb&shy;utbildning f\u00f6r arbetsmilj\u00f6n inom privat v\u00e5rd"}]},{"@type":"WebSite","@id":"https:\/\/www.almega.se\/#website","url":"https:\/\/www.almega.se\/","name":"Almega","description":"","potentialAction":[{"@type":"SearchAction","target":{"@type":"EntryPoint","urlTemplate":"https:\/\/www.almega.se\/?s={search_term_string}"},"query-input":{"@type":"PropertyValueSpecification","valueRequired":true,"valueName":"search_term_string"}}],"inLanguage":"sv-SE"},{"@type":"Person","@id":"https:\/\/www.almega.se\/#\/schema\/person\/85455dd30dc7dd48496950cee22dd217","name":"Christoffer Bj\u00f6rkwall","image":{"@type":"ImageObject","inLanguage":"sv-SE","@id":"https:\/\/www.almega.se\/#\/schema\/person\/image\/","url":"https:\/\/secure.gravatar.com\/avatar\/956880dd99ad7977c1311ac56674963f4336935dd0a0213718b2293a4929de54?s=96&d=mm&r=g","contentUrl":"https:\/\/secure.gravatar.com\/avatar\/956880dd99ad7977c1311ac56674963f4336935dd0a0213718b2293a4929de54?s=96&d=mm&r=g","caption":"Christoffer Bj\u00f6rkwall"},"url":"https:\/\/www.almega.se\/person\/_j9ud6qydtb7peyh5q9truisdz8givruub40jznsy\/"}]}},"_links":{"self":[{"href":"https:\/\/www.almega.se\/api\/wp\/v2\/posts\/20384","targetHints":{"allow":["GET"]}}],"collection":[{"href":"https:\/\/www.almega.se\/api\/wp\/v2\/posts"}],"about":[{"href":"https:\/\/www.almega.se\/api\/wp\/v2\/types\/post"}],"author":[{"embeddable":true,"href":"https:\/\/www.almega.se\/api\/wp\/v2\/users\/21100"}],"replies":[{"embeddable":true,"href":"https:\/\/www.almega.se\/api\/wp\/v2\/comments?post=20384"}],"version-history":[{"count":0,"href":"https:\/\/www.almega.se\/api\/wp\/v2\/posts\/20384\/revisions"}],"wp:attachment":[{"href":"https:\/\/www.almega.se\/api\/wp\/v2\/media?parent=20384"}],"wp:term":[{"taxonomy":"category","embeddable":true,"href":"https:\/\/www.almega.se\/api\/wp\/v2\/categories?post=20384"},{"taxonomy":"post_tag","embeddable":true,"href":"https:\/\/www.almega.se\/api\/wp\/v2\/tags?post=20384"},{"taxonomy":"type","embeddable":true,"href":"https:\/\/www.almega.se\/api\/wp\/v2\/article_type?post=20384"},{"taxonomy":"agreement","embeddable":true,"href":"https:\/\/www.almega.se\/api\/wp\/v2\/agreement?post=20384"}],"curies":[{"name":"wp","href":"https:\/\/api.w.org\/{rel}","templated":true}]}}