{"id":20371,"date":"2018-11-30T09:49:22","date_gmt":"2018-11-30T08:49:22","guid":{"rendered":"https:\/\/www.almega.se\/?p=20371"},"modified":"2022-03-28T11:16:27","modified_gmt":"2022-03-28T09:16:27","slug":"nya-karensregler-kollektivavtalet-tjansteman-den-1-januari-2019","status":"publish","type":"post","link":"https:\/\/www.almega.se\/2018\/11\/nya-karensregler-kollektivavtalet-tjansteman-den-1-januari-2019\/","title":{"rendered":"Nya karensregler i kollektiv&shy;avtalet f\u00f6r tj\u00e4nstem\u00e4n den 1 januari 2019"},"content":{"rendered":"\n<p class=\"intro\">Den 1 januari 2019 \u00e4ndras reglerna om karens i sjukl\u00f6nelagen. Med anledning av det \u00e4ndras ocks\u00e5 sjukl\u00f6nereglerna i kollektivavtalen. \u00c4ndringarna i tj\u00e4nstemannaavtalet \u00e4r klara med Unionen och Akademikerf\u00f6rbunden. Inom kort kommer \u00e4ven \u00e4ndringarna avseende LO-avtalet att vara klara och ett nytt Arbetsgivarnytt att skickas. \u00c4ndringarna inneb\u00e4r att karens inte l\u00e4ngre r\u00e4knas per dag utan p\u00e5 en period som \u00e4r 20 procent av en normal arbetsvecka. Karensavdrag kan d\u00e4rmed beh\u00f6va g\u00f6ras p\u00e5 mer eller mindre \u00e4n en dag men inte med mer \u00e4n vad som svarar mot 20 procent av en normal arbetsvecka, beroende p\u00e5 n\u00e4r den anst\u00e4llde blir sjuk. F\u00f6r sjukfall som intr\u00e4ffar f\u00f6re den 1 januari 2019 g\u00e4ller fortfarande de nuvarande best\u00e4mmelserna.<\/p>\n<p><strong>Bakgrund<\/strong><\/p>\n<p>Riksdagen har beslutat att den nuvarande karensdagen fr\u00e5n och med den 1 januari 2019 ers\u00e4tts med ett karensavdrag. Syftet \u00e4r att uppn\u00e5 en mer r\u00e4ttvis sj\u00e4lvrisk i samband med sjukfr\u00e5nvaro. Bakgrunden \u00e4r att nuvarande best\u00e4mmelser om karensdag sl\u00e5r olika f\u00f6r olika grupper p\u00e5 arbetsmarknaden. Arbetstagare f\u00e5r ett relativt litet avdrag f\u00f6r karens om han sjukanm\u00e4ler sig sent p\u00e5 dagen med nuvarande regler. B\u00e5de hel- och deltidsanst\u00e4llda med koncentrerad arbetstid kan med nuvarande regler f\u00f6rlora en relativt stor del av inkomsten om karensdagen infaller under en dag med ett l\u00e5ngt arbetspass. De nya reglerna ska leda till att karensen blir densamma f\u00f6r den anst\u00e4llde oavsett n\u00e4r sjukfr\u00e5nvaron intr\u00e4ffar.<\/p>\n<p><strong>De nya karensreglerna<\/strong><\/p>\n<p>Den 1 januari 2019 \u00e4ndras reglerna om karens i lag (1991:1047) om sjukl\u00f6n. Med anledning av det \u00e4ndras ocks\u00e5 sjukl\u00f6nereglerna i kollektivavtalen f\u00f6r tj\u00e4nstem\u00e4n. \u00c4ndringarna inneb\u00e4r att karens inte l\u00e4ngre r\u00e4knas per dag utan p\u00e5 en period som \u00e4r 20 procent av en normal arbetsvecka. Karensavdrag kan d\u00e4rmed beh\u00f6va g\u00f6ras p\u00e5 mer eller mindre \u00e4n en dag men inte med mer \u00e4n vad som svarar mot 20 procent av en normal arbetsvecka, beroende p\u00e5 n\u00e4r den anst\u00e4llde blir sjuk. F\u00f6r sjukfall som intr\u00e4ffar f\u00f6re den 1 januari 2019 g\u00e4ller fortfarande de nuvarande best\u00e4mmelserna. F\u00f6r sjukl\u00f6n efter dag 15 \u00e4r det ingen f\u00f6r\u00e4ndring.<\/p>\n<p><strong>\u00c5terinsjuknande inom fem kalenderdagar<\/strong><\/p>\n<p>Att den anst\u00e4llde blir sjuk igen (\u00e5terinsjuknar) inom fem kalenderdagar fr\u00e5n att den f\u00f6rra sjukperioden avslutades inneb\u00e4r att sjukl\u00f6neperioden forts\u00e4tter. Regeln finns idag men den f\u00e5r med det \u00e4ndrade karensavdraget en ny inneb\u00f6rd. Om fullt karensavdrag inte gjorts vid f\u00f6rsta sjukperioden ska ytterligare karensavdrag g\u00f6ras i den fortsatta sjukperioden,\u00a0<a href=\"https:\/\/www.almega.se\/app\/uploads\/2018\/10\/exempel-nya-karensregler-fd-htf-122-i-taljaren-2018-10-22-pdf-bilaga-agnytt.pdf\" target=\"_blank\" rel=\"noopener\">se exempel 4<\/a>.<\/p>\n<p><strong>Allm\u00e4nt h\u00f6griskskydd \u2013 h\u00f6gst tio karenstillf\u00e4llen<\/strong><\/p>\n<p>Det allm\u00e4nna h\u00f6griskskyddet inneb\u00e4r idag att den anst\u00e4llde inte ska beh\u00f6va f\u00e5 mer \u00e4n tio karensdagsavdrag under en tolvm\u00e5nadersperiod (10.2 i kollektivavtalet). Det \u00e4ndras nu till tio karenstillf\u00e4llen. En sjukperiod som b\u00f6rjar inom fem kalenderdagar fr\u00e5n att en tidigare sjukperiod upph\u00f6rt ska betraktas som en forts\u00e4ttning p\u00e5 tidigare sjukperiod. Alla karensavdrag som g\u00f6rs med sammanlagt h\u00f6gst 20 procent av genomsnittlig veckoarbetstid inom samma sjukperiod betraktas som\u00a0<strong>ett tillf\u00e4lle<\/strong>\u00a0\u00e4ven om avdragen sker p\u00e5 olika dagar,\u00a0<a href=\"https:\/\/www.almega.se\/app\/uploads\/2018\/10\/exempel-nya-karensregler-fd-htf-122-i-taljaren-2018-10-22-pdf-bilaga-agnytt.pdf\" target=\"_blank\" rel=\"noopener\">se exempel 7<\/a>.<\/p>\n<p><strong>S\u00e4rskilt h\u00f6griskskydd<\/strong><\/p>\n<p>F\u00f6r en tj\u00e4nsteman som enligt F\u00f6rs\u00e4kringskassans beslut \u00e4r ber\u00e4ttigad till sjukl\u00f6n utan beaktande av karens (s\u00e4rskilt h\u00f6griskskydd), g\u00f6rs sjukavdrag enligt vad som g\u00e4ller f\u00f6r sjukfr\u00e5nvaro \u00f6verstigande 20 procent av genomsnittlig veckoarbetstid till och med dag 14 i sjukperioden.<\/p>\n<p><strong>\u00d6verg\u00e5ngsbest\u00e4mmelser<\/strong><\/p>\n<p>De nya karensreglerna g\u00e4ller f\u00f6r sjukfall som intr\u00e4ffar fr\u00e5n och med den 1 januari 2019. F\u00f6r sjukfall som intr\u00e4ffar f\u00f6re detta datum g\u00e4ller nuvarande regler.<\/p>\n<p>Vid ber\u00e4kning av antal tillf\u00e4llen med avdrag p\u00e5 sjukl\u00f6nen enligt i kollektivavtalet 10.2\u00a0<strong>allm\u00e4nt h\u00f6griskskydd<\/strong>\u00a0ska ett avdrag f\u00f6r karensdag som har gjorts enligt nuvarande lydelse likst\u00e4llas med ett tillf\u00e4lle med karensavdrag. Alla karensavdrag som g\u00f6rs med sammanlagt h\u00f6gst 20 procent av genomsnittlig veckoarbetstid inom samma sjukperiod betraktas som\u00a0<strong>ett tillf\u00e4lle<\/strong>\u00a0\u00e4ven om avdragen sker p\u00e5 olika dagar.\u00a0<a href=\"https:\/\/www.almega.se\/app\/uploads\/2018\/10\/exempel-nya-karensregler-fd-htf-122-i-taljaren-2018-10-22-pdf-bilaga-agnytt.pdf\" target=\"_blank\" rel=\"noopener\">Se exempel 7<\/a>.<\/p>\n<p>Vidare ska karensdag likst\u00e4llas med karensavdrag dels vid \u00e5terinsjuknande enligt kollektivavtalet 10.2, dels f\u00f6r den som f\u00f6re ikrafttr\u00e4dandet har f\u00e5tt ett beslut om s\u00e4rskilt h\u00f6griskskydd enligt kollektivavtalet 10.2.<\/p>\n<p>De \u00e4ndrade best\u00e4mmelserna i kollektivavtalet f\u00e5r fr\u00e5n den 1 januari 2019 f\u00f6ljande lydelse:<\/p>\n<p><strong>10.2 \u00a0\u00a0\u00a0\u00a0\u00a0\u00a0\u00a0\u00a0\u00a0 Sjukperiod, karensdag mm<\/strong><\/p>\n<p>En sjukperiod r\u00e4knas fr o m insjuknandedagen, dvs. den f\u00f6rsta arbetsdagen eller del av arbetsdag som tj\u00e4nstemannen \u00e4r f\u00f6rhindrad att arbeta till f\u00f6ljd av sjukdom. L\u00f6neavdrag f\u00f6r karens g\u00f6rs enligt reglerna nedan.<\/p>\n<p>En sjukperiod som b\u00f6rjar inom 5 kalenderdagar fr\u00e5n det att en tidigare sjukperiod upph\u00f6rde ska betraktas som forts\u00e4ttning p\u00e5 den tidigare sjukperioden.<\/p>\n<p>Antalet karensavdrag f\u00e5r enligt lagen inte \u00f6verstiga tio tillf\u00e4llen under en tolv\u00adm\u00e5nadersperiod. Om det vid en ny sjukperiod visar sig att tj\u00e4nstemannen f\u00e5tt tio tillf\u00e4llen med karensavdrag inom tolv m\u00e5nader bak\u00e5t fr\u00e5n den nya sjukl\u00f6neperiodens b\u00f6rjan, ska avdraget f\u00f6r de f\u00f6rsta 20 procenten av sjukfr\u00e5nvaron ber\u00e4knas enligt vad som g\u00e4ller f\u00f6r sjukfr\u00e5nvaro \u00f6verstigande 20 procent av genomsnittlig veckoarbetstid till och med dag 14 i sjukperioden.<\/p>\n<p>F\u00f6r en tj\u00e4nsteman som enligt F\u00f6rs\u00e4kringskassans beslut \u00e4r ber\u00e4ttigad till sjukl\u00f6n utan beaktande av karens, g\u00f6rs sjukavdrag enligt vad som g\u00e4ller f\u00f6r sjukfr\u00e5nvaro \u00f6verstigande 20 procent av genomsnittlig veckoarbetstid till och med dag 14 i sjukperioden.<\/p>\n<p><em>Anm\u00e4rkning<br \/>\nAlla karensavdrag som g\u00f6rs enligt 10.3.1 med sammanlagt h\u00f6gst 20 procent av genomsnittlig veckoarbetstid inom samma sjukperiod betraktas som ett tillf\u00e4lle \u00e4ven om avdragen sker p\u00e5 olika dagar. <\/em><\/p>\n<p><strong>10.3.1\u00a0\u00a0\u00a0\u00a0\u00a0\u00a0\u00a0 Sjukdom t o m. 14 kalenderdagar per sjukperiod<\/strong><\/p>\n<p>D\u00e5 en tj\u00e4nsteman \u00e4r fr\u00e5nvarande p\u00e5 grund av sjukdom g\u00f6rs, f\u00f6r de 14 f\u00f6rsta kalenderdagarna, sjukavdrag per timme enligt f\u00f6ljande:<\/p>\n<table>\n<tbody>\n<tr>\n<td width=\"312\">F\u00f6r sjukfr\u00e5nvaro upp till 20 % av genomsnittlig veckoarbetstid (karens) i sjukperioden<\/td>\n<td width=\"292\"><u>m\u00e5nadsl\u00f6nen x 12,2<br \/>\n<\/u>52 x veckoarbetstiden<\/td>\n<\/tr>\n<tr>\n<td width=\"312\">F\u00f6r sjukfr\u00e5nvaro \u00f6verstigande 20 % av genomsnittlig veckoarbetstid till och med dag 14 i sjukperioden<\/td>\n<td width=\"292\"><u>20 % x m\u00e5nadsl\u00f6nen x 12,2<br \/>\n<\/u>52 x veckoarbetstiden<\/td>\n<\/tr>\n<\/tbody>\n<\/table>\n<p>Tj\u00e4nstem\u00e4n som skulle ha arbetat p\u00e5 schemalagd f\u00f6rskjuten arbetstid f\u00e5r dessutom sjukl\u00f6n efter karenstid med 80 procent av den ers\u00e4ttning f\u00f6r f\u00f6rskjuten arbetstid som de g\u00e5tt miste om.<\/p>\n<p><strong>Veckoarbetstid<\/strong><br \/>\nMed veckoarbetstid avses det genomsnittliga antalet arbetstimmar per helgfri vecka f\u00f6r den enskilde tj\u00e4nstemannen.<\/p>\n<p><em>Anm\u00e4rkning 1<br \/>\nMed tj\u00e4nstemannens genomsnittliga veckoarbetstid avses veckoarbetstiden i timmar f\u00f6r en normalvecka utan helgdag. F\u00f6r tj\u00e4nstem\u00e4n med intermittent eller oregelbunden tj\u00e4nstg\u00f6ring ber\u00e4knas ett snitt \u00f6ver en representativ period.<\/em><\/p>\n<p><em>Anm\u00e4rkning 2<br \/>\nAv 10.2 framg\u00e5r att sjukperiod som b\u00f6rjar inom 5 kalenderdagar fr\u00e5n att en tidigare sjukperiod upph\u00f6rt ska betraktas som en forts\u00e4ttning p\u00e5 tidigare sjukperiod. Det inneb\u00e4r att fortsatt karensavdrag kan beh\u00f6va g\u00f6ras intill 20\u00a0procent av genomsnittlig veckoarbetstid i den fortsatta sjukperioden. <\/em><\/p>\n<p><strong>Ambulerande tj\u00e4nstem\u00e4n som har l\u00f6n enligt prestationsl\u00f6nesystemet<\/strong><\/p>\n<p>10.3 h\u00e4nvisar redan idag till Tekniska bilagan f\u00f6r ber\u00e4kning av l\u00f6n f\u00f6r ambulerandeanst\u00e4llda. Ber\u00e4kning av sjukl\u00f6n enligt tekniska bilagans punkt 6. Sjukl\u00f6n f\u00f6r\u00e4ndras inte. Den nya karensregeln kan s\u00e4gas vara en regel om tidpunkt f\u00f6r n\u00e4r sjukl\u00f6n ska b\u00f6rja utbetalas.<\/p>\n<p>F\u00f6renklat:<\/p>\n<ol>\n<li>N\u00e4r man \u00e4r sjuk f\u00e5r man inte l\u00f6n.<\/li>\n<li>N\u00e4r man \u00e4r sjuk f\u00e5r man ist\u00e4llet sjukl\u00f6n f\u00f6rutsatt att man uppfyller f\u00f6ruts\u00e4ttningarna f\u00f6r sjukl\u00f6n enligt 3 \u00a7 Sjukl\u00f6nelagen.<\/li>\n<li>Sjukl\u00f6n utbetalas efter beaktande av karenstid.<\/li>\n<\/ol>\n<p>Karenstiden ska motsvara 20 procent av genomsnittlig veckoarbetstid, f\u00f6rutsatt att sjukfr\u00e5nvaron inte omfattar en kortare tid. \u00a0F\u00f6r heltidsanst\u00e4lld r\u00e4knas veckoarbetstid som 40 timmar vilket inneb\u00e4r att sjukl\u00f6n vanligtvis b\u00f6rjar utbetalas efter 8 timmars sjukfr\u00e5nvaro.<\/p>\n<p>Av 10.2 framg\u00e5r att sjukperiod som b\u00f6rjar inom 5 kalenderdagar fr\u00e5n att en tidigare sjukperiod upph\u00f6rt ska betraktas som en forts\u00e4ttning p\u00e5 tidigare sjukperiod. Det inneb\u00e4r att fortsatt karenstid kan beh\u00f6va iakttas intill 20 procent av genomsnittlig veckoarbetstid i den fortsatta sjukperioden om den inte kunnat iakttas fullt ut i den tidigare sjukperioden.<\/p>\n<p><a href=\"https:\/\/www.almega.se\/app\/uploads\/2018\/10\/exempel-nya-karensregler-fd-htf-122-i-taljaren-2018-10-22-pdf-bilaga-agnytt.pdf\" target=\"_blank\" rel=\"noopener\">L\u00e4nk till exempel p\u00e5 hur karensavdraget ber\u00e4knas<\/a>.<\/p>\n<p><a href=\"https:\/\/www.almega.se\/app\/uploads\/2018\/11\/overenskommelse-unionen-akademikerna-kompetensforetagen-karens-1.pdf\" target=\"_blank\" rel=\"noopener\">\u00d6verenskommelse Unionen-Akademikerf\u00f6rbunden\/Kompetensf\u00f6retagen<\/a>\n","protected":false},"excerpt":{"rendered":"<p>Den 1 januari 2019 \u00e4ndras reglerna om karens i sjukl\u00f6nelagen. Med anledning av det \u00e4ndras ocks\u00e5 sjukl\u00f6nereglerna i kollektivavtalen. \u00c4ndringarna i tj\u00e4nstemannaavtalet \u00e4r klara med Unionen och Akademikerf\u00f6rbunden. Inom kort kommer \u00e4ven \u00e4ndringarna avseende LO-avtalet &hellip;<\/p>\n","protected":false},"author":89,"featured_media":0,"comment_status":"closed","ping_status":"closed","sticky":false,"template":"","format":"standard","meta":{"_acf_changed":false,"footnotes":""},"categories":[1],"tags":[],"article_type":[313],"agreement":[108,128],"class_list":["post-20371","post","type-post","status-publish","format-standard","hentry","category-okategoriserade","type-arbetsgivarnytt","agreement-acce80f7-ff07-de11-b4e1-02bf9e69ca65","agreement-abce80f7-ff07-de11-b4e1-02bf9e69ca65"],"acf":[],"yoast_head":"<!-- This site is optimized with the Yoast SEO Premium plugin v26.8 (Yoast SEO v26.8) - https:\/\/yoast.com\/product\/yoast-seo-premium-wordpress\/ -->\n<title>Nya karensregler i kollektivavtalet f\u00f6r tj\u00e4nstem\u00e4n den 1 januari 2019 | Almega<\/title>\n<meta name=\"robots\" content=\"index, follow, max-snippet:-1, max-image-preview:large, max-video-preview:-1\" \/>\n<link rel=\"canonical\" href=\"https:\/\/www.almega.se\/2018\/11\/nya-karensregler-kollektivavtalet-tjansteman-den-1-januari-2019\/\" \/>\n<meta property=\"og:locale\" content=\"sv_SE\" \/>\n<meta property=\"og:type\" content=\"article\" \/>\n<meta property=\"og:title\" content=\"Nya karensregler i kollektivavtalet f\u00f6r tj\u00e4nstem\u00e4n den 1 januari 2019\" \/>\n<meta property=\"og:description\" content=\"Den 1 januari 2019 \u00e4ndras reglerna om karens i sjukl\u00f6nelagen. Med anledning av det \u00e4ndras ocks\u00e5 sjukl\u00f6nereglerna i kollektivavtalen. \u00c4ndringarna i tj\u00e4nstemannaavtalet \u00e4r klara med Unionen och Akademikerf\u00f6rbunden. Inom kort kommer \u00e4ven \u00e4ndringarna avseende LO-avtalet &hellip;\" \/>\n<meta property=\"og:url\" content=\"https:\/\/www.almega.se\/2018\/11\/nya-karensregler-kollektivavtalet-tjansteman-den-1-januari-2019\/\" \/>\n<meta property=\"og:site_name\" content=\"Almega\" \/>\n<meta property=\"article:published_time\" content=\"2018-11-30T08:49:22+00:00\" \/>\n<meta property=\"article:modified_time\" content=\"2022-03-28T09:16:27+00:00\" \/>\n<meta property=\"og:image\" content=\"https:\/\/www.almega.se\/app\/uploads\/2020\/12\/almega-share-logo.png\" \/>\n\t<meta property=\"og:image:width\" content=\"1200\" \/>\n\t<meta property=\"og:image:height\" content=\"630\" \/>\n\t<meta property=\"og:image:type\" content=\"image\/png\" \/>\n<meta name=\"author\" content=\"Lena Martinell \u00c5kerblom\" \/>\n<meta name=\"twitter:card\" content=\"summary_large_image\" \/>\n<meta name=\"twitter:label1\" content=\"Skriven av\" \/>\n\t<meta name=\"twitter:data1\" content=\"Lena Martinell \u00c5kerblom\" \/>\n\t<meta name=\"twitter:label2\" content=\"Ber\u00e4knad l\u00e4stid\" \/>\n\t<meta name=\"twitter:data2\" content=\"7 minuter\" \/>\n<!-- \/ Yoast SEO Premium plugin. -->","yoast_head_json":{"title":"Nya karensregler i kollektivavtalet f\u00f6r tj\u00e4nstem\u00e4n den 1 januari 2019 | Almega","robots":{"index":"index","follow":"follow","max-snippet":"max-snippet:-1","max-image-preview":"max-image-preview:large","max-video-preview":"max-video-preview:-1"},"canonical":"https:\/\/www.almega.se\/2018\/11\/nya-karensregler-kollektivavtalet-tjansteman-den-1-januari-2019\/","og_locale":"sv_SE","og_type":"article","og_title":"Nya karensregler i kollektivavtalet f\u00f6r tj\u00e4nstem\u00e4n den 1 januari 2019","og_description":"Den 1 januari 2019 \u00e4ndras reglerna om karens i sjukl\u00f6nelagen. Med anledning av det \u00e4ndras ocks\u00e5 sjukl\u00f6nereglerna i kollektivavtalen. \u00c4ndringarna i tj\u00e4nstemannaavtalet \u00e4r klara med Unionen och Akademikerf\u00f6rbunden. Inom kort kommer \u00e4ven \u00e4ndringarna avseende LO-avtalet &hellip;","og_url":"https:\/\/www.almega.se\/2018\/11\/nya-karensregler-kollektivavtalet-tjansteman-den-1-januari-2019\/","og_site_name":"Almega","article_published_time":"2018-11-30T08:49:22+00:00","article_modified_time":"2022-03-28T09:16:27+00:00","og_image":[{"width":1200,"height":630,"url":"https:\/\/www.almega.se\/app\/uploads\/2020\/12\/almega-share-logo.png","type":"image\/png"}],"author":"Lena Martinell \u00c5kerblom","twitter_card":"summary_large_image","twitter_misc":{"Skriven av":"Lena Martinell \u00c5kerblom","Ber\u00e4knad l\u00e4stid":"7 minuter"},"schema":{"@context":"https:\/\/schema.org","@graph":[{"@type":"NewsArticle","@id":"https:\/\/www.almega.se\/2018\/11\/nya-karensregler-kollektivavtalet-tjansteman-den-1-januari-2019\/#article","isPartOf":{"@id":"https:\/\/www.almega.se\/2018\/11\/nya-karensregler-kollektivavtalet-tjansteman-den-1-januari-2019\/"},"author":{"name":"Lena Martinell \u00c5kerblom","@id":"https:\/\/www.almega.se\/#\/schema\/person\/be1f5c450f9fd79fd3ce7cee9c56d246"},"headline":"Nya karensregler i kollektiv&shy;avtalet f\u00f6r tj\u00e4nstem\u00e4n den 1 januari 2019","datePublished":"2018-11-30T08:49:22+00:00","dateModified":"2022-03-28T09:16:27+00:00","mainEntityOfPage":{"@id":"https:\/\/www.almega.se\/2018\/11\/nya-karensregler-kollektivavtalet-tjansteman-den-1-januari-2019\/"},"wordCount":1403,"inLanguage":"sv-SE"},{"@type":"WebPage","@id":"https:\/\/www.almega.se\/2018\/11\/nya-karensregler-kollektivavtalet-tjansteman-den-1-januari-2019\/","url":"https:\/\/www.almega.se\/2018\/11\/nya-karensregler-kollektivavtalet-tjansteman-den-1-januari-2019\/","name":"Nya karensregler i kollektivavtalet f\u00f6r tj\u00e4nstem\u00e4n den 1 januari 2019 | Almega","isPartOf":{"@id":"https:\/\/www.almega.se\/#website"},"datePublished":"2018-11-30T08:49:22+00:00","dateModified":"2022-03-28T09:16:27+00:00","author":{"@id":"https:\/\/www.almega.se\/#\/schema\/person\/be1f5c450f9fd79fd3ce7cee9c56d246"},"breadcrumb":{"@id":"https:\/\/www.almega.se\/2018\/11\/nya-karensregler-kollektivavtalet-tjansteman-den-1-januari-2019\/#breadcrumb"},"inLanguage":"sv-SE","potentialAction":[{"@type":"ReadAction","target":["https:\/\/www.almega.se\/2018\/11\/nya-karensregler-kollektivavtalet-tjansteman-den-1-januari-2019\/"]}]},{"@type":"BreadcrumbList","@id":"https:\/\/www.almega.se\/2018\/11\/nya-karensregler-kollektivavtalet-tjansteman-den-1-januari-2019\/#breadcrumb","itemListElement":[{"@type":"ListItem","position":1,"name":"Home","item":"https:\/\/www.almega.se\/"},{"@type":"ListItem","position":2,"name":"Nya karensregler i kollektiv&shy;avtalet f\u00f6r tj\u00e4nstem\u00e4n den 1 januari 2019"}]},{"@type":"WebSite","@id":"https:\/\/www.almega.se\/#website","url":"https:\/\/www.almega.se\/","name":"Almega","description":"","potentialAction":[{"@type":"SearchAction","target":{"@type":"EntryPoint","urlTemplate":"https:\/\/www.almega.se\/?s={search_term_string}"},"query-input":{"@type":"PropertyValueSpecification","valueRequired":true,"valueName":"search_term_string"}}],"inLanguage":"sv-SE"},{"@type":"Person","@id":"https:\/\/www.almega.se\/#\/schema\/person\/be1f5c450f9fd79fd3ce7cee9c56d246","name":"Lena Martinell \u00c5kerblom","image":{"@type":"ImageObject","inLanguage":"sv-SE","@id":"https:\/\/www.almega.se\/#\/schema\/person\/image\/","url":"https:\/\/secure.gravatar.com\/avatar\/6b96f0f959d0411120737c5f1f1bb551e7f38fe13ddbaab86a1108e9f0051c53?s=96&d=mm&r=g","contentUrl":"https:\/\/secure.gravatar.com\/avatar\/6b96f0f959d0411120737c5f1f1bb551e7f38fe13ddbaab86a1108e9f0051c53?s=96&d=mm&r=g","caption":"Lena Martinell \u00c5kerblom"},"description":"Lena \u00e4r team leader f\u00f6r administrat\u00f6rerna inom Arbetsgivarservice p\u00e5 Almega i Stockholm.","url":"https:\/\/www.almega.se\/person\/lenamartinellakerblom\/"}]}},"_links":{"self":[{"href":"https:\/\/www.almega.se\/api\/wp\/v2\/posts\/20371","targetHints":{"allow":["GET"]}}],"collection":[{"href":"https:\/\/www.almega.se\/api\/wp\/v2\/posts"}],"about":[{"href":"https:\/\/www.almega.se\/api\/wp\/v2\/types\/post"}],"author":[{"embeddable":true,"href":"https:\/\/www.almega.se\/api\/wp\/v2\/users\/89"}],"replies":[{"embeddable":true,"href":"https:\/\/www.almega.se\/api\/wp\/v2\/comments?post=20371"}],"version-history":[{"count":0,"href":"https:\/\/www.almega.se\/api\/wp\/v2\/posts\/20371\/revisions"}],"wp:attachment":[{"href":"https:\/\/www.almega.se\/api\/wp\/v2\/media?parent=20371"}],"wp:term":[{"taxonomy":"category","embeddable":true,"href":"https:\/\/www.almega.se\/api\/wp\/v2\/categories?post=20371"},{"taxonomy":"post_tag","embeddable":true,"href":"https:\/\/www.almega.se\/api\/wp\/v2\/tags?post=20371"},{"taxonomy":"type","embeddable":true,"href":"https:\/\/www.almega.se\/api\/wp\/v2\/article_type?post=20371"},{"taxonomy":"agreement","embeddable":true,"href":"https:\/\/www.almega.se\/api\/wp\/v2\/agreement?post=20371"}],"curies":[{"name":"wp","href":"https:\/\/api.w.org\/{rel}","templated":true}]}}