{"id":19914,"date":"2018-11-08T16:23:15","date_gmt":"2018-11-08T15:23:15","guid":{"rendered":"https:\/\/www.almega.se\/?p=19914"},"modified":"2022-03-28T11:12:34","modified_gmt":"2022-03-28T09:12:34","slug":"nya-karensregler-dagspressavtalet-den-1-januari-2019","status":"publish","type":"post","link":"https:\/\/www.almega.se\/2018\/11\/nya-karensregler-dagspressavtalet-den-1-januari-2019\/","title":{"rendered":"Nya karensregler i Dagspress&shy;avtalet den 1 januari 2019"},"content":{"rendered":"\n<p class=\"intro\">Den 1 januari 2019 \u00e4ndras reglerna om karens i sjukl\u00f6nelagen. Med anledning av det \u00e4ndras ocks\u00e5 sjukl\u00f6nereglerna i Dagspressavtalet. \u00c4ndringarna inneb\u00e4r att karens inte l\u00e4ngre r\u00e4knas per dag utan p\u00e5 en period som \u00e4r 20 procent av en normal arbetsvecka. Karensavdrag kan d\u00e4rmed beh\u00f6va g\u00f6ras p\u00e5 mer eller mindre \u00e4n en dag men inte med mer \u00e4n vad som svarar mot 20 procent av en normal arbetsvecka, beroende p\u00e5 n\u00e4r den anst\u00e4llde blir sjuk. F\u00f6r sjukfall som intr\u00e4ffar f\u00f6re den 1 januari 2019 g\u00e4ller fortfarande de nuvarande best\u00e4mmelserna.<\/p>\n<h3><strong>Bakgrund<\/strong><\/h3>\n<p>Riksdagen har beslutat att den nuvarande karensdagen fr\u00e5n och med den 1 januari 2019 ers\u00e4tts med ett karensavdrag. Syftet \u00e4r att uppn\u00e5 en mer r\u00e4ttvis sj\u00e4lvrisk i samband med sjukfr\u00e5nvaro. Bakgrunden \u00e4r att nuvarande best\u00e4mmelser om karensdag sl\u00e5r olika f\u00f6r olika grupper p\u00e5 arbetsmarknaden. Arbetstagare f\u00e5r ett relativt litet avdrag f\u00f6r karens om arbetstagaren sjukanm\u00e4ler sig sent p\u00e5 dagen med nuvarande regler. B\u00e5de hel- och deltidsanst\u00e4llda med koncentrerad arbetstid kan med nuvarande regler f\u00f6rlora en relativt stor del av inkomsten om karensdagen infaller under en dag med ett l\u00e5ngt arbetspass. De nya reglerna ska leda till att karensen blir densamma f\u00f6r den anst\u00e4llde oavsett n\u00e4r sjukfr\u00e5nvaron intr\u00e4ffar.<\/p>\n<h3><strong>De nya karensreglerna<\/strong><\/h3>\n<p>Den 1 januari 2019 \u00e4ndras reglerna om karens i lag (1991:1047) om sjukl\u00f6n. Med anledning av det \u00e4ndras ocks\u00e5 sjukl\u00f6nereglerna i Dagspressavtalet. \u00c4ndringarna inneb\u00e4r att karens inte l\u00e4ngre r\u00e4knas per dag utan p\u00e5 en period som \u00e4r 20 procent av en normal arbetsvecka. Karensavdrag kan d\u00e4rmed beh\u00f6va g\u00f6ras p\u00e5 mer eller mindre \u00e4n en dag men inte med mer \u00e4n vad som svarar mot 20 procent av en normal arbetsvecka, beroende p\u00e5 n\u00e4r den anst\u00e4llde blir sjuk. F\u00f6r sjukfall som intr\u00e4ffar f\u00f6re den 1 januari 2019 g\u00e4ller fortfarande de nuvarande best\u00e4mmelserna. F\u00f6r sjukl\u00f6n efter dag 15 \u00e4r det ingen f\u00f6r\u00e4ndring.<\/p>\n<h3><strong>\u00c5terinsjuknande inom fem kalenderdagar<\/strong><\/h3>\n<p>Att den anst\u00e4llde blir sjuk igen (\u00e5terinsjuknar) inom fem kalenderdagar fr\u00e5n att den f\u00f6rra sjukperioden avslutades inneb\u00e4r att sjukl\u00f6neperioden forts\u00e4tter. Regeln finns idag men den f\u00e5r med det \u00e4ndrade karensavdraget en ny inneb\u00f6rd. Om fullt karensavdrag inte gjorts vid f\u00f6rsta sjukperioden ska ytterligare karensavdrag g\u00f6ras i den fortsatta sjukperioden,\u00a0<a href=\"https:\/\/www.almega.se\/app\/uploads\/2018\/11\/exempel-dagspressavtalet-karensavdraget-2018-11-08.pdf\" target=\"_blank\" rel=\"noopener\">se exempel 4<\/a>.<\/p>\n<h3><strong>Allm\u00e4nt h\u00f6griskskydd \u2013 h\u00f6gst tio karenstillf\u00e4llen<\/strong><\/h3>\n<p>Det allm\u00e4nna h\u00f6griskskyddet inneb\u00e4r idag att den anst\u00e4llde inte ska beh\u00f6va f\u00e5 mer \u00e4n tio karensdagsavdrag under en tolvm\u00e5nadersperiod (9.3.2 Anm\u00e4rkning 3 kollektivavtalet). Det \u00e4ndras nu till tio karenstillf\u00e4llen. En sjukperiod som b\u00f6rjar inom fem kalenderdagar fr\u00e5n att en tidigare sjukperiod upph\u00f6rt ska betraktas som en forts\u00e4ttning p\u00e5 tidigare sjukperiod. Alla karensavdrag som g\u00f6rs med sammanlagt h\u00f6gst 20 procent av genomsnittlig veckoarbetstid inom samma sjukperiod betraktas som\u00a0<strong>ett tillf\u00e4lle<\/strong>\u00a0\u00e4ven om avdragen sker p\u00e5 olika dagar,\u00a0<a href=\"https:\/\/www.almega.se\/app\/uploads\/2018\/11\/exempel-dagspressavtalet-karensavdraget-2018-11-08.pdf\" target=\"_blank\" rel=\"noopener\">se exempel 7<\/a>.<\/p>\n<h3><strong>S\u00e4rskilt h\u00f6griskskydd<\/strong><\/h3>\n<p>F\u00f6r en medarbetare som enligt F\u00f6rs\u00e4kringskassans beslut \u00e4r ber\u00e4ttigad till sjukl\u00f6n utan beaktande av karens (s\u00e4rskilt h\u00f6griskskydd), g\u00f6rs sjukavdrag enligt vad som g\u00e4ller f\u00f6r sjukfr\u00e5nvaro \u00f6verstigande 20 procent av genomsnittlig veckoarbetstid till och med dag 14 i sjukperioden.<\/p>\n<h3><strong>\u00d6verg\u00e5ngsbest\u00e4mmelser<\/strong><\/h3>\n<p>De nya karensreglerna g\u00e4ller f\u00f6r sjukfall som intr\u00e4ffar fr\u00e5n och med den 1 januari 2019. F\u00f6r sjukfall som intr\u00e4ffar f\u00f6re detta datum g\u00e4ller nuvarande regler.<\/p>\n<p>Vid ber\u00e4kning av antal tillf\u00e4llen med avdrag p\u00e5 sjukl\u00f6nen enligt i kollektivavtalet 9.3.2\u00a0Anm\u00e4rkning 3 <strong>allm\u00e4nt h\u00f6griskskydd<\/strong>\u00a0ska ett avdrag f\u00f6r karensdag som har gjorts enligt nuvarande lydelse likst\u00e4llas med ett tillf\u00e4lle med karensavdrag. Alla karensavdrag som g\u00f6rs med sammanlagt h\u00f6gst 20 procent av genomsnittlig veckoarbetstid inom samma sjukperiod betraktas som\u00a0<strong>ett tillf\u00e4lle<\/strong>\u00a0\u00e4ven om avdragen sker p\u00e5 olika dagar.\u00a0<a href=\"https:\/\/www.almega.se\/app\/uploads\/2018\/11\/exempel-dagspressavtalet-karensavdraget-2018-11-08.pdf\" target=\"_blank\" rel=\"noopener\">Se exempel 7<\/a>.<\/p>\n<p>Vidare ska karensdag likst\u00e4llas med karensavdrag dels vid \u00e5terinsjuknande enligt kollektivavtalet 9.3.2 Anm\u00e4rkning 1, dels f\u00f6r den som f\u00f6re ikrafttr\u00e4dandet har f\u00e5tt ett beslut om s\u00e4rskilt h\u00f6griskskydd enligt kollektivavtalet 9.3.2 Anm\u00e4rkning 2.<\/p>\n<p><a href=\"https:\/\/www.almega.se\/app\/uploads\/2018\/11\/exempel-dagspressavtalet-karensavdraget-2018-11-08.pdf\" target=\"_blank\" rel=\"noopener\">L\u00e4nk till exempel p\u00e5 hur karensavdraget ber\u00e4knas.<\/a><\/p>\n<h2><strong>De \u00e4ndrade best\u00e4mmelserna i kollektivavtalet f\u00e5r fr\u00e5n den 1 januari 2019 f\u00f6ljande lydelse:<\/strong><\/h2>\n<h2><a href=\"https:\/\/www.almega.se\/app\/uploads\/2018\/11\/dagspress-avtalstext.pdf\" target=\"_blank\" rel=\"noopener\"><strong>Se avtalstext.\u00a0<\/strong><\/a><\/h2>\n<p>&nbsp;<\/p>\n","protected":false},"excerpt":{"rendered":"<p>Den 1 januari 2019 \u00e4ndras reglerna om karens i sjukl\u00f6nelagen. Med anledning av det \u00e4ndras ocks\u00e5 sjukl\u00f6nereglerna i Dagspressavtalet. \u00c4ndringarna inneb\u00e4r att karens inte l\u00e4ngre r\u00e4knas per dag utan p\u00e5 en period som \u00e4r 20 &hellip;<\/p>\n","protected":false},"author":219,"featured_media":0,"comment_status":"closed","ping_status":"closed","sticky":false,"template":"","format":"standard","meta":{"_acf_changed":false,"footnotes":""},"categories":[1],"tags":[],"article_type":[313],"agreement":[135],"class_list":["post-19914","post","type-post","status-publish","format-standard","hentry","category-okategoriserade","type-arbetsgivarnytt","agreement-a0dd9b4d-7a56-de11-bdb9-02bf9e69ca65"],"acf":[],"yoast_head":"<!-- This site is optimized with the Yoast SEO Premium plugin v26.8 (Yoast SEO v26.8) - https:\/\/yoast.com\/product\/yoast-seo-premium-wordpress\/ -->\n<title>Nya karensregler i Dagspressavtalet den 1 januari 2019 | Almega<\/title>\n<meta name=\"robots\" content=\"index, follow, max-snippet:-1, max-image-preview:large, max-video-preview:-1\" \/>\n<link rel=\"canonical\" href=\"https:\/\/www.almega.se\/2018\/11\/nya-karensregler-dagspressavtalet-den-1-januari-2019\/\" \/>\n<meta property=\"og:locale\" content=\"sv_SE\" \/>\n<meta property=\"og:type\" content=\"article\" \/>\n<meta property=\"og:title\" content=\"Nya karensregler i Dagspressavtalet den 1 januari 2019\" \/>\n<meta property=\"og:description\" content=\"Den 1 januari 2019 \u00e4ndras reglerna om karens i sjukl\u00f6nelagen. Med anledning av det \u00e4ndras ocks\u00e5 sjukl\u00f6nereglerna i Dagspressavtalet. \u00c4ndringarna inneb\u00e4r att karens inte l\u00e4ngre r\u00e4knas per dag utan p\u00e5 en period som \u00e4r 20 &hellip;\" \/>\n<meta property=\"og:url\" content=\"https:\/\/www.almega.se\/2018\/11\/nya-karensregler-dagspressavtalet-den-1-januari-2019\/\" \/>\n<meta property=\"og:site_name\" content=\"Almega\" \/>\n<meta property=\"article:published_time\" content=\"2018-11-08T15:23:15+00:00\" \/>\n<meta property=\"article:modified_time\" content=\"2022-03-28T09:12:34+00:00\" \/>\n<meta property=\"og:image\" content=\"https:\/\/www.almega.se\/app\/uploads\/2020\/12\/almega-share-logo.png\" \/>\n\t<meta property=\"og:image:width\" content=\"1200\" \/>\n\t<meta property=\"og:image:height\" content=\"630\" \/>\n\t<meta property=\"og:image:type\" content=\"image\/png\" \/>\n<meta name=\"author\" content=\"Wanda Sidfalk\" \/>\n<meta name=\"twitter:card\" content=\"summary_large_image\" \/>\n<meta name=\"twitter:label1\" content=\"Skriven av\" \/>\n\t<meta name=\"twitter:data1\" content=\"Wanda Sidfalk\" \/>\n\t<meta name=\"twitter:label2\" content=\"Ber\u00e4knad l\u00e4stid\" \/>\n\t<meta name=\"twitter:data2\" content=\"4 minuter\" \/>\n<!-- \/ Yoast SEO Premium plugin. -->","yoast_head_json":{"title":"Nya karensregler i Dagspressavtalet den 1 januari 2019 | Almega","robots":{"index":"index","follow":"follow","max-snippet":"max-snippet:-1","max-image-preview":"max-image-preview:large","max-video-preview":"max-video-preview:-1"},"canonical":"https:\/\/www.almega.se\/2018\/11\/nya-karensregler-dagspressavtalet-den-1-januari-2019\/","og_locale":"sv_SE","og_type":"article","og_title":"Nya karensregler i Dagspressavtalet den 1 januari 2019","og_description":"Den 1 januari 2019 \u00e4ndras reglerna om karens i sjukl\u00f6nelagen. Med anledning av det \u00e4ndras ocks\u00e5 sjukl\u00f6nereglerna i Dagspressavtalet. \u00c4ndringarna inneb\u00e4r att karens inte l\u00e4ngre r\u00e4knas per dag utan p\u00e5 en period som \u00e4r 20 &hellip;","og_url":"https:\/\/www.almega.se\/2018\/11\/nya-karensregler-dagspressavtalet-den-1-januari-2019\/","og_site_name":"Almega","article_published_time":"2018-11-08T15:23:15+00:00","article_modified_time":"2022-03-28T09:12:34+00:00","og_image":[{"width":1200,"height":630,"url":"https:\/\/www.almega.se\/app\/uploads\/2020\/12\/almega-share-logo.png","type":"image\/png"}],"author":"Wanda Sidfalk","twitter_card":"summary_large_image","twitter_misc":{"Skriven av":"Wanda Sidfalk","Ber\u00e4knad l\u00e4stid":"4 minuter"},"schema":{"@context":"https:\/\/schema.org","@graph":[{"@type":"NewsArticle","@id":"https:\/\/www.almega.se\/2018\/11\/nya-karensregler-dagspressavtalet-den-1-januari-2019\/#article","isPartOf":{"@id":"https:\/\/www.almega.se\/2018\/11\/nya-karensregler-dagspressavtalet-den-1-januari-2019\/"},"author":{"name":"Wanda Sidfalk","@id":"https:\/\/www.almega.se\/#\/schema\/person\/be00d0d8eabf5eb47ed3a76e883e194e"},"headline":"Nya karensregler i Dagspress&shy;avtalet den 1 januari 2019","datePublished":"2018-11-08T15:23:15+00:00","dateModified":"2022-03-28T09:12:34+00:00","mainEntityOfPage":{"@id":"https:\/\/www.almega.se\/2018\/11\/nya-karensregler-dagspressavtalet-den-1-januari-2019\/"},"wordCount":727,"inLanguage":"sv-SE"},{"@type":"WebPage","@id":"https:\/\/www.almega.se\/2018\/11\/nya-karensregler-dagspressavtalet-den-1-januari-2019\/","url":"https:\/\/www.almega.se\/2018\/11\/nya-karensregler-dagspressavtalet-den-1-januari-2019\/","name":"Nya karensregler i Dagspressavtalet den 1 januari 2019 | Almega","isPartOf":{"@id":"https:\/\/www.almega.se\/#website"},"datePublished":"2018-11-08T15:23:15+00:00","dateModified":"2022-03-28T09:12:34+00:00","author":{"@id":"https:\/\/www.almega.se\/#\/schema\/person\/be00d0d8eabf5eb47ed3a76e883e194e"},"breadcrumb":{"@id":"https:\/\/www.almega.se\/2018\/11\/nya-karensregler-dagspressavtalet-den-1-januari-2019\/#breadcrumb"},"inLanguage":"sv-SE","potentialAction":[{"@type":"ReadAction","target":["https:\/\/www.almega.se\/2018\/11\/nya-karensregler-dagspressavtalet-den-1-januari-2019\/"]}]},{"@type":"BreadcrumbList","@id":"https:\/\/www.almega.se\/2018\/11\/nya-karensregler-dagspressavtalet-den-1-januari-2019\/#breadcrumb","itemListElement":[{"@type":"ListItem","position":1,"name":"Home","item":"https:\/\/www.almega.se\/"},{"@type":"ListItem","position":2,"name":"Nya karensregler i Dagspress&shy;avtalet den 1 januari 2019"}]},{"@type":"WebSite","@id":"https:\/\/www.almega.se\/#website","url":"https:\/\/www.almega.se\/","name":"Almega","description":"","potentialAction":[{"@type":"SearchAction","target":{"@type":"EntryPoint","urlTemplate":"https:\/\/www.almega.se\/?s={search_term_string}"},"query-input":{"@type":"PropertyValueSpecification","valueRequired":true,"valueName":"search_term_string"}}],"inLanguage":"sv-SE"},{"@type":"Person","@id":"https:\/\/www.almega.se\/#\/schema\/person\/be00d0d8eabf5eb47ed3a76e883e194e","name":"Wanda Sidfalk","image":{"@type":"ImageObject","inLanguage":"sv-SE","@id":"https:\/\/www.almega.se\/#\/schema\/person\/image\/","url":"https:\/\/secure.gravatar.com\/avatar\/a0559aa5263c214d1ce37d4f3dad6172b54b2189f8ef50bf34b1b15dd4e974a1?s=96&d=mm&r=g","contentUrl":"https:\/\/secure.gravatar.com\/avatar\/a0559aa5263c214d1ce37d4f3dad6172b54b2189f8ef50bf34b1b15dd4e974a1?s=96&d=mm&r=g","caption":"Wanda Sidfalk"},"url":"https:\/\/www.almega.se\/person\/wandasidfalk\/"}]}},"_links":{"self":[{"href":"https:\/\/www.almega.se\/api\/wp\/v2\/posts\/19914","targetHints":{"allow":["GET"]}}],"collection":[{"href":"https:\/\/www.almega.se\/api\/wp\/v2\/posts"}],"about":[{"href":"https:\/\/www.almega.se\/api\/wp\/v2\/types\/post"}],"author":[{"embeddable":true,"href":"https:\/\/www.almega.se\/api\/wp\/v2\/users\/219"}],"replies":[{"embeddable":true,"href":"https:\/\/www.almega.se\/api\/wp\/v2\/comments?post=19914"}],"version-history":[{"count":0,"href":"https:\/\/www.almega.se\/api\/wp\/v2\/posts\/19914\/revisions"}],"wp:attachment":[{"href":"https:\/\/www.almega.se\/api\/wp\/v2\/media?parent=19914"}],"wp:term":[{"taxonomy":"category","embeddable":true,"href":"https:\/\/www.almega.se\/api\/wp\/v2\/categories?post=19914"},{"taxonomy":"post_tag","embeddable":true,"href":"https:\/\/www.almega.se\/api\/wp\/v2\/tags?post=19914"},{"taxonomy":"type","embeddable":true,"href":"https:\/\/www.almega.se\/api\/wp\/v2\/article_type?post=19914"},{"taxonomy":"agreement","embeddable":true,"href":"https:\/\/www.almega.se\/api\/wp\/v2\/agreement?post=19914"}],"curies":[{"name":"wp","href":"https:\/\/api.w.org\/{rel}","templated":true}]}}