{"id":19843,"date":"2018-11-07T10:54:07","date_gmt":"2018-11-07T09:54:07","guid":{"rendered":"https:\/\/www.almega.se\/?p=19843"},"modified":"2022-03-28T11:13:24","modified_gmt":"2022-03-28T09:13:24","slug":"nya-karensregler-telekomavtalet-fran-1-januari-2019","status":"publish","type":"post","link":"https:\/\/www.almega.se\/2018\/11\/nya-karensregler-telekomavtalet-fran-1-januari-2019\/","title":{"rendered":"Nya karensregler i Telekom&shy;avtalet fr\u00e5n 1 januari 2019"},"content":{"rendered":"\n<p class=\"intro\">Den 1 januari 2019 \u00e4ndras reglerna om karens i sjukl\u00f6nelagen. Med anledning av det \u00e4ndras ocks\u00e5 sjukl\u00f6nereglerna i Telekomavtalet. \u00c4ndringarna inneb\u00e4r att karens inte l\u00e4ngre r\u00e4knas per dag utan p\u00e5 en period som \u00e4r 20 procent av en normal arbetsvecka. Karensavdrag kan d\u00e4rmed beh\u00f6va g\u00f6ras p\u00e5 mer eller mindre \u00e4n en dag men inte med mer \u00e4n vad som svarar mot 20 procent av en normal arbetsvecka, beroende p\u00e5 n\u00e4r den anst\u00e4llde blir sjuk. F\u00f6r sjukfall som intr\u00e4ffar f\u00f6re den 1 januari 2019 g\u00e4ller fortfarande de nuvarande best\u00e4mmelserna.<\/p>\n<h3>Bakgrund<\/h3>\n<p>Riksdagen har beslutat att den nuvarande karensdagen fr\u00e5n och med den 1 januari 2019 ers\u00e4tts med ett karensavdrag. Syftet \u00e4r att uppn\u00e5 en mer r\u00e4ttvis sj\u00e4lvrisk i samband med sjukfr\u00e5nvaro. Bakgrunden \u00e4r att nuvarande best\u00e4mmelser om karensdag sl\u00e5r olika f\u00f6r olika grupper p\u00e5 arbetsmarknaden. Medarbetaren f\u00e5r ett relativt litet avdrag f\u00f6r karens om han sjukanm\u00e4ler sig sent p\u00e5 dagen med nuvarande regler. B\u00e5de hel- och deltidsanst\u00e4llda med koncentrerad arbetstid kan med nuvarande regler f\u00f6rlora en relativt stor del av inkomsten om karensdagen infaller under en dag med ett l\u00e5ngt arbetspass. De nya reglerna ska leda till att karensen blir densamma f\u00f6r medarbetaren oavsett n\u00e4r sjukfr\u00e5nvaron intr\u00e4ffar.<\/p>\n<h3>De nya karensreglerna<\/h3>\n<p>Den 1 januari 2019 \u00e4ndras reglerna om karens i lag (1991:1047) om sjukl\u00f6n. Med anledning av det \u00e4ndras ocks\u00e5 sjukl\u00f6nereglerna i Telekomavtalet. \u00c4ndringarna inneb\u00e4r att karens inte l\u00e4ngre r\u00e4knas per dag utan p\u00e5 en period som \u00e4r 20 procent av en normal arbetsvecka. Karensavdrag kan d\u00e4rmed beh\u00f6va g\u00f6ras p\u00e5 mer eller mindre \u00e4n en dag men inte med mer \u00e4n vad som svarar mot 20 procent av en normal arbetsvecka, beroende p\u00e5 n\u00e4r den anst\u00e4llde blir sjuk. F\u00f6r sjukfall som intr\u00e4ffar f\u00f6re den 1 januari 2019 g\u00e4ller fortfarande de nuvarande best\u00e4mmelserna. F\u00f6r sjukl\u00f6n efter dag 15 \u00e4r det ingen f\u00f6r\u00e4ndring.<\/p>\n<p><strong>\u00c5terinsjuknande inom fem kalenderdagar<\/strong><\/p>\n<p>Att medarbetaren blir sjuk igen (\u00e5terinsjuknar) inom fem kalenderdagar fr\u00e5n att den f\u00f6rra sjukperioden avslutades inneb\u00e4r att sjukl\u00f6neperioden forts\u00e4tter. Regeln finns idag men den f\u00e5r med det \u00e4ndrade karensavdraget en ny inneb\u00f6rd. Om fullt karensavdrag inte gjorts vid f\u00f6rsta sjukperioden ska ytterligare karensavdrag g\u00f6ras i den fortsatta sjukperioden,<a href=\"https:\/\/www.almega.se\/app\/uploads\/2018\/11\/ny-nyit-avtal-exempel-nya-karensregler-fd-sif-12-i-taljaren-2018-10-22-pdf-bilaga-ag-nytt.pdf\" target=\"_blank\" rel=\"noopener noreferrer\">se exempel 4.<\/a><\/p>\n<p><strong>Allm\u00e4nt h\u00f6griskskydd \u2013 h\u00f6gst tio karenstillf\u00e4llen <\/strong><\/p>\n<p>Det allm\u00e4nna h\u00f6griskskyddet inneb\u00e4r idag att medarbetaren inte ska beh\u00f6va f\u00e5 mer \u00e4n tio karensdagsavdrag under en tolvm\u00e5nadersperiod (\u00a7 12 mom. 4.1 <em>Anm\u00e4rkning 3<\/em>). Det \u00e4ndras nu till tio karenstillf\u00e4llen. En sjukperiod som b\u00f6rjar inom fem kalenderdagar fr\u00e5n att en tidigare sjukperiod upph\u00f6rt ska betraktas som en forts\u00e4ttning p\u00e5 tidigare sjukperiod. Alla karensavdrag som g\u00f6rs med sammanlagt h\u00f6gst 20 procent av genomsnittlig veckoarbetstid inom samma sjukperiod betraktas som\u00a0<strong>ett tillf\u00e4lle<\/strong>\u00a0\u00e4ven om avdragen sker p\u00e5 olika dagar, <a href=\"https:\/\/www.almega.se\/app\/uploads\/2018\/11\/ny-nyit-avtal-exempel-nya-karensregler-fd-sif-12-i-taljaren-2018-10-22-pdf-bilaga-ag-nytt.pdf\" target=\"_blank\" rel=\"noopener noreferrer\">se exempel 7.<\/a><\/p>\n<h3>S\u00e4rskilt h\u00f6griskskydd<\/h3>\n<p>F\u00f6r en medarbetare som enligt F\u00f6rs\u00e4kringskassans beslut \u00e4r ber\u00e4ttigad till sjukl\u00f6n utan beaktande av karens (s\u00e4rskilt h\u00f6griskskydd), g\u00f6rs sjukavdrag enligt vad som g\u00e4ller f\u00f6r sjukfr\u00e5nvaro \u00f6verstigande 20 procent av genomsnittlig veckoarbetstid till och med dag 14 i sjukperioden.<\/p>\n<p><strong>\u00d6verg\u00e5ngsbest\u00e4mmelser <\/strong><\/p>\n<p>De nya karensreglerna g\u00e4ller f\u00f6r sjukfall som intr\u00e4ffar fr\u00e5n och med den 1 januari 2019. F\u00f6r sjukfall som intr\u00e4ffar f\u00f6re detta datum g\u00e4ller nuvarande regler.<\/p>\n<p>Vid ber\u00e4kning av antal tillf\u00e4llen med avdrag p\u00e5 sjukl\u00f6nen enligt i Telekomavtalet, \u00a7 12 mom. 4.1 <em>Anm\u00e4rkning 3<\/em>,\u00a0ska ett avdrag f\u00f6r karensdag som har gjorts enligt nuvarande lydelse likst\u00e4llas med ett tillf\u00e4lle med karensavdrag. Alla karensavdrag som g\u00f6rs med sammanlagt h\u00f6gst 20 procent av genomsnittlig veckoarbetstid inom samma sjukperiod betraktas som\u00a0<strong>ett tillf\u00e4lle<\/strong>\u00a0\u00e4ven om avdragen sker p\u00e5 olika dagar.\u00a0<a href=\"https:\/\/www.almega.se\/app\/uploads\/2018\/11\/ny-nyit-avtal-exempel-nya-karensregler-fd-sif-12-i-taljaren-2018-10-22-pdf-bilaga-ag-nytt.pdf\" target=\"_blank\" rel=\"noopener noreferrer\">Se exempel 7.<\/a><\/p>\n<p>Vidare ska karensdag likst\u00e4llas med karensavdrag dels vid \u00e5terinsjuknande enligt Telekomavtalet, \u00a7 12 mom. 4.1 <em>Anm\u00e4rkning 2<\/em>, dels f\u00f6r den som f\u00f6re ikrafttr\u00e4dandet har f\u00e5tt ett beslut om s\u00e4rskilt h\u00f6griskskydd enligt Telekomavtalet, \u00a7 12 mom. 4.1 <em>Anm\u00e4rkning 1<\/em>.<\/p>\n<h4>De \u00e4ndrade best\u00e4mmelserna i kollektivavtalet f\u00e5r fr\u00e5n den 1 januari 2019 f\u00f6ljande lydelse:<\/h4>\n<p>&nbsp;<\/p>\n<h4><\/h4>\n<h4><strong>Mom 4.1\u00a0 \u00a0 \u00a0 \u00a0 \u00a0 \u00a0 Sjukdom till och med 14:e kalenderdagen per sjukperiod<\/strong><\/h4>\n<p>&nbsp;<\/p>\n<p>F\u00f6r varje timme en medarbetare \u00e4r fr\u00e5nvarande p\u00e5 grund av sjukdom g\u00f6rs sjukavdrag per timme enligt f\u00f6ljande:<\/p>\n<table>\n<tbody>\n<tr>\n<td width=\"312\">F\u00f6r sjukfr\u00e5nvaro upp till 20 % av genomsnittlig veckoarbetstid (karens)<br \/>\ni sjukperioden<\/td>\n<td width=\"292\"><u>m\u00e5nadsl\u00f6nen x 12<br \/>\n<\/u>52 x veckoarbetstiden<\/td>\n<\/tr>\n<tr>\n<td width=\"312\">F\u00f6r sjukfr\u00e5nvaro \u00f6verstigande 20 % av genomsnittlig veckoarbetstid till och med dag 14 i sjukperioden<\/td>\n<td width=\"292\"><u>20 % x m\u00e5nadsl\u00f6nen x 12<\/u><br \/>\n52 x veckoarbetstiden<\/td>\n<\/tr>\n<\/tbody>\n<\/table>\n<p><em>Anm\u00e4rkningar<\/em><\/p>\n<p><em>Mom. 4.1 Anm\u00e4rkning 1<\/em><\/p>\n<p><em>F\u00f6r medarbetare, som enligt F\u00f6rs\u00e4kringskassans beslut \u00e4r ber\u00e4ttigad till sjukl\u00f6n utan beaktande av karens, g\u00f6rs sjukavdrag enligt vad som g\u00e4ller f\u00f6r sjukfr\u00e5nvaro \u00f6verstigande 20 procent av genomsnittlig veckoarbetstid till och med dag 14 i sjukperioden.<\/em><\/p>\n<p><em>Mom. 4.1 Anm\u00e4rkning 2\u00a0<\/em><\/p>\n<p><em>Ny sjukperiod som b\u00f6rjar inom fem kalenderdagar fr\u00e5n det att en tidigare sjukperiod avslutats ska betraktas som forts\u00e4ttning p\u00e5 den tidigare sjukperioden. Det inneb\u00e4r att fortsatt karensavdrag kan beh\u00f6va g\u00f6ras intill 20 procent av genomsnittlig veckoarbetstid i den fortsatta sjukperioden<\/em><\/p>\n<p><em>Mom. 4.1 Anm\u00e4rkning 3<\/em><\/p>\n<p><em>Om medarbetaren under de senaste tolv m\u00e5naderna haft sammanlagt tio karensavdrag ber\u00e4knas sjukavdrag f\u00f6r de f\u00f6rsta 20 procent av sjukfr\u00e5nvaron ber\u00e4knas enligt vad som g\u00e4ller fr\u00e5n och med sjukfr\u00e5nvaro \u00f6verstigande 20 procent av genomsnittlig veckoarbetstid till och med dag 14.<\/em><\/p>\n<p><em>Anm\u00e4rkning<br \/>\nAlla karensavdrag som g\u00f6rs enligt\u00a0\u00a7 12 mom. 4.1 med sammanlagt h\u00f6gst 20 procent av genomsnittlig veckoarbetstid inom samma sjukperiod betraktas som ett tillf\u00e4lle \u00e4ven om avdragen sker p\u00e5 olika dagar. Av\u00a0Anm\u00e4rkning 2\u00a0framg\u00e5r att sjukperiod som b\u00f6rjar inom 5 kalenderdagar fr\u00e5n att en tidigare sjukperiod avslutats ska betraktas som en forts\u00e4ttning p\u00e5 tidigare sjukperiod.<\/em><\/p>\n<p>\u00a7 12 mom. 8 f\u00e5r f\u00f6ljande lydelse:<\/p>\n<p><strong>Mom. 8\u00a0\u00a0\u00a0\u00a0\u00a0\u00a0 Begreppet m\u00e5nadsl\u00f6n och veckoarbetstid<\/strong><\/p>\n<p>Med m\u00e5nadsl\u00f6n i denna paragraf avses \u2013 f\u00f6rutom fast kontant l\u00f6n och eventuella fasta l\u00f6netill\u00e4gg som utbetalas per m\u00e5nad \u2013 \u00e4ven den genomsnittliga inkomsten per m\u00e5nad kalender\u00e5ret f\u00f6re insjuknande\u00e5ret av r\u00f6rliga l\u00f6ne\u00addelar, med undantag av \u00f6vertidsers\u00e4ttning och s\u00e5dana r\u00f6r\u00adliga l\u00f6nedelar som beh\u00e5lls \u00e4ven under sjukledighet, upp\u00adr\u00e4knad med 5 procent.<\/p>\n<p>Lokalt avtal kan tr\u00e4ffas om annan ber\u00e4kningsgrund av de r\u00f6rliga l\u00f6nedelarna.<\/p>\n<p><em>Med veckoarbetstid i denna paragraf avses<\/em><\/p>\n<p>antalet arbetstimmar per helgfri vecka f\u00f6r den enskilde medarbetaren. F\u00f6r den som har oregelbunden arbetstid ber\u00e4knas veckoarbetstiden i genomsnitt per m\u00e5nad eller annan f\u00f6rl\u00e4ggningscykel. Veckoarbetstiden ber\u00e4knas med h\u00f6gst 2 decimaler, varvid 0-4 avrundas ned\u00e5t och 5-9 upp\u00e5t.<\/p>\n<p>Om olika l\u00e5ng arbetstid g\u00e4ller f\u00f6r olika delar av \u00e5ret, r\u00e4knas arbetstiden per helgfri vecka i genomsnitt per \u00e5r.<\/p>\n<p><em>Till mom. 8 fogas f\u00f6ljande anm\u00e4rkning:<\/em><\/p>\n<p><em>Med medarbetarens genomsnittliga veckoarbetstid avses veckoarbetstiden i timmar f\u00f6r en normalvecka utan helgdag. F\u00f6r medarbetare med intermittent eller oregelbunden tj\u00e4nstg\u00f6ring ber\u00e4knas ett snitt \u00f6ver en representativ period.<\/em><\/p>\n<p><strong><br \/>\nF\u00f6r ber\u00e4kning av sjukl\u00f6n \u00a7 12 mom. 2 \u201dSjukdom fr. o. m. 15:e kalenderdagen\u201d g\u00f6rs inga \u00e4ndringar<\/strong><\/p>\n<p><a href=\"https:\/\/www.almega.se\/app\/uploads\/2018\/11\/ny-nyit-avtal-exempel-nya-karensregler-fd-sif-12-i-taljaren-2018-10-22-pdf-bilaga-ag-nytt.pdf\" target=\"_blank\" rel=\"noopener noreferrer\">L\u00e4nk till exempel p\u00e5 hur karensavdraget ber\u00e4knas.<\/a><em><br \/>\n<\/em>\n","protected":false},"excerpt":{"rendered":"<p>Den 1 januari 2019 \u00e4ndras reglerna om karens i sjukl\u00f6nelagen. Med anledning av det \u00e4ndras ocks\u00e5 sjukl\u00f6nereglerna i Telekomavtalet. \u00c4ndringarna inneb\u00e4r att karens inte l\u00e4ngre r\u00e4knas per dag utan p\u00e5 en period som \u00e4r 20 &hellip;<\/p>\n","protected":false},"author":21100,"featured_media":0,"comment_status":"closed","ping_status":"closed","sticky":false,"template":"","format":"standard","meta":{"_acf_changed":false,"footnotes":""},"categories":[1],"tags":[],"article_type":[313],"agreement":[218],"class_list":["post-19843","post","type-post","status-publish","format-standard","hentry","category-okategoriserade","type-arbetsgivarnytt","agreement-99ce80f7-ff07-de11-b4e1-02bf9e69ca65"],"acf":[],"yoast_head":"<!-- This site is optimized with the Yoast SEO Premium plugin v26.8 (Yoast SEO v26.8) - https:\/\/yoast.com\/product\/yoast-seo-premium-wordpress\/ -->\n<title>Nya karensregler i Telekomavtalet fr\u00e5n 1 januari 2019 | Almega<\/title>\n<meta name=\"robots\" content=\"index, follow, max-snippet:-1, max-image-preview:large, max-video-preview:-1\" \/>\n<link rel=\"canonical\" href=\"https:\/\/www.almega.se\/2018\/11\/nya-karensregler-telekomavtalet-fran-1-januari-2019\/\" \/>\n<meta property=\"og:locale\" content=\"sv_SE\" \/>\n<meta property=\"og:type\" content=\"article\" \/>\n<meta property=\"og:title\" content=\"Nya karensregler i Telekomavtalet fr\u00e5n 1 januari 2019\" \/>\n<meta property=\"og:description\" content=\"Den 1 januari 2019 \u00e4ndras reglerna om karens i sjukl\u00f6nelagen. Med anledning av det \u00e4ndras ocks\u00e5 sjukl\u00f6nereglerna i Telekomavtalet. \u00c4ndringarna inneb\u00e4r att karens inte l\u00e4ngre r\u00e4knas per dag utan p\u00e5 en period som \u00e4r 20 &hellip;\" \/>\n<meta property=\"og:url\" content=\"https:\/\/www.almega.se\/2018\/11\/nya-karensregler-telekomavtalet-fran-1-januari-2019\/\" \/>\n<meta property=\"og:site_name\" content=\"Almega\" \/>\n<meta property=\"article:published_time\" content=\"2018-11-07T09:54:07+00:00\" \/>\n<meta property=\"article:modified_time\" content=\"2022-03-28T09:13:24+00:00\" \/>\n<meta property=\"og:image\" content=\"https:\/\/www.almega.se\/app\/uploads\/2020\/12\/almega-share-logo.png\" \/>\n\t<meta property=\"og:image:width\" content=\"1200\" \/>\n\t<meta property=\"og:image:height\" content=\"630\" \/>\n\t<meta property=\"og:image:type\" content=\"image\/png\" \/>\n<meta name=\"author\" content=\"Christoffer Bj\u00f6rkwall\" \/>\n<meta name=\"twitter:card\" content=\"summary_large_image\" \/>\n<meta name=\"twitter:label1\" content=\"Skriven av\" \/>\n\t<meta name=\"twitter:data1\" content=\"Christoffer Bj\u00f6rkwall\" \/>\n\t<meta name=\"twitter:label2\" content=\"Ber\u00e4knad l\u00e4stid\" \/>\n\t<meta name=\"twitter:data2\" content=\"6 minuter\" \/>\n<!-- \/ Yoast SEO Premium plugin. -->","yoast_head_json":{"title":"Nya karensregler i Telekomavtalet fr\u00e5n 1 januari 2019 | Almega","robots":{"index":"index","follow":"follow","max-snippet":"max-snippet:-1","max-image-preview":"max-image-preview:large","max-video-preview":"max-video-preview:-1"},"canonical":"https:\/\/www.almega.se\/2018\/11\/nya-karensregler-telekomavtalet-fran-1-januari-2019\/","og_locale":"sv_SE","og_type":"article","og_title":"Nya karensregler i Telekomavtalet fr\u00e5n 1 januari 2019","og_description":"Den 1 januari 2019 \u00e4ndras reglerna om karens i sjukl\u00f6nelagen. Med anledning av det \u00e4ndras ocks\u00e5 sjukl\u00f6nereglerna i Telekomavtalet. \u00c4ndringarna inneb\u00e4r att karens inte l\u00e4ngre r\u00e4knas per dag utan p\u00e5 en period som \u00e4r 20 &hellip;","og_url":"https:\/\/www.almega.se\/2018\/11\/nya-karensregler-telekomavtalet-fran-1-januari-2019\/","og_site_name":"Almega","article_published_time":"2018-11-07T09:54:07+00:00","article_modified_time":"2022-03-28T09:13:24+00:00","og_image":[{"width":1200,"height":630,"url":"https:\/\/www.almega.se\/app\/uploads\/2020\/12\/almega-share-logo.png","type":"image\/png"}],"author":"Christoffer Bj\u00f6rkwall","twitter_card":"summary_large_image","twitter_misc":{"Skriven av":"Christoffer Bj\u00f6rkwall","Ber\u00e4knad l\u00e4stid":"6 minuter"},"schema":{"@context":"https:\/\/schema.org","@graph":[{"@type":"NewsArticle","@id":"https:\/\/www.almega.se\/2018\/11\/nya-karensregler-telekomavtalet-fran-1-januari-2019\/#article","isPartOf":{"@id":"https:\/\/www.almega.se\/2018\/11\/nya-karensregler-telekomavtalet-fran-1-januari-2019\/"},"author":{"name":"Christoffer Bj\u00f6rkwall","@id":"https:\/\/www.almega.se\/#\/schema\/person\/85455dd30dc7dd48496950cee22dd217"},"headline":"Nya karensregler i Telekom&shy;avtalet fr\u00e5n 1 januari 2019","datePublished":"2018-11-07T09:54:07+00:00","dateModified":"2022-03-28T09:13:24+00:00","mainEntityOfPage":{"@id":"https:\/\/www.almega.se\/2018\/11\/nya-karensregler-telekomavtalet-fran-1-januari-2019\/"},"wordCount":1221,"inLanguage":"sv-SE"},{"@type":"WebPage","@id":"https:\/\/www.almega.se\/2018\/11\/nya-karensregler-telekomavtalet-fran-1-januari-2019\/","url":"https:\/\/www.almega.se\/2018\/11\/nya-karensregler-telekomavtalet-fran-1-januari-2019\/","name":"Nya karensregler i Telekomavtalet fr\u00e5n 1 januari 2019 | Almega","isPartOf":{"@id":"https:\/\/www.almega.se\/#website"},"datePublished":"2018-11-07T09:54:07+00:00","dateModified":"2022-03-28T09:13:24+00:00","author":{"@id":"https:\/\/www.almega.se\/#\/schema\/person\/85455dd30dc7dd48496950cee22dd217"},"breadcrumb":{"@id":"https:\/\/www.almega.se\/2018\/11\/nya-karensregler-telekomavtalet-fran-1-januari-2019\/#breadcrumb"},"inLanguage":"sv-SE","potentialAction":[{"@type":"ReadAction","target":["https:\/\/www.almega.se\/2018\/11\/nya-karensregler-telekomavtalet-fran-1-januari-2019\/"]}]},{"@type":"BreadcrumbList","@id":"https:\/\/www.almega.se\/2018\/11\/nya-karensregler-telekomavtalet-fran-1-januari-2019\/#breadcrumb","itemListElement":[{"@type":"ListItem","position":1,"name":"Home","item":"https:\/\/www.almega.se\/"},{"@type":"ListItem","position":2,"name":"Nya karensregler i Telekom&shy;avtalet fr\u00e5n 1 januari 2019"}]},{"@type":"WebSite","@id":"https:\/\/www.almega.se\/#website","url":"https:\/\/www.almega.se\/","name":"Almega","description":"","potentialAction":[{"@type":"SearchAction","target":{"@type":"EntryPoint","urlTemplate":"https:\/\/www.almega.se\/?s={search_term_string}"},"query-input":{"@type":"PropertyValueSpecification","valueRequired":true,"valueName":"search_term_string"}}],"inLanguage":"sv-SE"},{"@type":"Person","@id":"https:\/\/www.almega.se\/#\/schema\/person\/85455dd30dc7dd48496950cee22dd217","name":"Christoffer Bj\u00f6rkwall","image":{"@type":"ImageObject","inLanguage":"sv-SE","@id":"https:\/\/www.almega.se\/#\/schema\/person\/image\/","url":"https:\/\/secure.gravatar.com\/avatar\/956880dd99ad7977c1311ac56674963f4336935dd0a0213718b2293a4929de54?s=96&d=mm&r=g","contentUrl":"https:\/\/secure.gravatar.com\/avatar\/956880dd99ad7977c1311ac56674963f4336935dd0a0213718b2293a4929de54?s=96&d=mm&r=g","caption":"Christoffer Bj\u00f6rkwall"},"url":"https:\/\/www.almega.se\/person\/_j9ud6qydtb7peyh5q9truisdz8givruub40jznsy\/"}]}},"_links":{"self":[{"href":"https:\/\/www.almega.se\/api\/wp\/v2\/posts\/19843","targetHints":{"allow":["GET"]}}],"collection":[{"href":"https:\/\/www.almega.se\/api\/wp\/v2\/posts"}],"about":[{"href":"https:\/\/www.almega.se\/api\/wp\/v2\/types\/post"}],"author":[{"embeddable":true,"href":"https:\/\/www.almega.se\/api\/wp\/v2\/users\/21100"}],"replies":[{"embeddable":true,"href":"https:\/\/www.almega.se\/api\/wp\/v2\/comments?post=19843"}],"version-history":[{"count":0,"href":"https:\/\/www.almega.se\/api\/wp\/v2\/posts\/19843\/revisions"}],"wp:attachment":[{"href":"https:\/\/www.almega.se\/api\/wp\/v2\/media?parent=19843"}],"wp:term":[{"taxonomy":"category","embeddable":true,"href":"https:\/\/www.almega.se\/api\/wp\/v2\/categories?post=19843"},{"taxonomy":"post_tag","embeddable":true,"href":"https:\/\/www.almega.se\/api\/wp\/v2\/tags?post=19843"},{"taxonomy":"type","embeddable":true,"href":"https:\/\/www.almega.se\/api\/wp\/v2\/article_type?post=19843"},{"taxonomy":"agreement","embeddable":true,"href":"https:\/\/www.almega.se\/api\/wp\/v2\/agreement?post=19843"}],"curies":[{"name":"wp","href":"https:\/\/api.w.org\/{rel}","templated":true}]}}