{"id":19713,"date":"2018-10-31T09:30:37","date_gmt":"2018-10-31T08:30:37","guid":{"rendered":"https:\/\/www.almega.se\/?p=19713"},"modified":"2022-03-28T11:06:12","modified_gmt":"2022-03-28T09:06:12","slug":"friskolor-lonerevision-kommunal-endast-en-niva-av-lagstalon","status":"publish","type":"post","link":"https:\/\/www.almega.se\/2018\/10\/friskolor-lonerevision-kommunal-endast-en-niva-av-lagstalon\/","title":{"rendered":"Friskolor &#8211; L\u00f6nerevision Kommunal \u2013 endast en niv\u00e5 av l\u00e4gstal\u00f6n!"},"content":{"rendered":"\n<p class=\"intro\">L\u00f6neavtalet mellan Almega Tj\u00e4nstef\u00f6retagen och Kommunal avseende frist\u00e5ende f\u00f6rskolor och skolor har l\u00f6nerevision per <strong>1 november 2018<\/strong>.<\/p>\n<p>Utrymmet f\u00f6r l\u00f6ne\u00f6kningar \u00e4r i \u00e5r <strong>510 kr<\/strong> per heltidsanst\u00e4lld, deltidsanst\u00e4llda proportioneras. Utrymmet ska f\u00f6rdelas individuellt utan individgarantier.<br \/>\nL\u00f6neavtalet omfattar formellt sett de medarbetare som \u00e4r medlem i Kommunal (egentligen oavsett vad man arbetar med). Vi rekommenderar givetvis att ni till\u00e4mpar l\u00f6neavtalet p\u00e5 ett likv\u00e4rdigt sett p\u00e5 \u00f6vriga medarbetare som har arbetsuppgifter som faller inom Kommunals avtalsomr\u00e5de.<\/p>\n<p><strong>L\u00e4gstal\u00f6n<\/strong><\/p>\n<p><strong>Sedan 2016 inneh\u00e5ller l\u00f6neavtalet endast en niv\u00e5 f\u00f6r l\u00e4gstal\u00f6n.<\/strong><\/p>\n<p>Den h\u00f6js inte samtidigt som l\u00f6nerevision utan i st\u00e4llet per den 1 maj:<\/p>\n<p>\u2022 1 maj 2018 18 668 kr<\/p>\n<p>\u2022 1 maj 2019 19 041 kr<\/p>\n<p>Den g\u00e4ller f\u00f6r arbetstagare med fast kontant l\u00f6n som fyllt 19 \u00e5r och har en sammanlagd anst\u00e4llningstid om tre m\u00e5nader. F\u00f6r den som under avtalsperioden fyller 19 \u00e5r ska l\u00e4gstal\u00f6nen g\u00e4lla fr\u00e5n och med kalenderm\u00e5naden efter det att arbetstagaren fyllt 19 \u00e5r. Den avser heltidsl\u00f6ner; deltidsl\u00f6ner proportioneras.<br \/>\nDet f\u00f6rekommer att Kommunals f\u00f6retr\u00e4dare p\u00e5st\u00e5r att den f\u00f6rut g\u00e4llande h\u00f6gre niv\u00e5n av l\u00e4gstal\u00f6n fortfarande skulle finnas kvar. Som ni ser i l\u00f6neavtalet st\u00e4mmer inte det.<\/p>\n<p>Ang\u00e5ende Kommunals beg\u00e4ran att f\u00e5 ta del av er l\u00f6nekartl\u00e4ggning inf\u00f6r l\u00f6nerevision inneh\u00e5ller inte l\u00f6neavtalet n\u00e5gon s\u00e5dan skyldighet. D\u00e4remot finns det en skyldighet f\u00f6r er att varje \u00e5r g\u00f6ra en l\u00f6nekartl\u00e4ggning i enlighet med Diskrimineringslagen. Det finns ingen generell skyldighet f\u00f6r dig som arbetsgivare att offentligg\u00f6ra alla anst\u00e4lldas l\u00f6ner i l\u00f6nekartl\u00e4ggningen\u2013 inte ens i samverkansgruppen. Det \u00e4r okej med l\u00f6neskillnader som kan f\u00f6rklaras sakligt och inte har samband med k\u00f6n. T\u00e4nk p\u00e5 att g\u00f6ra arbetet i syfte att f\u00e5 en \u00f6verblick \u00f6ver l\u00f6nestrukturen p\u00e5 f\u00f6retaget och se det som en del i l\u00f6nes\u00e4ttningsarbetet under \u00e5ret.<\/p>\n<p>L\u00e4s g\u00e4rna igenom l\u00f6neavtalet inf\u00f6r l\u00f6neprocessen.<\/p>\n","protected":false},"excerpt":{"rendered":"<p>L\u00f6neavtalet mellan Almega Tj\u00e4nstef\u00f6retagen och Kommunal avseende frist\u00e5ende f\u00f6rskolor och skolor har l\u00f6nerevision per 1 november 2018. Utrymmet f\u00f6r l\u00f6ne\u00f6kningar \u00e4r i \u00e5r 510 kr per heltidsanst\u00e4lld, deltidsanst\u00e4llda proportioneras. Utrymmet ska f\u00f6rdelas individuellt utan individgarantier. &hellip;<\/p>\n","protected":false},"author":219,"featured_media":0,"comment_status":"closed","ping_status":"closed","sticky":false,"template":"","format":"standard","meta":{"_acf_changed":false,"footnotes":""},"categories":[1],"tags":[],"article_type":[313],"agreement":[149],"class_list":["post-19713","post","type-post","status-publish","format-standard","hentry","category-okategoriserade","type-arbetsgivarnytt","agreement-62ce80f7-ff07-de11-b4e1-02bf9e69ca65"],"acf":[],"yoast_head":"<!-- This site is optimized with the Yoast SEO Premium plugin v26.8 (Yoast SEO v26.8) - https:\/\/yoast.com\/product\/yoast-seo-premium-wordpress\/ -->\n<title>Friskolor - L\u00f6nerevision Kommunal \u2013 endast en niv\u00e5 av l\u00e4gstal\u00f6n! | Almega<\/title>\n<meta name=\"robots\" content=\"index, follow, max-snippet:-1, max-image-preview:large, max-video-preview:-1\" \/>\n<link rel=\"canonical\" href=\"https:\/\/www.almega.se\/2018\/10\/friskolor-lonerevision-kommunal-endast-en-niva-av-lagstalon\/\" \/>\n<meta property=\"og:locale\" content=\"sv_SE\" \/>\n<meta property=\"og:type\" content=\"article\" \/>\n<meta property=\"og:title\" content=\"Friskolor - L\u00f6nerevision Kommunal \u2013 endast en niv\u00e5 av l\u00e4gstal\u00f6n!\" \/>\n<meta property=\"og:description\" content=\"L\u00f6neavtalet mellan Almega Tj\u00e4nstef\u00f6retagen och Kommunal avseende frist\u00e5ende f\u00f6rskolor och skolor har l\u00f6nerevision per 1 november 2018. Utrymmet f\u00f6r l\u00f6ne\u00f6kningar \u00e4r i \u00e5r 510 kr per heltidsanst\u00e4lld, deltidsanst\u00e4llda proportioneras. Utrymmet ska f\u00f6rdelas individuellt utan individgarantier. &hellip;\" \/>\n<meta property=\"og:url\" content=\"https:\/\/www.almega.se\/2018\/10\/friskolor-lonerevision-kommunal-endast-en-niva-av-lagstalon\/\" \/>\n<meta property=\"og:site_name\" content=\"Almega\" \/>\n<meta property=\"article:published_time\" content=\"2018-10-31T08:30:37+00:00\" \/>\n<meta property=\"article:modified_time\" content=\"2022-03-28T09:06:12+00:00\" \/>\n<meta property=\"og:image\" content=\"https:\/\/www.almega.se\/app\/uploads\/2020\/12\/almega-share-logo.png\" \/>\n\t<meta property=\"og:image:width\" content=\"1200\" \/>\n\t<meta property=\"og:image:height\" content=\"630\" \/>\n\t<meta property=\"og:image:type\" content=\"image\/png\" \/>\n<meta name=\"author\" content=\"Wanda Sidfalk\" \/>\n<meta name=\"twitter:card\" content=\"summary_large_image\" \/>\n<meta name=\"twitter:label1\" content=\"Skriven av\" \/>\n\t<meta name=\"twitter:data1\" content=\"Wanda Sidfalk\" \/>\n\t<meta name=\"twitter:label2\" content=\"Ber\u00e4knad l\u00e4stid\" \/>\n\t<meta name=\"twitter:data2\" content=\"2 minuter\" \/>\n<!-- \/ Yoast SEO Premium plugin. -->","yoast_head_json":{"title":"Friskolor - L\u00f6nerevision Kommunal \u2013 endast en niv\u00e5 av l\u00e4gstal\u00f6n! | Almega","robots":{"index":"index","follow":"follow","max-snippet":"max-snippet:-1","max-image-preview":"max-image-preview:large","max-video-preview":"max-video-preview:-1"},"canonical":"https:\/\/www.almega.se\/2018\/10\/friskolor-lonerevision-kommunal-endast-en-niva-av-lagstalon\/","og_locale":"sv_SE","og_type":"article","og_title":"Friskolor - L\u00f6nerevision Kommunal \u2013 endast en niv\u00e5 av l\u00e4gstal\u00f6n!","og_description":"L\u00f6neavtalet mellan Almega Tj\u00e4nstef\u00f6retagen och Kommunal avseende frist\u00e5ende f\u00f6rskolor och skolor har l\u00f6nerevision per 1 november 2018. Utrymmet f\u00f6r l\u00f6ne\u00f6kningar \u00e4r i \u00e5r 510 kr per heltidsanst\u00e4lld, deltidsanst\u00e4llda proportioneras. Utrymmet ska f\u00f6rdelas individuellt utan individgarantier. &hellip;","og_url":"https:\/\/www.almega.se\/2018\/10\/friskolor-lonerevision-kommunal-endast-en-niva-av-lagstalon\/","og_site_name":"Almega","article_published_time":"2018-10-31T08:30:37+00:00","article_modified_time":"2022-03-28T09:06:12+00:00","og_image":[{"width":1200,"height":630,"url":"https:\/\/www.almega.se\/app\/uploads\/2020\/12\/almega-share-logo.png","type":"image\/png"}],"author":"Wanda Sidfalk","twitter_card":"summary_large_image","twitter_misc":{"Skriven av":"Wanda Sidfalk","Ber\u00e4knad l\u00e4stid":"2 minuter"},"schema":{"@context":"https:\/\/schema.org","@graph":[{"@type":"NewsArticle","@id":"https:\/\/www.almega.se\/2018\/10\/friskolor-lonerevision-kommunal-endast-en-niva-av-lagstalon\/#article","isPartOf":{"@id":"https:\/\/www.almega.se\/2018\/10\/friskolor-lonerevision-kommunal-endast-en-niva-av-lagstalon\/"},"author":{"name":"Wanda Sidfalk","@id":"https:\/\/www.almega.se\/#\/schema\/person\/be00d0d8eabf5eb47ed3a76e883e194e"},"headline":"Friskolor &#8211; L\u00f6nerevision Kommunal \u2013 endast en niv\u00e5 av l\u00e4gstal\u00f6n!","datePublished":"2018-10-31T08:30:37+00:00","dateModified":"2022-03-28T09:06:12+00:00","mainEntityOfPage":{"@id":"https:\/\/www.almega.se\/2018\/10\/friskolor-lonerevision-kommunal-endast-en-niva-av-lagstalon\/"},"wordCount":367,"inLanguage":"sv-SE"},{"@type":"WebPage","@id":"https:\/\/www.almega.se\/2018\/10\/friskolor-lonerevision-kommunal-endast-en-niva-av-lagstalon\/","url":"https:\/\/www.almega.se\/2018\/10\/friskolor-lonerevision-kommunal-endast-en-niva-av-lagstalon\/","name":"Friskolor - L\u00f6nerevision Kommunal \u2013 endast en niv\u00e5 av l\u00e4gstal\u00f6n! | Almega","isPartOf":{"@id":"https:\/\/www.almega.se\/#website"},"datePublished":"2018-10-31T08:30:37+00:00","dateModified":"2022-03-28T09:06:12+00:00","author":{"@id":"https:\/\/www.almega.se\/#\/schema\/person\/be00d0d8eabf5eb47ed3a76e883e194e"},"breadcrumb":{"@id":"https:\/\/www.almega.se\/2018\/10\/friskolor-lonerevision-kommunal-endast-en-niva-av-lagstalon\/#breadcrumb"},"inLanguage":"sv-SE","potentialAction":[{"@type":"ReadAction","target":["https:\/\/www.almega.se\/2018\/10\/friskolor-lonerevision-kommunal-endast-en-niva-av-lagstalon\/"]}]},{"@type":"BreadcrumbList","@id":"https:\/\/www.almega.se\/2018\/10\/friskolor-lonerevision-kommunal-endast-en-niva-av-lagstalon\/#breadcrumb","itemListElement":[{"@type":"ListItem","position":1,"name":"Home","item":"https:\/\/www.almega.se\/"},{"@type":"ListItem","position":2,"name":"Friskolor &#8211; L\u00f6nerevision Kommunal \u2013 endast en niv\u00e5 av l\u00e4gstal\u00f6n!"}]},{"@type":"WebSite","@id":"https:\/\/www.almega.se\/#website","url":"https:\/\/www.almega.se\/","name":"Almega","description":"","potentialAction":[{"@type":"SearchAction","target":{"@type":"EntryPoint","urlTemplate":"https:\/\/www.almega.se\/?s={search_term_string}"},"query-input":{"@type":"PropertyValueSpecification","valueRequired":true,"valueName":"search_term_string"}}],"inLanguage":"sv-SE"},{"@type":"Person","@id":"https:\/\/www.almega.se\/#\/schema\/person\/be00d0d8eabf5eb47ed3a76e883e194e","name":"Wanda Sidfalk","image":{"@type":"ImageObject","inLanguage":"sv-SE","@id":"https:\/\/www.almega.se\/#\/schema\/person\/image\/","url":"https:\/\/secure.gravatar.com\/avatar\/a0559aa5263c214d1ce37d4f3dad6172b54b2189f8ef50bf34b1b15dd4e974a1?s=96&d=mm&r=g","contentUrl":"https:\/\/secure.gravatar.com\/avatar\/a0559aa5263c214d1ce37d4f3dad6172b54b2189f8ef50bf34b1b15dd4e974a1?s=96&d=mm&r=g","caption":"Wanda Sidfalk"},"url":"https:\/\/www.almega.se\/person\/wandasidfalk\/"}]}},"_links":{"self":[{"href":"https:\/\/www.almega.se\/api\/wp\/v2\/posts\/19713","targetHints":{"allow":["GET"]}}],"collection":[{"href":"https:\/\/www.almega.se\/api\/wp\/v2\/posts"}],"about":[{"href":"https:\/\/www.almega.se\/api\/wp\/v2\/types\/post"}],"author":[{"embeddable":true,"href":"https:\/\/www.almega.se\/api\/wp\/v2\/users\/219"}],"replies":[{"embeddable":true,"href":"https:\/\/www.almega.se\/api\/wp\/v2\/comments?post=19713"}],"version-history":[{"count":0,"href":"https:\/\/www.almega.se\/api\/wp\/v2\/posts\/19713\/revisions"}],"wp:attachment":[{"href":"https:\/\/www.almega.se\/api\/wp\/v2\/media?parent=19713"}],"wp:term":[{"taxonomy":"category","embeddable":true,"href":"https:\/\/www.almega.se\/api\/wp\/v2\/categories?post=19713"},{"taxonomy":"post_tag","embeddable":true,"href":"https:\/\/www.almega.se\/api\/wp\/v2\/tags?post=19713"},{"taxonomy":"type","embeddable":true,"href":"https:\/\/www.almega.se\/api\/wp\/v2\/article_type?post=19713"},{"taxonomy":"agreement","embeddable":true,"href":"https:\/\/www.almega.se\/api\/wp\/v2\/agreement?post=19713"}],"curies":[{"name":"wp","href":"https:\/\/api.w.org\/{rel}","templated":true}]}}