{"id":19581,"date":"2018-10-22T09:07:55","date_gmt":"2018-10-22T07:07:55","guid":{"rendered":"https:\/\/www.almega.se\/?p=19581"},"modified":"2018-10-22T13:28:40","modified_gmt":"2018-10-22T11:28:40","slug":"almega-tjansteforetagen-friskolor-lonestatistik-2018-att-tanka-pa","status":"publish","type":"post","link":"https:\/\/www.almega.se\/2018\/10\/almega-tjansteforetagen-friskolor-lonestatistik-2018-att-tanka-pa\/","title":{"rendered":"Almega Tj\u00e4nste&shy;f\u00f6retagen Friskolor &#8211; L\u00f6nestatistik 2018 \u2013 Att t\u00e4nka p\u00e5!"},"content":{"rendered":"\n<p class=\"intro\">Denna information g\u00e5r ut till samtliga medlemsf\u00f6retag inom Tj\u00e4nstef\u00f6retagen. Det \u00e4r av stor vikt att mottagaren av denna information vidarebefordrar informationen till den person inom f\u00f6retaget som \u00e4r ansvarig f\u00f6r l\u00e4mnandet av l\u00f6nestatistiken. Insamlingen sker fram till den 7 november 2018.<\/p>\n<p>I stort sett samtliga f\u00f6retag med fler \u00e4n 10 anst\u00e4llda \u00e4r utvalda till insamlingen. Utvalda f\u00f6retag f\u00e5r i dagarna ett brev fr\u00e5n Svenskt N\u00e4ringsliv med vidare instruktioner om insamlingen.<\/p>\n<p>F\u00f6r att statistiken ska h\u00e5lla h\u00f6g kvalitet \u00e4r det av st\u00f6rsta vikt att ni rapporterar in era uppgifter. Vi vill av den anledningen ocks\u00e5 p\u00e5minna om de branschunika yrkeskoder (NYK-koder) som vi tagit fram f\u00f6r vissa roller inom branschen, se koderna l\u00e4ngre ned i detta mail. Mer information om koderna hittar ni ocks\u00e5 p\u00e5 <a href=\"https:\/\/www.svensktnaringsliv.se\/fragor\/nyk14\/\" target=\"_blank\" rel=\"noopener\">www.nyk14.se<\/a>.<\/p>\n<p>P\u00e5 f\u00f6rekommen anledning vill vi f\u00f6rtydliga att i f\u00e4ltet f\u00f6r \u201dfast l\u00f6n\u201d ska eventuella statsbidrag ing\u00e5 (s\u00e5som exempelvis l\u00e4rarl\u00f6nelyft och karri\u00e4rtj\u00e4nster), oavsett om de ing\u00e5r i m\u00e5nadsl\u00f6nen eller hanteras som till\u00e4gg.<\/p>\n<p>Inrapporteringen av f\u00f6retagets uppgifter sker, liksom i fjol, via den s\u00e4rskilda hemsidan<a href=\"https:\/\/www.svensktnaringsliv.se\/fragor\/lonestatistik\/\" target=\"_blank\" rel=\"noopener\"> www.nstat.se<\/a>. D\u00e4r \u00e5terfinns ocks\u00e5 information om hur era uppgifter hanteras avseende dataskyddsf\u00f6rordningen (GDPRS).<\/p>\n<p>Svenskt N\u00e4ringsliv samarbetar med Statistiska Centralbyr\u00e5n (SCB) vilket inneb\u00e4r medlemsf\u00f6retag som rapporterar l\u00f6nestatistik till Svenskt N\u00e4ringsliv inte beh\u00f6ver delta i det obligatoriska uppgiftsl\u00e4mnandet av l\u00f6nestatistik till SCB.<\/p>\n<p>Fr\u00e5n den 1 februari kommer ni ha m\u00f6jlighet att sj\u00e4lva ta ut statistikrapporter med marknadsl\u00f6neinformation via samma webbplats (kallad N\u00e4ringslivets l\u00f6nestatistik, NLS). F\u00f6r att kunna g\u00f6ra det \u00e4r det bra om ni beh\u00e5ller inloggningsuppgifterna ni f\u00e5r i brevet fr\u00e5n Svenskt N\u00e4ringsliv.<\/p>\n<p>F\u00f6r fr\u00e5gor kring inrapportering och support av teknisk natur kontaktar ni AON Hewitt p\u00e5 <a href=\"mailto:support.lonestatistik@svensktnaringsliv.se\" target=\"_blank\" rel=\"noopener\">support.lonestatistik@svensktnaringsliv.se<\/a> alternativt telefon 08-50 55 59 50.<\/p>\n<p>Det \u00e4r mycket viktigt att anv\u00e4nda de mest relevanta yrkeskoderna i l\u00f6nestatistikrapporteringen till Svenskt N\u00e4ringsliv f\u00f6r att det ska generera en anv\u00e4ndbar marknadsl\u00f6neinformation. F\u00f6r att hj\u00e4lpa er att rapportera s\u00e5 korrekt som m\u00f6jligt \u00e5terfinns h\u00e4r nedan de yrken som \u00e4r viktiga inom branschen. Observera att det \u00e4r dessa som huvudsakligen ska anv\u00e4ndas. F\u00f6r \u00f6vriga befattningar ska normalt de 4-siffriga SSYK-koderna anv\u00e4ndas.<\/p>\n<p>&nbsp;<\/p>\n<p><em>Observera att inrapporteringen ska utg\u00e5 fr\u00e5n de befattningar\/arbetsuppgifter som personerna i fr\u00e5ga har, inte utbildning.<\/em><\/p>\n<table style=\"height: 1313px\" width=\"875\">\n<tbody>\n<tr>\n<td style=\"width: 131.11px\"><span style=\"float: none;background-color: transparent;color: #333333;cursor: text;font-family: 'Open Sans',sans-serif;font-size: 17.93px;font-style: normal;font-variant: normal;font-weight: 400;letter-spacing: normal;text-align: left;text-decoration: none;text-indent: 0px\">141100<\/span><\/td>\n<td style=\"width: 633.23px\"><span style=\"float: none;background-color: transparent;color: #333333;cursor: text;font-family: 'Open Sans',sans-serif;font-size: 17.93px;font-style: normal;font-variant: normal;font-weight: 400;letter-spacing: normal;text-align: left;text-decoration: none;text-indent: 0px\">Avdelningschefer inom grund- och gymnasieskola samt vuxenutbildning<\/span><\/td>\n<td style=\"width: 109.66px\"><span style=\"float: none;background-color: transparent;color: #333333;cursor: text;font-family: 'Open Sans',sans-serif;font-size: 17.93px;font-style: normal;font-variant: normal;font-weight: 400;letter-spacing: normal;text-align: left;text-decoration: none;text-indent: 0px\">niv\u00e5 1<\/span><\/td>\n<\/tr>\n<tr>\n<td style=\"width: 131.11px\"><span style=\"float: none;background-color: transparent;color: #333333;cursor: text;font-family: 'Open Sans',sans-serif;font-size: 17.93px;font-style: normal;font-variant: normal;font-weight: 400;letter-spacing: normal;text-align: left;text-decoration: none;text-indent: 0px\">141200<\/span><\/td>\n<td style=\"width: 633.23px\"><span style=\"float: none;background-color: transparent;color: #333333;cursor: text;font-family: 'Open Sans',sans-serif;font-size: 17.93px;font-style: normal;font-variant: normal;font-weight: 400;letter-spacing: normal;text-align: left;text-decoration: none;text-indent: 0px\">Rektorer<\/span><\/td>\n<td style=\"width: 109.66px\"><span style=\"float: none;background-color: transparent;color: #333333;cursor: text;font-family: 'Open Sans',sans-serif;font-size: 17.93px;font-style: normal;font-variant: normal;font-weight: 400;letter-spacing: normal;text-align: left;text-decoration: none;text-indent: 0px\">niv\u00e5 2<\/span><\/td>\n<\/tr>\n<tr>\n<td style=\"width: 131.11px\"><span style=\"float: none;background-color: transparent;color: #333333;cursor: text;font-family: 'Open Sans',sans-serif;font-size: 17.93px;font-style: normal;font-variant: normal;font-weight: 400;letter-spacing: normal;text-align: left;text-decoration: none;text-indent: 0px\">142100<\/span><\/td>\n<td style=\"width: 633.23px\"><span style=\"float: none;background-color: transparent;color: #333333;cursor: text;font-family: 'Open Sans',sans-serif;font-size: 17.93px;font-style: normal;font-variant: normal;font-weight: 400;letter-spacing: normal;text-align: left;text-decoration: none;text-indent: 0px\">Avdelningschefer inom f\u00f6rskola<\/span><\/td>\n<td style=\"width: 109.66px\"><span style=\"float: none;background-color: transparent;color: #333333;cursor: text;font-family: 'Open Sans',sans-serif;font-size: 17.93px;font-style: normal;font-variant: normal;font-weight: 400;letter-spacing: normal;text-align: left;text-decoration: none;text-indent: 0px\">niv\u00e5 1<\/span><\/td>\n<\/tr>\n<tr>\n<td style=\"width: 131.11px\"><span style=\"float: none;background-color: transparent;color: #333333;cursor: text;font-family: 'Open Sans',sans-serif;font-size: 17.93px;font-style: normal;font-variant: normal;font-weight: 400;letter-spacing: normal;text-align: left;text-decoration: none;text-indent: 0px\">142200<\/span><\/td>\n<td style=\"width: 633.23px\"><span style=\"float: none;background-color: transparent;color: #333333;cursor: text;font-family: 'Open Sans',sans-serif;font-size: 17.93px;font-style: normal;font-variant: normal;font-weight: 400;letter-spacing: normal;text-align: left;text-decoration: none;text-indent: 0px\">F\u00f6rskolechefer<\/span><\/td>\n<td style=\"width: 109.66px\"><span style=\"float: none;background-color: transparent;color: #333333;cursor: text;font-family: 'Open Sans',sans-serif;font-size: 17.93px;font-style: normal;font-variant: normal;font-weight: 400;letter-spacing: normal;text-align: left;text-decoration: none;text-indent: 0px\">niv\u00e5 2<\/span><\/td>\n<\/tr>\n<tr>\n<td style=\"width: 131.11px\"><span style=\"float: none;background-color: transparent;color: #333333;cursor: text;font-family: 'Open Sans',sans-serif;font-size: 17.93px;font-style: normal;font-variant: normal;font-weight: 400;letter-spacing: normal;text-align: left;text-decoration: none;text-indent: 0px\">149100<\/span><\/td>\n<td style=\"width: 633.23px\"><span style=\"float: none;background-color: transparent;color: #333333;cursor: text;font-family: 'Open Sans',sans-serif;font-size: 17.93px;font-style: normal;font-variant: normal;font-weight: 400;letter-spacing: normal;text-align: left;text-decoration: none;text-indent: 0px\">\u00d6vriga avdelningschefer inom utbildning<\/span><\/td>\n<td style=\"width: 109.66px\"><span style=\"float: none;background-color: transparent;color: #333333;cursor: text;font-family: 'Open Sans',sans-serif;font-size: 17.93px;font-style: normal;font-variant: normal;font-weight: 400;letter-spacing: normal;text-align: left;text-decoration: none;text-indent: 0px\">niv\u00e5 1<\/span><\/td>\n<\/tr>\n<tr>\n<td style=\"width: 131.11px\"><span style=\"float: none;background-color: transparent;color: #333333;cursor: text;font-family: 'Open Sans',sans-serif;font-size: 17.93px;font-style: normal;font-variant: normal;font-weight: 400;letter-spacing: normal;text-align: left;text-decoration: none;text-indent: 0px\">149200<\/span><\/td>\n<td style=\"width: 633.23px\"><span style=\"float: none;background-color: transparent;color: #333333;cursor: text;font-family: 'Open Sans',sans-serif;font-size: 17.93px;font-style: normal;font-variant: normal;font-weight: 400;letter-spacing: normal;text-align: left;text-decoration: none;text-indent: 0px\">\u00d6vriga avdelningschefer inom utbildning <\/span><\/td>\n<td style=\"width: 109.66px\"><span style=\"float: none;background-color: transparent;color: #333333;cursor: text;font-family: 'Open Sans',sans-serif;font-size: 17.93px;font-style: normal;font-variant: normal;font-weight: 400;letter-spacing: normal;text-align: left;text-decoration: none;text-indent: 0px\">niv\u00e5 2<\/span><\/td>\n<\/tr>\n<tr>\n<td style=\"width: 131.11px\"><span style=\"float: none;background-color: transparent;color: #333333;cursor: text;font-family: 'Open Sans',sans-serif;font-size: 17.93px;font-style: normal;font-variant: normal;font-weight: 400;letter-spacing: normal;text-align: left;text-decoration: none;text-indent: 0px\">232000<\/span><\/td>\n<td style=\"width: 633.23px\"><span style=\"float: none;background-color: transparent;color: #333333;cursor: text;font-family: 'Open Sans',sans-serif;font-size: 17.93px;font-style: normal;font-variant: normal;font-weight: 400;letter-spacing: normal;text-align: left;text-decoration: none;text-indent: 0px\">L\u00e4rare i yrkes\u00e4mnen<\/span><\/td>\n<td style=\"width: 109.66px\"><\/td>\n<\/tr>\n<tr>\n<td style=\"width: 131.11px\"><span style=\"float: none;background-color: transparent;color: #333333;cursor: text;font-family: 'Open Sans',sans-serif;font-size: 17.93px;font-style: normal;font-variant: normal;font-weight: 400;letter-spacing: normal;text-align: left;text-decoration: none;text-indent: 0px\">233000<\/span><\/td>\n<td style=\"width: 633.23px\"><span style=\"float: none;background-color: transparent;color: #333333;cursor: text;font-family: 'Open Sans',sans-serif;font-size: 17.93px;font-style: normal;font-variant: normal;font-weight: 400;letter-spacing: normal;text-align: left;text-decoration: none;text-indent: 0px\">Gymnasiel\u00e4rare<\/span><\/td>\n<td style=\"width: 109.66px\"><\/td>\n<\/tr>\n<tr>\n<td style=\"width: 131.11px\"><span style=\"float: none;background-color: transparent;color: #333333;cursor: text;font-family: 'Open Sans',sans-serif;font-size: 17.93px;font-style: normal;font-variant: normal;font-weight: 400;letter-spacing: normal;text-align: left;text-decoration: none;text-indent: 0px\">233005<\/span><\/td>\n<td style=\"width: 633.23px\"><span style=\"float: none;background-color: transparent;color: #333333;cursor: text;font-family: 'Open Sans',sans-serif;font-size: 17.93px;font-style: normal;font-variant: normal;font-weight: 400;letter-spacing: normal;text-align: left;text-decoration: none;text-indent: 0px\">Gymnasiel\u00e4rare i estetiska och praktiska \u00e4mnen<\/span><\/td>\n<td style=\"width: 109.66px\"><\/td>\n<\/tr>\n<tr>\n<td style=\"width: 131.11px\"><span style=\"float: none;background-color: transparent;color: #333333;cursor: text;font-family: 'Open Sans',sans-serif;font-size: 17.93px;font-style: normal;font-variant: normal;font-weight: 400;letter-spacing: normal;text-align: left;text-decoration: none;text-indent: 0px\">234105<\/span><\/td>\n<td style=\"width: 633.23px\"><span style=\"float: none;background-color: transparent;color: #333333;cursor: text;font-family: 'Open Sans',sans-serif;font-size: 17.93px;font-style: normal;font-variant: normal;font-weight: 400;letter-spacing: normal;text-align: left;text-decoration: none;text-indent: 0px\">Grundskoll\u00e4rare, \u00e5rskurs F-3<\/span><\/td>\n<td style=\"width: 109.66px\"><\/td>\n<\/tr>\n<tr>\n<td style=\"width: 131.11px\"><span style=\"float: none;background-color: transparent;color: #333333;cursor: text;font-family: 'Open Sans',sans-serif;font-size: 17.93px;font-style: normal;font-variant: normal;font-weight: 400;letter-spacing: normal;text-align: left;text-decoration: none;text-indent: 0px\">234110<\/span><\/td>\n<td style=\"width: 633.23px\"><span style=\"float: none;background-color: transparent;color: #333333;cursor: text;font-family: 'Open Sans',sans-serif;font-size: 17.93px;font-style: normal;font-variant: normal;font-weight: 400;letter-spacing: normal;text-align: left;text-decoration: none;text-indent: 0px\">Grundskoll\u00e4rare, \u00e5rskurs 4-6<\/span><\/td>\n<td style=\"width: 109.66px\"><\/td>\n<\/tr>\n<tr>\n<td style=\"width: 131.11px\"><span style=\"float: none;background-color: transparent;color: #333333;cursor: text;font-family: 'Open Sans',sans-serif;font-size: 17.93px;font-style: normal;font-variant: normal;font-weight: 400;letter-spacing: normal;text-align: left;text-decoration: none;text-indent: 0px\">234115<\/span><\/td>\n<td style=\"width: 633.23px\"><span style=\"float: none;background-color: transparent;color: #333333;cursor: text;font-family: 'Open Sans',sans-serif;font-size: 17.93px;font-style: normal;font-variant: normal;font-weight: 400;letter-spacing: normal;text-align: left;text-decoration: none;text-indent: 0px\">Grundskoll\u00e4rare, \u00e5rskurs 7-9<\/span><\/td>\n<td style=\"width: 109.66px\"><\/td>\n<\/tr>\n<tr>\n<td style=\"width: 131.11px\"><span style=\"float: none;background-color: transparent;color: #333333;cursor: text;font-family: 'Open Sans',sans-serif;font-size: 17.93px;font-style: normal;font-variant: normal;font-weight: 400;letter-spacing: normal;text-align: left;text-decoration: none;text-indent: 0px\">234120 <\/span><\/td>\n<td style=\"width: 633.23px\"><span style=\"float: none;background-color: transparent;color: #333333;cursor: text;font-family: 'Open Sans',sans-serif;font-size: 17.93px;font-style: normal;font-variant: normal;font-weight: 400;letter-spacing: normal;text-align: left;text-decoration: none;text-indent: 0px\">Grundskoll\u00e4rare i estetiska och praktiska \u00e4mnen<\/span><\/td>\n<td style=\"width: 109.66px\"><\/td>\n<\/tr>\n<tr>\n<td style=\"width: 131.11px\"><span style=\"float: none;background-color: transparent;color: #333333;cursor: text;font-family: 'Open Sans',sans-serif;font-size: 17.93px;font-style: normal;font-variant: normal;font-weight: 400;letter-spacing: normal;text-align: left;text-decoration: none;text-indent: 0px\">234200<\/span><\/td>\n<td style=\"width: 633.23px\"><span style=\"float: none;background-color: transparent;color: #333333;cursor: text;font-family: 'Open Sans',sans-serif;font-size: 17.93px;font-style: normal;font-variant: normal;font-weight: 400;letter-spacing: normal;text-align: left;text-decoration: none;text-indent: 0px\">Fritidspedagoger<\/span><\/td>\n<td style=\"width: 109.66px\"><\/td>\n<\/tr>\n<tr>\n<td style=\"width: 131.11px\"><span style=\"float: none;background-color: transparent;color: #333333;cursor: text;font-family: 'Open Sans',sans-serif;font-size: 17.93px;font-style: normal;font-variant: normal;font-weight: 400;letter-spacing: normal;text-align: left;text-decoration: none;text-indent: 0px\">234300 <\/span><\/td>\n<td style=\"width: 633.23px\"><span style=\"float: none;background-color: transparent;color: #333333;cursor: text;font-family: 'Open Sans',sans-serif;font-size: 17.93px;font-style: normal;font-variant: normal;font-weight: 400;letter-spacing: normal;text-align: left;text-decoration: none;text-indent: 0px\">F\u00f6rskoll\u00e4rare<\/span><\/td>\n<td style=\"width: 109.66px\"><\/td>\n<\/tr>\n<tr>\n<td style=\"width: 131.11px\"><span style=\"float: none;background-color: transparent;color: #333333;cursor: text;font-family: 'Open Sans',sans-serif;font-size: 17.93px;font-style: normal;font-variant: normal;font-weight: 400;letter-spacing: normal;text-align: left;text-decoration: none;text-indent: 0px\">235100<\/span><\/td>\n<td style=\"width: 633.23px\"><span style=\"float: none;background-color: transparent;color: #333333;cursor: text;font-family: 'Open Sans',sans-serif;font-size: 17.93px;font-style: normal;font-variant: normal;font-weight: 400;letter-spacing: normal;text-align: left;text-decoration: none;text-indent: 0px\">Speciall\u00e4rare och specialpedagoger m.fl.<\/span><\/td>\n<td style=\"width: 109.66px\"><\/td>\n<\/tr>\n<tr>\n<td style=\"width: 131.11px\"><span style=\"float: none;background-color: transparent;color: #333333;cursor: text;font-family: 'Open Sans',sans-serif;font-size: 17.93px;font-style: normal;font-variant: normal;font-weight: 400;letter-spacing: normal;text-align: left;text-decoration: none;text-indent: 0px\">235900<\/span><\/td>\n<td style=\"width: 633.23px\"><span style=\"float: none;background-color: transparent;color: #333333;cursor: text;font-family: 'Open Sans',sans-serif;font-size: 17.93px;font-style: normal;font-variant: normal;font-weight: 400;letter-spacing: normal;text-align: left;text-decoration: none;text-indent: 0px\">\u00d6vriga pedagoger med teoretisk specialistkompetens<\/span><\/td>\n<td style=\"width: 109.66px\"><\/td>\n<\/tr>\n<tr>\n<td style=\"width: 131.11px\"><span style=\"float: none;background-color: transparent;color: #333333;cursor: text;font-family: 'Open Sans',sans-serif;font-size: 17.93px;font-style: normal;font-variant: normal;font-weight: 400;letter-spacing: normal;text-align: left;text-decoration: none;text-indent: 0px\">344900<\/span><\/td>\n<td style=\"width: 633.23px\"><span style=\"float: none;background-color: transparent;color: #333333;cursor: text;font-family: 'Open Sans',sans-serif;font-size: 17.93px;font-style: normal;font-variant: normal;font-weight: 400;letter-spacing: normal;text-align: left;text-decoration: none;text-indent: 0px\">\u00d6vriga utbildare och instrukt\u00f6rer<\/span><\/td>\n<td style=\"width: 109.66px\"><\/td>\n<\/tr>\n<tr>\n<td style=\"width: 131.11px\"><span style=\"float: none;background-color: transparent;color: #333333;cursor: text;font-family: 'Open Sans',sans-serif;font-size: 17.93px;font-style: normal;font-variant: normal;font-weight: 400;letter-spacing: normal;text-align: left;text-decoration: none;text-indent: 0px\">531100<\/span><\/td>\n<td style=\"width: 633.23px\"><span style=\"float: none;background-color: transparent;color: #333333;cursor: text;font-family: 'Open Sans',sans-serif;font-size: 17.93px;font-style: normal;font-variant: normal;font-weight: 400;letter-spacing: normal;text-align: left;text-decoration: none;text-indent: 0px\">Barnsk\u00f6tare<\/span><\/td>\n<td style=\"width: 109.66px\"><\/td>\n<\/tr>\n<tr>\n<td style=\"width: 131.11px\"><span style=\"float: none;background-color: transparent;color: #333333;cursor: text;font-family: 'Open Sans',sans-serif;font-size: 17.93px;font-style: normal;font-variant: normal;font-weight: 400;letter-spacing: normal;text-align: left;text-decoration: none;text-indent: 0px\">531200 <\/span><\/td>\n<td style=\"width: 633.23px\"><span style=\"float: none;background-color: transparent;color: #333333;cursor: text;font-family: 'Open Sans',sans-serif;font-size: 17.93px;font-style: normal;font-variant: normal;font-weight: 400;letter-spacing: normal;text-align: left;text-decoration: none;text-indent: 0px\">Elevassistenter m.fl.<\/span><\/td>\n<td style=\"width: 109.66px\"><\/td>\n<\/tr>\n<\/tbody>\n<\/table>\n\n","protected":false},"excerpt":{"rendered":"<p>Denna information g\u00e5r ut till samtliga medlemsf\u00f6retag inom Tj\u00e4nstef\u00f6retagen. Det \u00e4r av stor vikt att mottagaren av denna information vidarebefordrar informationen till den person inom f\u00f6retaget som \u00e4r ansvarig f\u00f6r l\u00e4mnandet av l\u00f6nestatistiken. Insamlingen sker &hellip;<\/p>\n","protected":false},"author":219,"featured_media":0,"comment_status":"closed","ping_status":"closed","sticky":false,"template":"","format":"standard","meta":{"_acf_changed":false,"footnotes":""},"categories":[1],"tags":[],"article_type":[313,307],"agreement":[152,149,151,150],"class_list":["post-19581","post","type-post","status-publish","format-standard","hentry","category-okategoriserade","type-arbetsgivarnytt","type-medlemsnyheter","agreement-64ce80f7-ff07-de11-b4e1-02bf9e69ca65","agreement-62ce80f7-ff07-de11-b4e1-02bf9e69ca65","agreement-61ce80f7-ff07-de11-b4e1-02bf9e69ca65","agreement-63ce80f7-ff07-de11-b4e1-02bf9e69ca65"],"acf":[],"yoast_head":"<!-- This site is optimized with the Yoast SEO Premium plugin v26.8 (Yoast SEO v26.8) - https:\/\/yoast.com\/product\/yoast-seo-premium-wordpress\/ -->\n<title>Almega Tj\u00e4nstef\u00f6retagen Friskolor - L\u00f6nestatistik 2018 \u2013 Att t\u00e4nka p\u00e5! | Almega<\/title>\n<meta name=\"robots\" content=\"index, follow, max-snippet:-1, max-image-preview:large, max-video-preview:-1\" \/>\n<link rel=\"canonical\" href=\"https:\/\/www.almega.se\/2018\/10\/almega-tjansteforetagen-friskolor-lonestatistik-2018-att-tanka-pa\/\" \/>\n<meta property=\"og:locale\" content=\"sv_SE\" \/>\n<meta property=\"og:type\" content=\"article\" \/>\n<meta property=\"og:title\" content=\"Almega Tj\u00e4nstef\u00f6retagen Friskolor - L\u00f6nestatistik 2018 \u2013 Att t\u00e4nka p\u00e5!\" \/>\n<meta property=\"og:description\" content=\"Denna information g\u00e5r ut till samtliga medlemsf\u00f6retag inom Tj\u00e4nstef\u00f6retagen. Det \u00e4r av stor vikt att mottagaren av denna information vidarebefordrar informationen till den person inom f\u00f6retaget som \u00e4r ansvarig f\u00f6r l\u00e4mnandet av l\u00f6nestatistiken. Insamlingen sker &hellip;\" \/>\n<meta property=\"og:url\" content=\"https:\/\/www.almega.se\/2018\/10\/almega-tjansteforetagen-friskolor-lonestatistik-2018-att-tanka-pa\/\" \/>\n<meta property=\"og:site_name\" content=\"Almega\" \/>\n<meta property=\"article:published_time\" content=\"2018-10-22T07:07:55+00:00\" \/>\n<meta property=\"article:modified_time\" content=\"2018-10-22T11:28:40+00:00\" \/>\n<meta property=\"og:image\" content=\"https:\/\/www.almega.se\/app\/uploads\/2020\/12\/almega-share-logo.png\" \/>\n\t<meta property=\"og:image:width\" content=\"1200\" \/>\n\t<meta property=\"og:image:height\" content=\"630\" \/>\n\t<meta property=\"og:image:type\" content=\"image\/png\" \/>\n<meta name=\"author\" content=\"Wanda Sidfalk\" \/>\n<meta name=\"twitter:card\" content=\"summary_large_image\" \/>\n<meta name=\"twitter:label1\" content=\"Skriven av\" \/>\n\t<meta name=\"twitter:data1\" content=\"Wanda Sidfalk\" \/>\n\t<meta name=\"twitter:label2\" content=\"Ber\u00e4knad l\u00e4stid\" \/>\n\t<meta name=\"twitter:data2\" content=\"3 minuter\" \/>\n<!-- \/ Yoast SEO Premium plugin. -->","yoast_head_json":{"title":"Almega Tj\u00e4nstef\u00f6retagen Friskolor - L\u00f6nestatistik 2018 \u2013 Att t\u00e4nka p\u00e5! | Almega","robots":{"index":"index","follow":"follow","max-snippet":"max-snippet:-1","max-image-preview":"max-image-preview:large","max-video-preview":"max-video-preview:-1"},"canonical":"https:\/\/www.almega.se\/2018\/10\/almega-tjansteforetagen-friskolor-lonestatistik-2018-att-tanka-pa\/","og_locale":"sv_SE","og_type":"article","og_title":"Almega Tj\u00e4nstef\u00f6retagen Friskolor - L\u00f6nestatistik 2018 \u2013 Att t\u00e4nka p\u00e5!","og_description":"Denna information g\u00e5r ut till samtliga medlemsf\u00f6retag inom Tj\u00e4nstef\u00f6retagen. Det \u00e4r av stor vikt att mottagaren av denna information vidarebefordrar informationen till den person inom f\u00f6retaget som \u00e4r ansvarig f\u00f6r l\u00e4mnandet av l\u00f6nestatistiken. Insamlingen sker &hellip;","og_url":"https:\/\/www.almega.se\/2018\/10\/almega-tjansteforetagen-friskolor-lonestatistik-2018-att-tanka-pa\/","og_site_name":"Almega","article_published_time":"2018-10-22T07:07:55+00:00","article_modified_time":"2018-10-22T11:28:40+00:00","og_image":[{"width":1200,"height":630,"url":"https:\/\/www.almega.se\/app\/uploads\/2020\/12\/almega-share-logo.png","type":"image\/png"}],"author":"Wanda Sidfalk","twitter_card":"summary_large_image","twitter_misc":{"Skriven av":"Wanda Sidfalk","Ber\u00e4knad l\u00e4stid":"3 minuter"},"schema":{"@context":"https:\/\/schema.org","@graph":[{"@type":"NewsArticle","@id":"https:\/\/www.almega.se\/2018\/10\/almega-tjansteforetagen-friskolor-lonestatistik-2018-att-tanka-pa\/#article","isPartOf":{"@id":"https:\/\/www.almega.se\/2018\/10\/almega-tjansteforetagen-friskolor-lonestatistik-2018-att-tanka-pa\/"},"author":{"name":"Wanda Sidfalk","@id":"https:\/\/www.almega.se\/#\/schema\/person\/be00d0d8eabf5eb47ed3a76e883e194e"},"headline":"Almega Tj\u00e4nste&shy;f\u00f6retagen Friskolor &#8211; L\u00f6nestatistik 2018 \u2013 Att t\u00e4nka p\u00e5!","datePublished":"2018-10-22T07:07:55+00:00","dateModified":"2018-10-22T11:28:40+00:00","mainEntityOfPage":{"@id":"https:\/\/www.almega.se\/2018\/10\/almega-tjansteforetagen-friskolor-lonestatistik-2018-att-tanka-pa\/"},"wordCount":523,"inLanguage":"sv-SE"},{"@type":"WebPage","@id":"https:\/\/www.almega.se\/2018\/10\/almega-tjansteforetagen-friskolor-lonestatistik-2018-att-tanka-pa\/","url":"https:\/\/www.almega.se\/2018\/10\/almega-tjansteforetagen-friskolor-lonestatistik-2018-att-tanka-pa\/","name":"Almega Tj\u00e4nstef\u00f6retagen Friskolor - L\u00f6nestatistik 2018 \u2013 Att t\u00e4nka p\u00e5! | Almega","isPartOf":{"@id":"https:\/\/www.almega.se\/#website"},"datePublished":"2018-10-22T07:07:55+00:00","dateModified":"2018-10-22T11:28:40+00:00","author":{"@id":"https:\/\/www.almega.se\/#\/schema\/person\/be00d0d8eabf5eb47ed3a76e883e194e"},"breadcrumb":{"@id":"https:\/\/www.almega.se\/2018\/10\/almega-tjansteforetagen-friskolor-lonestatistik-2018-att-tanka-pa\/#breadcrumb"},"inLanguage":"sv-SE","potentialAction":[{"@type":"ReadAction","target":["https:\/\/www.almega.se\/2018\/10\/almega-tjansteforetagen-friskolor-lonestatistik-2018-att-tanka-pa\/"]}]},{"@type":"BreadcrumbList","@id":"https:\/\/www.almega.se\/2018\/10\/almega-tjansteforetagen-friskolor-lonestatistik-2018-att-tanka-pa\/#breadcrumb","itemListElement":[{"@type":"ListItem","position":1,"name":"Home","item":"https:\/\/www.almega.se\/"},{"@type":"ListItem","position":2,"name":"Almega Tj\u00e4nste&shy;f\u00f6retagen Friskolor &#8211; L\u00f6nestatistik 2018 \u2013 Att t\u00e4nka p\u00e5!"}]},{"@type":"WebSite","@id":"https:\/\/www.almega.se\/#website","url":"https:\/\/www.almega.se\/","name":"Almega","description":"","potentialAction":[{"@type":"SearchAction","target":{"@type":"EntryPoint","urlTemplate":"https:\/\/www.almega.se\/?s={search_term_string}"},"query-input":{"@type":"PropertyValueSpecification","valueRequired":true,"valueName":"search_term_string"}}],"inLanguage":"sv-SE"},{"@type":"Person","@id":"https:\/\/www.almega.se\/#\/schema\/person\/be00d0d8eabf5eb47ed3a76e883e194e","name":"Wanda Sidfalk","image":{"@type":"ImageObject","inLanguage":"sv-SE","@id":"https:\/\/www.almega.se\/#\/schema\/person\/image\/","url":"https:\/\/secure.gravatar.com\/avatar\/a0559aa5263c214d1ce37d4f3dad6172b54b2189f8ef50bf34b1b15dd4e974a1?s=96&d=mm&r=g","contentUrl":"https:\/\/secure.gravatar.com\/avatar\/a0559aa5263c214d1ce37d4f3dad6172b54b2189f8ef50bf34b1b15dd4e974a1?s=96&d=mm&r=g","caption":"Wanda Sidfalk"},"url":"https:\/\/www.almega.se\/person\/wandasidfalk\/"}]}},"_links":{"self":[{"href":"https:\/\/www.almega.se\/api\/wp\/v2\/posts\/19581","targetHints":{"allow":["GET"]}}],"collection":[{"href":"https:\/\/www.almega.se\/api\/wp\/v2\/posts"}],"about":[{"href":"https:\/\/www.almega.se\/api\/wp\/v2\/types\/post"}],"author":[{"embeddable":true,"href":"https:\/\/www.almega.se\/api\/wp\/v2\/users\/219"}],"replies":[{"embeddable":true,"href":"https:\/\/www.almega.se\/api\/wp\/v2\/comments?post=19581"}],"version-history":[{"count":0,"href":"https:\/\/www.almega.se\/api\/wp\/v2\/posts\/19581\/revisions"}],"wp:attachment":[{"href":"https:\/\/www.almega.se\/api\/wp\/v2\/media?parent=19581"}],"wp:term":[{"taxonomy":"category","embeddable":true,"href":"https:\/\/www.almega.se\/api\/wp\/v2\/categories?post=19581"},{"taxonomy":"post_tag","embeddable":true,"href":"https:\/\/www.almega.se\/api\/wp\/v2\/tags?post=19581"},{"taxonomy":"type","embeddable":true,"href":"https:\/\/www.almega.se\/api\/wp\/v2\/article_type?post=19581"},{"taxonomy":"agreement","embeddable":true,"href":"https:\/\/www.almega.se\/api\/wp\/v2\/agreement?post=19581"}],"curies":[{"name":"wp","href":"https:\/\/api.w.org\/{rel}","templated":true}]}}